{"id":5911,"date":"2021-02-11T15:06:02","date_gmt":"2021-02-11T14:06:02","guid":{"rendered":"https:\/\/www.vaillant.de\/21-grad\/?p=5911"},"modified":"2021-10-15T11:24:45","modified_gmt":"2021-10-15T09:24:45","slug":"nachhaltig-bauen-mehrwert-fuer-die-zukunft","status":"publish","type":"post","link":"https:\/\/www.vaillant.de\/21-grad\/wissen-und-wert\/nachhaltig-bauen-mehrwert-fuer-die-zukunft\/","title":{"rendered":"Nachhaltig Bauen \u2013 Mehrwert f\u00fcr die Zukunft"},"content":{"rendered":"<h2>Mit gutem Gewissen gesunden Lebensraum schaffen<\/h2>\n<p>Sp\u00e4testens bei der Bauplanung, der Frage nach Baustoffen und der Energie f\u00fcr die Heizung kommt das Thema Nachhaltigkeit bei jedem Bauherren ins Spiel. Denn dann geht es um die Schadstoffbelastung des Grundst\u00fccks, die zuk\u00fcnftige Wohngesundheit innerhalb des Hauses, zu erwartende Kosten und F\u00f6rderm\u00f6glichkeiten oder den Aspekt der Recycelbarkeit und viele andere Themen mehr, von denen wir nachfolgend die wichtigsten ansprechen.<\/p>\n<p><strong>Inhalt<\/strong><\/p>\n<ul>\n<li><a href=\"https:\/\/www.vaillant.de\/21-grad\/wissen-und-wert\/nachhaltig-bauen-mehrwert-fuer-die-zukunft\/#1\">Was bedeutet nachhaltiges Bauen?<\/a><\/li>\n<li><a href=\"https:\/\/www.vaillant.de\/21-grad\/wissen-und-wert\/nachhaltig-bauen-mehrwert-fuer-die-zukunft\/#2\">Wie plane ich ein nachhaltig gebautes Haus?<\/a><\/li>\n<li><a href=\"https:\/\/www.vaillant.de\/21-grad\/wissen-und-wert\/nachhaltig-bauen-mehrwert-fuer-die-zukunft\/#3\">Welche Bauweise ist am nachaltigsten?<\/a><\/li>\n<li><a href=\"https:\/\/www.vaillant.de\/21-grad\/technik-und-trends\/nachhaltig-bauen-mehrwert-fuer-die-zukunft\/#4\">Was sind nachhaltige Baustoffe?<\/a><\/li>\n<li><a href=\"https:\/\/www.vaillant.de\/21-grad\/wissen-und-wert\/nachhaltig-bauen-mehrwert-fuer-die-zukunft\/#5\">Wie zeigt sich nachhaltiges Bauen in der Praxis?<\/a><\/li>\n<\/ul>\n<h2><\/h2>\n<h2 id=\"1\">Was bedeutet nachhaltiges Bauen?<\/h2>\n<p><a href=\"https:\/\/www.vaillant.de\/21-grad\/wp-content\/uploads\/2021\/02\/STILL12_4624_00.jpg\"><img loading=\"lazy\" decoding=\"async\" class=\"size-medium wp-image-5923 alignright\" src=\"https:\/\/www.vaillant.de\/21-grad\/wp-content\/uploads\/2021\/02\/STILL12_4624_00-348x232.jpg\" alt=\"Kind mit Setzling\" width=\"348\" height=\"232\" srcset=\"https:\/\/www.vaillant.de\/21-grad\/wp-content\/uploads\/2021\/02\/STILL12_4624_00-348x232.jpg 348w, https:\/\/www.vaillant.de\/21-grad\/wp-content\/uploads\/2021\/02\/STILL12_4624_00-721x480.jpg 721w, https:\/\/www.vaillant.de\/21-grad\/wp-content\/uploads\/2021\/02\/STILL12_4624_00-768x511.jpg 768w, https:\/\/www.vaillant.de\/21-grad\/wp-content\/uploads\/2021\/02\/STILL12_4624_00.jpg 1500w\" sizes=\"auto, (max-width: 348px) 100vw, 348px\" \/><\/a>Nachhaltig Bauen bedeutet, den gesamten Lebenszyklus eines Geb\u00e4udes im Hinblick auf die Minimierung des Verbrauchs von Energie und Ressourcen zu betrachten \u2013 von der Rohstoffgewinnung \u00fcber die Errichtung bis zum R\u00fcckbau. Die komplette Planung ist dabei auf nachhaltige Aspekte wie zum Beispiel \u00f6kologische Materialauswahl, g\u00fcnstige Recycelbarkeit, aber auch auf \u00f6konomische Gesichtspunkte wie langfristig g\u00fcnstige Betriebskosten und soziokulturelle Kriterien wie Wohngesundheit und -komfort ausgelegt. Grundlegende Erkenntnisse \u00fcber umwelt- und zukunftsgerechte Innovationen liefert in diesem Zusammenhang der Artikel \u201e<a href=\"https:\/\/www.vaillant.de\/21-grad\/technik-und-trends\/nachhaltige-technik-gruene-technologien-fuer-die-umwelt\/\" target=\"_blank\" rel=\"noopener\">Nachhaltige Technik &amp; gr\u00fcne Technologien f\u00fcr die Umwelt<\/a>\u201d.<\/p>\n<p><strong>Wohngesundheit: Ist \u00f6ko auch ges\u00fcnder?<\/strong><br \/>\nNachhaltige Bauplanung aus biologischer Sicht thematisiert vor allem die Wohngesundheit \u2013 ein weites Feld. Denn gesundes Wohnen umfasst viel mehr Bereiche, als nur die Verhinderung sch\u00e4dlicher Einfl\u00fcsse. Dazu geh\u00f6ren beispielsweise ein angenehmes Raumklima, ausreichender Luftaustausch, weitgehende Ruhe oder auch wohl temperiertes Licht. Verantwortlich f\u00fcr das Raumklima ist vor allem der verwendete Baustoff. Denn es eignet sich bei Weitem nicht jedes Material f\u00fcr das \u00f6kologische Bauen. \u00dcbrigens zeigt der Beitrag \u201e<a href=\"https:\/\/www.vaillant.de\/21-grad\/rat-und-tat\/biologisch-sanieren\/\" target=\"_blank\" rel=\"noopener\">Biologisch bauen &amp; sanieren: Besuch vom \u201aHaus-Arzt\u2019<\/a>\u201d auf, welche negativen Folgen Schadstoffe beim Hausbau haben k\u00f6nnen.<\/p>\n<p><strong>Zeit f\u00fcr ein gutes Klima<\/strong><br \/>\nManche Materialien sind deshalb besser geeignet als andere, weil sie nicht nur regenerativ sind, sondern auch \u00fcber andere positive Eigenschaften verf\u00fcgen. Man denke nur an das behagliche Wohngef\u00fchl in einem Holzhaus. Holz sorgt f\u00fcr ein angenehmes Raumklima, da es Feuchtigkeit aufnimmt und bei Bedarf wieder abgibt. Es ist zudem tr\u00e4ge in puncto Temperaturver\u00e4nderung. Ihr habt also im Sommer l\u00e4nger eine k\u00fchle Atmosph\u00e4re und im Winter leichter ein warmes Haus. Weiteres zu \u00f6kologischen Baustoffen findet Ihr <a href=\"https:\/\/www.vaillant.de\/21-grad\/wissen-und-wert\/nachhaltig-bauen-mehrwert-fuer-die-zukunft\/#4\">weiter unten im Artikel<\/a>.<\/p>\n<p><strong>Nur keine dicke Luft<\/strong><br \/>\n<img loading=\"lazy\" decoding=\"async\" class=\" wp-image-2398 alignleft\" src=\"https:\/\/www.vaillant.de\/21-grad\/wp-content\/uploads\/2017\/04\/Richtig-L\u00fcften_Header-454x232.jpg\" alt=\"\" width=\"382\" height=\"195\" srcset=\"https:\/\/www.vaillant.de\/21-grad\/wp-content\/uploads\/2017\/04\/Richtig-L\u00fcften_Header-454x232.jpg 454w, https:\/\/www.vaillant.de\/21-grad\/wp-content\/uploads\/2017\/04\/Richtig-L\u00fcften_Header-768x392.jpg 768w, https:\/\/www.vaillant.de\/21-grad\/wp-content\/uploads\/2017\/04\/Richtig-L\u00fcften_Header-320x163.jpg 320w, https:\/\/www.vaillant.de\/21-grad\/wp-content\/uploads\/2017\/04\/Richtig-L\u00fcften_Header-456x232.jpg 456w, https:\/\/www.vaillant.de\/21-grad\/wp-content\/uploads\/2017\/04\/Richtig-L\u00fcften_Header.jpg 940w\" sizes=\"auto, (max-width: 382px) 100vw, 382px\" \/>Im Hausinneren ist die richtige L\u00fcftung entscheidend. W\u00e4hrend es in alten H\u00e4usern mit Spalten und Ritzen ausreicht, zweimal am Tag zu l\u00fcften, sollte in gut ged\u00e4mmten Neubauten drei- bis viermal pro Tag gel\u00fcftet werden. Denn dort ist der notwendige Luftaustausch oft nicht ausreichend gegeben. L\u00fcften meint in dem Zusammenhang \u00fcbrigens das effektive Querl\u00fcften, also das komplette \u00d6ffnen von gegen\u00fcberliegenden Fenstern bzw. T\u00fcren f\u00fcr 2-5 Minuten. Das dauerhafte Kippen von Fenstern ist keine Alternative, da die Zeit f\u00fcr einen vergleichbaren Luftaustausch viel l\u00e4nger dauern w\u00fcrde und dabei zu viel W\u00e4rme verloren ginge. Bei Bedarf k\u00f6nnen auch spezielle L\u00fcftungsanlagen eingebaut werden, die dann in der Regel Bestandteil eines ganzheitlichen Energiekonzepts sind.<\/p>\n<p><strong>K\u00fchler Kopf und warme F\u00fc\u00dfe<\/strong><br \/>\nIm Hinblick auf die Wohngesundheit f\u00fchrt kein Weg an nat\u00fcrlichen Fu\u00dfbodenbel\u00e4gen vorbei. Au\u00dfer Parkett- oder Massivholzb\u00f6den, deren Holz am besten aus nachhaltig bewirtschafteten W\u00e4ldern in der Region stammt, findet Ihr mittlerweile eine Menge anderer \u00f6kologischer Bodenbel\u00e4ge wie beispielsweise Kork, Linoleum oder Naturhaar. Korkfliesen sorgen f\u00fcr einen warmen, elastischen Fu\u00dfboden, der auch allergikergeeignet ist. Das Granulat, das f\u00fcr die Herstellung von Korkb\u00f6den verwendet wird, f\u00e4llt bei der Produktion von Flaschenkorken an.<\/p>\n<p>Linoleum wird vielfach zwar f\u00fcr ein k\u00fcnstliches Produkt gehalten, besteht aber aus einer Mischung aus Lein\u00f6l, Holz- oder Korkmehl, Naturharzen, Kalksteinmehl und anderen mineralischen F\u00fcllstoffen sowie nat\u00fcrlichen Farbstoffen, die auf einen Gewebetr\u00e4ger aus Jute aufgebracht wird. Das Material ist frei von L\u00f6sungsmitteln, Weichmachern und anderen bedenklichen Wohngiften. Es hat seine Vorteile in puncto Strapazierf\u00e4higkeit und Pflegeleichtigkeit und l\u00e4sst sich problemlos mit einer Fu\u00dfbodenheizung kombinieren.<\/p>\n<p><strong>Lasst Euch was \u00fcber den Kopf wachsen<\/strong><br \/>\nEine Dachbegr\u00fcnung oder eine Erdansch\u00fcttung hat ebenfalls positive Einfl\u00fcsse auf das Wohnklima im Haus. Sie gleicht Temperaturschwankungen aus, indem sie im Winter gegen K\u00e4lte und im Sommer vor zu viel Hitze sch\u00fctzt. Vom Aufbau her Bedarf es dazu mehrerer Schichten: einer wasserdichten Schicht, einer Durchwurzelungsschicht und einer Schicht f\u00fcr das Bodensubstrat. Besonders Wildkr\u00e4uter, Wildgr\u00e4ser oder Moose eignen sich zur Begr\u00fcnung. Beachtenswert ist dabei immer die Dachneigung, die nicht mehr als 15 % betragen sollte, um ein Abrutschen des Substrates zu verhindern. Selbst Photovoltaikanlagen sind auf Gr\u00fcnd\u00e4chern m\u00f6glich, ja sogar angeraten, da die Umgebungstemperatur vergleichsweise niedrig bleibt.<\/p>\n<p><strong>Ein Zeichen des Wohnkomforts<\/strong><br \/>\n<img loading=\"lazy\" decoding=\"async\" class=\"size-medium wp-image-4726 alignright\" src=\"https:\/\/www.vaillant.de\/21-grad\/wp-content\/uploads\/2019\/11\/winter-garden-2721403_1920-e1573820971727-273x232.jpg\" alt=\"Wintergarten\" width=\"273\" height=\"232\" srcset=\"https:\/\/www.vaillant.de\/21-grad\/wp-content\/uploads\/2019\/11\/winter-garden-2721403_1920-e1573820971727-273x232.jpg 273w, https:\/\/www.vaillant.de\/21-grad\/wp-content\/uploads\/2019\/11\/winter-garden-2721403_1920-e1573820971727-768x653.jpg 768w, https:\/\/www.vaillant.de\/21-grad\/wp-content\/uploads\/2019\/11\/winter-garden-2721403_1920-e1573820971727-565x480.jpg 565w, https:\/\/www.vaillant.de\/21-grad\/wp-content\/uploads\/2019\/11\/winter-garden-2721403_1920-e1573820971727.jpg 1281w\" sizes=\"auto, (max-width: 273px) 100vw, 273px\" \/>Winterg\u00e4rten sind f\u00fcr viele Bauherren ein sichtbares Zeichen des Wohnkomforts. Auch sie werden mehr und mehr nach Kriterien der Nachhaltigkeit errichtet, in Abh\u00e4ngigkeit von den Faktoren Sonneneinstrahlung, Beschattung, Bel\u00fcftung, Verglasung und Heizung. Denn w\u00e4hrend f\u00fcr eine kleine windgesch\u00fctzte Ecke eine simple Terrassen\u00fcberdachung mit Windschutz und Vordach ausreicht, erfordert die Bewohnbarkeit im Winter bereits eine umfangreiche Planung und gut isolierende Gl\u00e4ser. Passiv beheizte Winterg\u00e4rten nutzen zum Beispiel die eingestrahlte Sonnenenergie, was auch einer zu starken Aufheizung vorbeugen kann. Dem Spezialthema Wintergarten-W\u00e4rme gilt die ganze Aufmerksamkeit in unserem Artikel \u201e<a href=\"https:\/\/www.vaillant.de\/21-grad\/wissen-und-wert\/wohlig-warmer-wintergarten-welche-heizung-ist-die-beste\/\" target=\"_blank\" rel=\"noopener\">Wohlig warmer Wintergarten \u2013 welche Heizung ist die beste?<\/a>\u201d<\/p>\n<div class=\"infobox hint\"><\/p>\n<p><strong>Risiko Radon \u2013 Gefahr aus der Tiefe<\/strong><\/p>\n<p>Nur wenige Bauherren wissen, dass fast \u00fcberall im Boden eine unsichtbare Gefahr lauert: das geruchlose, nat\u00fcrliche Gas Radon, genauer gesagt Radon 222. Es kann aufgrund seiner Radioaktivit\u00e4t Krebs ausl\u00f6sen und ist f\u00fcr ca. 5 % der Lungenkrebstoten in Deutschland verantwortlich. Daher unsere Empfehlung: Holt ein Bodengutachten ein, um die Gefahr auf Ihrem Gel\u00e4nde entdecken und einsch\u00e4tzen zu k\u00f6nnen. Im Zweifelsfall zieht einen Baubiologen zu Rate.<\/p>\n<p><\/div>\n<h2 id=\"2\">Wie plane ich ein nachhaltig gebautes Haus?<\/h2>\n<p>Wer nachhaltig neu bauen will, sollte bei der Planung strategisch beginnen. Es gilt zahlreiche Fragen zu kl\u00e4ren, zum Beispiel nach dem individuellen Fl\u00e4chenbedarf, dem Standort in puncto Infrastruktur, Sonnenposition und Lichteinfall, dem Einsatz \u00f6kologischer oder nachwachsender, regionaler Baustoffe, der W\u00e4rmed\u00e4mmung, des Heizsystems und und und.<\/p>\n<p><strong>Lage<\/strong><br \/>\n<img loading=\"lazy\" decoding=\"async\" class=\"size-medium wp-image-5925 alignleft\" src=\"https:\/\/www.vaillant.de\/21-grad\/wp-content\/uploads\/2021\/02\/PROF15_43123_00-350x232.jpg\" alt=\"Haus Modell\" width=\"350\" height=\"232\" srcset=\"https:\/\/www.vaillant.de\/21-grad\/wp-content\/uploads\/2021\/02\/PROF15_43123_00-350x232.jpg 350w, https:\/\/www.vaillant.de\/21-grad\/wp-content\/uploads\/2021\/02\/PROF15_43123_00-724x480.jpg 724w, https:\/\/www.vaillant.de\/21-grad\/wp-content\/uploads\/2021\/02\/PROF15_43123_00-768x509.jpg 768w, https:\/\/www.vaillant.de\/21-grad\/wp-content\/uploads\/2021\/02\/PROF15_43123_00.jpg 1500w\" sizes=\"auto, (max-width: 350px) 100vw, 350px\" \/>Der Standort ist das wichtigste Kriterium f\u00fcr den Kauf eines Grundst\u00fccks. Man unterscheidet zwischen der Makrolage und der Mikrolage eines Gel\u00e4ndes. Die Makrolage bezieht sich auf die Region, die Stadt oder den Stadtteil des Grundst\u00fccks, w\u00e4hrend die Mikrolage eher die unmittelbaren Bedingungen vor Ort meint, zum Beispiel die Bev\u00f6lkerungsstruktur, den Stra\u00dfenl\u00e4rm, Anbindung an den \u00d6PNV, gute Infrastruktur bez\u00fcglich Schulen, Kinderg\u00e4rten oder Freizeitm\u00f6glichkeiten. Entscheidend kann auch das Image des Viertels sein. Ein Musterbeispiel f\u00fcr den kreativen Umgang mit Standortbedingungen stellen wir in dem Artikel \u201e\u201a<a href=\"https:\/\/www.vaillant.de\/21-grad\/technik-und-trends\/la-famiglia-eine-ruine-wird-zu-einem-neuen-zu-hause\/\" target=\"_blank\" rel=\"noopener\">La famiglia\u2019 \u2013 eine Ruine wird zu einem neuen zu Hause<\/a>\u201d dar.<\/p>\n<p><strong>Lage-Aspekte der Nachhaltigkeit<\/strong><br \/>\nSp\u00e4testens bei der Mikrolage kommen Aspekte der Nachhaltigkeit zum Tragen. Zum Beispiel die Frage: Sind das Grundst\u00fcck selbst und seine Umgebung frei von Altlasten? Sind \u00dcbergabesch\u00e4chte f\u00fcr Schmutz- und Regenwasser vorhanden? Ist das Baufenster frei von B\u00e4umen oder alten Geb\u00e4uden, sodass das Haus nicht beschattet wird? Oder k\u00f6nnen in unmittelbarer Umgebung sp\u00e4ter hohe Geb\u00e4ude errichtet werden? Antworten auf all diese Fragen beeinflussen die Nachhaltigkeit eines Neubaus. Mehr zum Thema Standort &amp; Sparpotenziale erfahrt Ihr \u00fcbrigens in unserem Post \u201e<a href=\"https:\/\/www.vaillant.de\/21-grad\/rat-und-tat\/wir-bauen-und-sparen-dabei-durch-den-richtigen-bauplatz\/\" target=\"_blank\" rel=\"noopener\">Wir bauen \u2013 und sparen dabei durch den richtigen Bauplatz!<\/a>\u201d<\/p>\n<p><strong>Architekten- oder Fertighaus?<\/strong><br \/>\nDie Frage, ob Ihr ein individuelles Architektenhaus oder ein Fertighaus bauen solltet, ist aus nachhaltiger Perspektive nicht eindeutig zu beantworten. Wenn Ihr einen Architekten beauftragen m\u00f6chtet, solltet Ihr\u00a0 darauf achten, dass er Erfahrung in nachhaltigem Bauen hat und sich mit umweltfreundlichen Baustoffen und Bautechniken auskennt. Dann sollte das Haus unter streng \u00f6kologischen Aspekten entworfen und w\u00e4hrend der Bauphase mit gr\u00f6\u00dftm\u00f6glicher Umweltschonung errichtet werden.<\/p>\n<p><strong>08\/15 ist pass\u00e9<\/strong><br \/>\nAuch die Fertighausbranche hat den Trend zum nachhaltigen Bauen aufgegriffen und bietet eine hohe Zahl an \u00f6kologisch vorbildlichen H\u00e4usern an, die in Gr\u00f6\u00dfe und Ausstattung weitgehend individualisierbar sind. Ihr habt die Wahl. Die Konsequenzen der Architektur f\u00fcr den Energiebedarf eines Hauses thematisiert der Artikel <a href=\"https:\/\/www.vaillant.de\/21-grad\/rat-und-tat\/hausbau-planen\/\" target=\"_blank\" rel=\"noopener\">\u201eHausbau planen: Mit der richtigen Architektur spart Ihr Geld!\u201d<\/a><\/p>\n<h2 id=\"3\">Welche Bauweise ist am nachaltigsten?<\/h2>\n<p><a href=\"https:\/\/www.vaillant.de\/21-grad\/wp-content\/uploads\/2021\/02\/exterior12_4781_00.jpg\"><img loading=\"lazy\" decoding=\"async\" class=\"alignright size-medium wp-image-5926\" src=\"https:\/\/www.vaillant.de\/21-grad\/wp-content\/uploads\/2021\/02\/exterior12_4781_00-348x232.jpg\" alt=\"Terrasse mit Landschaftsblick\" width=\"348\" height=\"232\" srcset=\"https:\/\/www.vaillant.de\/21-grad\/wp-content\/uploads\/2021\/02\/exterior12_4781_00-348x232.jpg 348w, https:\/\/www.vaillant.de\/21-grad\/wp-content\/uploads\/2021\/02\/exterior12_4781_00-720x480.jpg 720w, https:\/\/www.vaillant.de\/21-grad\/wp-content\/uploads\/2021\/02\/exterior12_4781_00-768x512.jpg 768w, https:\/\/www.vaillant.de\/21-grad\/wp-content\/uploads\/2021\/02\/exterior12_4781_00.jpg 1500w\" sizes=\"auto, (max-width: 348px) 100vw, 348px\" \/><\/a>Massiv- oder Leichtbau? Holz, Beton, Stahl, Glas oder klassisches Mauerwerk? Das Baumaterial, aus dem ein Haus besteht, hat immer auch Konsequenzen f\u00fcr Klima und Umwelt. Wir erkl\u00e4ren beispielhaft an den beliebten Formen des Holz- und Mauerwerksbaus, wie die verschiedenen Bauweisen aus \u00f6kologischer Perspektive zu bewerten sind. Unter Bauweise verstehen wir dabei den Aufbau der Au\u00dfenw\u00e4nde.<\/p>\n<p><strong>Wachsende Begeisterung<\/strong><br \/>\nDer Hausbau mit Holz wird zunehmend beliebter. Das gilt sowohl im Hinblick auf den Holzrahmenbau wie auch f\u00fcr den massiven Holzbau, der inzwischen sogar mehrgeschossige Geb\u00e4ude erm\u00f6glicht. Die Vorteile des Holzbaus in puncto Nachhaltigkeit liegen darin, dass Holz ein nachwachsender Rohstoff ist und in unseren Geb\u00e4uden langfristig CO2 speichert. F\u00fcr seine Herstellung wird vergleichsweise sehr viel weniger fossile Energie ben\u00f6tigt als bei anderen Baustoffen. Au\u00dferdem bietet Holz im Verh\u00e4ltnis zu seiner Tragf\u00e4higkeit sehr gute w\u00e4rmed\u00e4mmende Eigenschaften, wodurch geringere Wandst\u00e4rken m\u00f6glich sind. Last but not least sorgt Holz durch seine Eigenschaft, die Raumluftfeuchte positiv zu beeinflussen, f\u00fcr ein gesundes Wohnklima und eine hohe Wohnqualit\u00e4t.<br \/>\nMehr dazu erfahrt Ihr im Post \u201e<a href=\"https:\/\/www.vaillant.de\/21-grad\/wissen-und-wert\/astreines-baumaterial-holz-der-natuerliche-co2-killer\/\" target=\"_blank\" rel=\"noopener\">Astreines Baumaterial: Holz, der nat\u00fcrliche CO2-Killer<\/a>\u201d.<\/p>\n<p><strong>Beliebte Bausteine<\/strong><br \/>\nDer Mauerwerksbau steht gemeinsam mit dem Betonbau f\u00fcr die klassische Massivbauweise. Je schwerer hierbei der Stein ist, desto gr\u00f6\u00dfer ist seine Tragf\u00e4higkeit und sein Schallschutz. Aber mit steigender Festigkeit nimmt auch die D\u00e4mmwirkung ab, weil die W\u00e4rmeleitf\u00e4higkeit zunimmt. Daher verbaut man heute oft Steine mit zus\u00e4tzlichem W\u00e4rmeschutz. Hierzu z\u00e4hlen zum Beispiel D\u00e4mmziegel aus Ton, Gasbeton oder Vulkangranulat, deren W\u00e4rmeleitf\u00e4higkeit durch das Bef\u00fcllen mit Perliten oder Polystyrolkugeln verringert wird. Gleiches gilt f\u00fcr Vollziegel aus Kalksandstein, Ton oder Beton mit vorgeh\u00e4ngter, hinterl\u00fcfteter Fassade. Aber nicht allein die Au\u00dfenw\u00e4nde sind entscheidend, denn Nachhaltigkeit spielt auch bei fast allen anderen Bauelementen eine wichtige Rolle.<\/p>\n<h2 id=\"4\">Was sind nachhaltige Baustoffe?<\/h2>\n<p><a href=\"https:\/\/www.vaillant.de\/21-grad\/wp-content\/uploads\/2021\/02\/STILL10_4664_01.jpg\"><img loading=\"lazy\" decoding=\"async\" class=\"alignleft size-medium wp-image-5924\" src=\"https:\/\/www.vaillant.de\/21-grad\/wp-content\/uploads\/2021\/02\/STILL10_4664_01-348x232.jpg\" alt=\"Holz\" width=\"348\" height=\"232\" srcset=\"https:\/\/www.vaillant.de\/21-grad\/wp-content\/uploads\/2021\/02\/STILL10_4664_01-348x232.jpg 348w, https:\/\/www.vaillant.de\/21-grad\/wp-content\/uploads\/2021\/02\/STILL10_4664_01-721x480.jpg 721w, https:\/\/www.vaillant.de\/21-grad\/wp-content\/uploads\/2021\/02\/STILL10_4664_01-768x511.jpg 768w, https:\/\/www.vaillant.de\/21-grad\/wp-content\/uploads\/2021\/02\/STILL10_4664_01.jpg 1500w\" sizes=\"auto, (max-width: 348px) 100vw, 348px\" \/><\/a>Au\u00dfer den bereist erw\u00e4hnten Materialien Holz, Beton und Stein kommen beispielsweise noch Stroh, Lehm, Zellulose, Flachs, Hanf, Jute, Schilf, Kork etc. hinzu. Die Liste lie\u00dfe sich m\u00fchelos verl\u00e4ngern. Grunds\u00e4tzlich sollten Herstellung, Transport und Entsorgung des Materials energie- und schadstoffarm sein. Schadstoffe in jeglicher Form sind selbstverst\u00e4ndlich tabu, ebenso Kunststoffe auf Roh\u00f6lbasis. Bei Sand oder Kies ist zu bedenken, dass deren Vorr\u00e4te langsam zur Neige gehen. Ist recyceltes oder recycelbares Material einsetzbar? Der Prim\u00e4r-Energie-Inhalt (PEI) ist ein guter Indikator f\u00fcr Umweltvertr\u00e4glichkeit, denn er visualisiert, wieviel Energie in einem Material steckt.<\/p>\n<p><strong>Au\u00dfen hui, innen auch<\/strong><br \/>\nGerade im Innenbereich finden \u00f6kologische Baustoffe Anwendung, da sie die Wohngesundheit unterst\u00fctzen und verbessern. Hier gibt es als Alternative zu den weit verbreiteten Gipskarton- und Gipsfaserplatten einen gro\u00dfen Bedarf an Trockenbaustoffen wie zum Beispiel Strohbau- und Lehmbauplatten. Strohbauplatten aus hoch verdichtetem Getreidestroh sind einfach zu verarbeiten und verf\u00fcgen \u00fcber gute Schallschutz- und W\u00e4rmed\u00e4mmeigenschaften. Bei Lehmbauplatten wird Lehm oder Ton durch eine Schilfrohrmatte armiert oder durch Stroh- bzw. Holzfasern stabilisiert. Die F\u00e4higkeit zur W\u00e4rme- bzw. Feuchtigkeitsisolierung ist hier besser als bei jedem anderen Baustoff. Au\u00dferdem absorbieren Lehmplatten Geruch und Strahlung.<\/p>\n<p><strong>\u00d6kologisch bunt<\/strong><br \/>\nSo wie Putze und andere Naturfarben auf der Basis von Kreide oder Kasein sind auch Lehmfarben besonders beliebt. Denn zus\u00e4tzlich zu seinen positiven Eigenschaften als Baustoff zieht Lehm als Basis von Lehmfarbe keine Schmutzpartikel aus der Luft an, das das Material sich nicht elektrisch aufl\u00e4dt. Aber auch Kalkfarbe wird h\u00e4ufig genutzt, da diese unter anderem Schimmelbildung verhindert. Naturfarben und -putze sind f\u00fcr den Innenbereich hervorragend geeignet. Sie k\u00f6nnen ebenso individuell und kreativ verarbeitet werden wie konventionelle Produkte, bieten aber eben zahlreiche baubiologische Vorteile.<\/p>\n<p><strong>Auf welche Baustoffe bauen?<\/strong><br \/>\nNachhaltige Baustoffe verf\u00fcgen \u00fcber zahlreiche Eigenschaften, die langfristig einen positiven Einfluss auf die Wohngesundheit aus\u00fcben und der Umwelt zugute kommen: Ressourcen werden geschont und die Umweltbelastung reduziert. Nach anf\u00e4nglich leicht h\u00f6heren Investitionen im Vergleich zu konventionellen Materialien profitiert Ihr als Bauherr auf lange Sicht deutlich vom \u00f6kologischen Bauen und Sanieren. Einen spannenden Einblick in Wohl und Wehe eines umweltbewussten Bauherren verschafft unser Blogpost <a href=\"https:\/\/www.vaillant.de\/21-grad\/rat-und-tat\/nicos-youtube-kanal-nachhaltiges-bauen-online-und-live-miterleben\/\" target=\"_blank\" rel=\"noopener\">\u201eNicos Youtube-Kanal: Nachhaltiges Bauen \u2013 online und live miterleben!\u201d<\/a><\/p>\n<h2 id=\"5\">Wie zeigt sich nachhaltiges Bauen in der Praxis?<\/h2>\n<p><a href=\"https:\/\/www.vaillant.de\/21-grad\/wp-content\/uploads\/2021\/02\/exterior19_45994_01.jpg\"><img loading=\"lazy\" decoding=\"async\" class=\"alignright size-medium wp-image-5927\" src=\"https:\/\/www.vaillant.de\/21-grad\/wp-content\/uploads\/2021\/02\/exterior19_45994_01-349x232.jpg\" alt=\"Rohbau mit Kran\" width=\"349\" height=\"232\" srcset=\"https:\/\/www.vaillant.de\/21-grad\/wp-content\/uploads\/2021\/02\/exterior19_45994_01-349x232.jpg 349w, https:\/\/www.vaillant.de\/21-grad\/wp-content\/uploads\/2021\/02\/exterior19_45994_01-723x480.jpg 723w, https:\/\/www.vaillant.de\/21-grad\/wp-content\/uploads\/2021\/02\/exterior19_45994_01-768x510.jpg 768w, https:\/\/www.vaillant.de\/21-grad\/wp-content\/uploads\/2021\/02\/exterior19_45994_01.jpg 1500w\" sizes=\"auto, (max-width: 349px) 100vw, 349px\" \/><\/a>Hier gibt es viele verschiedene Aspekte, aber zentrales Thema \u2013 schon der Planung \u2013 ist die Energie. Welche Klasse von H\u00e4usern ist die nachhaltigste? Schauen wir uns hierzu verschiedene Energiestandards an: das Niedrigenergiehaus, Effizienzhaus, Passivhaus und das Nullenergie- bzw. Plusenergiehaus.<\/p>\n<p><strong>Energiestandards: Wer bietet weniger?<\/strong><br \/>\nDas Niedrigenergiehaus (NEH) ist rechtlich nicht exakt definiert. Seit der Energieeinsparverordnung (EnEV) von 2009 muss der international g\u00e4ngige Richtwert f\u00fcr den maximalen Heizw\u00e4rmebedarf im Niedrigenergiehaus von maximal 70 kWh pro Quadratmeter sowieso von jedem Neubau in Deutschland erf\u00fcllt werden. Niedrigenergieh\u00e4user sollten die gesetzlich zul\u00e4ssigen Maximalwerte unterschreiten, was die staatlich gef\u00f6rderten Effizienzh\u00e4user sowie Passivh\u00e4user und Co. in jedem Fall tun.<\/p>\n<p>Effizienzh\u00e4user werden durch die Kreditanstalt f\u00fcr Wiederaufbau (KfW) gef\u00f6rdert. Im Rahmen unterschiedlicher Programme werden verschiedene Energiestandards definiert. Hierf\u00fcr wird der j\u00e4hrliche Prim\u00e4renergiebedarf des Geb\u00e4udes berechnet und mit einem Referenzgeb\u00e4ude nach der g\u00fcltigen Energieeinsparverordnung verglichen. Die vergebene Zahl gibt an, wie viel Prozent des Energiebedarfs des Vergleichsgeb\u00e4udes erreicht werden d\u00fcrfen. Bei einem KfW-Effizienzhaus 40 sind das 40 % oder andersherum 60 % weniger W\u00e4rmebedarf als vorgeschrieben.<\/p>\n<p>Ein Passivhaus zeichnet sich durch eine ideale D\u00e4mmung der Geb\u00e4udeh\u00fclle sowie die maximale Nutzung der Sonnenenergie aus. Die Passivh\u00e4user werden also sehr gut \u201everpackt\u201d, ohne W\u00e4rmebr\u00fccken errichtet und mit einer kontrollierten L\u00fcftung mit W\u00e4rmer\u00fcckgewinnung ausgestattet. Sie ben\u00f6tigen daher so wenig Heizw\u00e4rme, dass auf ein konventionelles Heizsystem verzichtet werden kann. Kontrollwert ist der Jahresheizw\u00e4rmebedarf, der 15 kWh pro Quadratmeter nicht \u00fcberschreiten darf. Die L\u00fcftungsanlage, die bis zu 98 % ihrer W\u00e4rmeenergie aus der Abluft zur\u00fcckgewinnt, \u00fcbernimmt allein die Beheizung.<\/p>\n<p>W\u00e4hrend Nullenergieh\u00e4user den eigenen Energiebedarf selbst abdecken, erzeugen Plusenergieh\u00e4user sogar mehr Energie als sie verbrauchen. Meist sind die Geb\u00e4ude bereits im Passivhausstandard errichtet, sodass der Eigenbedarf sehr niedrig ist. Die mehr als ben\u00f6tigte Energie kann dann durch Photovoltaikanlagen, Solarthermieanlagen, Erd- oder Wasserw\u00e4rmepumpen oder ein Mini-Windrad erzeugt werden. Wenn Ihr wissen wollt, wie man durch vorausschauende Planung Energie einsparen kann, dann schaut in unseren Post \u201e<a href=\"https:\/\/www.vaillant.de\/21-grad\/rat-und-tat\/5-tipps-zum-bauen-nach-kfw-effizienzhausstandard\/\" target=\"_blank\" rel=\"noopener\">4 Tipps zum Bauen nach KfW-Effizienzhausstandard<\/a>\u201d.<\/p>\n<p><strong>Einfach elektrisierend, die Haustechnik<\/strong><br \/>\nSteigende Strompreise sind eine gro\u00dfe Motivation zum Energiesparen. Positiv im Sinne der Nachhaltigkeit ist auch die zunehmende Preisangleichung von \u00d6kostrom und konventionellem Strom. Vor diesem Hintergrund ist es kaum noch ein Kostennachteil, zu einem g\u00fcnstigen \u00d6kostromanbieter zu wechseln.<\/p>\n<div class=\"infobox alert\"><\/p>\n<p><strong>Tipps: Sparen ist ganz einfach<\/strong><\/p>\n<p>Die Deutsche Energie-Agentur (dena) hat auf ihrer Webseite einige lesenswerte <a href=\"https:\/\/www.dena.de\/themen-projekte\/energieeffizienz\/private-haushalte\" target=\"_blank\" rel=\"noopener\">Brosch\u00fcren<\/a> mit Energiespartipps ver\u00f6ffentlicht. Durch einfache Ratschl\u00e4ge wie das Aufstellen von K\u00fchl- und Gefrierschr\u00e4nken an k\u00fchlen Standorten in der Wohnung, das Waschen und Trocknen mit stets voller Beladung oder das Backen mit Umluft statt Ober- und Unterhitze lassen sich in Summe schon nennenswerte Beitr\u00e4ge sparen. Der Einsatz von LED-Lampen oder der Kauf von Ger\u00e4ten mit einer niedrigen Energieeffizienzklasse (A\/B) sind weitere sinnvolle Ma\u00dfnahmen, die keine Komforteinbu\u00dfen nach sich ziehen.<\/p>\n<p><\/div>\n<p><strong>Hei\u00dfes Thema Heiztechnik<\/strong><\/p>\n<p><img loading=\"lazy\" decoding=\"async\" class=\" wp-image-3832 alignleft\" src=\"https:\/\/www.vaillant.de\/21-grad\/wp-content\/uploads\/2018\/10\/W\u00e4rmepumpe-und-PV-454x232.jpg\" alt=\"\" width=\"327\" height=\"167\" srcset=\"https:\/\/www.vaillant.de\/21-grad\/wp-content\/uploads\/2018\/10\/W\u00e4rmepumpe-und-PV-454x232.jpg 454w, https:\/\/www.vaillant.de\/21-grad\/wp-content\/uploads\/2018\/10\/W\u00e4rmepumpe-und-PV-768x392.jpg 768w, https:\/\/www.vaillant.de\/21-grad\/wp-content\/uploads\/2018\/10\/W\u00e4rmepumpe-und-PV-320x163.jpg 320w, https:\/\/www.vaillant.de\/21-grad\/wp-content\/uploads\/2018\/10\/W\u00e4rmepumpe-und-PV-456x232.jpg 456w, https:\/\/www.vaillant.de\/21-grad\/wp-content\/uploads\/2018\/10\/W\u00e4rmepumpe-und-PV.jpg 940w\" sizes=\"auto, (max-width: 327px) 100vw, 327px\" \/>Bauherren haben die Wahl aus einer Vielzahl von Energiequellen: Umweltw\u00e4rme, Strom, Holz, Gas, \u00d6l, Wind oder Sonne. Dabei sind die Unterschiede zwischen den Quellen in puncto Nachhaltigkeit enorm. Beispielsweise lassen sich Neubauten mit guter D\u00e4mmung und geringem Energiebedarf sehr effizient heizen und k\u00fchlen und eignen sich daher besonders gut f\u00fcr Heizungsanlagen mit W\u00e4rmepumpen. Diese gewinnen die W\u00e4rme aus der Umwelt (Boden, Luft, Wasser), machen unabh\u00e4ngig von \u00d6l- und Gaspreisen und ben\u00f6tigen nur rund 25 % Strom als Antriebsenergie. Dass W\u00e4rmepumpen gef\u00f6rdert werden und auch noch seltener gewartet werden m\u00fcssen, macht sie noch attraktiver.<\/p>\n<p><strong>Wasserdampf: mehr als hei\u00dfe Luft<\/strong><br \/>\n\u00d6l oder Gas zu nutzen, ist durch den Einsatz moderner Brennwerttechnik effizienter geworden. Allerdings sind beide Energietr\u00e4ger nur begrenzt verf\u00fcgbar und haben eine mehr oder weniger gute CO2-Bilanz. Das Positive: Neben der Energieeinsparung von bis zu 30 % durch den h\u00f6heren Nutzungsgrad und dem niedrigeren Schadstoffaussto\u00df sprechen auch der hohe Wohn- und Warmwasserkomfort, m\u00f6gliche F\u00f6rdermittel und die Chance zur Kombination mit Solarthermie f\u00fcr das Heizen nach dem Brennwert-Prinzip. Mehr \u00fcber den Zusammenhang zwischen Energieverbrauch und F\u00f6rdermitteln erfahrt Ihr in unserem Blogpost \u201e<a href=\"https:\/\/www.vaillant.de\/21-grad\/rat-und-tat\/wir-bauen-auch-dank-foerderung-hausbau\/\" target=\"_blank\" rel=\"noopener\">Wir bauen \u2013 auch dank F\u00f6rderung Hausbau!<\/a>\u201d<\/p>\n<p><strong>Heizen mit F\u00f6rderung<\/strong><br \/>\nEs existiert eine Vielzahl von F\u00f6rderm\u00f6glichkeiten f\u00fcr Heizungen auf verschiedenen Ebenen: Bund, L\u00e4nder, Kommunen und Energieversorger. Eine informative Zusammenstellung findet Ihr auf <a href=\"https:\/\/www.vaillant.de\/heizung\/klima-foerderung\/foerderung-finanzierung\/\" target=\"_blank\" rel=\"noopener\">vaillant.de<\/a> \u2013 wo auch der smarte Vaillant F\u00f6rdergeld Service zu Hause ist.\u00a0 Weitere Informationen zum Thema Hausbau und F\u00f6rderung erhaltet Ihr zudem hier: \u201e<a href=\"https:\/\/www.vaillant.de\/21-grad\/rat-und-tat\/hausbau-welche-heizung-erhaelt-ab-2020-die-hoechste-foerderung\/\" target=\"_blank\" rel=\"noopener\">Hausbau: Welche Heizung erh\u00e4lt ab 2020 die h\u00f6chste F\u00f6rderung?<\/a>\u201d<\/p>\n<h2>Fazit: Vorteil Nachhaltigkeit<\/h2>\n<p><a href=\"https:\/\/www.vaillant.de\/21-grad\/wp-content\/uploads\/2021\/02\/STILL12_4982_00.jpg\"><img loading=\"lazy\" decoding=\"async\" class=\"size-medium wp-image-5928 alignright\" src=\"https:\/\/www.vaillant.de\/21-grad\/wp-content\/uploads\/2021\/02\/STILL12_4982_00-349x232.jpg\" alt=\"Sonnenblumen\" width=\"349\" height=\"232\" srcset=\"https:\/\/www.vaillant.de\/21-grad\/wp-content\/uploads\/2021\/02\/STILL12_4982_00-349x232.jpg 349w, https:\/\/www.vaillant.de\/21-grad\/wp-content\/uploads\/2021\/02\/STILL12_4982_00-723x480.jpg 723w, https:\/\/www.vaillant.de\/21-grad\/wp-content\/uploads\/2021\/02\/STILL12_4982_00-768x510.jpg 768w, https:\/\/www.vaillant.de\/21-grad\/wp-content\/uploads\/2021\/02\/STILL12_4982_00.jpg 1500w\" sizes=\"auto, (max-width: 349px) 100vw, 349px\" \/><\/a>Vor dem Hintergrund von Ressourcenschwund und Klimaerw\u00e4rmung wird der Wunsch vieler Bauherren nach mehr Nachhaltigkeit immer gr\u00f6\u00dfer. Dabei h\u00e4ngt die Realisierung der W\u00fcnsche nicht mehr nur vom Umfang des Budgets ab. Denn nachhaltiges Bauen ist zwar (noch) etwas teurer als konventionelles. Doch die Mehrkosten rechnen sich langfristig durch F\u00f6rdermittel und Einsparpotenziale bei den Betriebskosten.<\/p>\n<p>Wer nicht gleich alles auf einmal umsetzen will oder kann, sollte sich Schwerpunkte setzen und sich fragen: Was ist mir am wichtigsten in meinem Haus: Wohngesundheit? Komfort? Langlebigkeit? Umnutzungsf\u00e4higkeit? Um hier die richtigen Antworten und L\u00f6sungen zu finden, sollten Ihr Euch genau informieren und bei der Planung einen Experten hinzuziehen. Damit Ihr von Anfang an den richtigen Grundstein f\u00fcr die Zukunft legen.<\/p>\n","protected":false},"excerpt":{"rendered":"<p>Wer ein Haus baut, hat viele Entscheidungen zu treffen. Auch die, wieviel Platz er dem Thema Nachhaltigkeit einr\u00e4umt. Erfahrt nachfolgend, wie sich mit strategischer Planung und Expertise bei der Umsetzung ressourcenschonende Ideen kostenbewusst realisieren lassen.<\/p>\n","protected":false},"author":14,"featured_media":5922,"comment_status":"open","ping_status":"open","sticky":false,"template":"","format":"standard","meta":{"footnotes":""},"categories":[3],"tags":[172,23],"coauthors":[68],"class_list":["post-5911","post","type-post","status-publish","format-standard","has-post-thumbnail","hentry","category-wissen-und-wert","tag-bauen-und-wohnen","tag-nachhaltigkeit"],"yoast_head":"<!-- This site is optimized with the Yoast SEO plugin v27.4 - https:\/\/yoast.com\/product\/yoast-seo-wordpress\/ -->\n<title>Nachhaltig bauen \u2013 Mehrwert f\u00fcr die Zukunft | 21 Grad<\/title>\n<meta name=\"description\" content=\"Was bedeutet nachhaltiges Bauen? Und vor allem: Wie gelingt es? Lesen Sie unseren Wegweiser in die eigenen, nachhaltig gebauten vier W\u00e4nde!\" \/>\n<meta name=\"robots\" content=\"index, follow, max-snippet:-1, max-image-preview:large, max-video-preview:-1\" \/>\n<link rel=\"canonical\" href=\"https:\/\/www.vaillant.de\/21-grad\/wissen-und-wert\/nachhaltig-bauen-mehrwert-fuer-die-zukunft\/\" \/>\n<meta property=\"og:locale\" content=\"de_DE\" \/>\n<meta property=\"og:type\" content=\"article\" \/>\n<meta property=\"og:title\" content=\"Nachhaltig bauen \u2013 Mehrwert f\u00fcr die Zukunft | 21 Grad\" \/>\n<meta property=\"og:description\" content=\"Was bedeutet nachhaltiges Bauen? Und vor allem: Wie gelingt es? Lesen Sie unseren Wegweiser in die eigenen, nachhaltig gebauten vier W\u00e4nde!\" \/>\n<meta property=\"og:url\" content=\"https:\/\/www.vaillant.de\/21-grad\/wissen-und-wert\/nachhaltig-bauen-mehrwert-fuer-die-zukunft\/\" \/>\n<meta property=\"og:site_name\" content=\"21 grad\" \/>\n<meta property=\"article:publisher\" content=\"https:\/\/www.facebook.com\/21grad\/\" \/>\n<meta property=\"article:published_time\" content=\"2021-02-11T14:06:02+00:00\" \/>\n<meta property=\"article:modified_time\" content=\"2021-10-15T09:24:45+00:00\" \/>\n<meta property=\"og:image\" content=\"https:\/\/www.vaillant.de\/21-grad\/wp-content\/uploads\/2021\/02\/header-nachhaltig-bauen.jpg\" \/>\n\t<meta property=\"og:image:width\" content=\"940\" \/>\n\t<meta property=\"og:image:height\" content=\"480\" \/>\n\t<meta property=\"og:image:type\" content=\"image\/jpeg\" \/>\n<meta name=\"author\" content=\"Jacqueline\" \/>\n<meta name=\"twitter:card\" content=\"summary_large_image\" \/>\n<meta name=\"twitter:creator\" content=\"@vaillant_de\" \/>\n<meta name=\"twitter:site\" content=\"@vaillant_de\" \/>\n<meta name=\"twitter:label1\" content=\"Verfasst von\" \/>\n\t<meta name=\"twitter:data1\" content=\"Jacqueline\" \/>\n\t<meta name=\"twitter:label2\" content=\"Gesch\u00e4tzte Lesezeit\" \/>\n\t<meta name=\"twitter:data2\" content=\"14\u00a0Minuten\" \/>\n\t<meta name=\"twitter:label3\" content=\"Written by\" \/>\n\t<meta name=\"twitter:data3\" content=\"Jacqueline\" \/>\n<script type=\"application\/ld+json\" class=\"yoast-schema-graph\">{\"@context\":\"https:\\\/\\\/schema.org\",\"@graph\":[{\"@type\":\"Article\",\"@id\":\"https:\\\/\\\/www.vaillant.de\\\/21-grad\\\/wissen-und-wert\\\/nachhaltig-bauen-mehrwert-fuer-die-zukunft\\\/#article\",\"isPartOf\":{\"@id\":\"https:\\\/\\\/www.vaillant.de\\\/21-grad\\\/wissen-und-wert\\\/nachhaltig-bauen-mehrwert-fuer-die-zukunft\\\/\"},\"author\":{\"name\":\"Jacqueline\",\"@id\":\"https:\\\/\\\/www.vaillant.de\\\/21-grad\\\/#\\\/schema\\\/person\\\/75a8b4aa6c2491a38cf9116850869d58\"},\"headline\":\"Nachhaltig Bauen \u2013 Mehrwert f\u00fcr die Zukunft\",\"datePublished\":\"2021-02-11T14:06:02+00:00\",\"dateModified\":\"2021-10-15T09:24:45+00:00\",\"mainEntityOfPage\":{\"@id\":\"https:\\\/\\\/www.vaillant.de\\\/21-grad\\\/wissen-und-wert\\\/nachhaltig-bauen-mehrwert-fuer-die-zukunft\\\/\"},\"wordCount\":2966,\"commentCount\":1,\"image\":{\"@id\":\"https:\\\/\\\/www.vaillant.de\\\/21-grad\\\/wissen-und-wert\\\/nachhaltig-bauen-mehrwert-fuer-die-zukunft\\\/#primaryimage\"},\"thumbnailUrl\":\"https:\\\/\\\/www.vaillant.de\\\/21-grad\\\/wp-content\\\/uploads\\\/2021\\\/02\\\/header-nachhaltig-bauen.jpg\",\"keywords\":[\"Bauen und Wohnen\",\"Nachhaltigkeit\"],\"articleSection\":[\"Wissen &amp; Wert\"],\"inLanguage\":\"de\",\"potentialAction\":[{\"@type\":\"CommentAction\",\"name\":\"Comment\",\"target\":[\"https:\\\/\\\/www.vaillant.de\\\/21-grad\\\/wissen-und-wert\\\/nachhaltig-bauen-mehrwert-fuer-die-zukunft\\\/#respond\"]}]},{\"@type\":\"WebPage\",\"@id\":\"https:\\\/\\\/www.vaillant.de\\\/21-grad\\\/wissen-und-wert\\\/nachhaltig-bauen-mehrwert-fuer-die-zukunft\\\/\",\"url\":\"https:\\\/\\\/www.vaillant.de\\\/21-grad\\\/wissen-und-wert\\\/nachhaltig-bauen-mehrwert-fuer-die-zukunft\\\/\",\"name\":\"Nachhaltig bauen \u2013 Mehrwert f\u00fcr die Zukunft | 21 Grad\",\"isPartOf\":{\"@id\":\"https:\\\/\\\/www.vaillant.de\\\/21-grad\\\/#website\"},\"primaryImageOfPage\":{\"@id\":\"https:\\\/\\\/www.vaillant.de\\\/21-grad\\\/wissen-und-wert\\\/nachhaltig-bauen-mehrwert-fuer-die-zukunft\\\/#primaryimage\"},\"image\":{\"@id\":\"https:\\\/\\\/www.vaillant.de\\\/21-grad\\\/wissen-und-wert\\\/nachhaltig-bauen-mehrwert-fuer-die-zukunft\\\/#primaryimage\"},\"thumbnailUrl\":\"https:\\\/\\\/www.vaillant.de\\\/21-grad\\\/wp-content\\\/uploads\\\/2021\\\/02\\\/header-nachhaltig-bauen.jpg\",\"datePublished\":\"2021-02-11T14:06:02+00:00\",\"dateModified\":\"2021-10-15T09:24:45+00:00\",\"author\":{\"@id\":\"https:\\\/\\\/www.vaillant.de\\\/21-grad\\\/#\\\/schema\\\/person\\\/75a8b4aa6c2491a38cf9116850869d58\"},\"description\":\"Was bedeutet nachhaltiges Bauen? Und vor allem: Wie gelingt es? Lesen Sie unseren Wegweiser in die eigenen, nachhaltig gebauten vier W\u00e4nde!\",\"breadcrumb\":{\"@id\":\"https:\\\/\\\/www.vaillant.de\\\/21-grad\\\/wissen-und-wert\\\/nachhaltig-bauen-mehrwert-fuer-die-zukunft\\\/#breadcrumb\"},\"inLanguage\":\"de\",\"potentialAction\":[{\"@type\":\"ReadAction\",\"target\":[\"https:\\\/\\\/www.vaillant.de\\\/21-grad\\\/wissen-und-wert\\\/nachhaltig-bauen-mehrwert-fuer-die-zukunft\\\/\"]}]},{\"@type\":\"ImageObject\",\"inLanguage\":\"de\",\"@id\":\"https:\\\/\\\/www.vaillant.de\\\/21-grad\\\/wissen-und-wert\\\/nachhaltig-bauen-mehrwert-fuer-die-zukunft\\\/#primaryimage\",\"url\":\"https:\\\/\\\/www.vaillant.de\\\/21-grad\\\/wp-content\\\/uploads\\\/2021\\\/02\\\/header-nachhaltig-bauen.jpg\",\"contentUrl\":\"https:\\\/\\\/www.vaillant.de\\\/21-grad\\\/wp-content\\\/uploads\\\/2021\\\/02\\\/header-nachhaltig-bauen.jpg\",\"width\":940,\"height\":480,\"caption\":\"Nachhaltig Bauen\"},{\"@type\":\"BreadcrumbList\",\"@id\":\"https:\\\/\\\/www.vaillant.de\\\/21-grad\\\/wissen-und-wert\\\/nachhaltig-bauen-mehrwert-fuer-die-zukunft\\\/#breadcrumb\",\"itemListElement\":[{\"@type\":\"ListItem\",\"position\":1,\"name\":\"Startseite\",\"item\":\"https:\\\/\\\/www.vaillant.de\\\/21-grad\\\/\"},{\"@type\":\"ListItem\",\"position\":2,\"name\":\"Nachhaltig Bauen \u2013 Mehrwert f\u00fcr die Zukunft\"}]},{\"@type\":\"WebSite\",\"@id\":\"https:\\\/\\\/www.vaillant.de\\\/21-grad\\\/#website\",\"url\":\"https:\\\/\\\/www.vaillant.de\\\/21-grad\\\/\",\"name\":\"21 grad\",\"description\":\"Der Blog f\u00fcr Menschen, die weiterdenken\",\"potentialAction\":[{\"@type\":\"SearchAction\",\"target\":{\"@type\":\"EntryPoint\",\"urlTemplate\":\"https:\\\/\\\/www.vaillant.de\\\/21-grad\\\/?s={search_term_string}\"},\"query-input\":{\"@type\":\"PropertyValueSpecification\",\"valueRequired\":true,\"valueName\":\"search_term_string\"}}],\"inLanguage\":\"de\"},{\"@type\":\"Person\",\"@id\":\"https:\\\/\\\/www.vaillant.de\\\/21-grad\\\/#\\\/schema\\\/person\\\/75a8b4aa6c2491a38cf9116850869d58\",\"name\":\"Jacqueline\",\"image\":{\"@type\":\"ImageObject\",\"inLanguage\":\"de\",\"@id\":\"https:\\\/\\\/www.vaillant.de\\\/21-grad\\\/wp-content\\\/uploads\\\/2018\\\/06\\\/Portrait-250-125x125.jpgfc8ce6b31ae0347d9e261097d2ccecbb\",\"url\":\"https:\\\/\\\/www.vaillant.de\\\/21-grad\\\/wp-content\\\/uploads\\\/2018\\\/06\\\/Portrait-250-125x125.jpg\",\"contentUrl\":\"https:\\\/\\\/www.vaillant.de\\\/21-grad\\\/wp-content\\\/uploads\\\/2018\\\/06\\\/Portrait-250-125x125.jpg\",\"caption\":\"Jacqueline\"},\"description\":\"In meinem Arbeitsalltag dreht sich alles rund um digitale Themen. Ich sorge f\u00fcr die Auffindbarkeit des Unternehmens im Web, indem ich unsere Webseite immer wieder mit neuen und relevanten Inhalten best\u00fccke. Dabei ist mir besonders wichtig, dass Ihr schnell und einfach an gew\u00fcnschte Informationen gelangt. Nachhaltigkeit F\u00fcr mich bedeutet Nachhaltigkeit, auch im Alltag die Umwelt durch kleine Dinge zu entlasten. Ich fahre deswegen morgens mit dem Bus zur Arbeit, nehme zum Einkaufen meine Baumwollbeutel mit und kaufe bevorzugt Bioprodukte. Interessen In meiner Freizeit verbringe ich gerne viel Zeit mit Freuden, liebe meinen Tanzsport und spiele gerne Brettspiele. Zudem reise ich sehr gerne. Was w\u00fcrdest du tun, wenn du noch einen Tag zu leben h\u00e4ttest? Ich w\u00fcrde etwas Verr\u00fccktes wie einen Fallschirmsprung machen. Und anschlie\u00dfend eine gro\u00dfe Party mit Freunden. Wenn du eine Superkraft h\u00e4ttest, welche w\u00e4re das und warum? Ich w\u00fcrde gerne unter Wasser atmen k\u00f6nnen. Ich liebe die endlosen Weiten des Meeres und k\u00f6nnte den ganzen Tag im und unter Wasser verbringen. Was bringt dich zum l\u00e4cheln? Ein warmer Sommertag mit viel Sonne.\",\"url\":\"https:\\\/\\\/www.vaillant.de\\\/21-grad\\\/autor\\\/jacqueline\\\/\"}]}<\/script>\n<!-- \/ Yoast SEO plugin. -->","yoast_head_json":{"title":"Nachhaltig bauen \u2013 Mehrwert f\u00fcr die Zukunft | 21 Grad","description":"Was bedeutet nachhaltiges Bauen? Und vor allem: Wie gelingt es? Lesen Sie unseren Wegweiser in die eigenen, nachhaltig gebauten vier W\u00e4nde!","robots":{"index":"index","follow":"follow","max-snippet":"max-snippet:-1","max-image-preview":"max-image-preview:large","max-video-preview":"max-video-preview:-1"},"canonical":"https:\/\/www.vaillant.de\/21-grad\/wissen-und-wert\/nachhaltig-bauen-mehrwert-fuer-die-zukunft\/","og_locale":"de_DE","og_type":"article","og_title":"Nachhaltig bauen \u2013 Mehrwert f\u00fcr die Zukunft | 21 Grad","og_description":"Was bedeutet nachhaltiges Bauen? Und vor allem: Wie gelingt es? Lesen Sie unseren Wegweiser in die eigenen, nachhaltig gebauten vier W\u00e4nde!","og_url":"https:\/\/www.vaillant.de\/21-grad\/wissen-und-wert\/nachhaltig-bauen-mehrwert-fuer-die-zukunft\/","og_site_name":"21 grad","article_publisher":"https:\/\/www.facebook.com\/21grad\/","article_published_time":"2021-02-11T14:06:02+00:00","article_modified_time":"2021-10-15T09:24:45+00:00","og_image":[{"width":940,"height":480,"url":"https:\/\/www.vaillant.de\/21-grad\/wp-content\/uploads\/2021\/02\/header-nachhaltig-bauen.jpg","type":"image\/jpeg"}],"author":"Jacqueline","twitter_card":"summary_large_image","twitter_creator":"@vaillant_de","twitter_site":"@vaillant_de","twitter_misc":{"Verfasst von":"Jacqueline","Gesch\u00e4tzte Lesezeit":"14\u00a0Minuten","Written by":"Jacqueline"},"schema":{"@context":"https:\/\/schema.org","@graph":[{"@type":"Article","@id":"https:\/\/www.vaillant.de\/21-grad\/wissen-und-wert\/nachhaltig-bauen-mehrwert-fuer-die-zukunft\/#article","isPartOf":{"@id":"https:\/\/www.vaillant.de\/21-grad\/wissen-und-wert\/nachhaltig-bauen-mehrwert-fuer-die-zukunft\/"},"author":{"name":"Jacqueline","@id":"https:\/\/www.vaillant.de\/21-grad\/#\/schema\/person\/75a8b4aa6c2491a38cf9116850869d58"},"headline":"Nachhaltig Bauen \u2013 Mehrwert f\u00fcr die Zukunft","datePublished":"2021-02-11T14:06:02+00:00","dateModified":"2021-10-15T09:24:45+00:00","mainEntityOfPage":{"@id":"https:\/\/www.vaillant.de\/21-grad\/wissen-und-wert\/nachhaltig-bauen-mehrwert-fuer-die-zukunft\/"},"wordCount":2966,"commentCount":1,"image":{"@id":"https:\/\/www.vaillant.de\/21-grad\/wissen-und-wert\/nachhaltig-bauen-mehrwert-fuer-die-zukunft\/#primaryimage"},"thumbnailUrl":"https:\/\/www.vaillant.de\/21-grad\/wp-content\/uploads\/2021\/02\/header-nachhaltig-bauen.jpg","keywords":["Bauen und Wohnen","Nachhaltigkeit"],"articleSection":["Wissen &amp; Wert"],"inLanguage":"de","potentialAction":[{"@type":"CommentAction","name":"Comment","target":["https:\/\/www.vaillant.de\/21-grad\/wissen-und-wert\/nachhaltig-bauen-mehrwert-fuer-die-zukunft\/#respond"]}]},{"@type":"WebPage","@id":"https:\/\/www.vaillant.de\/21-grad\/wissen-und-wert\/nachhaltig-bauen-mehrwert-fuer-die-zukunft\/","url":"https:\/\/www.vaillant.de\/21-grad\/wissen-und-wert\/nachhaltig-bauen-mehrwert-fuer-die-zukunft\/","name":"Nachhaltig bauen \u2013 Mehrwert f\u00fcr die Zukunft | 21 Grad","isPartOf":{"@id":"https:\/\/www.vaillant.de\/21-grad\/#website"},"primaryImageOfPage":{"@id":"https:\/\/www.vaillant.de\/21-grad\/wissen-und-wert\/nachhaltig-bauen-mehrwert-fuer-die-zukunft\/#primaryimage"},"image":{"@id":"https:\/\/www.vaillant.de\/21-grad\/wissen-und-wert\/nachhaltig-bauen-mehrwert-fuer-die-zukunft\/#primaryimage"},"thumbnailUrl":"https:\/\/www.vaillant.de\/21-grad\/wp-content\/uploads\/2021\/02\/header-nachhaltig-bauen.jpg","datePublished":"2021-02-11T14:06:02+00:00","dateModified":"2021-10-15T09:24:45+00:00","author":{"@id":"https:\/\/www.vaillant.de\/21-grad\/#\/schema\/person\/75a8b4aa6c2491a38cf9116850869d58"},"description":"Was bedeutet nachhaltiges Bauen? Und vor allem: Wie gelingt es? Lesen Sie unseren Wegweiser in die eigenen, nachhaltig gebauten vier W\u00e4nde!","breadcrumb":{"@id":"https:\/\/www.vaillant.de\/21-grad\/wissen-und-wert\/nachhaltig-bauen-mehrwert-fuer-die-zukunft\/#breadcrumb"},"inLanguage":"de","potentialAction":[{"@type":"ReadAction","target":["https:\/\/www.vaillant.de\/21-grad\/wissen-und-wert\/nachhaltig-bauen-mehrwert-fuer-die-zukunft\/"]}]},{"@type":"ImageObject","inLanguage":"de","@id":"https:\/\/www.vaillant.de\/21-grad\/wissen-und-wert\/nachhaltig-bauen-mehrwert-fuer-die-zukunft\/#primaryimage","url":"https:\/\/www.vaillant.de\/21-grad\/wp-content\/uploads\/2021\/02\/header-nachhaltig-bauen.jpg","contentUrl":"https:\/\/www.vaillant.de\/21-grad\/wp-content\/uploads\/2021\/02\/header-nachhaltig-bauen.jpg","width":940,"height":480,"caption":"Nachhaltig Bauen"},{"@type":"BreadcrumbList","@id":"https:\/\/www.vaillant.de\/21-grad\/wissen-und-wert\/nachhaltig-bauen-mehrwert-fuer-die-zukunft\/#breadcrumb","itemListElement":[{"@type":"ListItem","position":1,"name":"Startseite","item":"https:\/\/www.vaillant.de\/21-grad\/"},{"@type":"ListItem","position":2,"name":"Nachhaltig Bauen \u2013 Mehrwert f\u00fcr die Zukunft"}]},{"@type":"WebSite","@id":"https:\/\/www.vaillant.de\/21-grad\/#website","url":"https:\/\/www.vaillant.de\/21-grad\/","name":"21 grad","description":"Der Blog f\u00fcr Menschen, die weiterdenken","potentialAction":[{"@type":"SearchAction","target":{"@type":"EntryPoint","urlTemplate":"https:\/\/www.vaillant.de\/21-grad\/?s={search_term_string}"},"query-input":{"@type":"PropertyValueSpecification","valueRequired":true,"valueName":"search_term_string"}}],"inLanguage":"de"},{"@type":"Person","@id":"https:\/\/www.vaillant.de\/21-grad\/#\/schema\/person\/75a8b4aa6c2491a38cf9116850869d58","name":"Jacqueline","image":{"@type":"ImageObject","inLanguage":"de","@id":"https:\/\/www.vaillant.de\/21-grad\/wp-content\/uploads\/2018\/06\/Portrait-250-125x125.jpgfc8ce6b31ae0347d9e261097d2ccecbb","url":"https:\/\/www.vaillant.de\/21-grad\/wp-content\/uploads\/2018\/06\/Portrait-250-125x125.jpg","contentUrl":"https:\/\/www.vaillant.de\/21-grad\/wp-content\/uploads\/2018\/06\/Portrait-250-125x125.jpg","caption":"Jacqueline"},"description":"In meinem Arbeitsalltag dreht sich alles rund um digitale Themen. Ich sorge f\u00fcr die Auffindbarkeit des Unternehmens im Web, indem ich unsere Webseite immer wieder mit neuen und relevanten Inhalten best\u00fccke. Dabei ist mir besonders wichtig, dass Ihr schnell und einfach an gew\u00fcnschte Informationen gelangt. Nachhaltigkeit F\u00fcr mich bedeutet Nachhaltigkeit, auch im Alltag die Umwelt durch kleine Dinge zu entlasten. Ich fahre deswegen morgens mit dem Bus zur Arbeit, nehme zum Einkaufen meine Baumwollbeutel mit und kaufe bevorzugt Bioprodukte. Interessen In meiner Freizeit verbringe ich gerne viel Zeit mit Freuden, liebe meinen Tanzsport und spiele gerne Brettspiele. Zudem reise ich sehr gerne. Was w\u00fcrdest du tun, wenn du noch einen Tag zu leben h\u00e4ttest? Ich w\u00fcrde etwas Verr\u00fccktes wie einen Fallschirmsprung machen. Und anschlie\u00dfend eine gro\u00dfe Party mit Freunden. Wenn du eine Superkraft h\u00e4ttest, welche w\u00e4re das und warum? Ich w\u00fcrde gerne unter Wasser atmen k\u00f6nnen. Ich liebe die endlosen Weiten des Meeres und k\u00f6nnte den ganzen Tag im und unter Wasser verbringen. Was bringt dich zum l\u00e4cheln? Ein warmer Sommertag mit viel Sonne.","url":"https:\/\/www.vaillant.de\/21-grad\/autor\/jacqueline\/"}]}},"_links":{"self":[{"href":"https:\/\/www.vaillant.de\/21-grad\/wp-json\/wp\/v2\/posts\/5911","targetHints":{"allow":["GET"]}}],"collection":[{"href":"https:\/\/www.vaillant.de\/21-grad\/wp-json\/wp\/v2\/posts"}],"about":[{"href":"https:\/\/www.vaillant.de\/21-grad\/wp-json\/wp\/v2\/types\/post"}],"author":[{"embeddable":true,"href":"https:\/\/www.vaillant.de\/21-grad\/wp-json\/wp\/v2\/users\/14"}],"replies":[{"embeddable":true,"href":"https:\/\/www.vaillant.de\/21-grad\/wp-json\/wp\/v2\/comments?post=5911"}],"version-history":[{"count":38,"href":"https:\/\/www.vaillant.de\/21-grad\/wp-json\/wp\/v2\/posts\/5911\/revisions"}],"predecessor-version":[{"id":5952,"href":"https:\/\/www.vaillant.de\/21-grad\/wp-json\/wp\/v2\/posts\/5911\/revisions\/5952"}],"wp:featuredmedia":[{"embeddable":true,"href":"https:\/\/www.vaillant.de\/21-grad\/wp-json\/wp\/v2\/media\/5922"}],"wp:attachment":[{"href":"https:\/\/www.vaillant.de\/21-grad\/wp-json\/wp\/v2\/media?parent=5911"}],"wp:term":[{"taxonomy":"category","embeddable":true,"href":"https:\/\/www.vaillant.de\/21-grad\/wp-json\/wp\/v2\/categories?post=5911"},{"taxonomy":"post_tag","embeddable":true,"href":"https:\/\/www.vaillant.de\/21-grad\/wp-json\/wp\/v2\/tags?post=5911"},{"taxonomy":"author","embeddable":true,"href":"https:\/\/www.vaillant.de\/21-grad\/wp-json\/wp\/v2\/coauthors?post=5911"}],"curies":[{"name":"wp","href":"https:\/\/api.w.org\/{rel}","templated":true}]}}