{"id":6061,"date":"2021-03-23T16:25:12","date_gmt":"2021-03-23T15:25:12","guid":{"rendered":"https:\/\/www.vaillant.de\/21-grad\/?p=6061"},"modified":"2026-01-29T11:17:14","modified_gmt":"2026-01-29T10:17:14","slug":"zu-hohe-heizkosten-nebenkosten-richtig-einschaetzen","status":"publish","type":"post","link":"https:\/\/www.vaillant.de\/21-grad\/wissen-und-wert\/zu-hohe-heizkosten-nebenkosten-richtig-einschaetzen\/","title":{"rendered":"Zu hohe Heizkosten? Nebenkosten richtig einsch\u00e4tzen!"},"content":{"rendered":"<h2>Was geh\u00f6rt zu den Nebenkosten?<\/h2>\n<p>Das Thema Nebenkosten wird viel diskutiert. Und damit eben auch die H\u00f6he der Heizkosten. Schlie\u00dflich geht es f\u00fcr Euch als Mieter oft um viel Geld: Je nach Geb\u00e4udezustand und -ausstattung werden die Nebenkosten aufgrund ihrer H\u00f6he machmal als \u201ezweite Miete\u201c bezeichnet! Hier deshalb erstmal ein \u00dcberblick, was zu den Nebenkosten (korrekt: Betriebskostenabrechnung) gerechnet wird (Quelle: <a href=\"https:\/\/ratgeber.immowelt.de\/a\/umlagefaehige-nebenkosten-das-duerfen-vermieter-abrechnen.html\" target=\"_blank\" rel=\"noopener\">immowelt.de<\/a>):<\/p>\n<ul>\n<li>Grundsteuer<\/li>\n<li>Abwassergeb\u00fchr \/ gesplittete Abwassergeb\u00fchr: Schmutz- und Niederschlagswasser<\/li>\n<li>warme Betriebskosten \/ Heizkosten<\/li>\n<li>Aufzug<\/li>\n<li>Stra\u00dfenreinigung und M\u00fcllabfuhr<\/li>\n<li>Geb\u00e4udereinigung und Ungezieferbeseitigung<\/li>\n<li>Gartenpflege<\/li>\n<li>Beleuchtungskosten<\/li>\n<li>Sach- und Haftpflichtversicherungen<\/li>\n<li>Hausmeisterkosten<\/li>\n<li>Fernsehen, Antenne oder Kabelanschluss<\/li>\n<li>Waschraum<\/li>\n<li>Schornsteinfeger, sowie<\/li>\n<li>sonstige Betriebskosten. Dazu z\u00e4hlen beispielsweise Wartungskosten f\u00fcr Rauchmelder oder f\u00fcr die die Trinkwasseranalyse, aber auch f\u00fcr die Dachrinnen-Reinigung. Alle m\u00fcssen nachgewiesen werden.<\/li>\n<\/ul>\n<p>Mehr als ein Dutzend Positionen, von denen eine aber mit Abstand die teuerste ist: die Heizkosten. Laut <a href=\"https:\/\/www.techem. com\/de\/de\/ ueber-uns\/newsroom\/haushalte-schaetzen-heizkosten-falsch-ein.html\" target=\"_blank\" rel=\"noopener\">Techem-Studie<\/a> machen die 40 bis 60 Prozent der gesamten Nebenkosten aus.<\/p>\n<h2>Kennt Ihr den Anteil Eurer Heizkosten?<\/h2>\n<div id=\"attachment_6067\" style=\"width: 375px\" class=\"wp-caption alignright\"><a href=\"https:\/\/www.vaillant.de\/21-grad\/wp-content\/uploads\/2021\/03\/CONTROL15_32516_03.jpg\"><img loading=\"lazy\" decoding=\"async\" aria-describedby=\"caption-attachment-6067\" class=\"size-medium wp-image-6067\" src=\"https:\/\/www.vaillant.de\/21-grad\/wp-content\/uploads\/2021\/03\/CONTROL15_32516_03-365x232.jpg\" alt=\"Ein Mann sitzt mit dem Smartphone in der Hand im Wohnzimmer und w\u00e4hlt per App seine Wunschtemperatur aus.\" width=\"365\" height=\"232\" srcset=\"https:\/\/www.vaillant.de\/21-grad\/wp-content\/uploads\/2021\/03\/CONTROL15_32516_03-365x232.jpg 365w, https:\/\/www.vaillant.de\/21-grad\/wp-content\/uploads\/2021\/03\/CONTROL15_32516_03-755x480.jpg 755w, https:\/\/www.vaillant.de\/21-grad\/wp-content\/uploads\/2021\/03\/CONTROL15_32516_03-768x488.jpg 768w, https:\/\/www.vaillant.de\/21-grad\/wp-content\/uploads\/2021\/03\/CONTROL15_32516_03-1536x976.jpg 1536w, https:\/\/www.vaillant.de\/21-grad\/wp-content\/uploads\/2021\/03\/CONTROL15_32516_03-2048x1301.jpg 2048w\" sizes=\"auto, (max-width: 365px) 100vw, 365px\" \/><\/a><p id=\"caption-attachment-6067\" class=\"wp-caption-text\">So einfach k\u00f6nnen Heizkosten \u2013 und damit die Nebenkosten \u2013 gesenkt werden: Wer die Raumtemperatur nur um 1 \u00b0C niedriger w\u00e4hlt, spart schon etwa sechs Prozent Prim\u00e4renergie.<\/p><\/div>\n<p>Dass die Belastung durch die Nebenkosten mittel bis (zu) hoch ist, sagen 71 Prozent der Mieter. Dass die Heizkosten dabei aber den L\u00f6wenanteil ausmachen, wissen jedoch nur 13 Prozent der Befragten, so die Studie weiter! Knapp die H\u00e4lfte sch\u00e4tzt weniger, 35 Prozent k\u00f6nnen den Heizkosten-Anteil gar nicht einordnen.<\/p>\n<p>Vielleicht ist das auch der Grund, warum 42 Prozent der Befragten keinen Anlass sehen, ihr Heizverhalten zu \u00e4ndern \u2013 obwohl mehr als die H\u00e4lfte (51 Prozent) dies tun w\u00fcrden, wenn sie dadurch ihre Nebenkosten senken, also Geld sparen k\u00f6nnten.<\/p>\n<p>Wie viel da m\u00f6glich ist, hat Techem auch ausgerechnet: 15 Prozent weniger Energieverbrauch machen bei einer durchschnittlichen Heizkostenabrechnung etwa 100 Euro niedrigere Nebenkosten aus.<\/p>\n<h2>Wie k\u00f6nnt Ihr Eure Heizkosten senken?<\/h2>\n<p>Das Sch\u00f6ne ist: Die Heizkosten k\u00f6nnt Ihr ganz einfach direkt beeinflussen und so Eure Nebenkosten senken, also Geld sparen. Hier ein paar Tipps:<\/p>\n<p>Achtet auf die passende Raumtemperatur. In Wohn-, Arbeits- und Kinderzimmern sind das etwa 20 Grad Celsius (Stufe 3 bis 4 auf dem Thermostatventil). In der K\u00fcche gen\u00fcgen 18 \u00b0C, im Schlafzimmer sogar 17 \u00b0C, r\u00e4t auch das <a href=\"https:\/\/www.umwelt bundesamt .de\/umwelttipps-fuer-den-alltag\/heizen-bauen\/heizen-raumtemperatur #gewusst-wie\" target=\"_blank\" rel=\"noopener\">Umweltbundesamt<\/a>. Denn schon 1 Grad weniger bedeutet etwa 6 Prozent Heizkosten-Ersparnis \u2013 und damit entsprechend geringere Nebenkosten.<\/p>\n<p>Wenn Ihr l\u00fcftet \u2013 und das muss regelm\u00e4\u00dfig sein, um <a href=\"https:\/\/www.vaillant.de\/21-grad\/rat-und-tat\/richtig-lueften\/\" target=\"_blank\" rel=\"noopener\">Schimmel zu vermeiden<\/a> \u2013, dann macht das am besten drei bis vier Mal am Tag \u00fcber Sto\u00dfl\u00fcften. Also die Fenster 5 bis 10 Minuten weit \u00f6ffnen. In dieser Zeit solltet Ihr aber die Heizungsventile zudrehen. Sonst geht zu viel wertvolle W\u00e4rme verloren. Direkt nach dem L\u00fcften k\u00f6nnt Ihr die Heizk\u00f6rper wieder aufdrehen.<\/p>\n<p>Au\u00dferdem k\u00f6nntet Ihr die Heizkosten und damit Eure Nebenkosten senken, indem Ihr die T\u00fcren schlie\u00dft und undichte Fenster direkt Eurem Vermieter meldet. Der ist f\u00fcr die Reparatur verantwortlich, wenn nachweislich bauliche M\u00e4ngel vorliegen. Hinweise auf solche M\u00e4ngel sind zum Beispiel eine besch\u00e4digte Dichtung oder ein verrotteter Fensterrahmen.<\/p>\n<p>Wie sieht es denn eigentlich mit Euren Nebenkosten, speziell den Heizkosten, aus? \u00c4rgert Ihr Euch auch, dass sie zu hoch sind? Oder habt Tipps f\u00fcr unsere Leser, wie Ihr Eure Heizkosten schon senken konntet? Schildert uns doch in unseren Kommentaren Eure Erfahrungen zu diesem Thema!<\/p>\n","protected":false},"excerpt":{"rendered":"<p>Die \u201e\u00dcberraschung\u201c kommt einmal j\u00e4hrlich, in der Regel im Fr\u00fchjahr. Und sie ist meist unerfreulich: die Abrechnung der Miet-Nebenkosten. Denn fast immer muss eine deftige Nachzahlung geleistet werden. Ein Grund: Viele Mieter sch\u00e4tzen ihre Heizkosten falsch ein! Denn die machen 40 bis 60 Prozent der Nebenkosten aus \u2013 bieten also auch das gr\u00f6\u00dfte Potenzial, die Nebenkosten zu senken. Das hat eine Studie des Energiedienstleisters Techem herausgefunden.<\/p>\n","protected":false},"author":6,"featured_media":6065,"comment_status":"open","ping_status":"open","sticky":false,"template":"","format":"standard","meta":{"footnotes":""},"categories":[3,183],"tags":[51,178,208,137],"coauthors":[70],"class_list":["post-6061","post","type-post","status-publish","format-standard","has-post-thumbnail","hentry","category-wissen-und-wert","category-partner-beitraege","tag-energie-sparen","tag-geld-sparen","tag-heizen","tag-heiztipps"],"yoast_head":"<!-- This site is optimized with the Yoast SEO plugin v27.4 - https:\/\/yoast.com\/product\/yoast-seo-wordpress\/ -->\n<title>Zu hohe Heizkosten? Nebenkosten richtig einsch\u00e4tzen! | 21 grad<\/title>\n<meta name=\"description\" content=\"Wie setzen sich Eure Nebenkosten zusammen? Wie hoch sind dabei die Heizkosten? Wir geben Euch Tipps, um Geld zu sparen | 21 grad\" \/>\n<meta name=\"robots\" content=\"index, follow, max-snippet:-1, max-image-preview:large, max-video-preview:-1\" \/>\n<link rel=\"canonical\" href=\"https:\/\/www.vaillant.de\/21-grad\/wissen-und-wert\/zu-hohe-heizkosten-nebenkosten-richtig-einschaetzen\/\" \/>\n<meta property=\"og:locale\" content=\"de_DE\" \/>\n<meta property=\"og:type\" content=\"article\" \/>\n<meta property=\"og:title\" content=\"Zu hohe Heizkosten? Nebenkosten richtig einsch\u00e4tzen! | 21 grad\" \/>\n<meta property=\"og:description\" content=\"Wie setzen sich Eure Nebenkosten zusammen? Wie hoch sind dabei die Heizkosten? Wir geben Euch Tipps, um Geld zu sparen | 21 grad\" \/>\n<meta property=\"og:url\" content=\"https:\/\/www.vaillant.de\/21-grad\/wissen-und-wert\/zu-hohe-heizkosten-nebenkosten-richtig-einschaetzen\/\" \/>\n<meta property=\"og:site_name\" content=\"21 grad\" \/>\n<meta property=\"article:publisher\" content=\"https:\/\/www.facebook.com\/21grad\/\" \/>\n<meta property=\"article:published_time\" content=\"2021-03-23T15:25:12+00:00\" \/>\n<meta property=\"article:modified_time\" content=\"2026-01-29T10:17:14+00:00\" \/>\n<meta property=\"og:image\" content=\"https:\/\/www.vaillant.de\/21-grad\/wp-content\/uploads\/2021\/03\/PEOPLE18_45155_01.jpg\" \/>\n\t<meta property=\"og:image:width\" content=\"940\" \/>\n\t<meta property=\"og:image:height\" content=\"480\" \/>\n\t<meta property=\"og:image:type\" content=\"image\/jpeg\" \/>\n<meta name=\"author\" content=\"Marcus\" \/>\n<meta name=\"twitter:card\" content=\"summary_large_image\" \/>\n<meta name=\"twitter:creator\" content=\"@vaillant_de\" \/>\n<meta name=\"twitter:site\" content=\"@vaillant_de\" \/>\n<meta name=\"twitter:label1\" content=\"Verfasst von\" \/>\n\t<meta name=\"twitter:data1\" content=\"Marcus\" \/>\n\t<meta name=\"twitter:label2\" content=\"Gesch\u00e4tzte Lesezeit\" \/>\n\t<meta name=\"twitter:data2\" content=\"4\u00a0Minuten\" \/>\n\t<meta name=\"twitter:label3\" content=\"Written by\" \/>\n\t<meta name=\"twitter:data3\" content=\"Marcus\" \/>\n<script type=\"application\/ld+json\" class=\"yoast-schema-graph\">{\"@context\":\"https:\\\/\\\/schema.org\",\"@graph\":[{\"@type\":\"Article\",\"@id\":\"https:\\\/\\\/www.vaillant.de\\\/21-grad\\\/wissen-und-wert\\\/zu-hohe-heizkosten-nebenkosten-richtig-einschaetzen\\\/#article\",\"isPartOf\":{\"@id\":\"https:\\\/\\\/www.vaillant.de\\\/21-grad\\\/wissen-und-wert\\\/zu-hohe-heizkosten-nebenkosten-richtig-einschaetzen\\\/\"},\"author\":{\"name\":\"Marcus\",\"@id\":\"https:\\\/\\\/www.vaillant.de\\\/21-grad\\\/#\\\/schema\\\/person\\\/d79d2ba98cd3da7ae5877706050352da\"},\"headline\":\"Zu hohe Heizkosten? Nebenkosten richtig einsch\u00e4tzen!\",\"datePublished\":\"2021-03-23T15:25:12+00:00\",\"dateModified\":\"2026-01-29T10:17:14+00:00\",\"mainEntityOfPage\":{\"@id\":\"https:\\\/\\\/www.vaillant.de\\\/21-grad\\\/wissen-und-wert\\\/zu-hohe-heizkosten-nebenkosten-richtig-einschaetzen\\\/\"},\"wordCount\":562,\"commentCount\":2,\"image\":{\"@id\":\"https:\\\/\\\/www.vaillant.de\\\/21-grad\\\/wissen-und-wert\\\/zu-hohe-heizkosten-nebenkosten-richtig-einschaetzen\\\/#primaryimage\"},\"thumbnailUrl\":\"https:\\\/\\\/www.vaillant.de\\\/21-grad\\\/wp-content\\\/uploads\\\/2021\\\/03\\\/PEOPLE18_45155_01.jpg\",\"keywords\":[\"Energie sparen\",\"Geld sparen\",\"Heizen\",\"Heiztipps\"],\"articleSection\":[\"Wissen &amp; Wert\",\"X-Partner-Beitr\u00e4ge\"],\"inLanguage\":\"de\",\"potentialAction\":[{\"@type\":\"CommentAction\",\"name\":\"Comment\",\"target\":[\"https:\\\/\\\/www.vaillant.de\\\/21-grad\\\/wissen-und-wert\\\/zu-hohe-heizkosten-nebenkosten-richtig-einschaetzen\\\/#respond\"]}]},{\"@type\":\"WebPage\",\"@id\":\"https:\\\/\\\/www.vaillant.de\\\/21-grad\\\/wissen-und-wert\\\/zu-hohe-heizkosten-nebenkosten-richtig-einschaetzen\\\/\",\"url\":\"https:\\\/\\\/www.vaillant.de\\\/21-grad\\\/wissen-und-wert\\\/zu-hohe-heizkosten-nebenkosten-richtig-einschaetzen\\\/\",\"name\":\"Zu hohe Heizkosten? Nebenkosten richtig einsch\u00e4tzen! | 21 grad\",\"isPartOf\":{\"@id\":\"https:\\\/\\\/www.vaillant.de\\\/21-grad\\\/#website\"},\"primaryImageOfPage\":{\"@id\":\"https:\\\/\\\/www.vaillant.de\\\/21-grad\\\/wissen-und-wert\\\/zu-hohe-heizkosten-nebenkosten-richtig-einschaetzen\\\/#primaryimage\"},\"image\":{\"@id\":\"https:\\\/\\\/www.vaillant.de\\\/21-grad\\\/wissen-und-wert\\\/zu-hohe-heizkosten-nebenkosten-richtig-einschaetzen\\\/#primaryimage\"},\"thumbnailUrl\":\"https:\\\/\\\/www.vaillant.de\\\/21-grad\\\/wp-content\\\/uploads\\\/2021\\\/03\\\/PEOPLE18_45155_01.jpg\",\"datePublished\":\"2021-03-23T15:25:12+00:00\",\"dateModified\":\"2026-01-29T10:17:14+00:00\",\"author\":{\"@id\":\"https:\\\/\\\/www.vaillant.de\\\/21-grad\\\/#\\\/schema\\\/person\\\/d79d2ba98cd3da7ae5877706050352da\"},\"description\":\"Wie setzen sich Eure Nebenkosten zusammen? Wie hoch sind dabei die Heizkosten? Wir geben Euch Tipps, um Geld zu sparen | 21 grad\",\"breadcrumb\":{\"@id\":\"https:\\\/\\\/www.vaillant.de\\\/21-grad\\\/wissen-und-wert\\\/zu-hohe-heizkosten-nebenkosten-richtig-einschaetzen\\\/#breadcrumb\"},\"inLanguage\":\"de\",\"potentialAction\":[{\"@type\":\"ReadAction\",\"target\":[\"https:\\\/\\\/www.vaillant.de\\\/21-grad\\\/wissen-und-wert\\\/zu-hohe-heizkosten-nebenkosten-richtig-einschaetzen\\\/\"]}]},{\"@type\":\"ImageObject\",\"inLanguage\":\"de\",\"@id\":\"https:\\\/\\\/www.vaillant.de\\\/21-grad\\\/wissen-und-wert\\\/zu-hohe-heizkosten-nebenkosten-richtig-einschaetzen\\\/#primaryimage\",\"url\":\"https:\\\/\\\/www.vaillant.de\\\/21-grad\\\/wp-content\\\/uploads\\\/2021\\\/03\\\/PEOPLE18_45155_01.jpg\",\"contentUrl\":\"https:\\\/\\\/www.vaillant.de\\\/21-grad\\\/wp-content\\\/uploads\\\/2021\\\/03\\\/PEOPLE18_45155_01.jpg\",\"width\":940,\"height\":480,\"caption\":\"Wie setzen sich Eure Nebenkosten zusammen? Wie hoch sind dabei die Heizkosten? Wir geben Euch Tipps, um Geld zu sparen | 21 grad\"},{\"@type\":\"BreadcrumbList\",\"@id\":\"https:\\\/\\\/www.vaillant.de\\\/21-grad\\\/wissen-und-wert\\\/zu-hohe-heizkosten-nebenkosten-richtig-einschaetzen\\\/#breadcrumb\",\"itemListElement\":[{\"@type\":\"ListItem\",\"position\":1,\"name\":\"Startseite\",\"item\":\"https:\\\/\\\/www.vaillant.de\\\/21-grad\\\/\"},{\"@type\":\"ListItem\",\"position\":2,\"name\":\"Zu hohe Heizkosten? Nebenkosten richtig einsch\u00e4tzen!\"}]},{\"@type\":\"WebSite\",\"@id\":\"https:\\\/\\\/www.vaillant.de\\\/21-grad\\\/#website\",\"url\":\"https:\\\/\\\/www.vaillant.de\\\/21-grad\\\/\",\"name\":\"21 grad\",\"description\":\"Der Blog f\u00fcr Menschen, die weiterdenken\",\"potentialAction\":[{\"@type\":\"SearchAction\",\"target\":{\"@type\":\"EntryPoint\",\"urlTemplate\":\"https:\\\/\\\/www.vaillant.de\\\/21-grad\\\/?s={search_term_string}\"},\"query-input\":{\"@type\":\"PropertyValueSpecification\",\"valueRequired\":true,\"valueName\":\"search_term_string\"}}],\"inLanguage\":\"de\"},{\"@type\":\"Person\",\"@id\":\"https:\\\/\\\/www.vaillant.de\\\/21-grad\\\/#\\\/schema\\\/person\\\/d79d2ba98cd3da7ae5877706050352da\",\"name\":\"Marcus\",\"image\":{\"@type\":\"ImageObject\",\"inLanguage\":\"de\",\"@id\":\"https:\\\/\\\/www.vaillant.de\\\/21-grad\\\/wp-content\\\/uploads\\\/2026\\\/01\\\/Marcus-125x125.jpg9d3430f1bc55d5a5d47a1162a14ae1af\",\"url\":\"https:\\\/\\\/www.vaillant.de\\\/21-grad\\\/wp-content\\\/uploads\\\/2026\\\/01\\\/Marcus-125x125.jpg\",\"contentUrl\":\"https:\\\/\\\/www.vaillant.de\\\/21-grad\\\/wp-content\\\/uploads\\\/2026\\\/01\\\/Marcus-125x125.jpg\",\"caption\":\"Marcus\"},\"description\":\"Willkommen in der wunderbaren Welt des 21grad Blogs. Als Medien- und Kooperationsmanager bin ich bei Vaillant Deutschland u.a. f\u00fcr unsere Fach- und Branchenkommunikation zust\u00e4ndig. Ich freue mich auf den Dialog mit Euch. :-) Nachhaltigkeit Bewusster Konsum und soziales Engagement liegen mir sehr am Herzen. Zuhause nutze ich \u00d6kostrom und Biogas, bei Lebensmitteln sind mir Labels wie Fair-Trade oder Bio sehr wichtig. Ich bin Sportwart beim Tennisclub Gr\u00fcn-Wei\u00df Lennep und engagiere mich auch f\u00fcr Aktion Mensch oder SOS-Kinderdorf. Interessen Unternehmungen mit Familie und Freunden, Tennis, Rock-Konzerte, Kino, B\u00fccher (z.B. Hornby, Eschbach, Uschmann) Was wolltest du als Kind gerne werden? Um es mit den \u00c4rzten zu sagen: Popstar, Bademeister oder Astronaut Was bringt dich auf die Palme? Menschen, die Schuld immer bei anderen suchen oder auch nat\u00fcrlich eine leckere Kokosnuss Was war der beste Rat, den du jemals erhalten hast? \u201eDenke in L\u00f6sungen, nicht in Problemen.\u201c\",\"url\":\"https:\\\/\\\/www.vaillant.de\\\/21-grad\\\/autor\\\/marcus\\\/\"}]}<\/script>\n<!-- \/ Yoast SEO plugin. -->","yoast_head_json":{"title":"Zu hohe Heizkosten? Nebenkosten richtig einsch\u00e4tzen! | 21 grad","description":"Wie setzen sich Eure Nebenkosten zusammen? Wie hoch sind dabei die Heizkosten? Wir geben Euch Tipps, um Geld zu sparen | 21 grad","robots":{"index":"index","follow":"follow","max-snippet":"max-snippet:-1","max-image-preview":"max-image-preview:large","max-video-preview":"max-video-preview:-1"},"canonical":"https:\/\/www.vaillant.de\/21-grad\/wissen-und-wert\/zu-hohe-heizkosten-nebenkosten-richtig-einschaetzen\/","og_locale":"de_DE","og_type":"article","og_title":"Zu hohe Heizkosten? Nebenkosten richtig einsch\u00e4tzen! | 21 grad","og_description":"Wie setzen sich Eure Nebenkosten zusammen? Wie hoch sind dabei die Heizkosten? Wir geben Euch Tipps, um Geld zu sparen | 21 grad","og_url":"https:\/\/www.vaillant.de\/21-grad\/wissen-und-wert\/zu-hohe-heizkosten-nebenkosten-richtig-einschaetzen\/","og_site_name":"21 grad","article_publisher":"https:\/\/www.facebook.com\/21grad\/","article_published_time":"2021-03-23T15:25:12+00:00","article_modified_time":"2026-01-29T10:17:14+00:00","og_image":[{"width":940,"height":480,"url":"https:\/\/www.vaillant.de\/21-grad\/wp-content\/uploads\/2021\/03\/PEOPLE18_45155_01.jpg","type":"image\/jpeg"}],"author":"Marcus","twitter_card":"summary_large_image","twitter_creator":"@vaillant_de","twitter_site":"@vaillant_de","twitter_misc":{"Verfasst von":"Marcus","Gesch\u00e4tzte Lesezeit":"4\u00a0Minuten","Written by":"Marcus"},"schema":{"@context":"https:\/\/schema.org","@graph":[{"@type":"Article","@id":"https:\/\/www.vaillant.de\/21-grad\/wissen-und-wert\/zu-hohe-heizkosten-nebenkosten-richtig-einschaetzen\/#article","isPartOf":{"@id":"https:\/\/www.vaillant.de\/21-grad\/wissen-und-wert\/zu-hohe-heizkosten-nebenkosten-richtig-einschaetzen\/"},"author":{"name":"Marcus","@id":"https:\/\/www.vaillant.de\/21-grad\/#\/schema\/person\/d79d2ba98cd3da7ae5877706050352da"},"headline":"Zu hohe Heizkosten? Nebenkosten richtig einsch\u00e4tzen!","datePublished":"2021-03-23T15:25:12+00:00","dateModified":"2026-01-29T10:17:14+00:00","mainEntityOfPage":{"@id":"https:\/\/www.vaillant.de\/21-grad\/wissen-und-wert\/zu-hohe-heizkosten-nebenkosten-richtig-einschaetzen\/"},"wordCount":562,"commentCount":2,"image":{"@id":"https:\/\/www.vaillant.de\/21-grad\/wissen-und-wert\/zu-hohe-heizkosten-nebenkosten-richtig-einschaetzen\/#primaryimage"},"thumbnailUrl":"https:\/\/www.vaillant.de\/21-grad\/wp-content\/uploads\/2021\/03\/PEOPLE18_45155_01.jpg","keywords":["Energie sparen","Geld sparen","Heizen","Heiztipps"],"articleSection":["Wissen &amp; Wert","X-Partner-Beitr\u00e4ge"],"inLanguage":"de","potentialAction":[{"@type":"CommentAction","name":"Comment","target":["https:\/\/www.vaillant.de\/21-grad\/wissen-und-wert\/zu-hohe-heizkosten-nebenkosten-richtig-einschaetzen\/#respond"]}]},{"@type":"WebPage","@id":"https:\/\/www.vaillant.de\/21-grad\/wissen-und-wert\/zu-hohe-heizkosten-nebenkosten-richtig-einschaetzen\/","url":"https:\/\/www.vaillant.de\/21-grad\/wissen-und-wert\/zu-hohe-heizkosten-nebenkosten-richtig-einschaetzen\/","name":"Zu hohe Heizkosten? Nebenkosten richtig einsch\u00e4tzen! | 21 grad","isPartOf":{"@id":"https:\/\/www.vaillant.de\/21-grad\/#website"},"primaryImageOfPage":{"@id":"https:\/\/www.vaillant.de\/21-grad\/wissen-und-wert\/zu-hohe-heizkosten-nebenkosten-richtig-einschaetzen\/#primaryimage"},"image":{"@id":"https:\/\/www.vaillant.de\/21-grad\/wissen-und-wert\/zu-hohe-heizkosten-nebenkosten-richtig-einschaetzen\/#primaryimage"},"thumbnailUrl":"https:\/\/www.vaillant.de\/21-grad\/wp-content\/uploads\/2021\/03\/PEOPLE18_45155_01.jpg","datePublished":"2021-03-23T15:25:12+00:00","dateModified":"2026-01-29T10:17:14+00:00","author":{"@id":"https:\/\/www.vaillant.de\/21-grad\/#\/schema\/person\/d79d2ba98cd3da7ae5877706050352da"},"description":"Wie setzen sich Eure Nebenkosten zusammen? Wie hoch sind dabei die Heizkosten? Wir geben Euch Tipps, um Geld zu sparen | 21 grad","breadcrumb":{"@id":"https:\/\/www.vaillant.de\/21-grad\/wissen-und-wert\/zu-hohe-heizkosten-nebenkosten-richtig-einschaetzen\/#breadcrumb"},"inLanguage":"de","potentialAction":[{"@type":"ReadAction","target":["https:\/\/www.vaillant.de\/21-grad\/wissen-und-wert\/zu-hohe-heizkosten-nebenkosten-richtig-einschaetzen\/"]}]},{"@type":"ImageObject","inLanguage":"de","@id":"https:\/\/www.vaillant.de\/21-grad\/wissen-und-wert\/zu-hohe-heizkosten-nebenkosten-richtig-einschaetzen\/#primaryimage","url":"https:\/\/www.vaillant.de\/21-grad\/wp-content\/uploads\/2021\/03\/PEOPLE18_45155_01.jpg","contentUrl":"https:\/\/www.vaillant.de\/21-grad\/wp-content\/uploads\/2021\/03\/PEOPLE18_45155_01.jpg","width":940,"height":480,"caption":"Wie setzen sich Eure Nebenkosten zusammen? Wie hoch sind dabei die Heizkosten? Wir geben Euch Tipps, um Geld zu sparen | 21 grad"},{"@type":"BreadcrumbList","@id":"https:\/\/www.vaillant.de\/21-grad\/wissen-und-wert\/zu-hohe-heizkosten-nebenkosten-richtig-einschaetzen\/#breadcrumb","itemListElement":[{"@type":"ListItem","position":1,"name":"Startseite","item":"https:\/\/www.vaillant.de\/21-grad\/"},{"@type":"ListItem","position":2,"name":"Zu hohe Heizkosten? Nebenkosten richtig einsch\u00e4tzen!"}]},{"@type":"WebSite","@id":"https:\/\/www.vaillant.de\/21-grad\/#website","url":"https:\/\/www.vaillant.de\/21-grad\/","name":"21 grad","description":"Der Blog f\u00fcr Menschen, die weiterdenken","potentialAction":[{"@type":"SearchAction","target":{"@type":"EntryPoint","urlTemplate":"https:\/\/www.vaillant.de\/21-grad\/?s={search_term_string}"},"query-input":{"@type":"PropertyValueSpecification","valueRequired":true,"valueName":"search_term_string"}}],"inLanguage":"de"},{"@type":"Person","@id":"https:\/\/www.vaillant.de\/21-grad\/#\/schema\/person\/d79d2ba98cd3da7ae5877706050352da","name":"Marcus","image":{"@type":"ImageObject","inLanguage":"de","@id":"https:\/\/www.vaillant.de\/21-grad\/wp-content\/uploads\/2026\/01\/Marcus-125x125.jpg9d3430f1bc55d5a5d47a1162a14ae1af","url":"https:\/\/www.vaillant.de\/21-grad\/wp-content\/uploads\/2026\/01\/Marcus-125x125.jpg","contentUrl":"https:\/\/www.vaillant.de\/21-grad\/wp-content\/uploads\/2026\/01\/Marcus-125x125.jpg","caption":"Marcus"},"description":"Willkommen in der wunderbaren Welt des 21grad Blogs. Als Medien- und Kooperationsmanager bin ich bei Vaillant Deutschland u.a. f\u00fcr unsere Fach- und Branchenkommunikation zust\u00e4ndig. Ich freue mich auf den Dialog mit Euch. :-) Nachhaltigkeit Bewusster Konsum und soziales Engagement liegen mir sehr am Herzen. Zuhause nutze ich \u00d6kostrom und Biogas, bei Lebensmitteln sind mir Labels wie Fair-Trade oder Bio sehr wichtig. Ich bin Sportwart beim Tennisclub Gr\u00fcn-Wei\u00df Lennep und engagiere mich auch f\u00fcr Aktion Mensch oder SOS-Kinderdorf. Interessen Unternehmungen mit Familie und Freunden, Tennis, Rock-Konzerte, Kino, B\u00fccher (z.B. Hornby, Eschbach, Uschmann) Was wolltest du als Kind gerne werden? Um es mit den \u00c4rzten zu sagen: Popstar, Bademeister oder Astronaut Was bringt dich auf die Palme? Menschen, die Schuld immer bei anderen suchen oder auch nat\u00fcrlich eine leckere Kokosnuss Was war der beste Rat, den du jemals erhalten hast? \u201eDenke in L\u00f6sungen, nicht in Problemen.\u201c","url":"https:\/\/www.vaillant.de\/21-grad\/autor\/marcus\/"}]}},"_links":{"self":[{"href":"https:\/\/www.vaillant.de\/21-grad\/wp-json\/wp\/v2\/posts\/6061","targetHints":{"allow":["GET"]}}],"collection":[{"href":"https:\/\/www.vaillant.de\/21-grad\/wp-json\/wp\/v2\/posts"}],"about":[{"href":"https:\/\/www.vaillant.de\/21-grad\/wp-json\/wp\/v2\/types\/post"}],"author":[{"embeddable":true,"href":"https:\/\/www.vaillant.de\/21-grad\/wp-json\/wp\/v2\/users\/6"}],"replies":[{"embeddable":true,"href":"https:\/\/www.vaillant.de\/21-grad\/wp-json\/wp\/v2\/comments?post=6061"}],"version-history":[{"count":3,"href":"https:\/\/www.vaillant.de\/21-grad\/wp-json\/wp\/v2\/posts\/6061\/revisions"}],"predecessor-version":[{"id":8914,"href":"https:\/\/www.vaillant.de\/21-grad\/wp-json\/wp\/v2\/posts\/6061\/revisions\/8914"}],"wp:featuredmedia":[{"embeddable":true,"href":"https:\/\/www.vaillant.de\/21-grad\/wp-json\/wp\/v2\/media\/6065"}],"wp:attachment":[{"href":"https:\/\/www.vaillant.de\/21-grad\/wp-json\/wp\/v2\/media?parent=6061"}],"wp:term":[{"taxonomy":"category","embeddable":true,"href":"https:\/\/www.vaillant.de\/21-grad\/wp-json\/wp\/v2\/categories?post=6061"},{"taxonomy":"post_tag","embeddable":true,"href":"https:\/\/www.vaillant.de\/21-grad\/wp-json\/wp\/v2\/tags?post=6061"},{"taxonomy":"author","embeddable":true,"href":"https:\/\/www.vaillant.de\/21-grad\/wp-json\/wp\/v2\/coauthors?post=6061"}],"curies":[{"name":"wp","href":"https:\/\/api.w.org\/{rel}","templated":true}]}}