{"id":6350,"date":"2021-07-14T12:17:01","date_gmt":"2021-07-14T10:17:01","guid":{"rendered":"https:\/\/www.vaillant.de\/21-grad\/?p=6350"},"modified":"2021-07-14T12:17:01","modified_gmt":"2021-07-14T10:17:01","slug":"baugemeinschaften-wir-bauen-zusammen","status":"publish","type":"post","link":"https:\/\/www.vaillant.de\/21-grad\/bewusst-und-sein\/baugemeinschaften-wir-bauen-zusammen\/","title":{"rendered":"Baugemeinschaften: Wir bauen zusammen"},"content":{"rendered":"<img loading=\"lazy\" decoding=\"async\" class=\"alignright wp-image-6351\" src=\"https:\/\/www.vaillant.de\/21-grad\/wp-content\/uploads\/2021\/07\/baugemeinschaften_header-454x232.jpg\" alt=\"Holzhauskonstruktion\" width=\"346\" height=\"177\" srcset=\"https:\/\/www.vaillant.de\/21-grad\/wp-content\/uploads\/2021\/07\/baugemeinschaften_header-454x232.jpg 454w, https:\/\/www.vaillant.de\/21-grad\/wp-content\/uploads\/2021\/07\/baugemeinschaften_header-768x392.jpg 768w, https:\/\/www.vaillant.de\/21-grad\/wp-content\/uploads\/2021\/07\/baugemeinschaften_header-320x163.jpg 320w, https:\/\/www.vaillant.de\/21-grad\/wp-content\/uploads\/2021\/07\/baugemeinschaften_header-456x232.jpg 456w, https:\/\/www.vaillant.de\/21-grad\/wp-content\/uploads\/2021\/07\/baugemeinschaften_header.jpg 940w\" sizes=\"auto, (max-width: 346px) 100vw, 346px\" \/>\n<p>Die Statistik ist nicht gerade erfreulich: W\u00e4hrend der durchschnittliche Quadratmeterpreis f\u00fcr Bauland bundesweit im Jahr 2009 noch bei 67,39 Euro lag, betrug er 2020 mehr als das Doppelte, n\u00e4mlich 154,34 Euro. In nachgefragten St\u00e4dten und Regionen k\u00f6nnen die Preise sogar deutlich h\u00f6her ausfallen \u2013 wenn man \u00fcberhaupt noch ein freies Grundst\u00fcck findet. In Bundesl\u00e4ndern wie Baden-W\u00fcrttemberg oder Bayern ist Bauland inzwischen so rar, dass nur wenige Familien \u00fcberhaupt noch bauen k\u00f6nnen.<\/p>\n<p>Eine Alternative zum klassischen Eigenheim k\u00f6nnen Baugemeinschaften sein. In einer Baugemeinschaft finden sich Menschen zusammen, die gerne ein Haus bauen m\u00f6chten. Sie erwerben gemeinsam ein Grundst\u00fcck und planen darauf meist ein oder mehrere Mehrfamlienh\u00e4user, die exakt zum Bedarf der Baugemeinschaft passen. Auch der Bau mehrerer Einfamilien- oder Doppelh\u00e4user auf dem gemeinsamen Grundst\u00fcck ist m\u00f6glich.<\/p>\n<p>Die Mitglieder einer Baugemeinschaft k\u00f6nnen v\u00f6llig unterschiedlich sein: Oft sind darunter Familien, aber auch viele Paare in den besten Jahren, die nach einem passenden Zuhause f\u00fcr das Alter suchen oder Singles, f\u00fcr die ein Hausbau alleine aus finanziellen Gr\u00fcnden kaum sinnvoll w\u00e4re.<\/p>\n<div id=\"attachment_6397\" style=\"width: 358px\" class=\"wp-caption alignleft\"><img loading=\"lazy\" decoding=\"async\" aria-describedby=\"caption-attachment-6397\" class=\"wp-image-6397 size-medium\" src=\"https:\/\/www.vaillant.de\/21-grad\/wp-content\/uploads\/2021\/07\/Gemeinsam-Bauen-348x232.jpg\" alt=\"\" width=\"348\" height=\"232\" srcset=\"https:\/\/www.vaillant.de\/21-grad\/wp-content\/uploads\/2021\/07\/Gemeinsam-Bauen-348x232.jpg 348w, https:\/\/www.vaillant.de\/21-grad\/wp-content\/uploads\/2021\/07\/Gemeinsam-Bauen-720x480.jpg 720w, https:\/\/www.vaillant.de\/21-grad\/wp-content\/uploads\/2021\/07\/Gemeinsam-Bauen-768x512.jpg 768w, https:\/\/www.vaillant.de\/21-grad\/wp-content\/uploads\/2021\/07\/Gemeinsam-Bauen.jpg 1280w\" sizes=\"auto, (max-width: 348px) 100vw, 348px\" \/><p id=\"caption-attachment-6397\" class=\"wp-caption-text\">Foto: C. Suhan, Architektur: post welters + partner<\/p><\/div>\n<p>Wichtiger als das Alter oder die Lebenssituation ist die gemeinsame Vision. Viele Baugemeinschaften bauen nicht nur ein Haus, sondern m\u00f6chten auch das Wohnumfeld gestalten: Viele Baugemeinschaften w\u00fcnschen sich ein generationen\u00fcbergreifendes und nachbarschaftliches Konzept. Daf\u00fcr setzen sie bereits beim Bau bewusst Akzente f\u00fcr ein aktives Miteinander. So gibt es oft Spielpl\u00e4tze, einen gro\u00dfen Innenhof oder Garten, gemeinsame Dachterrassen, eine Gemeinschaftsk\u00fcche oder Werkr\u00e4ume.<\/p>\n<p>Hinzu kommt bei vielen Baugemeinschaften der Aspekt des nachhaltigen Wohnens. Beim Entwurf des Hauses planen sie bereits regenerative Energietr\u00e4ger wie eine Photovoltaikanlage oder eine W\u00e4rmepumpe ein und achten auf ressourcenschonende Baumaterialien. So wird der <a href=\"https:\/\/www.vaillant.de\/21-grad\/wissen-und-wert\/astreines-baumaterial-holz-der-natuerliche-co2-killer\/\" target=\"_blank\" rel=\"noopener\">Baustoff Holz<\/a> auch f\u00fcr Mehrfamilienh\u00e4user immer interessanter, weil damit sehr schnell und nachhaltig gebaut werden kann.<\/p>\n<img loading=\"lazy\" decoding=\"async\" class=\"alignright wp-image-6354 size-medium\" src=\"https:\/\/www.vaillant.de\/21-grad\/wp-content\/uploads\/2021\/07\/architect-3979490_1920-385x232.jpg\" alt=\"\" width=\"385\" height=\"232\" srcset=\"https:\/\/www.vaillant.de\/21-grad\/wp-content\/uploads\/2021\/07\/architect-3979490_1920-385x232.jpg 385w, https:\/\/www.vaillant.de\/21-grad\/wp-content\/uploads\/2021\/07\/architect-3979490_1920-797x480.jpg 797w, https:\/\/www.vaillant.de\/21-grad\/wp-content\/uploads\/2021\/07\/architect-3979490_1920-768x462.jpg 768w, https:\/\/www.vaillant.de\/21-grad\/wp-content\/uploads\/2021\/07\/architect-3979490_1920-1536x925.jpg 1536w, https:\/\/www.vaillant.de\/21-grad\/wp-content\/uploads\/2021\/07\/architect-3979490_1920.jpg 1920w\" sizes=\"auto, (max-width: 385px) 100vw, 385px\" \/>\n<p>Als Baugemeinschaft ohne Bautr\u00e4ger haben die Bauleute volle Kontrolle \u00fcber das Ergebnis und k\u00f6nnen innovative und \u00f6kologische Wohnkonzepte nach ihren eigenen W\u00fcnschen realisieren. Dazu kommt, dass Baugemeinschaften sich viele Kosten teilen k\u00f6nnen, beispielsweise wenn das Grundst\u00fcck erst erschlossen werden muss. Auch die Erwerbsnebenkosten wie Grunderwerbssteuer, Makler- oder Notarkosten werden von allen zusammen geschultert. Beim Bau von Mehrfamilienh\u00e4usern fallen au\u00dferdem deutlich niedrigere Anschaffungskosten an, weil pro Wohnquadratmeter weniger Grundst\u00fccksfl\u00e4che ben\u00f6tigt wird.<\/p>\n<p>Baugemeinschaften m\u00fcssen nat\u00fcrlich eine gesicherte Vertrags- und Rechtsgrundlage bieten. Daf\u00fcr gibt es verschiedene Modelle:<\/p>\n<h2>Gesellschaft b\u00fcrgerlichen Rechts (GbR)<\/h2>\n<p>Viele Baugemeinschaften starten als Gesellschaft b\u00fcrgerlichen Rechts (GbR), denn diese Rechtsform ist ohne gro\u00dfen b\u00fcrokratischen Aufwand oder erhebliche Kosten zu gr\u00fcnden. Allerdings stehen alle Gesellschafter mit ihrem Privatverm\u00f6gen unbeschr\u00e4nkt in der Haftung.<\/p>\n<h2>Eingetragener Verein (e. V.)<\/h2>\n<p>Wenn das Bauprojekt einen gemeinn\u00fctzigen Zweck verfolgt, kann die Baugruppe auch als Verein agieren. Verwaltung und Gr\u00fcndung sind leicht zu bew\u00e4ltigen. Entscheidungen werden in der Mitgliederversammlung per Mehrheitsbeschluss getroffen. Die Haftung ist auf das Vereinsverm\u00f6gen beschr\u00e4nkt.<\/p>\n<h2>Eingetragene Genossenschaft (eG)<\/h2>\n<p>Eine L\u00f6sung, bei der niemand mit dem Privatverm\u00f6gen haftet, ist die Genossenschaft. Die Mitglieder der Baugemeinschaft erwerben Anteile an der Genossenschaft und bekommen daf\u00fcr ein Mietrecht auf Lebenszeit. Die Mieten sind viel niedriger als auf dem freien Markt, weil die Genossenschaft keine Gewinne anstrebt. Die Bauleute sind in einer Genossenschaft sowohl Mieter als auch Eigent\u00fcmer.<\/p>\n<p>Gemeinschaftliche Bauprojekte dauern meist mehrere Jahre. Allein die Findungs- und Ideenphase kann bereits ein bis zwei Jahre dauern. Die Baugruppe kann wachsen oder schrumpfen, bevor der Grundstein gelegt ist. Entsprechend kann sich auch die Rechtsform \u00fcber die Jahre \u00e4ndern. Wer als GbR oder Verein startet, kann als Genossenschaft, GmbH oder sogar Stiftung den Bau abschlie\u00dfen.<\/p>\n<p>Wichtiger ist es, dass die Baugemeinschaft ihren Traum vom gemeinschaftlichen Wohnen nicht aus den Augen verliert. Denn dann werden aus den Mitgliedern der Baugruppe irgendwann stolze und zufriedene Eigent\u00fcmer.<\/p>\n<p>Weitere Informationen findet ihr hier:<a href=\"https:\/\/www.bv-baugemeinschaften.de\/\" target=\"_blank\" rel=\"noopener\"> Bundesverband Baugemeinschaften e.V.<\/a><\/p>\n","protected":false},"excerpt":{"rendered":"<p>Bauland ist in Deutschland knapp geworden. Selbst auf dem Land ist es nicht mehr so einfach wie fr\u00fcher, ein geeignetes und bezahlbares Grundst\u00fcck zu finden. Zusammen mit anderen Bauwilligen kann der Traum vom Wohneigentum trotzdem wahr werden: in einer Baugemeinschaft. Wir beleuchten, wie eine solche Baugemeinschaft funktioniert.<\/p>\n","protected":false},"author":6,"featured_media":6396,"comment_status":"open","ping_status":"open","sticky":false,"template":"","format":"standard","meta":{"footnotes":""},"categories":[5],"tags":[23],"coauthors":[70],"class_list":["post-6350","post","type-post","status-publish","format-standard","has-post-thumbnail","hentry","category-bewusst-und-sein","tag-nachhaltigkeit"],"yoast_head":"<!-- This site is optimized with the Yoast SEO plugin v27.4 - https:\/\/yoast.com\/product\/yoast-seo-wordpress\/ -->\n<title>Gemeinsam bauen - Vorteile von Baugemeinschaften | 21 grad<\/title>\n<meta name=\"description\" content=\"Wer in Deutschland bauen m\u00f6chte, hat es nicht leicht. Grundst\u00fccke sind eine Seltenheit. Baugemeinschaften k\u00f6nnen f\u00fcr Bauwillige eine echte Alternative sein.\" \/>\n<meta name=\"robots\" content=\"index, follow, max-snippet:-1, max-image-preview:large, max-video-preview:-1\" \/>\n<link rel=\"canonical\" href=\"https:\/\/www.vaillant.de\/21-grad\/bewusst-und-sein\/baugemeinschaften-wir-bauen-zusammen\/\" \/>\n<meta property=\"og:locale\" content=\"de_DE\" \/>\n<meta property=\"og:type\" content=\"article\" \/>\n<meta property=\"og:title\" content=\"Gemeinsam bauen - Vorteile von Baugemeinschaften | 21 grad\" \/>\n<meta property=\"og:description\" content=\"Wer in Deutschland bauen m\u00f6chte, hat es nicht leicht. Grundst\u00fccke sind eine Seltenheit. Baugemeinschaften k\u00f6nnen f\u00fcr Bauwillige eine echte Alternative sein.\" \/>\n<meta property=\"og:url\" content=\"https:\/\/www.vaillant.de\/21-grad\/bewusst-und-sein\/baugemeinschaften-wir-bauen-zusammen\/\" \/>\n<meta property=\"og:site_name\" content=\"21 grad\" \/>\n<meta property=\"article:publisher\" content=\"https:\/\/www.facebook.com\/21grad\/\" \/>\n<meta property=\"article:published_time\" content=\"2021-07-14T10:17:01+00:00\" \/>\n<meta property=\"og:image\" content=\"https:\/\/www.vaillant.de\/21-grad\/wp-content\/uploads\/2021\/07\/Gemeinsam-Bauen_2.jpg\" \/>\n\t<meta property=\"og:image:width\" content=\"1100\" \/>\n\t<meta property=\"og:image:height\" content=\"960\" \/>\n\t<meta property=\"og:image:type\" content=\"image\/jpeg\" \/>\n<meta name=\"author\" content=\"Marcus\" \/>\n<meta name=\"twitter:card\" content=\"summary_large_image\" \/>\n<meta name=\"twitter:creator\" content=\"@vaillant_de\" \/>\n<meta name=\"twitter:site\" content=\"@vaillant_de\" \/>\n<meta name=\"twitter:label1\" content=\"Verfasst von\" \/>\n\t<meta name=\"twitter:data1\" content=\"Marcus\" \/>\n\t<meta name=\"twitter:label2\" content=\"Gesch\u00e4tzte Lesezeit\" \/>\n\t<meta name=\"twitter:data2\" content=\"4\u00a0Minuten\" \/>\n\t<meta name=\"twitter:label3\" content=\"Written by\" \/>\n\t<meta name=\"twitter:data3\" content=\"Marcus\" \/>\n<script type=\"application\/ld+json\" class=\"yoast-schema-graph\">{\"@context\":\"https:\\\/\\\/schema.org\",\"@graph\":[{\"@type\":\"Article\",\"@id\":\"https:\\\/\\\/www.vaillant.de\\\/21-grad\\\/bewusst-und-sein\\\/baugemeinschaften-wir-bauen-zusammen\\\/#article\",\"isPartOf\":{\"@id\":\"https:\\\/\\\/www.vaillant.de\\\/21-grad\\\/bewusst-und-sein\\\/baugemeinschaften-wir-bauen-zusammen\\\/\"},\"author\":{\"name\":\"Marcus\",\"@id\":\"https:\\\/\\\/www.vaillant.de\\\/21-grad\\\/#\\\/schema\\\/person\\\/d79d2ba98cd3da7ae5877706050352da\"},\"headline\":\"Baugemeinschaften: Wir bauen zusammen\",\"datePublished\":\"2021-07-14T10:17:01+00:00\",\"mainEntityOfPage\":{\"@id\":\"https:\\\/\\\/www.vaillant.de\\\/21-grad\\\/bewusst-und-sein\\\/baugemeinschaften-wir-bauen-zusammen\\\/\"},\"wordCount\":669,\"commentCount\":0,\"image\":{\"@id\":\"https:\\\/\\\/www.vaillant.de\\\/21-grad\\\/bewusst-und-sein\\\/baugemeinschaften-wir-bauen-zusammen\\\/#primaryimage\"},\"thumbnailUrl\":\"https:\\\/\\\/www.vaillant.de\\\/21-grad\\\/wp-content\\\/uploads\\\/2021\\\/07\\\/Gemeinsam-Bauen_2.jpg\",\"keywords\":[\"Nachhaltigkeit\"],\"articleSection\":[\"Bewusst &amp; Sein\"],\"inLanguage\":\"de\",\"potentialAction\":[{\"@type\":\"CommentAction\",\"name\":\"Comment\",\"target\":[\"https:\\\/\\\/www.vaillant.de\\\/21-grad\\\/bewusst-und-sein\\\/baugemeinschaften-wir-bauen-zusammen\\\/#respond\"]}]},{\"@type\":\"WebPage\",\"@id\":\"https:\\\/\\\/www.vaillant.de\\\/21-grad\\\/bewusst-und-sein\\\/baugemeinschaften-wir-bauen-zusammen\\\/\",\"url\":\"https:\\\/\\\/www.vaillant.de\\\/21-grad\\\/bewusst-und-sein\\\/baugemeinschaften-wir-bauen-zusammen\\\/\",\"name\":\"Gemeinsam bauen - Vorteile von Baugemeinschaften | 21 grad\",\"isPartOf\":{\"@id\":\"https:\\\/\\\/www.vaillant.de\\\/21-grad\\\/#website\"},\"primaryImageOfPage\":{\"@id\":\"https:\\\/\\\/www.vaillant.de\\\/21-grad\\\/bewusst-und-sein\\\/baugemeinschaften-wir-bauen-zusammen\\\/#primaryimage\"},\"image\":{\"@id\":\"https:\\\/\\\/www.vaillant.de\\\/21-grad\\\/bewusst-und-sein\\\/baugemeinschaften-wir-bauen-zusammen\\\/#primaryimage\"},\"thumbnailUrl\":\"https:\\\/\\\/www.vaillant.de\\\/21-grad\\\/wp-content\\\/uploads\\\/2021\\\/07\\\/Gemeinsam-Bauen_2.jpg\",\"datePublished\":\"2021-07-14T10:17:01+00:00\",\"author\":{\"@id\":\"https:\\\/\\\/www.vaillant.de\\\/21-grad\\\/#\\\/schema\\\/person\\\/d79d2ba98cd3da7ae5877706050352da\"},\"description\":\"Wer in Deutschland bauen m\u00f6chte, hat es nicht leicht. Grundst\u00fccke sind eine Seltenheit. Baugemeinschaften k\u00f6nnen f\u00fcr Bauwillige eine echte Alternative sein.\",\"breadcrumb\":{\"@id\":\"https:\\\/\\\/www.vaillant.de\\\/21-grad\\\/bewusst-und-sein\\\/baugemeinschaften-wir-bauen-zusammen\\\/#breadcrumb\"},\"inLanguage\":\"de\",\"potentialAction\":[{\"@type\":\"ReadAction\",\"target\":[\"https:\\\/\\\/www.vaillant.de\\\/21-grad\\\/bewusst-und-sein\\\/baugemeinschaften-wir-bauen-zusammen\\\/\"]}]},{\"@type\":\"ImageObject\",\"inLanguage\":\"de\",\"@id\":\"https:\\\/\\\/www.vaillant.de\\\/21-grad\\\/bewusst-und-sein\\\/baugemeinschaften-wir-bauen-zusammen\\\/#primaryimage\",\"url\":\"https:\\\/\\\/www.vaillant.de\\\/21-grad\\\/wp-content\\\/uploads\\\/2021\\\/07\\\/Gemeinsam-Bauen_2.jpg\",\"contentUrl\":\"https:\\\/\\\/www.vaillant.de\\\/21-grad\\\/wp-content\\\/uploads\\\/2021\\\/07\\\/Gemeinsam-Bauen_2.jpg\",\"width\":1100,\"height\":960,\"caption\":\"Foto: C. Suhan, Architektur: post welters + partner\"},{\"@type\":\"BreadcrumbList\",\"@id\":\"https:\\\/\\\/www.vaillant.de\\\/21-grad\\\/bewusst-und-sein\\\/baugemeinschaften-wir-bauen-zusammen\\\/#breadcrumb\",\"itemListElement\":[{\"@type\":\"ListItem\",\"position\":1,\"name\":\"Startseite\",\"item\":\"https:\\\/\\\/www.vaillant.de\\\/21-grad\\\/\"},{\"@type\":\"ListItem\",\"position\":2,\"name\":\"Baugemeinschaften: Wir bauen zusammen\"}]},{\"@type\":\"WebSite\",\"@id\":\"https:\\\/\\\/www.vaillant.de\\\/21-grad\\\/#website\",\"url\":\"https:\\\/\\\/www.vaillant.de\\\/21-grad\\\/\",\"name\":\"21 grad\",\"description\":\"Der Blog f\u00fcr Menschen, die weiterdenken\",\"potentialAction\":[{\"@type\":\"SearchAction\",\"target\":{\"@type\":\"EntryPoint\",\"urlTemplate\":\"https:\\\/\\\/www.vaillant.de\\\/21-grad\\\/?s={search_term_string}\"},\"query-input\":{\"@type\":\"PropertyValueSpecification\",\"valueRequired\":true,\"valueName\":\"search_term_string\"}}],\"inLanguage\":\"de\"},{\"@type\":\"Person\",\"@id\":\"https:\\\/\\\/www.vaillant.de\\\/21-grad\\\/#\\\/schema\\\/person\\\/d79d2ba98cd3da7ae5877706050352da\",\"name\":\"Marcus\",\"image\":{\"@type\":\"ImageObject\",\"inLanguage\":\"de\",\"@id\":\"https:\\\/\\\/www.vaillant.de\\\/21-grad\\\/wp-content\\\/uploads\\\/2026\\\/01\\\/Marcus-125x125.jpg9d3430f1bc55d5a5d47a1162a14ae1af\",\"url\":\"https:\\\/\\\/www.vaillant.de\\\/21-grad\\\/wp-content\\\/uploads\\\/2026\\\/01\\\/Marcus-125x125.jpg\",\"contentUrl\":\"https:\\\/\\\/www.vaillant.de\\\/21-grad\\\/wp-content\\\/uploads\\\/2026\\\/01\\\/Marcus-125x125.jpg\",\"caption\":\"Marcus\"},\"description\":\"Willkommen in der wunderbaren Welt des 21grad Blogs. Als Medien- und Kooperationsmanager bin ich bei Vaillant Deutschland u.a. f\u00fcr unsere Fach- und Branchenkommunikation zust\u00e4ndig. Ich freue mich auf den Dialog mit Euch. :-) Nachhaltigkeit Bewusster Konsum und soziales Engagement liegen mir sehr am Herzen. Zuhause nutze ich \u00d6kostrom und Biogas, bei Lebensmitteln sind mir Labels wie Fair-Trade oder Bio sehr wichtig. Ich bin Sportwart beim Tennisclub Gr\u00fcn-Wei\u00df Lennep und engagiere mich auch f\u00fcr Aktion Mensch oder SOS-Kinderdorf. Interessen Unternehmungen mit Familie und Freunden, Tennis, Rock-Konzerte, Kino, B\u00fccher (z.B. Hornby, Eschbach, Uschmann) Was wolltest du als Kind gerne werden? Um es mit den \u00c4rzten zu sagen: Popstar, Bademeister oder Astronaut Was bringt dich auf die Palme? Menschen, die Schuld immer bei anderen suchen oder auch nat\u00fcrlich eine leckere Kokosnuss Was war der beste Rat, den du jemals erhalten hast? \u201eDenke in L\u00f6sungen, nicht in Problemen.\u201c\",\"url\":\"https:\\\/\\\/www.vaillant.de\\\/21-grad\\\/autor\\\/marcus\\\/\"}]}<\/script>\n<!-- \/ Yoast SEO plugin. -->","yoast_head_json":{"title":"Gemeinsam bauen - Vorteile von Baugemeinschaften | 21 grad","description":"Wer in Deutschland bauen m\u00f6chte, hat es nicht leicht. Grundst\u00fccke sind eine Seltenheit. Baugemeinschaften k\u00f6nnen f\u00fcr Bauwillige eine echte Alternative sein.","robots":{"index":"index","follow":"follow","max-snippet":"max-snippet:-1","max-image-preview":"max-image-preview:large","max-video-preview":"max-video-preview:-1"},"canonical":"https:\/\/www.vaillant.de\/21-grad\/bewusst-und-sein\/baugemeinschaften-wir-bauen-zusammen\/","og_locale":"de_DE","og_type":"article","og_title":"Gemeinsam bauen - Vorteile von Baugemeinschaften | 21 grad","og_description":"Wer in Deutschland bauen m\u00f6chte, hat es nicht leicht. Grundst\u00fccke sind eine Seltenheit. Baugemeinschaften k\u00f6nnen f\u00fcr Bauwillige eine echte Alternative sein.","og_url":"https:\/\/www.vaillant.de\/21-grad\/bewusst-und-sein\/baugemeinschaften-wir-bauen-zusammen\/","og_site_name":"21 grad","article_publisher":"https:\/\/www.facebook.com\/21grad\/","article_published_time":"2021-07-14T10:17:01+00:00","og_image":[{"width":1100,"height":960,"url":"https:\/\/www.vaillant.de\/21-grad\/wp-content\/uploads\/2021\/07\/Gemeinsam-Bauen_2.jpg","type":"image\/jpeg"}],"author":"Marcus","twitter_card":"summary_large_image","twitter_creator":"@vaillant_de","twitter_site":"@vaillant_de","twitter_misc":{"Verfasst von":"Marcus","Gesch\u00e4tzte Lesezeit":"4\u00a0Minuten","Written by":"Marcus"},"schema":{"@context":"https:\/\/schema.org","@graph":[{"@type":"Article","@id":"https:\/\/www.vaillant.de\/21-grad\/bewusst-und-sein\/baugemeinschaften-wir-bauen-zusammen\/#article","isPartOf":{"@id":"https:\/\/www.vaillant.de\/21-grad\/bewusst-und-sein\/baugemeinschaften-wir-bauen-zusammen\/"},"author":{"name":"Marcus","@id":"https:\/\/www.vaillant.de\/21-grad\/#\/schema\/person\/d79d2ba98cd3da7ae5877706050352da"},"headline":"Baugemeinschaften: Wir bauen zusammen","datePublished":"2021-07-14T10:17:01+00:00","mainEntityOfPage":{"@id":"https:\/\/www.vaillant.de\/21-grad\/bewusst-und-sein\/baugemeinschaften-wir-bauen-zusammen\/"},"wordCount":669,"commentCount":0,"image":{"@id":"https:\/\/www.vaillant.de\/21-grad\/bewusst-und-sein\/baugemeinschaften-wir-bauen-zusammen\/#primaryimage"},"thumbnailUrl":"https:\/\/www.vaillant.de\/21-grad\/wp-content\/uploads\/2021\/07\/Gemeinsam-Bauen_2.jpg","keywords":["Nachhaltigkeit"],"articleSection":["Bewusst &amp; Sein"],"inLanguage":"de","potentialAction":[{"@type":"CommentAction","name":"Comment","target":["https:\/\/www.vaillant.de\/21-grad\/bewusst-und-sein\/baugemeinschaften-wir-bauen-zusammen\/#respond"]}]},{"@type":"WebPage","@id":"https:\/\/www.vaillant.de\/21-grad\/bewusst-und-sein\/baugemeinschaften-wir-bauen-zusammen\/","url":"https:\/\/www.vaillant.de\/21-grad\/bewusst-und-sein\/baugemeinschaften-wir-bauen-zusammen\/","name":"Gemeinsam bauen - Vorteile von Baugemeinschaften | 21 grad","isPartOf":{"@id":"https:\/\/www.vaillant.de\/21-grad\/#website"},"primaryImageOfPage":{"@id":"https:\/\/www.vaillant.de\/21-grad\/bewusst-und-sein\/baugemeinschaften-wir-bauen-zusammen\/#primaryimage"},"image":{"@id":"https:\/\/www.vaillant.de\/21-grad\/bewusst-und-sein\/baugemeinschaften-wir-bauen-zusammen\/#primaryimage"},"thumbnailUrl":"https:\/\/www.vaillant.de\/21-grad\/wp-content\/uploads\/2021\/07\/Gemeinsam-Bauen_2.jpg","datePublished":"2021-07-14T10:17:01+00:00","author":{"@id":"https:\/\/www.vaillant.de\/21-grad\/#\/schema\/person\/d79d2ba98cd3da7ae5877706050352da"},"description":"Wer in Deutschland bauen m\u00f6chte, hat es nicht leicht. Grundst\u00fccke sind eine Seltenheit. Baugemeinschaften k\u00f6nnen f\u00fcr Bauwillige eine echte Alternative sein.","breadcrumb":{"@id":"https:\/\/www.vaillant.de\/21-grad\/bewusst-und-sein\/baugemeinschaften-wir-bauen-zusammen\/#breadcrumb"},"inLanguage":"de","potentialAction":[{"@type":"ReadAction","target":["https:\/\/www.vaillant.de\/21-grad\/bewusst-und-sein\/baugemeinschaften-wir-bauen-zusammen\/"]}]},{"@type":"ImageObject","inLanguage":"de","@id":"https:\/\/www.vaillant.de\/21-grad\/bewusst-und-sein\/baugemeinschaften-wir-bauen-zusammen\/#primaryimage","url":"https:\/\/www.vaillant.de\/21-grad\/wp-content\/uploads\/2021\/07\/Gemeinsam-Bauen_2.jpg","contentUrl":"https:\/\/www.vaillant.de\/21-grad\/wp-content\/uploads\/2021\/07\/Gemeinsam-Bauen_2.jpg","width":1100,"height":960,"caption":"Foto: C. Suhan, Architektur: post welters + partner"},{"@type":"BreadcrumbList","@id":"https:\/\/www.vaillant.de\/21-grad\/bewusst-und-sein\/baugemeinschaften-wir-bauen-zusammen\/#breadcrumb","itemListElement":[{"@type":"ListItem","position":1,"name":"Startseite","item":"https:\/\/www.vaillant.de\/21-grad\/"},{"@type":"ListItem","position":2,"name":"Baugemeinschaften: Wir bauen zusammen"}]},{"@type":"WebSite","@id":"https:\/\/www.vaillant.de\/21-grad\/#website","url":"https:\/\/www.vaillant.de\/21-grad\/","name":"21 grad","description":"Der Blog f\u00fcr Menschen, die weiterdenken","potentialAction":[{"@type":"SearchAction","target":{"@type":"EntryPoint","urlTemplate":"https:\/\/www.vaillant.de\/21-grad\/?s={search_term_string}"},"query-input":{"@type":"PropertyValueSpecification","valueRequired":true,"valueName":"search_term_string"}}],"inLanguage":"de"},{"@type":"Person","@id":"https:\/\/www.vaillant.de\/21-grad\/#\/schema\/person\/d79d2ba98cd3da7ae5877706050352da","name":"Marcus","image":{"@type":"ImageObject","inLanguage":"de","@id":"https:\/\/www.vaillant.de\/21-grad\/wp-content\/uploads\/2026\/01\/Marcus-125x125.jpg9d3430f1bc55d5a5d47a1162a14ae1af","url":"https:\/\/www.vaillant.de\/21-grad\/wp-content\/uploads\/2026\/01\/Marcus-125x125.jpg","contentUrl":"https:\/\/www.vaillant.de\/21-grad\/wp-content\/uploads\/2026\/01\/Marcus-125x125.jpg","caption":"Marcus"},"description":"Willkommen in der wunderbaren Welt des 21grad Blogs. Als Medien- und Kooperationsmanager bin ich bei Vaillant Deutschland u.a. f\u00fcr unsere Fach- und Branchenkommunikation zust\u00e4ndig. Ich freue mich auf den Dialog mit Euch. :-) Nachhaltigkeit Bewusster Konsum und soziales Engagement liegen mir sehr am Herzen. Zuhause nutze ich \u00d6kostrom und Biogas, bei Lebensmitteln sind mir Labels wie Fair-Trade oder Bio sehr wichtig. Ich bin Sportwart beim Tennisclub Gr\u00fcn-Wei\u00df Lennep und engagiere mich auch f\u00fcr Aktion Mensch oder SOS-Kinderdorf. Interessen Unternehmungen mit Familie und Freunden, Tennis, Rock-Konzerte, Kino, B\u00fccher (z.B. Hornby, Eschbach, Uschmann) Was wolltest du als Kind gerne werden? Um es mit den \u00c4rzten zu sagen: Popstar, Bademeister oder Astronaut Was bringt dich auf die Palme? Menschen, die Schuld immer bei anderen suchen oder auch nat\u00fcrlich eine leckere Kokosnuss Was war der beste Rat, den du jemals erhalten hast? \u201eDenke in L\u00f6sungen, nicht in Problemen.\u201c","url":"https:\/\/www.vaillant.de\/21-grad\/autor\/marcus\/"}]}},"_links":{"self":[{"href":"https:\/\/www.vaillant.de\/21-grad\/wp-json\/wp\/v2\/posts\/6350","targetHints":{"allow":["GET"]}}],"collection":[{"href":"https:\/\/www.vaillant.de\/21-grad\/wp-json\/wp\/v2\/posts"}],"about":[{"href":"https:\/\/www.vaillant.de\/21-grad\/wp-json\/wp\/v2\/types\/post"}],"author":[{"embeddable":true,"href":"https:\/\/www.vaillant.de\/21-grad\/wp-json\/wp\/v2\/users\/6"}],"replies":[{"embeddable":true,"href":"https:\/\/www.vaillant.de\/21-grad\/wp-json\/wp\/v2\/comments?post=6350"}],"version-history":[{"count":7,"href":"https:\/\/www.vaillant.de\/21-grad\/wp-json\/wp\/v2\/posts\/6350\/revisions"}],"predecessor-version":[{"id":6398,"href":"https:\/\/www.vaillant.de\/21-grad\/wp-json\/wp\/v2\/posts\/6350\/revisions\/6398"}],"wp:featuredmedia":[{"embeddable":true,"href":"https:\/\/www.vaillant.de\/21-grad\/wp-json\/wp\/v2\/media\/6396"}],"wp:attachment":[{"href":"https:\/\/www.vaillant.de\/21-grad\/wp-json\/wp\/v2\/media?parent=6350"}],"wp:term":[{"taxonomy":"category","embeddable":true,"href":"https:\/\/www.vaillant.de\/21-grad\/wp-json\/wp\/v2\/categories?post=6350"},{"taxonomy":"post_tag","embeddable":true,"href":"https:\/\/www.vaillant.de\/21-grad\/wp-json\/wp\/v2\/tags?post=6350"},{"taxonomy":"author","embeddable":true,"href":"https:\/\/www.vaillant.de\/21-grad\/wp-json\/wp\/v2\/coauthors?post=6350"}],"curies":[{"name":"wp","href":"https:\/\/api.w.org\/{rel}","templated":true}]}}