{"id":6372,"date":"2021-07-09T13:20:40","date_gmt":"2021-07-09T11:20:40","guid":{"rendered":"https:\/\/www.vaillant.de\/21-grad\/?p=6372"},"modified":"2026-01-28T09:53:37","modified_gmt":"2026-01-28T08:53:37","slug":"urlaub-am-see-nachhaltiger-urlaub-21-grad","status":"publish","type":"post","link":"https:\/\/www.vaillant.de\/21-grad\/bewusst-und-sein\/urlaub-am-see-nachhaltiger-urlaub-21-grad\/","title":{"rendered":"See in Sicht!"},"content":{"rendered":"<p>Die Deutschen verreisen gerne. In den letzten Jahren haben wir im Schnitt pro Jahr 70 Millionen Mal f\u00fcr mindestens f\u00fcnf Tage Urlaub gemacht. Und wohin? Am liebsten nach Bayern oder nach Mecklenburg-Vorpommern. Die beiden Urlaubsregionen f\u00fchren traditionell die deutsche Urlaubshitliste an.<\/p>\n<p>Dar\u00fcber freut sich die Umwelt. Denn durch An- und Abreisen entsteht eine Unmenge an CO<sub>2<\/sub>. Das trifft zwar ganz besonders auf Flugreisen zu, eine Anreise mit dem Auto, Bus oder Schiff kann jedoch auch einen hohen Aussto\u00df an Treibhausgasen verursachen. Je k\u00fcrzer die Fahrt zum Urlaubsort, desto weniger CO<sub>2<\/sub> wird dabei ausgesto\u00dfen. Ein Urlaub in Deutschland ist damit definitiv nachhaltiger als eine Fernreise. Und wieso auch nicht? Es gibt nicht nur K\u00fcsten mit hervorragenden Sandstr\u00e4nden, sondern wundersch\u00f6ne Seen, an denen man das Meer nicht vermissen muss.<\/p>\n<h2>Schluchsee im Schwarzwald<\/h2>\n<p><a href=\"https:\/\/www.vaillant.de\/21-grad\/wp-content\/uploads\/2021\/07\/schluchsee.jpg\"><img loading=\"lazy\" decoding=\"async\" class=\"alignleft size-medium wp-image-6375\" src=\"https:\/\/www.vaillant.de\/21-grad\/wp-content\/uploads\/2021\/07\/schluchsee-309x232.jpg\" alt=\"\" width=\"309\" height=\"232\" srcset=\"https:\/\/www.vaillant.de\/21-grad\/wp-content\/uploads\/2021\/07\/schluchsee-309x232.jpg 309w, https:\/\/www.vaillant.de\/21-grad\/wp-content\/uploads\/2021\/07\/schluchsee-640x480.jpg 640w, https:\/\/www.vaillant.de\/21-grad\/wp-content\/uploads\/2021\/07\/schluchsee-768x576.jpg 768w, https:\/\/www.vaillant.de\/21-grad\/wp-content\/uploads\/2021\/07\/schluchsee.jpg 1280w\" sizes=\"auto, (max-width: 309px) 100vw, 309px\" \/><\/a>Der Schwarzwald setzt schon seit einigen Jahren auf sanften Tourismus. Kein Wunder, dass der Hochschwarzwald l\u00e4ngst als nachhaltiges Reiseziel zertifiziert ist. Restaurants mit regionaler Bio-K\u00fcche, nachhaltige Hotels und Aktivit\u00e4ten sind in der ganzen Region zu finden. Im S\u00fcdschwarzwald in Baden-W\u00fcrttemberg liegt der gr\u00f6\u00dfte See des Schwarzwalds: der Schluchsee. Er ist gleichzeitig die h\u00f6chstgelegene Talsperre Deutschlands und bietet eine Vielzahl an Freizeitm\u00f6glichkeiten: Paddeln, Tauchen, Segeln, Angeln, Wandern \u2013 alles ist m\u00f6glich. Anders als am nahe gelegenen Titisee ist das Ufer des Schluchsees an vielen Stellen frei zug\u00e4nglich, sodass jeder der m\u00f6chte, ein Fleckchen zum Entspannen am See findet.<\/p>\n<p>Aber Achtung: Der See ist mit \u00fcber 7 km L\u00e4nge und 1,5 km Breite recht gro\u00df. Hinzu kommt die H\u00f6henlage. Richtig warm wird das Wasser auch im Sommer nicht. Zum Baden bietet sich das angenehm beheizte Freibad mit direktem Seezugang und 105 m langer Rutsche an.<\/p>\n<h2>Lychener Seenplatte<\/h2>\n<p><img loading=\"lazy\" decoding=\"async\" class=\" wp-image-6390 alignright\" src=\"https:\/\/www.vaillant.de\/21-grad\/wp-content\/uploads\/2021\/07\/Berlin-1-413x232.jpg\" alt=\"\" width=\"367\" height=\"206\" srcset=\"https:\/\/www.vaillant.de\/21-grad\/wp-content\/uploads\/2021\/07\/Berlin-1-413x232.jpg 413w, https:\/\/www.vaillant.de\/21-grad\/wp-content\/uploads\/2021\/07\/Berlin-1-854x480.jpg 854w, https:\/\/www.vaillant.de\/21-grad\/wp-content\/uploads\/2021\/07\/Berlin-1-768x432.jpg 768w, https:\/\/www.vaillant.de\/21-grad\/wp-content\/uploads\/2021\/07\/Berlin-1-1536x864.jpg 1536w, https:\/\/www.vaillant.de\/21-grad\/wp-content\/uploads\/2021\/07\/Berlin-1-2048x1152.jpg 2048w\" sizes=\"auto, (max-width: 367px) 100vw, 367px\" \/>Ein ungew\u00f6hnlicher Ort ist die Altstadtinsel Lychen in der Uckermark. Sie grenzt an sieben Seen gleichzeitig; \u00fcber mangelnden Seezugang kann man sich hier nicht beklagen. Wasserratten kommen voll auf ihre Kosten, ob beim Kajakfahren, Angeln, Baden oder Segeln: Je nach See ist bei einem Urlaub in Lychen alles m\u00f6glich. Eine Lychener Besonderheit sind die Flo\u00dffahrten, die auf Lychens Stadthistorie zur\u00fcckgehen. Hier wurden n\u00e4mlich Baumst\u00e4mme zu Fl\u00f6\u00dfen verbunden und flussabw\u00e4rts bis in die Hansestadt Hamburg geschickt. Heute k\u00f6nnen Urlauber auf bequemen Ausflugsfl\u00f6\u00dfen Flora und Fauna der Seen erleben. In Lychen l\u00e4sst sich sogar mit 360\u00b0 Seeblick \u00fcbernachten, auf einem Hausboot n\u00e4mlich. Einige davon sind mit Solarpaneelen und emissionslosem Antrieb ausgestattet.<\/p>\n<p>Wer eine kleine Wasserpause ben\u00f6tigt, sollte die Draisine ausprobieren. Die Route f\u00fchrt \u00fcber eine stillgelegte Bahntrasse an Badestellen und idyllischen Rastpl\u00e4tzen vorbei. Einfach die Draisine aus der Schiene heben und Pause machen.<\/p>\n<p>Auch die Uckermarck ist seit 2018 als nachhaltiges Reiseziel zertifiziert.<\/p>\n<h2>Holsteinische Schweiz<\/h2>\n<p><a href=\"https:\/\/www.vaillant.de\/21-grad\/wp-content\/uploads\/2021\/07\/grosser-ploener-see.jpg\"><img loading=\"lazy\" decoding=\"async\" class=\"alignleft wp-image-6378 size-medium\" src=\"https:\/\/www.vaillant.de\/21-grad\/wp-content\/uploads\/2021\/07\/grosser-ploener-see-348x232.jpg\" alt=\"\" width=\"348\" height=\"232\" srcset=\"https:\/\/www.vaillant.de\/21-grad\/wp-content\/uploads\/2021\/07\/grosser-ploener-see-348x232.jpg 348w, https:\/\/www.vaillant.de\/21-grad\/wp-content\/uploads\/2021\/07\/grosser-ploener-see-720x480.jpg 720w, https:\/\/www.vaillant.de\/21-grad\/wp-content\/uploads\/2021\/07\/grosser-ploener-see-768x512.jpg 768w, https:\/\/www.vaillant.de\/21-grad\/wp-content\/uploads\/2021\/07\/grosser-ploener-see-1536x1024.jpg 1536w, https:\/\/www.vaillant.de\/21-grad\/wp-content\/uploads\/2021\/07\/grosser-ploener-see.jpg 1920w\" sizes=\"auto, (max-width: 348px) 100vw, 348px\" \/><\/a>Bei mehr als 200 Seen m\u00fcsste es den Holsteinerinnen und Holsteinern eigentlich schwerfallen, einen Favoriten zu finden. Dem ist aber nicht so. Der Gro\u00dfe Pl\u00f6ner See hat schon sieben Mal in Folge das Siegel \u201cLieblingssee Schleswig Holstein\u201d erhalten. Zu Recht, denn mit der Prinzeninsel, dem pittoresken St\u00e4dtchen am See und dem tiefen Blau des Wassers bietet der Gro\u00dfe Pl\u00f6ner See wirklich ganz besondere Ausblicke.<\/p>\n<p>Wassersportler k\u00f6nnen sich auch beim Kite- oder Windsurfen, Segeln oder auf dem SUP austoben. Au\u00dferdem ist der See mit einigen benachbarten Seen verbunden, sodass man mit dem Kanu beispielsweise von See zu See \u201cwandern\u201d kann.<\/p>\n<p>Wem das alles zu anstrengend ist, der erkundet den See einfach mit dem Ausflugsboot. Baden ist an einem guten Dutzend offiziellen Badestellen m\u00f6glich, umgeben von Wiesen, W\u00e4ldchen und gem\u00fctlichen Picknickstellen.<\/p>\n<p>Die Pl\u00f6ner Seenplatte bietet vielen Tieren und Pflanzen ein Zuhause, darunter Seeadler und Eisvogel. Hier lebt heute sogar wieder der Fischotter, obwohl er schon als ausgestorben betrachtet wurde. Die Umweltstiftung Global Nature Fund verlieh dem Landschaftsraum Holsteinische Schweiz 2019 den Titel \u201cLebendiger See\u201d.<\/p>\n<h2>Liebe deinen See!<\/h2>\n<p>Alle drei Urlaubsregionen hegen und pflegen ihre Umwelt. Dabei sind die lokalen Organisationen darauf angewiesen, dass auch die Besucher auf die Natur R\u00fccksicht nehmen. Zu einem bewussten Urlaub am See geh\u00f6rt es, dass man sich an die ausgewiesenen Badezonen h\u00e4lt. Ansonsten k\u00f6nnten Seebewohner und Pflanzen gest\u00f6rt werden. Dass man jede Form von M\u00fcll stets wieder mitnimmt, versteht sich von selbst. Dann k\u00f6nnen noch viele Menschen ihren Sommerurlaub am See genie\u00dfen \u2013 umgeben von intakter Natur.<\/p>\n\n\t\t<style type=\"text\/css\">\n\t\t\t#gallery-1 {\n\t\t\t\tmargin: auto;\n\t\t\t}\n\t\t\t#gallery-1 .gallery-item {\n\t\t\t\tfloat: left;\n\t\t\t\tmargin-top: 10px;\n\t\t\t\ttext-align: center;\n\t\t\t\twidth: 33%;\n\t\t\t}\n\t\t\t#gallery-1 img {\n\t\t\t\tborder: 2px solid #cfcfcf;\n\t\t\t}\n\t\t\t#gallery-1 .gallery-caption {\n\t\t\t\tmargin-left: 0;\n\t\t\t}\n\t\t\t\/* see gallery_shortcode() in wp-includes\/media.php *\/\n\t\t<\/style>\n\t\t<div id='gallery-1' class='gallery galleryid-6372 gallery-columns-3 gallery-size-thumbnail'><dl class='gallery-item'>\n\t\t\t<dt class='gallery-icon landscape'>\n\t\t\t\t<a href='https:\/\/www.vaillant.de\/21-grad\/wp-content\/uploads\/2021\/07\/Bruehl-1.jpg'><img loading=\"lazy\" decoding=\"async\" width=\"150\" height=\"150\" src=\"https:\/\/www.vaillant.de\/21-grad\/wp-content\/uploads\/2021\/07\/Bruehl-1-150x150.jpg\" class=\"attachment-thumbnail size-thumbnail\" alt=\"\" srcset=\"https:\/\/www.vaillant.de\/21-grad\/wp-content\/uploads\/2021\/07\/Bruehl-1-150x150.jpg 150w, https:\/\/www.vaillant.de\/21-grad\/wp-content\/uploads\/2021\/07\/Bruehl-1-320x320.jpg 320w, https:\/\/www.vaillant.de\/21-grad\/wp-content\/uploads\/2021\/07\/Bruehl-1-125x125.jpg 125w\" sizes=\"auto, (max-width: 150px) 100vw, 150px\" \/><\/a>\n\t\t\t<\/dt><\/dl><dl class='gallery-item'>\n\t\t\t<dt class='gallery-icon portrait'>\n\t\t\t\t<a href='https:\/\/www.vaillant.de\/21-grad\/wp-content\/uploads\/2021\/07\/Lenzen2-1-scaled.jpg'><img loading=\"lazy\" decoding=\"async\" width=\"150\" height=\"150\" src=\"https:\/\/www.vaillant.de\/21-grad\/wp-content\/uploads\/2021\/07\/Lenzen2-1-150x150.jpg\" class=\"attachment-thumbnail size-thumbnail\" alt=\"\" srcset=\"https:\/\/www.vaillant.de\/21-grad\/wp-content\/uploads\/2021\/07\/Lenzen2-1-150x150.jpg 150w, https:\/\/www.vaillant.de\/21-grad\/wp-content\/uploads\/2021\/07\/Lenzen2-1-320x320.jpg 320w, https:\/\/www.vaillant.de\/21-grad\/wp-content\/uploads\/2021\/07\/Lenzen2-1-125x125.jpg 125w\" sizes=\"auto, (max-width: 150px) 100vw, 150px\" \/><\/a>\n\t\t\t<\/dt><\/dl><dl class='gallery-item'>\n\t\t\t<dt class='gallery-icon landscape'>\n\t\t\t\t<a href='https:\/\/www.vaillant.de\/21-grad\/wp-content\/uploads\/2021\/07\/See2-1-scaled.jpg'><img loading=\"lazy\" decoding=\"async\" width=\"150\" height=\"150\" src=\"https:\/\/www.vaillant.de\/21-grad\/wp-content\/uploads\/2021\/07\/See2-1-150x150.jpg\" class=\"attachment-thumbnail size-thumbnail\" alt=\"\" srcset=\"https:\/\/www.vaillant.de\/21-grad\/wp-content\/uploads\/2021\/07\/See2-1-150x150.jpg 150w, https:\/\/www.vaillant.de\/21-grad\/wp-content\/uploads\/2021\/07\/See2-1-320x320.jpg 320w, https:\/\/www.vaillant.de\/21-grad\/wp-content\/uploads\/2021\/07\/See2-1-125x125.jpg 125w\" sizes=\"auto, (max-width: 150px) 100vw, 150px\" \/><\/a>\n\t\t\t<\/dt><\/dl><br style=\"clear: both\" \/>\n\t\t<\/div>\n\n<p>&nbsp;<\/p>\n<p>Welcher See ist Euer Lieblingssee in Deutschland? Schreibt uns doch gerne in unseren Kommentaren.<\/p>\n","protected":false},"excerpt":{"rendered":"<p>Deutschland ist der Deutschen liebestes Reiseziel. Das war auch schon vor Corona so. Warum auch nicht: Es gibt wundersch\u00f6ne Orte und die kurze Anreise macht den Deutschlandurlaub dazu viel umweltfreundlicher. Gute Gr\u00fcnde, euch drei wundersch\u00f6ne Seen vorzustellen, an denen man herrlich Urlaub machen kann, ohne Natur und Umwelt zu stark zu belasten.  <\/p>\n","protected":false},"author":27,"featured_media":6386,"comment_status":"closed","ping_status":"open","sticky":false,"template":"","format":"standard","meta":{"footnotes":""},"categories":[5],"tags":[86,23],"coauthors":[254],"class_list":["post-6372","post","type-post","status-publish","format-standard","has-post-thumbnail","hentry","category-bewusst-und-sein","tag-leben","tag-nachhaltigkeit"],"yoast_head":"<!-- This site is optimized with the Yoast SEO plugin v27.4 - https:\/\/yoast.com\/product\/yoast-seo-wordpress\/ -->\n<title>See in Sicht! | 21 grad<\/title>\n<meta name=\"description\" content=\"Baden, Paddeln, Surfen, Wandern \u2013 deutsche Seen sind ein hervorragendes Reiseziel f\u00fcr Familien, Wassersportler und Naturbegeisterte.\" \/>\n<meta name=\"robots\" content=\"index, follow, max-snippet:-1, max-image-preview:large, max-video-preview:-1\" \/>\n<link rel=\"canonical\" href=\"https:\/\/www.vaillant.de\/21-grad\/bewusst-und-sein\/urlaub-am-see-nachhaltiger-urlaub-21-grad\/\" \/>\n<meta property=\"og:locale\" content=\"de_DE\" \/>\n<meta property=\"og:type\" content=\"article\" \/>\n<meta property=\"og:title\" content=\"See in Sicht! | 21 grad\" \/>\n<meta property=\"og:description\" content=\"Baden, Paddeln, Surfen, Wandern \u2013 deutsche Seen sind ein hervorragendes Reiseziel f\u00fcr Familien, Wassersportler und Naturbegeisterte.\" \/>\n<meta property=\"og:url\" content=\"https:\/\/www.vaillant.de\/21-grad\/bewusst-und-sein\/urlaub-am-see-nachhaltiger-urlaub-21-grad\/\" \/>\n<meta property=\"og:site_name\" content=\"21 grad\" \/>\n<meta property=\"article:publisher\" content=\"https:\/\/www.facebook.com\/21grad\/\" \/>\n<meta property=\"article:published_time\" content=\"2021-07-09T11:20:40+00:00\" \/>\n<meta property=\"article:modified_time\" content=\"2026-01-28T08:53:37+00:00\" \/>\n<meta property=\"og:image\" content=\"https:\/\/www.vaillant.de\/21-grad\/wp-content\/uploads\/2021\/07\/Lenzen1-1-scaled.jpg\" \/>\n\t<meta property=\"og:image:width\" content=\"2560\" \/>\n\t<meta property=\"og:image:height\" content=\"1439\" \/>\n\t<meta property=\"og:image:type\" content=\"image\/jpeg\" \/>\n<meta name=\"author\" content=\"Jonas\" \/>\n<meta name=\"twitter:card\" content=\"summary_large_image\" \/>\n<meta name=\"twitter:creator\" content=\"@vaillant_de\" \/>\n<meta name=\"twitter:site\" content=\"@vaillant_de\" \/>\n<meta name=\"twitter:label1\" content=\"Verfasst von\" \/>\n\t<meta name=\"twitter:data1\" content=\"Jonas\" \/>\n\t<meta name=\"twitter:label2\" content=\"Gesch\u00e4tzte Lesezeit\" \/>\n\t<meta name=\"twitter:data2\" content=\"4\u00a0Minuten\" \/>\n\t<meta name=\"twitter:label3\" content=\"Written by\" \/>\n\t<meta name=\"twitter:data3\" content=\"Jonas\" \/>\n<script type=\"application\/ld+json\" class=\"yoast-schema-graph\">{\"@context\":\"https:\\\/\\\/schema.org\",\"@graph\":[{\"@type\":\"Article\",\"@id\":\"https:\\\/\\\/www.vaillant.de\\\/21-grad\\\/bewusst-und-sein\\\/urlaub-am-see-nachhaltiger-urlaub-21-grad\\\/#article\",\"isPartOf\":{\"@id\":\"https:\\\/\\\/www.vaillant.de\\\/21-grad\\\/bewusst-und-sein\\\/urlaub-am-see-nachhaltiger-urlaub-21-grad\\\/\"},\"author\":{\"name\":\"Jonas\",\"@id\":\"https:\\\/\\\/www.vaillant.de\\\/21-grad\\\/#\\\/schema\\\/person\\\/0688f4a2058918ae82b953244b8160d9\"},\"headline\":\"See in Sicht!\",\"datePublished\":\"2021-07-09T11:20:40+00:00\",\"dateModified\":\"2026-01-28T08:53:37+00:00\",\"mainEntityOfPage\":{\"@id\":\"https:\\\/\\\/www.vaillant.de\\\/21-grad\\\/bewusst-und-sein\\\/urlaub-am-see-nachhaltiger-urlaub-21-grad\\\/\"},\"wordCount\":747,\"image\":{\"@id\":\"https:\\\/\\\/www.vaillant.de\\\/21-grad\\\/bewusst-und-sein\\\/urlaub-am-see-nachhaltiger-urlaub-21-grad\\\/#primaryimage\"},\"thumbnailUrl\":\"https:\\\/\\\/www.vaillant.de\\\/21-grad\\\/wp-content\\\/uploads\\\/2021\\\/07\\\/Lenzen1-1-scaled.jpg\",\"keywords\":[\"Leben\",\"Nachhaltigkeit\"],\"articleSection\":[\"Bewusst &amp; Sein\"],\"inLanguage\":\"de\"},{\"@type\":\"WebPage\",\"@id\":\"https:\\\/\\\/www.vaillant.de\\\/21-grad\\\/bewusst-und-sein\\\/urlaub-am-see-nachhaltiger-urlaub-21-grad\\\/\",\"url\":\"https:\\\/\\\/www.vaillant.de\\\/21-grad\\\/bewusst-und-sein\\\/urlaub-am-see-nachhaltiger-urlaub-21-grad\\\/\",\"name\":\"See in Sicht! | 21 grad\",\"isPartOf\":{\"@id\":\"https:\\\/\\\/www.vaillant.de\\\/21-grad\\\/#website\"},\"primaryImageOfPage\":{\"@id\":\"https:\\\/\\\/www.vaillant.de\\\/21-grad\\\/bewusst-und-sein\\\/urlaub-am-see-nachhaltiger-urlaub-21-grad\\\/#primaryimage\"},\"image\":{\"@id\":\"https:\\\/\\\/www.vaillant.de\\\/21-grad\\\/bewusst-und-sein\\\/urlaub-am-see-nachhaltiger-urlaub-21-grad\\\/#primaryimage\"},\"thumbnailUrl\":\"https:\\\/\\\/www.vaillant.de\\\/21-grad\\\/wp-content\\\/uploads\\\/2021\\\/07\\\/Lenzen1-1-scaled.jpg\",\"datePublished\":\"2021-07-09T11:20:40+00:00\",\"dateModified\":\"2026-01-28T08:53:37+00:00\",\"author\":{\"@id\":\"https:\\\/\\\/www.vaillant.de\\\/21-grad\\\/#\\\/schema\\\/person\\\/0688f4a2058918ae82b953244b8160d9\"},\"description\":\"Baden, Paddeln, Surfen, Wandern \u2013 deutsche Seen sind ein hervorragendes Reiseziel f\u00fcr Familien, Wassersportler und Naturbegeisterte.\",\"breadcrumb\":{\"@id\":\"https:\\\/\\\/www.vaillant.de\\\/21-grad\\\/bewusst-und-sein\\\/urlaub-am-see-nachhaltiger-urlaub-21-grad\\\/#breadcrumb\"},\"inLanguage\":\"de\",\"potentialAction\":[{\"@type\":\"ReadAction\",\"target\":[\"https:\\\/\\\/www.vaillant.de\\\/21-grad\\\/bewusst-und-sein\\\/urlaub-am-see-nachhaltiger-urlaub-21-grad\\\/\"]}]},{\"@type\":\"ImageObject\",\"inLanguage\":\"de\",\"@id\":\"https:\\\/\\\/www.vaillant.de\\\/21-grad\\\/bewusst-und-sein\\\/urlaub-am-see-nachhaltiger-urlaub-21-grad\\\/#primaryimage\",\"url\":\"https:\\\/\\\/www.vaillant.de\\\/21-grad\\\/wp-content\\\/uploads\\\/2021\\\/07\\\/Lenzen1-1-scaled.jpg\",\"contentUrl\":\"https:\\\/\\\/www.vaillant.de\\\/21-grad\\\/wp-content\\\/uploads\\\/2021\\\/07\\\/Lenzen1-1-scaled.jpg\",\"width\":2560,\"height\":1439},{\"@type\":\"BreadcrumbList\",\"@id\":\"https:\\\/\\\/www.vaillant.de\\\/21-grad\\\/bewusst-und-sein\\\/urlaub-am-see-nachhaltiger-urlaub-21-grad\\\/#breadcrumb\",\"itemListElement\":[{\"@type\":\"ListItem\",\"position\":1,\"name\":\"Startseite\",\"item\":\"https:\\\/\\\/www.vaillant.de\\\/21-grad\\\/\"},{\"@type\":\"ListItem\",\"position\":2,\"name\":\"See in Sicht!\"}]},{\"@type\":\"WebSite\",\"@id\":\"https:\\\/\\\/www.vaillant.de\\\/21-grad\\\/#website\",\"url\":\"https:\\\/\\\/www.vaillant.de\\\/21-grad\\\/\",\"name\":\"21 grad\",\"description\":\"Der Blog f\u00fcr Menschen, die weiterdenken\",\"potentialAction\":[{\"@type\":\"SearchAction\",\"target\":{\"@type\":\"EntryPoint\",\"urlTemplate\":\"https:\\\/\\\/www.vaillant.de\\\/21-grad\\\/?s={search_term_string}\"},\"query-input\":{\"@type\":\"PropertyValueSpecification\",\"valueRequired\":true,\"valueName\":\"search_term_string\"}}],\"inLanguage\":\"de\"},{\"@type\":\"Person\",\"@id\":\"https:\\\/\\\/www.vaillant.de\\\/21-grad\\\/#\\\/schema\\\/person\\\/0688f4a2058918ae82b953244b8160d9\",\"name\":\"Jonas\",\"image\":{\"@type\":\"ImageObject\",\"inLanguage\":\"de\",\"@id\":\"https:\\\/\\\/www.vaillant.de\\\/21-grad\\\/wp-content\\\/uploads\\\/2025\\\/04\\\/Jonas-smal-125x125.jpg09a77e2fccb6ed2f064616ea71935c21\",\"url\":\"https:\\\/\\\/www.vaillant.de\\\/21-grad\\\/wp-content\\\/uploads\\\/2025\\\/04\\\/Jonas-smal-125x125.jpg\",\"contentUrl\":\"https:\\\/\\\/www.vaillant.de\\\/21-grad\\\/wp-content\\\/uploads\\\/2025\\\/04\\\/Jonas-smal-125x125.jpg\",\"caption\":\"Jonas\"},\"description\":\"Bei meiner Arbeit befasse ich mich mit der Identifikation, Analyse und Ansprache von Endverbrauchern. Im Team entwickeln wir Strategien zur Zielgruppensegmentierung, um ma\u00dfgeschneiderte Marketingkampagnen zu erstellen. Interessen In meiner Freizeit ist Sport sehr wichtig. Sei es die eigene k\u00f6rperliche Fitness, Fu\u00dfball oder wenn m\u00f6glich Snowboarden in den Bergen. Wenn du eine Superkraft h\u00e4ttest, welche w\u00e4re das und warum? Ich w\u00fcrde aus zwei Gr\u00fcnden gerne fliegen k\u00f6nnen. Erstens: Ich k\u00f6nnte \u00fcberall schnell hinkommen, ohne unn\u00f6tig im Stau zu stehen. Zweitens: Wenn ich fliege, sehe ich die Welt aus einer anderen Perspektive. Was bringt dich auf die Palme? Mein Hund, wenn er versucht, sein K\u00f6rbchen zu zerst\u00f6ren. Was war der beste Rat, den du jemals erhalten hast? \u201eDer R\u00fcckspiegel im Auto ist kleiner als die Windschutzscheibe, also fokussiere dich auf das, was vor dir ist!\u201c\",\"url\":\"https:\\\/\\\/www.vaillant.de\\\/21-grad\\\/autor\\\/jonas\\\/\"}]}<\/script>\n<!-- \/ Yoast SEO plugin. -->","yoast_head_json":{"title":"See in Sicht! | 21 grad","description":"Baden, Paddeln, Surfen, Wandern \u2013 deutsche Seen sind ein hervorragendes Reiseziel f\u00fcr Familien, Wassersportler und Naturbegeisterte.","robots":{"index":"index","follow":"follow","max-snippet":"max-snippet:-1","max-image-preview":"max-image-preview:large","max-video-preview":"max-video-preview:-1"},"canonical":"https:\/\/www.vaillant.de\/21-grad\/bewusst-und-sein\/urlaub-am-see-nachhaltiger-urlaub-21-grad\/","og_locale":"de_DE","og_type":"article","og_title":"See in Sicht! | 21 grad","og_description":"Baden, Paddeln, Surfen, Wandern \u2013 deutsche Seen sind ein hervorragendes Reiseziel f\u00fcr Familien, Wassersportler und Naturbegeisterte.","og_url":"https:\/\/www.vaillant.de\/21-grad\/bewusst-und-sein\/urlaub-am-see-nachhaltiger-urlaub-21-grad\/","og_site_name":"21 grad","article_publisher":"https:\/\/www.facebook.com\/21grad\/","article_published_time":"2021-07-09T11:20:40+00:00","article_modified_time":"2026-01-28T08:53:37+00:00","og_image":[{"width":2560,"height":1439,"url":"https:\/\/www.vaillant.de\/21-grad\/wp-content\/uploads\/2021\/07\/Lenzen1-1-scaled.jpg","type":"image\/jpeg"}],"author":"Jonas","twitter_card":"summary_large_image","twitter_creator":"@vaillant_de","twitter_site":"@vaillant_de","twitter_misc":{"Verfasst von":"Jonas","Gesch\u00e4tzte Lesezeit":"4\u00a0Minuten","Written by":"Jonas"},"schema":{"@context":"https:\/\/schema.org","@graph":[{"@type":"Article","@id":"https:\/\/www.vaillant.de\/21-grad\/bewusst-und-sein\/urlaub-am-see-nachhaltiger-urlaub-21-grad\/#article","isPartOf":{"@id":"https:\/\/www.vaillant.de\/21-grad\/bewusst-und-sein\/urlaub-am-see-nachhaltiger-urlaub-21-grad\/"},"author":{"name":"Jonas","@id":"https:\/\/www.vaillant.de\/21-grad\/#\/schema\/person\/0688f4a2058918ae82b953244b8160d9"},"headline":"See in Sicht!","datePublished":"2021-07-09T11:20:40+00:00","dateModified":"2026-01-28T08:53:37+00:00","mainEntityOfPage":{"@id":"https:\/\/www.vaillant.de\/21-grad\/bewusst-und-sein\/urlaub-am-see-nachhaltiger-urlaub-21-grad\/"},"wordCount":747,"image":{"@id":"https:\/\/www.vaillant.de\/21-grad\/bewusst-und-sein\/urlaub-am-see-nachhaltiger-urlaub-21-grad\/#primaryimage"},"thumbnailUrl":"https:\/\/www.vaillant.de\/21-grad\/wp-content\/uploads\/2021\/07\/Lenzen1-1-scaled.jpg","keywords":["Leben","Nachhaltigkeit"],"articleSection":["Bewusst &amp; Sein"],"inLanguage":"de"},{"@type":"WebPage","@id":"https:\/\/www.vaillant.de\/21-grad\/bewusst-und-sein\/urlaub-am-see-nachhaltiger-urlaub-21-grad\/","url":"https:\/\/www.vaillant.de\/21-grad\/bewusst-und-sein\/urlaub-am-see-nachhaltiger-urlaub-21-grad\/","name":"See in Sicht! | 21 grad","isPartOf":{"@id":"https:\/\/www.vaillant.de\/21-grad\/#website"},"primaryImageOfPage":{"@id":"https:\/\/www.vaillant.de\/21-grad\/bewusst-und-sein\/urlaub-am-see-nachhaltiger-urlaub-21-grad\/#primaryimage"},"image":{"@id":"https:\/\/www.vaillant.de\/21-grad\/bewusst-und-sein\/urlaub-am-see-nachhaltiger-urlaub-21-grad\/#primaryimage"},"thumbnailUrl":"https:\/\/www.vaillant.de\/21-grad\/wp-content\/uploads\/2021\/07\/Lenzen1-1-scaled.jpg","datePublished":"2021-07-09T11:20:40+00:00","dateModified":"2026-01-28T08:53:37+00:00","author":{"@id":"https:\/\/www.vaillant.de\/21-grad\/#\/schema\/person\/0688f4a2058918ae82b953244b8160d9"},"description":"Baden, Paddeln, Surfen, Wandern \u2013 deutsche Seen sind ein hervorragendes Reiseziel f\u00fcr Familien, Wassersportler und Naturbegeisterte.","breadcrumb":{"@id":"https:\/\/www.vaillant.de\/21-grad\/bewusst-und-sein\/urlaub-am-see-nachhaltiger-urlaub-21-grad\/#breadcrumb"},"inLanguage":"de","potentialAction":[{"@type":"ReadAction","target":["https:\/\/www.vaillant.de\/21-grad\/bewusst-und-sein\/urlaub-am-see-nachhaltiger-urlaub-21-grad\/"]}]},{"@type":"ImageObject","inLanguage":"de","@id":"https:\/\/www.vaillant.de\/21-grad\/bewusst-und-sein\/urlaub-am-see-nachhaltiger-urlaub-21-grad\/#primaryimage","url":"https:\/\/www.vaillant.de\/21-grad\/wp-content\/uploads\/2021\/07\/Lenzen1-1-scaled.jpg","contentUrl":"https:\/\/www.vaillant.de\/21-grad\/wp-content\/uploads\/2021\/07\/Lenzen1-1-scaled.jpg","width":2560,"height":1439},{"@type":"BreadcrumbList","@id":"https:\/\/www.vaillant.de\/21-grad\/bewusst-und-sein\/urlaub-am-see-nachhaltiger-urlaub-21-grad\/#breadcrumb","itemListElement":[{"@type":"ListItem","position":1,"name":"Startseite","item":"https:\/\/www.vaillant.de\/21-grad\/"},{"@type":"ListItem","position":2,"name":"See in Sicht!"}]},{"@type":"WebSite","@id":"https:\/\/www.vaillant.de\/21-grad\/#website","url":"https:\/\/www.vaillant.de\/21-grad\/","name":"21 grad","description":"Der Blog f\u00fcr Menschen, die weiterdenken","potentialAction":[{"@type":"SearchAction","target":{"@type":"EntryPoint","urlTemplate":"https:\/\/www.vaillant.de\/21-grad\/?s={search_term_string}"},"query-input":{"@type":"PropertyValueSpecification","valueRequired":true,"valueName":"search_term_string"}}],"inLanguage":"de"},{"@type":"Person","@id":"https:\/\/www.vaillant.de\/21-grad\/#\/schema\/person\/0688f4a2058918ae82b953244b8160d9","name":"Jonas","image":{"@type":"ImageObject","inLanguage":"de","@id":"https:\/\/www.vaillant.de\/21-grad\/wp-content\/uploads\/2025\/04\/Jonas-smal-125x125.jpg09a77e2fccb6ed2f064616ea71935c21","url":"https:\/\/www.vaillant.de\/21-grad\/wp-content\/uploads\/2025\/04\/Jonas-smal-125x125.jpg","contentUrl":"https:\/\/www.vaillant.de\/21-grad\/wp-content\/uploads\/2025\/04\/Jonas-smal-125x125.jpg","caption":"Jonas"},"description":"Bei meiner Arbeit befasse ich mich mit der Identifikation, Analyse und Ansprache von Endverbrauchern. Im Team entwickeln wir Strategien zur Zielgruppensegmentierung, um ma\u00dfgeschneiderte Marketingkampagnen zu erstellen. Interessen In meiner Freizeit ist Sport sehr wichtig. Sei es die eigene k\u00f6rperliche Fitness, Fu\u00dfball oder wenn m\u00f6glich Snowboarden in den Bergen. Wenn du eine Superkraft h\u00e4ttest, welche w\u00e4re das und warum? Ich w\u00fcrde aus zwei Gr\u00fcnden gerne fliegen k\u00f6nnen. Erstens: Ich k\u00f6nnte \u00fcberall schnell hinkommen, ohne unn\u00f6tig im Stau zu stehen. Zweitens: Wenn ich fliege, sehe ich die Welt aus einer anderen Perspektive. Was bringt dich auf die Palme? Mein Hund, wenn er versucht, sein K\u00f6rbchen zu zerst\u00f6ren. Was war der beste Rat, den du jemals erhalten hast? \u201eDer R\u00fcckspiegel im Auto ist kleiner als die Windschutzscheibe, also fokussiere dich auf das, was vor dir ist!\u201c","url":"https:\/\/www.vaillant.de\/21-grad\/autor\/jonas\/"}]}},"_links":{"self":[{"href":"https:\/\/www.vaillant.de\/21-grad\/wp-json\/wp\/v2\/posts\/6372","targetHints":{"allow":["GET"]}}],"collection":[{"href":"https:\/\/www.vaillant.de\/21-grad\/wp-json\/wp\/v2\/posts"}],"about":[{"href":"https:\/\/www.vaillant.de\/21-grad\/wp-json\/wp\/v2\/types\/post"}],"author":[{"embeddable":true,"href":"https:\/\/www.vaillant.de\/21-grad\/wp-json\/wp\/v2\/users\/27"}],"replies":[{"embeddable":true,"href":"https:\/\/www.vaillant.de\/21-grad\/wp-json\/wp\/v2\/comments?post=6372"}],"version-history":[{"count":7,"href":"https:\/\/www.vaillant.de\/21-grad\/wp-json\/wp\/v2\/posts\/6372\/revisions"}],"predecessor-version":[{"id":6394,"href":"https:\/\/www.vaillant.de\/21-grad\/wp-json\/wp\/v2\/posts\/6372\/revisions\/6394"}],"wp:featuredmedia":[{"embeddable":true,"href":"https:\/\/www.vaillant.de\/21-grad\/wp-json\/wp\/v2\/media\/6386"}],"wp:attachment":[{"href":"https:\/\/www.vaillant.de\/21-grad\/wp-json\/wp\/v2\/media?parent=6372"}],"wp:term":[{"taxonomy":"category","embeddable":true,"href":"https:\/\/www.vaillant.de\/21-grad\/wp-json\/wp\/v2\/categories?post=6372"},{"taxonomy":"post_tag","embeddable":true,"href":"https:\/\/www.vaillant.de\/21-grad\/wp-json\/wp\/v2\/tags?post=6372"},{"taxonomy":"author","embeddable":true,"href":"https:\/\/www.vaillant.de\/21-grad\/wp-json\/wp\/v2\/coauthors?post=6372"}],"curies":[{"name":"wp","href":"https:\/\/api.w.org\/{rel}","templated":true}]}}