{"id":6514,"date":"2021-09-01T09:57:15","date_gmt":"2021-09-01T07:57:15","guid":{"rendered":"https:\/\/www.vaillant.de\/21-grad\/?p=6514"},"modified":"2021-10-15T16:00:36","modified_gmt":"2021-10-15T14:00:36","slug":"die-zukunft-des-heizens-klimaneutral-und-hocheffizient","status":"publish","type":"post","link":"https:\/\/www.vaillant.de\/21-grad\/hasen-und-koepfe\/die-zukunft-des-heizens-klimaneutral-und-hocheffizient\/","title":{"rendered":"Die Zukunft des Heizens \u2013 klimaneutral und hocheffizient"},"content":{"rendered":"<p>In deutschen Kellern arbeiteten im letzten Jahr noch 4,8 Millionen \u00d6lheizungen, von denen 30 oder mehr Jahre alte per Gesetz ausgetauscht werden m\u00fcssen. Wenn es nach der Bundesregierung geht, m\u00f6glichst gegen klimafreundliche Modelle. Tillmann von Schroeter sieht in dem Gesamtbestand von 12 Millionen Altanlagen die Chance f\u00fcr Vaillant, einen gro\u00dfen Beitrag zur Klimawende zu leisten. Entsprechend intensiv arbeitet das Unternehmen an neuen Heizsystemen, die perspektivisch CO2-frei sind und auch in bestehende Immobilien eingebunden werden k\u00f6nnen. Da die Remscheider fr\u00fch begonnen haben, ihr Gesch\u00e4ftsmodell auf Ertragsfelder der Zukunft auszurichten, bieten sie neben Gasheizungen vor allem auch W\u00e4rmepumpen, die bei Nutzung von \u00d6kostrom schon heute klimaneutrales Heizen erm\u00f6glichen.<\/p>\n<h2>Vaillant forscht auf 22 Feldern mit dem Ziel der CO2-neutralen Erzeugung von Wohnw\u00e4rme und Warmwasser<\/h2>\n<p><img loading=\"lazy\" decoding=\"async\" class=\"size-medium wp-image-6525 alignright\" src=\"https:\/\/www.vaillant.de\/21-grad\/wp-content\/uploads\/2021\/09\/Tillmann-von-Schroeter-im-Interview_2-348x232.jpg\" alt=\"\" width=\"348\" height=\"232\" srcset=\"https:\/\/www.vaillant.de\/21-grad\/wp-content\/uploads\/2021\/09\/Tillmann-von-Schroeter-im-Interview_2-348x232.jpg 348w, https:\/\/www.vaillant.de\/21-grad\/wp-content\/uploads\/2021\/09\/Tillmann-von-Schroeter-im-Interview_2-720x480.jpg 720w, https:\/\/www.vaillant.de\/21-grad\/wp-content\/uploads\/2021\/09\/Tillmann-von-Schroeter-im-Interview_2-768x512.jpg 768w, https:\/\/www.vaillant.de\/21-grad\/wp-content\/uploads\/2021\/09\/Tillmann-von-Schroeter-im-Interview_2-1536x1024.jpg 1536w, https:\/\/www.vaillant.de\/21-grad\/wp-content\/uploads\/2021\/09\/Tillmann-von-Schroeter-im-Interview_2.jpg 1772w\" sizes=\"auto, (max-width: 348px) 100vw, 348px\" \/>Eins dieser Felder ist die Nutzung von CO2-freien bzw. -armen Gasen wie Wasserstoff, mit denen die Gas-Infrastruktur weitergenutzt werden kann. Tillmann von Schroeter betrachtet Wasserstoffheizungen als sehr gute und wichtige L\u00f6sung, um besonders in Ballungszentren mittel- bis langfristig CO2-frei heizen zu k\u00f6nnen. Auf die Frage, inwiefern die Wasserstoff- und F\u00f6rderstrategien der Bundesregierung die Ausrichtung der Forschung und des eigenen Unternehmens beeinflussen, erwidert er: \u201eAls ein an Nachhaltigkeit ausgerichtetes Familienunternehmen fragen wir uns nicht nur, wie es n\u00e4chstes Jahr weitergeht, sondern auch in zehn, 15, 20 Jahren: Was sind die Chancen und welche technologischen Angebote k\u00f6nnen wir der Politik machen, um die Klimawende erfolgreich zu meistern? Das ist ein Prozess, der schon lange vor der Gesetzgebung beginnt.\u201c<\/p>\n<h2>Vaillant ist seit 2020 klimaneutral<\/h2>\n<p>\u201eAnderen Leuten zu sagen, sie sollen weniger Energie verbrauchen, aber selbst machen, was ich will\u201c, das geht f\u00fcr den Gesch\u00e4ftsf\u00fchrer \u201e\u00fcberhaupt nicht.\u201c Deshalb hat sich Vaillant schon vor zehn Jahren auf den Weg gemacht, seinen Energiekonsum zu reduzieren \u2013 vor allem in den Bereichen Produktion und Fahrzeugflotte. Heute ist das Unternehmen klimaneutral. Da es das aus eigenen Kr\u00e4ften noch nicht schafft, kompensiert es Emissionen durch Investition in Aufforstung und will in den n\u00e4chsten Jahren sogar ein eigenes Aufforstungsprojekt starten.<\/p>\n<h2>Transparenz durch Beratung ebnet Nachhaltigkeit den Weg<\/h2>\n<p>Nun sind W\u00e4rmepumpen zwar nachhaltiger, aber auch teurer als Gasheizungen. Dem begegnet Vaillant mit Aufkl\u00e4rung. Es sei wichtig, in Kundengespr\u00e4chen nicht nur die Anschaffungskosten, sondern auch die laufenden Kosten zu betrachten. Deshalb haben die Remscheider daran gearbeitet, H\u00e4user zu klassifizieren, die bestehende Technik und deren Verbr\u00e4uche zu analysieren und anhand dieser Daten sowohl die Auswirkungen auf das Klima aufzuzeigen als auch die F\u00f6rderm\u00f6glichkeiten f\u00fcr moderne, nachhaltige L\u00f6sungen. Da die Bundesregierung diese massiv unterst\u00fctzt, seien im Jahr 2020 rund viermal mehr Projekte angesto\u00dfen worden als im Vorjahr. Auch seien bei Sanierungen sp\u00fcrbar mehr W\u00e4rmepumpen verbaut worden. \u201eIch glaube, die W\u00e4rmepumpensanierung wird auch in drei, vier Jahren noch stark wachsen, weil wir noch sehr viele alte Heizungen austauschen m\u00fcssen\u201c, so Tillmann von Schroeter.<\/p>\n<h2>Trendthemen \u201eDigitalisierung von Heizsystemen\u201c und \u201eEnergiemanagement im Haus\u201c<\/h2>\n<p><img loading=\"lazy\" decoding=\"async\" class=\"size-medium wp-image-6524 alignleft\" src=\"https:\/\/www.vaillant.de\/21-grad\/wp-content\/uploads\/2021\/09\/Tillmann-von-Schroeter-im-Interview-348x232.jpg\" alt=\"\" width=\"348\" height=\"232\" srcset=\"https:\/\/www.vaillant.de\/21-grad\/wp-content\/uploads\/2021\/09\/Tillmann-von-Schroeter-im-Interview-348x232.jpg 348w, https:\/\/www.vaillant.de\/21-grad\/wp-content\/uploads\/2021\/09\/Tillmann-von-Schroeter-im-Interview-720x480.jpg 720w, https:\/\/www.vaillant.de\/21-grad\/wp-content\/uploads\/2021\/09\/Tillmann-von-Schroeter-im-Interview-768x512.jpg 768w, https:\/\/www.vaillant.de\/21-grad\/wp-content\/uploads\/2021\/09\/Tillmann-von-Schroeter-im-Interview-1536x1024.jpg 1536w, https:\/\/www.vaillant.de\/21-grad\/wp-content\/uploads\/2021\/09\/Tillmann-von-Schroeter-im-Interview.jpg 1772w\" sizes=\"auto, (max-width: 348px) 100vw, 348px\" \/>Auch auf diesen Feldern forscht Vaillant intensiv. So erh\u00f6ht die Digitalisierung der Heizsysteme nicht nur deren Effizienz, sondern auch den Komfort f\u00fcr die Kunden \u2013 zum Beispiel durch Fernwartung. Diese tr\u00e4gt dazu bei, dass die Heizungen immer im optimalen Zustand fahren, und sie warnt, sobald nachjustiert werden muss. Ein weiteres Zukunftsthema ist die Verbesserung des Energiemanagements im Haus. Vaillant ist davon \u00fcberzeugt, seinen Kunden auch hier spannende L\u00f6sungen bieten zu k\u00f6nnen. L\u00f6sungen, mit denen sich laut von Schroeter auch das eigene Gesch\u00e4ftsmodell weiterentwickeln wird.<\/p>\n<h2>Inhouse-Forschung mit l\u00e4ngerer Anlaufkurve, aber leichter zu skalierenden Ergebnissen<\/h2>\n<p>Im Gegensatz zu vielen anderen Unternehmen lagert Vaillant seine Forschung nicht aus. Stattdessen schafft man lieber im eigenen Unternehmen die ben\u00f6tigten Freiheitsgrade. Diese interne Forschung f\u00fchre laut Tillmann von Schroeter zwar wom\u00f6glich zu l\u00e4ngeren Anlaufkurven, erlaube aber auch ein leichteres Skalieren der Ergebnisse. Auch sei innovieren von innen eine Herausforderung an die Organisation, die lernen m\u00fcsse, Themen schneller zu adressieren und die notwendigen Ressourcen bereitzustellen. Eine spannende Aufgabe, die er \u201egerne begleitet\u201c.<\/p>\n<p>Wenn du jetzt einen noch tieferen Einblick in eines der \u00e4ltesten Familienunternehmen Deutschlands erhalten m\u00f6chtest, dann h\u00f6re dir jetzt den <a href=\"https:\/\/www.handelsblatt.com\/adv\/soklingtwirtschaft\/vaillant-im-podcast-die-zukunft-des-heizens-klimaneutral-und-hocheffizient\/26856848.html?ticket=ST-639270-bMu7nT6zNko0LE54G0N9-cas01.example.org\" target=\"_blank\" rel=\"noopener\">Podcast mit Tillmann von Schroeter<\/a> an.<\/p>\n","protected":false},"excerpt":{"rendered":"<p>Seit 1874 baut Vaillant Heizungen. Diese heizen immer gr\u00fcner \u2013 im besten Fall klimaneutral. Wie das Unternehmen seine Produkte st\u00e4ndig weiterentwickelt, erkl\u00e4rt Gesch\u00e4ftsf\u00fchrer Tillmann von Schroeter im Podcast \u201eSo klingt Wirtschaft\u201c der Solutions by Handelsblatt. <\/p>\n","protected":false},"author":6,"featured_media":6516,"comment_status":"open","ping_status":"open","sticky":false,"template":"","format":"standard","meta":{"footnotes":""},"categories":[6],"tags":[208,176,174],"coauthors":[70],"class_list":["post-6514","post","type-post","status-publish","format-standard","has-post-thumbnail","hentry","category-hasen-und-koepfe","tag-heizen","tag-interviews","tag-marktinfos"],"yoast_head":"<!-- This site is optimized with the Yoast SEO plugin v27.4 - https:\/\/yoast.com\/product\/yoast-seo-wordpress\/ -->\n<title>Die Zukunft des Heizens \u2013 klimaneutral &amp; hocheffizient | 21 grad<\/title>\n<meta name=\"description\" content=\"Heizungen von Vaillant heizen immer gr\u00fcner. Im Podcast &quot;So klingt Wirtschaft&quot; gibt Gesch\u00e4ftsf\u00fchrer T. von Schroeter Einblicke in die Produktentwicklung.\" \/>\n<meta name=\"robots\" content=\"index, follow, max-snippet:-1, max-image-preview:large, max-video-preview:-1\" \/>\n<link rel=\"canonical\" href=\"https:\/\/www.vaillant.de\/21-grad\/hasen-und-koepfe\/die-zukunft-des-heizens-klimaneutral-und-hocheffizient\/\" \/>\n<meta property=\"og:locale\" content=\"de_DE\" \/>\n<meta property=\"og:type\" content=\"article\" \/>\n<meta property=\"og:title\" content=\"Die Zukunft des Heizens \u2013 klimaneutral &amp; hocheffizient | 21 grad\" \/>\n<meta property=\"og:description\" content=\"Heizungen von Vaillant heizen immer gr\u00fcner. Im Podcast &quot;So klingt Wirtschaft&quot; gibt Gesch\u00e4ftsf\u00fchrer T. von Schroeter Einblicke in die Produktentwicklung.\" \/>\n<meta property=\"og:url\" content=\"https:\/\/www.vaillant.de\/21-grad\/hasen-und-koepfe\/die-zukunft-des-heizens-klimaneutral-und-hocheffizient\/\" \/>\n<meta property=\"og:site_name\" content=\"21 grad\" \/>\n<meta property=\"article:publisher\" content=\"https:\/\/www.facebook.com\/21grad\/\" \/>\n<meta property=\"article:published_time\" content=\"2021-09-01T07:57:15+00:00\" \/>\n<meta property=\"article:modified_time\" content=\"2021-10-15T14:00:36+00:00\" \/>\n<meta property=\"og:image\" content=\"https:\/\/www.vaillant.de\/21-grad\/wp-content\/uploads\/2021\/09\/STILL12_4624_00.jpg\" \/>\n\t<meta property=\"og:image:width\" content=\"940\" \/>\n\t<meta property=\"og:image:height\" content=\"480\" \/>\n\t<meta property=\"og:image:type\" content=\"image\/jpeg\" \/>\n<meta name=\"author\" content=\"Marcus\" \/>\n<meta name=\"twitter:card\" content=\"summary_large_image\" \/>\n<meta name=\"twitter:creator\" content=\"@vaillant_de\" \/>\n<meta name=\"twitter:site\" content=\"@vaillant_de\" \/>\n<meta name=\"twitter:label1\" content=\"Verfasst von\" \/>\n\t<meta name=\"twitter:data1\" content=\"Marcus\" \/>\n\t<meta name=\"twitter:label2\" content=\"Gesch\u00e4tzte Lesezeit\" \/>\n\t<meta name=\"twitter:data2\" content=\"4\u00a0Minuten\" \/>\n\t<meta name=\"twitter:label3\" content=\"Written by\" \/>\n\t<meta name=\"twitter:data3\" content=\"Marcus\" \/>\n<script type=\"application\/ld+json\" class=\"yoast-schema-graph\">{\"@context\":\"https:\\\/\\\/schema.org\",\"@graph\":[{\"@type\":\"Article\",\"@id\":\"https:\\\/\\\/www.vaillant.de\\\/21-grad\\\/hasen-und-koepfe\\\/die-zukunft-des-heizens-klimaneutral-und-hocheffizient\\\/#article\",\"isPartOf\":{\"@id\":\"https:\\\/\\\/www.vaillant.de\\\/21-grad\\\/hasen-und-koepfe\\\/die-zukunft-des-heizens-klimaneutral-und-hocheffizient\\\/\"},\"author\":{\"name\":\"Marcus\",\"@id\":\"https:\\\/\\\/www.vaillant.de\\\/21-grad\\\/#\\\/schema\\\/person\\\/d79d2ba98cd3da7ae5877706050352da\"},\"headline\":\"Die Zukunft des Heizens \u2013 klimaneutral und hocheffizient\",\"datePublished\":\"2021-09-01T07:57:15+00:00\",\"dateModified\":\"2021-10-15T14:00:36+00:00\",\"mainEntityOfPage\":{\"@id\":\"https:\\\/\\\/www.vaillant.de\\\/21-grad\\\/hasen-und-koepfe\\\/die-zukunft-des-heizens-klimaneutral-und-hocheffizient\\\/\"},\"wordCount\":699,\"commentCount\":0,\"image\":{\"@id\":\"https:\\\/\\\/www.vaillant.de\\\/21-grad\\\/hasen-und-koepfe\\\/die-zukunft-des-heizens-klimaneutral-und-hocheffizient\\\/#primaryimage\"},\"thumbnailUrl\":\"https:\\\/\\\/www.vaillant.de\\\/21-grad\\\/wp-content\\\/uploads\\\/2021\\\/09\\\/STILL12_4624_00.jpg\",\"keywords\":[\"Heizen\",\"Interviews\",\"Marktinfos\"],\"articleSection\":[\"Hasen &amp; K\u00f6pfe\"],\"inLanguage\":\"de\",\"potentialAction\":[{\"@type\":\"CommentAction\",\"name\":\"Comment\",\"target\":[\"https:\\\/\\\/www.vaillant.de\\\/21-grad\\\/hasen-und-koepfe\\\/die-zukunft-des-heizens-klimaneutral-und-hocheffizient\\\/#respond\"]}]},{\"@type\":\"WebPage\",\"@id\":\"https:\\\/\\\/www.vaillant.de\\\/21-grad\\\/hasen-und-koepfe\\\/die-zukunft-des-heizens-klimaneutral-und-hocheffizient\\\/\",\"url\":\"https:\\\/\\\/www.vaillant.de\\\/21-grad\\\/hasen-und-koepfe\\\/die-zukunft-des-heizens-klimaneutral-und-hocheffizient\\\/\",\"name\":\"Die Zukunft des Heizens \u2013 klimaneutral & hocheffizient | 21 grad\",\"isPartOf\":{\"@id\":\"https:\\\/\\\/www.vaillant.de\\\/21-grad\\\/#website\"},\"primaryImageOfPage\":{\"@id\":\"https:\\\/\\\/www.vaillant.de\\\/21-grad\\\/hasen-und-koepfe\\\/die-zukunft-des-heizens-klimaneutral-und-hocheffizient\\\/#primaryimage\"},\"image\":{\"@id\":\"https:\\\/\\\/www.vaillant.de\\\/21-grad\\\/hasen-und-koepfe\\\/die-zukunft-des-heizens-klimaneutral-und-hocheffizient\\\/#primaryimage\"},\"thumbnailUrl\":\"https:\\\/\\\/www.vaillant.de\\\/21-grad\\\/wp-content\\\/uploads\\\/2021\\\/09\\\/STILL12_4624_00.jpg\",\"datePublished\":\"2021-09-01T07:57:15+00:00\",\"dateModified\":\"2021-10-15T14:00:36+00:00\",\"author\":{\"@id\":\"https:\\\/\\\/www.vaillant.de\\\/21-grad\\\/#\\\/schema\\\/person\\\/d79d2ba98cd3da7ae5877706050352da\"},\"description\":\"Heizungen von Vaillant heizen immer gr\u00fcner. Im Podcast \\\"So klingt Wirtschaft\\\" gibt Gesch\u00e4ftsf\u00fchrer T. von Schroeter Einblicke in die Produktentwicklung.\",\"breadcrumb\":{\"@id\":\"https:\\\/\\\/www.vaillant.de\\\/21-grad\\\/hasen-und-koepfe\\\/die-zukunft-des-heizens-klimaneutral-und-hocheffizient\\\/#breadcrumb\"},\"inLanguage\":\"de\",\"potentialAction\":[{\"@type\":\"ReadAction\",\"target\":[\"https:\\\/\\\/www.vaillant.de\\\/21-grad\\\/hasen-und-koepfe\\\/die-zukunft-des-heizens-klimaneutral-und-hocheffizient\\\/\"]}]},{\"@type\":\"ImageObject\",\"inLanguage\":\"de\",\"@id\":\"https:\\\/\\\/www.vaillant.de\\\/21-grad\\\/hasen-und-koepfe\\\/die-zukunft-des-heizens-klimaneutral-und-hocheffizient\\\/#primaryimage\",\"url\":\"https:\\\/\\\/www.vaillant.de\\\/21-grad\\\/wp-content\\\/uploads\\\/2021\\\/09\\\/STILL12_4624_00.jpg\",\"contentUrl\":\"https:\\\/\\\/www.vaillant.de\\\/21-grad\\\/wp-content\\\/uploads\\\/2021\\\/09\\\/STILL12_4624_00.jpg\",\"width\":940,\"height\":480,\"caption\":\"M\u00e4dchen mit Pflanze in den H\u00e4nden\"},{\"@type\":\"BreadcrumbList\",\"@id\":\"https:\\\/\\\/www.vaillant.de\\\/21-grad\\\/hasen-und-koepfe\\\/die-zukunft-des-heizens-klimaneutral-und-hocheffizient\\\/#breadcrumb\",\"itemListElement\":[{\"@type\":\"ListItem\",\"position\":1,\"name\":\"Startseite\",\"item\":\"https:\\\/\\\/www.vaillant.de\\\/21-grad\\\/\"},{\"@type\":\"ListItem\",\"position\":2,\"name\":\"Die Zukunft des Heizens \u2013 klimaneutral und hocheffizient\"}]},{\"@type\":\"WebSite\",\"@id\":\"https:\\\/\\\/www.vaillant.de\\\/21-grad\\\/#website\",\"url\":\"https:\\\/\\\/www.vaillant.de\\\/21-grad\\\/\",\"name\":\"21 grad\",\"description\":\"Der Blog f\u00fcr Menschen, die weiterdenken\",\"potentialAction\":[{\"@type\":\"SearchAction\",\"target\":{\"@type\":\"EntryPoint\",\"urlTemplate\":\"https:\\\/\\\/www.vaillant.de\\\/21-grad\\\/?s={search_term_string}\"},\"query-input\":{\"@type\":\"PropertyValueSpecification\",\"valueRequired\":true,\"valueName\":\"search_term_string\"}}],\"inLanguage\":\"de\"},{\"@type\":\"Person\",\"@id\":\"https:\\\/\\\/www.vaillant.de\\\/21-grad\\\/#\\\/schema\\\/person\\\/d79d2ba98cd3da7ae5877706050352da\",\"name\":\"Marcus\",\"image\":{\"@type\":\"ImageObject\",\"inLanguage\":\"de\",\"@id\":\"https:\\\/\\\/www.vaillant.de\\\/21-grad\\\/wp-content\\\/uploads\\\/2026\\\/01\\\/Marcus-125x125.jpg9d3430f1bc55d5a5d47a1162a14ae1af\",\"url\":\"https:\\\/\\\/www.vaillant.de\\\/21-grad\\\/wp-content\\\/uploads\\\/2026\\\/01\\\/Marcus-125x125.jpg\",\"contentUrl\":\"https:\\\/\\\/www.vaillant.de\\\/21-grad\\\/wp-content\\\/uploads\\\/2026\\\/01\\\/Marcus-125x125.jpg\",\"caption\":\"Marcus\"},\"description\":\"Willkommen in der wunderbaren Welt des 21grad Blogs. Als Medien- und Kooperationsmanager bin ich bei Vaillant Deutschland u.a. f\u00fcr unsere Fach- und Branchenkommunikation zust\u00e4ndig. Ich freue mich auf den Dialog mit Euch. :-) Nachhaltigkeit Bewusster Konsum und soziales Engagement liegen mir sehr am Herzen. Zuhause nutze ich \u00d6kostrom und Biogas, bei Lebensmitteln sind mir Labels wie Fair-Trade oder Bio sehr wichtig. Ich bin Sportwart beim Tennisclub Gr\u00fcn-Wei\u00df Lennep und engagiere mich auch f\u00fcr Aktion Mensch oder SOS-Kinderdorf. Interessen Unternehmungen mit Familie und Freunden, Tennis, Rock-Konzerte, Kino, B\u00fccher (z.B. Hornby, Eschbach, Uschmann) Was wolltest du als Kind gerne werden? Um es mit den \u00c4rzten zu sagen: Popstar, Bademeister oder Astronaut Was bringt dich auf die Palme? Menschen, die Schuld immer bei anderen suchen oder auch nat\u00fcrlich eine leckere Kokosnuss Was war der beste Rat, den du jemals erhalten hast? \u201eDenke in L\u00f6sungen, nicht in Problemen.\u201c\",\"url\":\"https:\\\/\\\/www.vaillant.de\\\/21-grad\\\/autor\\\/marcus\\\/\"}]}<\/script>\n<!-- \/ Yoast SEO plugin. -->","yoast_head_json":{"title":"Die Zukunft des Heizens \u2013 klimaneutral & hocheffizient | 21 grad","description":"Heizungen von Vaillant heizen immer gr\u00fcner. Im Podcast \"So klingt Wirtschaft\" gibt Gesch\u00e4ftsf\u00fchrer T. von Schroeter Einblicke in die Produktentwicklung.","robots":{"index":"index","follow":"follow","max-snippet":"max-snippet:-1","max-image-preview":"max-image-preview:large","max-video-preview":"max-video-preview:-1"},"canonical":"https:\/\/www.vaillant.de\/21-grad\/hasen-und-koepfe\/die-zukunft-des-heizens-klimaneutral-und-hocheffizient\/","og_locale":"de_DE","og_type":"article","og_title":"Die Zukunft des Heizens \u2013 klimaneutral & hocheffizient | 21 grad","og_description":"Heizungen von Vaillant heizen immer gr\u00fcner. Im Podcast \"So klingt Wirtschaft\" gibt Gesch\u00e4ftsf\u00fchrer T. von Schroeter Einblicke in die Produktentwicklung.","og_url":"https:\/\/www.vaillant.de\/21-grad\/hasen-und-koepfe\/die-zukunft-des-heizens-klimaneutral-und-hocheffizient\/","og_site_name":"21 grad","article_publisher":"https:\/\/www.facebook.com\/21grad\/","article_published_time":"2021-09-01T07:57:15+00:00","article_modified_time":"2021-10-15T14:00:36+00:00","og_image":[{"width":940,"height":480,"url":"https:\/\/www.vaillant.de\/21-grad\/wp-content\/uploads\/2021\/09\/STILL12_4624_00.jpg","type":"image\/jpeg"}],"author":"Marcus","twitter_card":"summary_large_image","twitter_creator":"@vaillant_de","twitter_site":"@vaillant_de","twitter_misc":{"Verfasst von":"Marcus","Gesch\u00e4tzte Lesezeit":"4\u00a0Minuten","Written by":"Marcus"},"schema":{"@context":"https:\/\/schema.org","@graph":[{"@type":"Article","@id":"https:\/\/www.vaillant.de\/21-grad\/hasen-und-koepfe\/die-zukunft-des-heizens-klimaneutral-und-hocheffizient\/#article","isPartOf":{"@id":"https:\/\/www.vaillant.de\/21-grad\/hasen-und-koepfe\/die-zukunft-des-heizens-klimaneutral-und-hocheffizient\/"},"author":{"name":"Marcus","@id":"https:\/\/www.vaillant.de\/21-grad\/#\/schema\/person\/d79d2ba98cd3da7ae5877706050352da"},"headline":"Die Zukunft des Heizens \u2013 klimaneutral und hocheffizient","datePublished":"2021-09-01T07:57:15+00:00","dateModified":"2021-10-15T14:00:36+00:00","mainEntityOfPage":{"@id":"https:\/\/www.vaillant.de\/21-grad\/hasen-und-koepfe\/die-zukunft-des-heizens-klimaneutral-und-hocheffizient\/"},"wordCount":699,"commentCount":0,"image":{"@id":"https:\/\/www.vaillant.de\/21-grad\/hasen-und-koepfe\/die-zukunft-des-heizens-klimaneutral-und-hocheffizient\/#primaryimage"},"thumbnailUrl":"https:\/\/www.vaillant.de\/21-grad\/wp-content\/uploads\/2021\/09\/STILL12_4624_00.jpg","keywords":["Heizen","Interviews","Marktinfos"],"articleSection":["Hasen &amp; K\u00f6pfe"],"inLanguage":"de","potentialAction":[{"@type":"CommentAction","name":"Comment","target":["https:\/\/www.vaillant.de\/21-grad\/hasen-und-koepfe\/die-zukunft-des-heizens-klimaneutral-und-hocheffizient\/#respond"]}]},{"@type":"WebPage","@id":"https:\/\/www.vaillant.de\/21-grad\/hasen-und-koepfe\/die-zukunft-des-heizens-klimaneutral-und-hocheffizient\/","url":"https:\/\/www.vaillant.de\/21-grad\/hasen-und-koepfe\/die-zukunft-des-heizens-klimaneutral-und-hocheffizient\/","name":"Die Zukunft des Heizens \u2013 klimaneutral & hocheffizient | 21 grad","isPartOf":{"@id":"https:\/\/www.vaillant.de\/21-grad\/#website"},"primaryImageOfPage":{"@id":"https:\/\/www.vaillant.de\/21-grad\/hasen-und-koepfe\/die-zukunft-des-heizens-klimaneutral-und-hocheffizient\/#primaryimage"},"image":{"@id":"https:\/\/www.vaillant.de\/21-grad\/hasen-und-koepfe\/die-zukunft-des-heizens-klimaneutral-und-hocheffizient\/#primaryimage"},"thumbnailUrl":"https:\/\/www.vaillant.de\/21-grad\/wp-content\/uploads\/2021\/09\/STILL12_4624_00.jpg","datePublished":"2021-09-01T07:57:15+00:00","dateModified":"2021-10-15T14:00:36+00:00","author":{"@id":"https:\/\/www.vaillant.de\/21-grad\/#\/schema\/person\/d79d2ba98cd3da7ae5877706050352da"},"description":"Heizungen von Vaillant heizen immer gr\u00fcner. Im Podcast \"So klingt Wirtschaft\" gibt Gesch\u00e4ftsf\u00fchrer T. von Schroeter Einblicke in die Produktentwicklung.","breadcrumb":{"@id":"https:\/\/www.vaillant.de\/21-grad\/hasen-und-koepfe\/die-zukunft-des-heizens-klimaneutral-und-hocheffizient\/#breadcrumb"},"inLanguage":"de","potentialAction":[{"@type":"ReadAction","target":["https:\/\/www.vaillant.de\/21-grad\/hasen-und-koepfe\/die-zukunft-des-heizens-klimaneutral-und-hocheffizient\/"]}]},{"@type":"ImageObject","inLanguage":"de","@id":"https:\/\/www.vaillant.de\/21-grad\/hasen-und-koepfe\/die-zukunft-des-heizens-klimaneutral-und-hocheffizient\/#primaryimage","url":"https:\/\/www.vaillant.de\/21-grad\/wp-content\/uploads\/2021\/09\/STILL12_4624_00.jpg","contentUrl":"https:\/\/www.vaillant.de\/21-grad\/wp-content\/uploads\/2021\/09\/STILL12_4624_00.jpg","width":940,"height":480,"caption":"M\u00e4dchen mit Pflanze in den H\u00e4nden"},{"@type":"BreadcrumbList","@id":"https:\/\/www.vaillant.de\/21-grad\/hasen-und-koepfe\/die-zukunft-des-heizens-klimaneutral-und-hocheffizient\/#breadcrumb","itemListElement":[{"@type":"ListItem","position":1,"name":"Startseite","item":"https:\/\/www.vaillant.de\/21-grad\/"},{"@type":"ListItem","position":2,"name":"Die Zukunft des Heizens \u2013 klimaneutral und hocheffizient"}]},{"@type":"WebSite","@id":"https:\/\/www.vaillant.de\/21-grad\/#website","url":"https:\/\/www.vaillant.de\/21-grad\/","name":"21 grad","description":"Der Blog f\u00fcr Menschen, die weiterdenken","potentialAction":[{"@type":"SearchAction","target":{"@type":"EntryPoint","urlTemplate":"https:\/\/www.vaillant.de\/21-grad\/?s={search_term_string}"},"query-input":{"@type":"PropertyValueSpecification","valueRequired":true,"valueName":"search_term_string"}}],"inLanguage":"de"},{"@type":"Person","@id":"https:\/\/www.vaillant.de\/21-grad\/#\/schema\/person\/d79d2ba98cd3da7ae5877706050352da","name":"Marcus","image":{"@type":"ImageObject","inLanguage":"de","@id":"https:\/\/www.vaillant.de\/21-grad\/wp-content\/uploads\/2026\/01\/Marcus-125x125.jpg9d3430f1bc55d5a5d47a1162a14ae1af","url":"https:\/\/www.vaillant.de\/21-grad\/wp-content\/uploads\/2026\/01\/Marcus-125x125.jpg","contentUrl":"https:\/\/www.vaillant.de\/21-grad\/wp-content\/uploads\/2026\/01\/Marcus-125x125.jpg","caption":"Marcus"},"description":"Willkommen in der wunderbaren Welt des 21grad Blogs. Als Medien- und Kooperationsmanager bin ich bei Vaillant Deutschland u.a. f\u00fcr unsere Fach- und Branchenkommunikation zust\u00e4ndig. Ich freue mich auf den Dialog mit Euch. :-) Nachhaltigkeit Bewusster Konsum und soziales Engagement liegen mir sehr am Herzen. Zuhause nutze ich \u00d6kostrom und Biogas, bei Lebensmitteln sind mir Labels wie Fair-Trade oder Bio sehr wichtig. Ich bin Sportwart beim Tennisclub Gr\u00fcn-Wei\u00df Lennep und engagiere mich auch f\u00fcr Aktion Mensch oder SOS-Kinderdorf. Interessen Unternehmungen mit Familie und Freunden, Tennis, Rock-Konzerte, Kino, B\u00fccher (z.B. Hornby, Eschbach, Uschmann) Was wolltest du als Kind gerne werden? Um es mit den \u00c4rzten zu sagen: Popstar, Bademeister oder Astronaut Was bringt dich auf die Palme? Menschen, die Schuld immer bei anderen suchen oder auch nat\u00fcrlich eine leckere Kokosnuss Was war der beste Rat, den du jemals erhalten hast? \u201eDenke in L\u00f6sungen, nicht in Problemen.\u201c","url":"https:\/\/www.vaillant.de\/21-grad\/autor\/marcus\/"}]}},"_links":{"self":[{"href":"https:\/\/www.vaillant.de\/21-grad\/wp-json\/wp\/v2\/posts\/6514","targetHints":{"allow":["GET"]}}],"collection":[{"href":"https:\/\/www.vaillant.de\/21-grad\/wp-json\/wp\/v2\/posts"}],"about":[{"href":"https:\/\/www.vaillant.de\/21-grad\/wp-json\/wp\/v2\/types\/post"}],"author":[{"embeddable":true,"href":"https:\/\/www.vaillant.de\/21-grad\/wp-json\/wp\/v2\/users\/6"}],"replies":[{"embeddable":true,"href":"https:\/\/www.vaillant.de\/21-grad\/wp-json\/wp\/v2\/comments?post=6514"}],"version-history":[{"count":5,"href":"https:\/\/www.vaillant.de\/21-grad\/wp-json\/wp\/v2\/posts\/6514\/revisions"}],"predecessor-version":[{"id":6673,"href":"https:\/\/www.vaillant.de\/21-grad\/wp-json\/wp\/v2\/posts\/6514\/revisions\/6673"}],"wp:featuredmedia":[{"embeddable":true,"href":"https:\/\/www.vaillant.de\/21-grad\/wp-json\/wp\/v2\/media\/6516"}],"wp:attachment":[{"href":"https:\/\/www.vaillant.de\/21-grad\/wp-json\/wp\/v2\/media?parent=6514"}],"wp:term":[{"taxonomy":"category","embeddable":true,"href":"https:\/\/www.vaillant.de\/21-grad\/wp-json\/wp\/v2\/categories?post=6514"},{"taxonomy":"post_tag","embeddable":true,"href":"https:\/\/www.vaillant.de\/21-grad\/wp-json\/wp\/v2\/tags?post=6514"},{"taxonomy":"author","embeddable":true,"href":"https:\/\/www.vaillant.de\/21-grad\/wp-json\/wp\/v2\/coauthors?post=6514"}],"curies":[{"name":"wp","href":"https:\/\/api.w.org\/{rel}","templated":true}]}}