{"id":6555,"date":"2021-09-21T14:20:41","date_gmt":"2021-09-21T12:20:41","guid":{"rendered":"https:\/\/www.vaillant.de\/21-grad\/?p=6555"},"modified":"2023-05-02T11:11:51","modified_gmt":"2023-05-02T09:11:51","slug":"eine-waermepumpe-fuer-den-altbau-geht-das-ueberhaupt-teil-2","status":"publish","type":"post","link":"https:\/\/www.vaillant.de\/21-grad\/wissen-und-wert\/eine-waermepumpe-fuer-den-altbau-geht-das-ueberhaupt-teil-2\/","title":{"rendered":"Eine W\u00e4rmepumpe f\u00fcr den Altbau \u2013 geht das \u00fcberhaupt? \u2013 TEIL 2"},"content":{"rendered":"<h2>Mit den typischen Heizk\u00f6rpern brauche ich im Altbau doch viel h\u00f6here Temperaturen als sie mir eine W\u00e4rmepumpe liefern kann!<\/h2>\n<p><a href=\"https:\/\/www.vaillant.de\/21-grad\/wp-content\/uploads\/2021\/09\/HP18_35875_01.jpg\"><img loading=\"lazy\" decoding=\"async\" class=\"alignright size-medium wp-image-6559\" src=\"https:\/\/www.vaillant.de\/21-grad\/wp-content\/uploads\/2021\/09\/HP18_35875_01-349x232.jpg\" alt=\"Haus mit W\u00e4rmepumpe im Winter\" width=\"349\" height=\"232\" srcset=\"https:\/\/www.vaillant.de\/21-grad\/wp-content\/uploads\/2021\/09\/HP18_35875_01-349x232.jpg 349w, https:\/\/www.vaillant.de\/21-grad\/wp-content\/uploads\/2021\/09\/HP18_35875_01-721x480.jpg 721w, https:\/\/www.vaillant.de\/21-grad\/wp-content\/uploads\/2021\/09\/HP18_35875_01-768x511.jpg 768w, https:\/\/www.vaillant.de\/21-grad\/wp-content\/uploads\/2021\/09\/HP18_35875_01.jpg 1500w\" sizes=\"auto, (max-width: 349px) 100vw, 349px\" \/><\/a>Zun\u00e4chst einmal: Es ist richtig, dass alte Heizanlagen oft auf hohe Wassertemperaturen \u2013 die sogenannte Vorlauftemperatur \u2013 eingestellt sind. Der Grund: Fr\u00fcher waren fossile Energietr\u00e4ger vergleichsweise g\u00fcnstig und es wurde oftmals mit einem erheblichen \u201eSicherheitszuschlag\u201c bei der Vorlauftemperatur kalkuliert. Das ist heute nicht mehr n\u00f6tig und auch nicht mehr w\u00fcnschenswert. Denn jedes Grad Vorlauftemperatur zu viel ben\u00f6tigt erheblich mehr Energie. Das treibt nicht nur die Heizkosten in die H\u00f6he sondern sorgt auch f\u00fcr einen h\u00f6heren CO<sub>2<\/sub>-Aussto\u00df der Heizanlage.<\/p>\n<p>Auch richtig ist es, dass W\u00e4rmepumpen am effizientesten arbeiten, wenn die Vorlauftemperatur gering ist. Ideal sind 35 \u00b0C, die mit einer Fl\u00e4chenheizung wie der Fu\u00dfbodenheizung am besten erreicht werden k\u00f6nnen. Moderne W\u00e4rmepumpen k\u00f6nnen jedoch auch effizient viel h\u00f6here Temperaturen erzeugen. In Zusammenarbeit mit Radiatoren sollten aber 55 \u00b0C Vorlauftemperatur nicht \u00fcberschritten werden, damit die W\u00e4rmepumpe wirtschaftlich arbeiten kann.<\/p>\n<p>\u00c4ltere Heizanlagen mit den typischen Heizk\u00f6rpern wurden fr\u00fcher aber in der Regel viel zu gro\u00df ausgelegt. Deswegen bietet die Heizleistung dieser Radiatoren gen\u00fcgend Reserven, um auch bei einer geringeren Temperatur in der Heizanlage noch die W\u00e4rmeleistung zu erbringen, die gebraucht wird, um einen Raum zu erw\u00e4rmen. Der gut ausgebildete und erfahrene Fachhandwerker wird deshalb im Altbau in jedem Raum die Heizleistung des Heizk\u00f6rpers berechnen und pr\u00fcfen, ob die ben\u00f6tigte Heizleistung auch mit einer geringeren Temperatur des Heizwassers erreicht werden kann. Das wird in der Regel der Fall sein. Reicht einmal die Fl\u00e4che eines Heizk\u00f6rpers nicht f\u00fcr die geringere Vorlauftemperatur aus, kann er einfach durch einen Heizk\u00f6rper mit einer gr\u00f6\u00dferen W\u00e4rmeleistung ersetzt werden. Auch der Austausch von Heizk\u00f6rpern wird im Altbau gef\u00f6rdert.<\/p>\n<h2>Die Effizienzzahlen von W\u00e4rmepumpen sind doch durch die Hersteller sch\u00f6ngerechnet. In der Praxis sieht der Verbrauch dann doch ganz anders aus!<\/h2>\n<p><a href=\"https:\/\/www.vaillant.de\/21-grad\/wp-content\/uploads\/2021\/09\/HP19_309010_01.jpg\"><img loading=\"lazy\" decoding=\"async\" class=\"alignleft size-medium wp-image-6560\" src=\"https:\/\/www.vaillant.de\/21-grad\/wp-content\/uploads\/2021\/09\/HP19_309010_01-352x232.jpg\" alt=\"W\u00e4rmepumpe\" width=\"352\" height=\"232\" srcset=\"https:\/\/www.vaillant.de\/21-grad\/wp-content\/uploads\/2021\/09\/HP19_309010_01-352x232.jpg 352w, https:\/\/www.vaillant.de\/21-grad\/wp-content\/uploads\/2021\/09\/HP19_309010_01-727x480.jpg 727w, https:\/\/www.vaillant.de\/21-grad\/wp-content\/uploads\/2021\/09\/HP19_309010_01-768x507.jpg 768w, https:\/\/www.vaillant.de\/21-grad\/wp-content\/uploads\/2021\/09\/HP19_309010_01.jpg 1500w\" sizes=\"auto, (max-width: 352px) 100vw, 352px\" \/><\/a>Die Herstellerangaben zur Jahresarbeitszahl einer W\u00e4rmepumpe beziehen sich auf vorgegebene Normen und Richtlinien. Eine Abweichung zwischen Theorie und Praxis ist aufgrund der Bedingungen in diesen Vorgaben nicht ungew\u00f6hnlich. So wird in den gesetzlichen Vorgaben z. B. eine Raumtemperatur von 20 \u00b0C angenommen, w\u00e4hrend in der Praxis eher Temperaturen von 22 \u00b0C gew\u00fcnscht werden.<\/p>\n<p>Mit dem EU-Energieeffizienzlabel lassen sich W\u00e4rmepumpen hinsichtlich ihrer Wirtschaftlichkeit untereinander vergleichen. Um das gew\u00e4hrleisten zu k\u00f6nnen, sind standardisierte Messverfahren notwendig, an die sich alle Hersteller halten m\u00fcssen. Auch aus dem Energieeffizienzlabel kann man jedoch keinen direkten Energieverbrauch f\u00fcr sein Haus ableiten, da die jeweiligen Verbrauchsgewohnheiten der Nutzer erhebliche Unterschiede aufweisen. Der eine ist z. B. mit 20 \u00b0C Raumtemperatur zufrieden und duscht nur einmal die Woche w\u00e4hrend der andere 23 \u00b0C Raumtemperatur braucht und t\u00e4glich ausgiebig duscht.<\/p>\n<p>W\u00e4rmepumpen sind aber die einzigen W\u00e4rmeerzeuger, bei denen sich die Effizienz im jeweiligen Geb\u00e4ude sofort ableiten l\u00e4sst. Denn die F\u00f6rderrichtlinien schreiben den Einbau von Strom- und W\u00e4rmemengenz\u00e4hlern vor. Das kann mit separaten Instrumenten oder \u00fcber den integrierten W\u00e4rmepumpenregler erfolgen.<\/p>\n<h2>Die Planung einer W\u00e4rmepumpe ist doch viel komplizierter als die Planung eines Gas-Brennwertger\u00e4tes. Das k\u00f6nnen doch nur wenige Fachhandwerker wirklich richtig!<\/h2>\n<p>Die Planung einer <a href=\"https:\/\/www.vaillant.de\/heizung\/heizung-verstehen\/technologie-verstehen\/waermepumpe\/waermepumpe-im-altbau\/\" target=\"_blank\" rel=\"noopener\">W\u00e4rmepumpe im Altbau<\/a> ist in der Tat aufwendiger und zeitintensiver als die Planung eines Gas-Brennwertger\u00e4tes. Denn Gas-Brennwertger\u00e4te wurden fr\u00fcher in der Regel gr\u00f6\u00dfer als ben\u00f6tigt ausgelegt, um einen Sicherheitszuschlag einzuplanen. Weil Gas-Brennwertger\u00e4te jedoch ihre Leistung anpassen k\u00f6nnen \u2013 der Fachmann spricht vom \u201eModulieren\u201c -, war dies mit Blick auf die Wirtschaftlichkeit unsch\u00e4dlich. W\u00e4rmepumpen k\u00f6nnen ihre Leistung nur begrenzt anpassen. Deswegen muss jede W\u00e4rmepumpe genau auf das jeweilige Geb\u00e4ude und die Verbrauchsgewohnheiten seiner Nutzer sowie die individuellen Komfortanspr\u00fcche abgestimmt sein. Daher halten die Hersteller eine gro\u00dfe Anzahl an unterschiedlichsten W\u00e4rmepumpen-Technologien bereit aus denen der Fachhandwerker das jeweils passende Modell ausw\u00e4hlen kann. Daf\u00fcr ben\u00f6tigt der Fachhandwerker sowohl Erfahrung in der Planung von W\u00e4rmepumenanlagen als auch eine Ausbildung auf dem (technischen) Stand der Dinge.<\/p>\n<p>Deswegen sollte man f\u00fcr die Planung und Installation einer W\u00e4rmepumpe nicht unbedingt auf den gewohnten Fachhandwerker setzen \u2013 wenn dieser keine Erfahrungen mit W\u00e4rmepumpen gesammelt hat. Viel besser ist es, die nach Postleitzahlen sortierten Fachhandwerker-Empfehlungen der Hersteller von W\u00e4rmepumpen zu nutzen und sich von einem der hier aufgef\u00fchrten Fachhandwerker beraten zu lassen.<\/p>\n<h2>Strom ist zum Heizen in Deutschland doch viel zu teuer. Mit Erdgas ist das f\u00fcr mich viel kosteng\u00fcnstiger!<\/h2>\n<p>Es ist richtig, dass die hohen Strompreise in Deutschland den Einsatz von W\u00e4rmepumpen im Altbau gegen\u00fcber dem Einsatz von Erdgas aktuell noch in vielen F\u00e4llen unattraktiv machen. Die j\u00e4hrlich steigende CO<sub>2<\/sub>-Abgabe wird fossile Energietr\u00e4ger jedoch kontinuierlich weiter erheblich verteuern. Gleichzeitig hat die Regierung f\u00fcr die n\u00e4chste Legislaturperiode die Entlastung des Strompreises in H\u00f6he der EEG-Umlage von rund 6 Cent angek\u00fcndigt. Das wird die wirtschaftliche Attraktivit\u00e4t von W\u00e4rmepumpen zeitnah deutlich verbessern.<\/p>\n<h2>Fazit:<\/h2>\n<p>Ja \u2013 W\u00e4rmepumpen gelten zu Recht als Schl\u00fcsseltechnologie zur Erreichung der Klimaziele im Geb\u00e4udesektor. Ja \u2013 W\u00e4rmepumpen ben\u00f6tigen in der Planung und Installation mehr Fachwissen und Erfahrung im Fachhandwerk. Ja \u2013 Hersteller und Verb\u00e4nde bieten daf\u00fcr umfassende M\u00f6glichkeiten der Aus- und Weiterbildung. Ja \u2013 mit W\u00e4rmepumpen sind Hauseigent\u00fcmer k\u00fcnftig auf der sicheren Seite: sowohl in puncto Energiekosten als auch Effizienz und Klimafreundlichkeit.<\/p>\n<div class=\"video-container\"><iframe loading=\"lazy\" title=\"YouTube video player\" src=\"https:\/\/www.youtube.com\/embed\/a0jfVEVyomE\" width=\"560\" height=\"315\" frameborder=\"0\" allowfullscreen=\"allowfullscreen\"><\/iframe><\/div>\n","protected":false},"excerpt":{"rendered":"<p>Klimaretter oder Scharlatanerie? W\u00e4rmepumpen sind zwar klar im Trend  wie die Einbauzahlen zeigen. Aber dennoch zweifeln Haus- und Wohnungseigent\u00fcmer insbesondere im Altbau daran, ob die W\u00e4rmepumpe das richtige Heizsystem f\u00fcr ihr Haus ist. Auch in Teil 2 kl\u00e4ren wir deswegen auf \u2013 mit Fakten, statt mit Mythen.<\/p>\n","protected":false},"author":6,"featured_media":6556,"comment_status":"open","ping_status":"open","sticky":false,"template":"","format":"standard","meta":{"footnotes":""},"categories":[3],"tags":[208,166,23],"coauthors":[70],"class_list":["post-6555","post","type-post","status-publish","format-standard","has-post-thumbnail","hentry","category-wissen-und-wert","tag-heizen","tag-heiztechnik","tag-nachhaltigkeit"],"yoast_head":"<!-- This site is optimized with the Yoast SEO plugin v27.4 - https:\/\/yoast.com\/product\/yoast-seo-wordpress\/ -->\n<title>Eine W\u00e4rmepumpe f\u00fcr den Altbau \u2013 geht das \u00fcberhaupt?<\/title>\n<meta name=\"description\" content=\"Klimaretter oder Scharlatanerie? W\u00e4rmepumpen sind zwar klar im Trend wie die Einbauzahlen zeigen.\" \/>\n<meta name=\"robots\" content=\"noindex, follow\" \/>\n<meta property=\"og:locale\" content=\"de_DE\" \/>\n<meta property=\"og:type\" content=\"article\" \/>\n<meta property=\"og:title\" content=\"Eine W\u00e4rmepumpe f\u00fcr den Altbau \u2013 geht das \u00fcberhaupt?\" \/>\n<meta property=\"og:description\" content=\"Klimaretter oder Scharlatanerie? W\u00e4rmepumpen sind zwar klar im Trend wie die Einbauzahlen zeigen.\" \/>\n<meta property=\"og:url\" content=\"https:\/\/www.vaillant.de\/21-grad\/wissen-und-wert\/eine-waermepumpe-fuer-den-altbau-geht-das-ueberhaupt-teil-2\/\" \/>\n<meta property=\"og:site_name\" content=\"21 grad\" \/>\n<meta property=\"article:publisher\" content=\"https:\/\/www.facebook.com\/21grad\/\" \/>\n<meta property=\"article:published_time\" content=\"2021-09-21T12:20:41+00:00\" \/>\n<meta property=\"article:modified_time\" content=\"2023-05-02T09:11:51+00:00\" \/>\n<meta property=\"og:image\" content=\"https:\/\/www.vaillant.de\/21-grad\/wp-content\/uploads\/2021\/09\/PEOPLE18_45616_01.jpg\" \/>\n\t<meta property=\"og:image:width\" content=\"1500\" \/>\n\t<meta property=\"og:image:height\" content=\"997\" \/>\n\t<meta property=\"og:image:type\" content=\"image\/jpeg\" \/>\n<meta name=\"author\" content=\"Marcus\" \/>\n<meta name=\"twitter:card\" content=\"summary_large_image\" \/>\n<meta name=\"twitter:creator\" content=\"@vaillant_de\" \/>\n<meta name=\"twitter:site\" content=\"@vaillant_de\" \/>\n<meta name=\"twitter:label1\" content=\"Verfasst von\" \/>\n\t<meta name=\"twitter:data1\" content=\"Marcus\" \/>\n\t<meta name=\"twitter:label2\" content=\"Gesch\u00e4tzte Lesezeit\" \/>\n\t<meta name=\"twitter:data2\" content=\"5\u00a0Minuten\" \/>\n\t<meta name=\"twitter:label3\" content=\"Written by\" \/>\n\t<meta name=\"twitter:data3\" content=\"Marcus\" \/>\n<script type=\"application\/ld+json\" class=\"yoast-schema-graph\">{\"@context\":\"https:\\\/\\\/schema.org\",\"@graph\":[{\"@type\":\"Article\",\"@id\":\"https:\\\/\\\/www.vaillant.de\\\/21-grad\\\/wissen-und-wert\\\/eine-waermepumpe-fuer-den-altbau-geht-das-ueberhaupt-teil-2\\\/#article\",\"isPartOf\":{\"@id\":\"https:\\\/\\\/www.vaillant.de\\\/21-grad\\\/wissen-und-wert\\\/eine-waermepumpe-fuer-den-altbau-geht-das-ueberhaupt-teil-2\\\/\"},\"author\":{\"name\":\"Marcus\",\"@id\":\"https:\\\/\\\/www.vaillant.de\\\/21-grad\\\/#\\\/schema\\\/person\\\/d79d2ba98cd3da7ae5877706050352da\"},\"headline\":\"Eine W\u00e4rmepumpe f\u00fcr den Altbau \u2013 geht das \u00fcberhaupt? \u2013 TEIL 2\",\"datePublished\":\"2021-09-21T12:20:41+00:00\",\"dateModified\":\"2023-05-02T09:11:51+00:00\",\"mainEntityOfPage\":{\"@id\":\"https:\\\/\\\/www.vaillant.de\\\/21-grad\\\/wissen-und-wert\\\/eine-waermepumpe-fuer-den-altbau-geht-das-ueberhaupt-teil-2\\\/\"},\"wordCount\":922,\"commentCount\":0,\"image\":{\"@id\":\"https:\\\/\\\/www.vaillant.de\\\/21-grad\\\/wissen-und-wert\\\/eine-waermepumpe-fuer-den-altbau-geht-das-ueberhaupt-teil-2\\\/#primaryimage\"},\"thumbnailUrl\":\"https:\\\/\\\/www.vaillant.de\\\/21-grad\\\/wp-content\\\/uploads\\\/2021\\\/09\\\/PEOPLE18_45616_01.jpg\",\"keywords\":[\"Heizen\",\"Heiztechnik\",\"Nachhaltigkeit\"],\"articleSection\":[\"Wissen &amp; Wert\"],\"inLanguage\":\"de\",\"potentialAction\":[{\"@type\":\"CommentAction\",\"name\":\"Comment\",\"target\":[\"https:\\\/\\\/www.vaillant.de\\\/21-grad\\\/wissen-und-wert\\\/eine-waermepumpe-fuer-den-altbau-geht-das-ueberhaupt-teil-2\\\/#respond\"]}]},{\"@type\":\"WebPage\",\"@id\":\"https:\\\/\\\/www.vaillant.de\\\/21-grad\\\/wissen-und-wert\\\/eine-waermepumpe-fuer-den-altbau-geht-das-ueberhaupt-teil-2\\\/\",\"url\":\"https:\\\/\\\/www.vaillant.de\\\/21-grad\\\/wissen-und-wert\\\/eine-waermepumpe-fuer-den-altbau-geht-das-ueberhaupt-teil-2\\\/\",\"name\":\"Eine W\u00e4rmepumpe f\u00fcr den Altbau \u2013 geht das \u00fcberhaupt?\",\"isPartOf\":{\"@id\":\"https:\\\/\\\/www.vaillant.de\\\/21-grad\\\/#website\"},\"primaryImageOfPage\":{\"@id\":\"https:\\\/\\\/www.vaillant.de\\\/21-grad\\\/wissen-und-wert\\\/eine-waermepumpe-fuer-den-altbau-geht-das-ueberhaupt-teil-2\\\/#primaryimage\"},\"image\":{\"@id\":\"https:\\\/\\\/www.vaillant.de\\\/21-grad\\\/wissen-und-wert\\\/eine-waermepumpe-fuer-den-altbau-geht-das-ueberhaupt-teil-2\\\/#primaryimage\"},\"thumbnailUrl\":\"https:\\\/\\\/www.vaillant.de\\\/21-grad\\\/wp-content\\\/uploads\\\/2021\\\/09\\\/PEOPLE18_45616_01.jpg\",\"datePublished\":\"2021-09-21T12:20:41+00:00\",\"dateModified\":\"2023-05-02T09:11:51+00:00\",\"author\":{\"@id\":\"https:\\\/\\\/www.vaillant.de\\\/21-grad\\\/#\\\/schema\\\/person\\\/d79d2ba98cd3da7ae5877706050352da\"},\"description\":\"Klimaretter oder Scharlatanerie? W\u00e4rmepumpen sind zwar klar im Trend wie die Einbauzahlen zeigen.\",\"breadcrumb\":{\"@id\":\"https:\\\/\\\/www.vaillant.de\\\/21-grad\\\/wissen-und-wert\\\/eine-waermepumpe-fuer-den-altbau-geht-das-ueberhaupt-teil-2\\\/#breadcrumb\"},\"inLanguage\":\"de\",\"potentialAction\":[{\"@type\":\"ReadAction\",\"target\":[\"https:\\\/\\\/www.vaillant.de\\\/21-grad\\\/wissen-und-wert\\\/eine-waermepumpe-fuer-den-altbau-geht-das-ueberhaupt-teil-2\\\/\"]}]},{\"@type\":\"ImageObject\",\"inLanguage\":\"de\",\"@id\":\"https:\\\/\\\/www.vaillant.de\\\/21-grad\\\/wissen-und-wert\\\/eine-waermepumpe-fuer-den-altbau-geht-das-ueberhaupt-teil-2\\\/#primaryimage\",\"url\":\"https:\\\/\\\/www.vaillant.de\\\/21-grad\\\/wp-content\\\/uploads\\\/2021\\\/09\\\/PEOPLE18_45616_01.jpg\",\"contentUrl\":\"https:\\\/\\\/www.vaillant.de\\\/21-grad\\\/wp-content\\\/uploads\\\/2021\\\/09\\\/PEOPLE18_45616_01.jpg\",\"width\":1500,\"height\":997,\"caption\":\"W\u00e4rmepumpe\"},{\"@type\":\"BreadcrumbList\",\"@id\":\"https:\\\/\\\/www.vaillant.de\\\/21-grad\\\/wissen-und-wert\\\/eine-waermepumpe-fuer-den-altbau-geht-das-ueberhaupt-teil-2\\\/#breadcrumb\",\"itemListElement\":[{\"@type\":\"ListItem\",\"position\":1,\"name\":\"Startseite\",\"item\":\"https:\\\/\\\/www.vaillant.de\\\/21-grad\\\/\"},{\"@type\":\"ListItem\",\"position\":2,\"name\":\"Eine W\u00e4rmepumpe f\u00fcr den Altbau \u2013 geht das \u00fcberhaupt? \u2013 TEIL 2\"}]},{\"@type\":\"WebSite\",\"@id\":\"https:\\\/\\\/www.vaillant.de\\\/21-grad\\\/#website\",\"url\":\"https:\\\/\\\/www.vaillant.de\\\/21-grad\\\/\",\"name\":\"21 grad\",\"description\":\"Der Blog f\u00fcr Menschen, die weiterdenken\",\"potentialAction\":[{\"@type\":\"SearchAction\",\"target\":{\"@type\":\"EntryPoint\",\"urlTemplate\":\"https:\\\/\\\/www.vaillant.de\\\/21-grad\\\/?s={search_term_string}\"},\"query-input\":{\"@type\":\"PropertyValueSpecification\",\"valueRequired\":true,\"valueName\":\"search_term_string\"}}],\"inLanguage\":\"de\"},{\"@type\":\"Person\",\"@id\":\"https:\\\/\\\/www.vaillant.de\\\/21-grad\\\/#\\\/schema\\\/person\\\/d79d2ba98cd3da7ae5877706050352da\",\"name\":\"Marcus\",\"image\":{\"@type\":\"ImageObject\",\"inLanguage\":\"de\",\"@id\":\"https:\\\/\\\/www.vaillant.de\\\/21-grad\\\/wp-content\\\/uploads\\\/2026\\\/01\\\/Marcus-125x125.jpg9d3430f1bc55d5a5d47a1162a14ae1af\",\"url\":\"https:\\\/\\\/www.vaillant.de\\\/21-grad\\\/wp-content\\\/uploads\\\/2026\\\/01\\\/Marcus-125x125.jpg\",\"contentUrl\":\"https:\\\/\\\/www.vaillant.de\\\/21-grad\\\/wp-content\\\/uploads\\\/2026\\\/01\\\/Marcus-125x125.jpg\",\"caption\":\"Marcus\"},\"description\":\"Willkommen in der wunderbaren Welt des 21grad Blogs. Als Medien- und Kooperationsmanager bin ich bei Vaillant Deutschland u.a. f\u00fcr unsere Fach- und Branchenkommunikation zust\u00e4ndig. Ich freue mich auf den Dialog mit Euch. :-) Nachhaltigkeit Bewusster Konsum und soziales Engagement liegen mir sehr am Herzen. Zuhause nutze ich \u00d6kostrom und Biogas, bei Lebensmitteln sind mir Labels wie Fair-Trade oder Bio sehr wichtig. Ich bin Sportwart beim Tennisclub Gr\u00fcn-Wei\u00df Lennep und engagiere mich auch f\u00fcr Aktion Mensch oder SOS-Kinderdorf. Interessen Unternehmungen mit Familie und Freunden, Tennis, Rock-Konzerte, Kino, B\u00fccher (z.B. Hornby, Eschbach, Uschmann) Was wolltest du als Kind gerne werden? Um es mit den \u00c4rzten zu sagen: Popstar, Bademeister oder Astronaut Was bringt dich auf die Palme? Menschen, die Schuld immer bei anderen suchen oder auch nat\u00fcrlich eine leckere Kokosnuss Was war der beste Rat, den du jemals erhalten hast? \u201eDenke in L\u00f6sungen, nicht in Problemen.\u201c\",\"url\":\"https:\\\/\\\/www.vaillant.de\\\/21-grad\\\/autor\\\/marcus\\\/\"}]}<\/script>\n<!-- \/ Yoast SEO plugin. -->","yoast_head_json":{"title":"Eine W\u00e4rmepumpe f\u00fcr den Altbau \u2013 geht das \u00fcberhaupt?","description":"Klimaretter oder Scharlatanerie? W\u00e4rmepumpen sind zwar klar im Trend wie die Einbauzahlen zeigen.","robots":{"index":"noindex","follow":"follow"},"og_locale":"de_DE","og_type":"article","og_title":"Eine W\u00e4rmepumpe f\u00fcr den Altbau \u2013 geht das \u00fcberhaupt?","og_description":"Klimaretter oder Scharlatanerie? W\u00e4rmepumpen sind zwar klar im Trend wie die Einbauzahlen zeigen.","og_url":"https:\/\/www.vaillant.de\/21-grad\/wissen-und-wert\/eine-waermepumpe-fuer-den-altbau-geht-das-ueberhaupt-teil-2\/","og_site_name":"21 grad","article_publisher":"https:\/\/www.facebook.com\/21grad\/","article_published_time":"2021-09-21T12:20:41+00:00","article_modified_time":"2023-05-02T09:11:51+00:00","og_image":[{"width":1500,"height":997,"url":"https:\/\/www.vaillant.de\/21-grad\/wp-content\/uploads\/2021\/09\/PEOPLE18_45616_01.jpg","type":"image\/jpeg"}],"author":"Marcus","twitter_card":"summary_large_image","twitter_creator":"@vaillant_de","twitter_site":"@vaillant_de","twitter_misc":{"Verfasst von":"Marcus","Gesch\u00e4tzte Lesezeit":"5\u00a0Minuten","Written by":"Marcus"},"schema":{"@context":"https:\/\/schema.org","@graph":[{"@type":"Article","@id":"https:\/\/www.vaillant.de\/21-grad\/wissen-und-wert\/eine-waermepumpe-fuer-den-altbau-geht-das-ueberhaupt-teil-2\/#article","isPartOf":{"@id":"https:\/\/www.vaillant.de\/21-grad\/wissen-und-wert\/eine-waermepumpe-fuer-den-altbau-geht-das-ueberhaupt-teil-2\/"},"author":{"name":"Marcus","@id":"https:\/\/www.vaillant.de\/21-grad\/#\/schema\/person\/d79d2ba98cd3da7ae5877706050352da"},"headline":"Eine W\u00e4rmepumpe f\u00fcr den Altbau \u2013 geht das \u00fcberhaupt? \u2013 TEIL 2","datePublished":"2021-09-21T12:20:41+00:00","dateModified":"2023-05-02T09:11:51+00:00","mainEntityOfPage":{"@id":"https:\/\/www.vaillant.de\/21-grad\/wissen-und-wert\/eine-waermepumpe-fuer-den-altbau-geht-das-ueberhaupt-teil-2\/"},"wordCount":922,"commentCount":0,"image":{"@id":"https:\/\/www.vaillant.de\/21-grad\/wissen-und-wert\/eine-waermepumpe-fuer-den-altbau-geht-das-ueberhaupt-teil-2\/#primaryimage"},"thumbnailUrl":"https:\/\/www.vaillant.de\/21-grad\/wp-content\/uploads\/2021\/09\/PEOPLE18_45616_01.jpg","keywords":["Heizen","Heiztechnik","Nachhaltigkeit"],"articleSection":["Wissen &amp; Wert"],"inLanguage":"de","potentialAction":[{"@type":"CommentAction","name":"Comment","target":["https:\/\/www.vaillant.de\/21-grad\/wissen-und-wert\/eine-waermepumpe-fuer-den-altbau-geht-das-ueberhaupt-teil-2\/#respond"]}]},{"@type":"WebPage","@id":"https:\/\/www.vaillant.de\/21-grad\/wissen-und-wert\/eine-waermepumpe-fuer-den-altbau-geht-das-ueberhaupt-teil-2\/","url":"https:\/\/www.vaillant.de\/21-grad\/wissen-und-wert\/eine-waermepumpe-fuer-den-altbau-geht-das-ueberhaupt-teil-2\/","name":"Eine W\u00e4rmepumpe f\u00fcr den Altbau \u2013 geht das \u00fcberhaupt?","isPartOf":{"@id":"https:\/\/www.vaillant.de\/21-grad\/#website"},"primaryImageOfPage":{"@id":"https:\/\/www.vaillant.de\/21-grad\/wissen-und-wert\/eine-waermepumpe-fuer-den-altbau-geht-das-ueberhaupt-teil-2\/#primaryimage"},"image":{"@id":"https:\/\/www.vaillant.de\/21-grad\/wissen-und-wert\/eine-waermepumpe-fuer-den-altbau-geht-das-ueberhaupt-teil-2\/#primaryimage"},"thumbnailUrl":"https:\/\/www.vaillant.de\/21-grad\/wp-content\/uploads\/2021\/09\/PEOPLE18_45616_01.jpg","datePublished":"2021-09-21T12:20:41+00:00","dateModified":"2023-05-02T09:11:51+00:00","author":{"@id":"https:\/\/www.vaillant.de\/21-grad\/#\/schema\/person\/d79d2ba98cd3da7ae5877706050352da"},"description":"Klimaretter oder Scharlatanerie? W\u00e4rmepumpen sind zwar klar im Trend wie die Einbauzahlen zeigen.","breadcrumb":{"@id":"https:\/\/www.vaillant.de\/21-grad\/wissen-und-wert\/eine-waermepumpe-fuer-den-altbau-geht-das-ueberhaupt-teil-2\/#breadcrumb"},"inLanguage":"de","potentialAction":[{"@type":"ReadAction","target":["https:\/\/www.vaillant.de\/21-grad\/wissen-und-wert\/eine-waermepumpe-fuer-den-altbau-geht-das-ueberhaupt-teil-2\/"]}]},{"@type":"ImageObject","inLanguage":"de","@id":"https:\/\/www.vaillant.de\/21-grad\/wissen-und-wert\/eine-waermepumpe-fuer-den-altbau-geht-das-ueberhaupt-teil-2\/#primaryimage","url":"https:\/\/www.vaillant.de\/21-grad\/wp-content\/uploads\/2021\/09\/PEOPLE18_45616_01.jpg","contentUrl":"https:\/\/www.vaillant.de\/21-grad\/wp-content\/uploads\/2021\/09\/PEOPLE18_45616_01.jpg","width":1500,"height":997,"caption":"W\u00e4rmepumpe"},{"@type":"BreadcrumbList","@id":"https:\/\/www.vaillant.de\/21-grad\/wissen-und-wert\/eine-waermepumpe-fuer-den-altbau-geht-das-ueberhaupt-teil-2\/#breadcrumb","itemListElement":[{"@type":"ListItem","position":1,"name":"Startseite","item":"https:\/\/www.vaillant.de\/21-grad\/"},{"@type":"ListItem","position":2,"name":"Eine W\u00e4rmepumpe f\u00fcr den Altbau \u2013 geht das \u00fcberhaupt? \u2013 TEIL 2"}]},{"@type":"WebSite","@id":"https:\/\/www.vaillant.de\/21-grad\/#website","url":"https:\/\/www.vaillant.de\/21-grad\/","name":"21 grad","description":"Der Blog f\u00fcr Menschen, die weiterdenken","potentialAction":[{"@type":"SearchAction","target":{"@type":"EntryPoint","urlTemplate":"https:\/\/www.vaillant.de\/21-grad\/?s={search_term_string}"},"query-input":{"@type":"PropertyValueSpecification","valueRequired":true,"valueName":"search_term_string"}}],"inLanguage":"de"},{"@type":"Person","@id":"https:\/\/www.vaillant.de\/21-grad\/#\/schema\/person\/d79d2ba98cd3da7ae5877706050352da","name":"Marcus","image":{"@type":"ImageObject","inLanguage":"de","@id":"https:\/\/www.vaillant.de\/21-grad\/wp-content\/uploads\/2026\/01\/Marcus-125x125.jpg9d3430f1bc55d5a5d47a1162a14ae1af","url":"https:\/\/www.vaillant.de\/21-grad\/wp-content\/uploads\/2026\/01\/Marcus-125x125.jpg","contentUrl":"https:\/\/www.vaillant.de\/21-grad\/wp-content\/uploads\/2026\/01\/Marcus-125x125.jpg","caption":"Marcus"},"description":"Willkommen in der wunderbaren Welt des 21grad Blogs. Als Medien- und Kooperationsmanager bin ich bei Vaillant Deutschland u.a. f\u00fcr unsere Fach- und Branchenkommunikation zust\u00e4ndig. Ich freue mich auf den Dialog mit Euch. :-) Nachhaltigkeit Bewusster Konsum und soziales Engagement liegen mir sehr am Herzen. Zuhause nutze ich \u00d6kostrom und Biogas, bei Lebensmitteln sind mir Labels wie Fair-Trade oder Bio sehr wichtig. Ich bin Sportwart beim Tennisclub Gr\u00fcn-Wei\u00df Lennep und engagiere mich auch f\u00fcr Aktion Mensch oder SOS-Kinderdorf. Interessen Unternehmungen mit Familie und Freunden, Tennis, Rock-Konzerte, Kino, B\u00fccher (z.B. Hornby, Eschbach, Uschmann) Was wolltest du als Kind gerne werden? Um es mit den \u00c4rzten zu sagen: Popstar, Bademeister oder Astronaut Was bringt dich auf die Palme? Menschen, die Schuld immer bei anderen suchen oder auch nat\u00fcrlich eine leckere Kokosnuss Was war der beste Rat, den du jemals erhalten hast? \u201eDenke in L\u00f6sungen, nicht in Problemen.\u201c","url":"https:\/\/www.vaillant.de\/21-grad\/autor\/marcus\/"}]}},"_links":{"self":[{"href":"https:\/\/www.vaillant.de\/21-grad\/wp-json\/wp\/v2\/posts\/6555","targetHints":{"allow":["GET"]}}],"collection":[{"href":"https:\/\/www.vaillant.de\/21-grad\/wp-json\/wp\/v2\/posts"}],"about":[{"href":"https:\/\/www.vaillant.de\/21-grad\/wp-json\/wp\/v2\/types\/post"}],"author":[{"embeddable":true,"href":"https:\/\/www.vaillant.de\/21-grad\/wp-json\/wp\/v2\/users\/6"}],"replies":[{"embeddable":true,"href":"https:\/\/www.vaillant.de\/21-grad\/wp-json\/wp\/v2\/comments?post=6555"}],"version-history":[{"count":5,"href":"https:\/\/www.vaillant.de\/21-grad\/wp-json\/wp\/v2\/posts\/6555\/revisions"}],"predecessor-version":[{"id":7730,"href":"https:\/\/www.vaillant.de\/21-grad\/wp-json\/wp\/v2\/posts\/6555\/revisions\/7730"}],"wp:featuredmedia":[{"embeddable":true,"href":"https:\/\/www.vaillant.de\/21-grad\/wp-json\/wp\/v2\/media\/6556"}],"wp:attachment":[{"href":"https:\/\/www.vaillant.de\/21-grad\/wp-json\/wp\/v2\/media?parent=6555"}],"wp:term":[{"taxonomy":"category","embeddable":true,"href":"https:\/\/www.vaillant.de\/21-grad\/wp-json\/wp\/v2\/categories?post=6555"},{"taxonomy":"post_tag","embeddable":true,"href":"https:\/\/www.vaillant.de\/21-grad\/wp-json\/wp\/v2\/tags?post=6555"},{"taxonomy":"author","embeddable":true,"href":"https:\/\/www.vaillant.de\/21-grad\/wp-json\/wp\/v2\/coauthors?post=6555"}],"curies":[{"name":"wp","href":"https:\/\/api.w.org\/{rel}","templated":true}]}}