{"id":6747,"date":"2021-10-26T16:28:04","date_gmt":"2021-10-26T14:28:04","guid":{"rendered":"https:\/\/www.vaillant.de\/21-grad\/?p=6747"},"modified":"2021-10-26T16:28:04","modified_gmt":"2021-10-26T14:28:04","slug":"oekologische-textilien-mode-aus-ananas-alge-co","status":"publish","type":"post","link":"https:\/\/www.vaillant.de\/21-grad\/wissen-und-wert\/oekologische-textilien-mode-aus-ananas-alge-co\/","title":{"rendered":"\u00d6kologische Textilien: Mode aus Ananas, Alge &#038; Co."},"content":{"rendered":"<p>Ein Gro\u00dfteil unserer Kleidung besteht heutzutage aus synthetischen, also k\u00fcnstlichen Fasern. Acryl und Nylon haben in den letzten Jahren einen enormen Aufstieg erfahren. Sie sind billig und damit f\u00fcr Fast Fashion, also sich schnell \u00e4ndernde Modetrends, bestens geeignet. 2016 wurden weltweit 64,8 Mio. Tonnen synthetische Chemiefasern produziert. Den Preis f\u00fcr diese g\u00fcnstigen Textilien zahlt die Umwelt, denn ein nicht unerheblicher Teil der Plastikfasern gelangt \u00fcber die Waschmaschine in unser Abwasser. Die kleinen Partikel k\u00f6nnen Kl\u00e4ranlagen nicht herausfiltern. Damit landen sie in unseren nat\u00fcrlichen Gew\u00e4ssern und belasten dort Pflanz- und Tierwelt. Dar\u00fcber hinaus haben sich mit dem Trend zur Fast Fashion in der konventionellen Textilbranche an vielen Stellen unethische Gesch\u00e4ftspraktiken durchgesetzt: Kinderarbeit, Monokultur, Gentechnik und prek\u00e4re Arbeitsbedingungen sind eher die Regel als die Ausnahme.<\/p>\n<h2>Slow Fashion geht neue Wege<\/h2>\n<p>Einen Gegentrend setzen die Produzenten von Textilien aus ungew\u00f6hnlichen Rohstoffen. Sie verstehen sich als die sogenannte Slow Fashion: Sie wollen den Konsum wieder verlangsamen, setzen auf Qualit\u00e4t und eine lange Lebensdauer. Neben der nachhaltigen und fairen Herstellung punkten ihre Produkte mit einer hohen Hautvertr\u00e4glichkeit und so manchem Pflege-Plus.<\/p>\n<h2>QMILK: Seidige Fasern aus Milch<\/h2>\n<div id=\"attachment_6751\" style=\"width: 330px\" class=\"wp-caption alignright\"><a href=\"https:\/\/www.vaillant.de\/21-grad\/wp-content\/uploads\/2021\/10\/olga-kozachenko-o9dtfshlJ60-unsplash.jpg\"><img loading=\"lazy\" decoding=\"async\" aria-describedby=\"caption-attachment-6751\" class=\"wp-image-6751 size-large\" src=\"https:\/\/www.vaillant.de\/21-grad\/wp-content\/uploads\/2021\/10\/olga-kozachenko-o9dtfshlJ60-unsplash-320x480.jpg\" alt=\"Photo by Olga Kozachenko on Unsplash\" width=\"320\" height=\"480\" srcset=\"https:\/\/www.vaillant.de\/21-grad\/wp-content\/uploads\/2021\/10\/olga-kozachenko-o9dtfshlJ60-unsplash-320x480.jpg 320w, https:\/\/www.vaillant.de\/21-grad\/wp-content\/uploads\/2021\/10\/olga-kozachenko-o9dtfshlJ60-unsplash-155x232.jpg 155w, https:\/\/www.vaillant.de\/21-grad\/wp-content\/uploads\/2021\/10\/olga-kozachenko-o9dtfshlJ60-unsplash-768x1152.jpg 768w, https:\/\/www.vaillant.de\/21-grad\/wp-content\/uploads\/2021\/10\/olga-kozachenko-o9dtfshlJ60-unsplash.jpg 1000w\" sizes=\"auto, (max-width: 320px) 100vw, 320px\" \/><\/a><p id=\"caption-attachment-6751\" class=\"wp-caption-text\">Photo by Olga Kozachenko on Unsplash<\/p><\/div>\n<p>Ein gutes Beispiel ist QMilk. F\u00fcr diesen Stoff wird aus der Milch das darin enthaltene Protein Kasein gewonnen. F\u00fcr gew\u00f6hnlich wird daraus K\u00e4se gemacht, nun wird es zusammen mit anderen nat\u00fcrlichen Rohstoffen zu einer gl\u00e4nzenden Milchfaser verarbeitet.<\/p>\n<p>Ganz so neu ist das nicht: Erste Experimente mit dem Milchprotein gab es schon in den 1930er-Jahren. Die Idee scheiterte seinerzeit an den unwirtschaftlichen Produktionsbedingungen und den vielen Chemikalien, die damals noch f\u00fcr die Produktion ben\u00f6tigt wurden. Einen neuen Versuch wagte Anke Domaske. Sie suchte nach einer alternativen Textilfaser f\u00fcr ihren Stiefvater, dessen Haut durch eine Krebserkrankung hochsensibel geworden war. Nach zwei experimentierfreudigen Jahren hatte sie einen Weg gefunden, Milchfasern rein nat\u00fcrlich zu produzieren. QMilk war erfunden<\/p>\n<p>Die Vorteile von QMilk liegen auf der Hand: W\u00e4hrend ein Kilo Baumwolle in der Herstellung bis zu 25.000 Liter Wasser verbraucht, kommt die Milchfaser gerade mal auf zwei Liter pro Kilo. F\u00fcr die Milchfaser wird keine trinkbare Milch verwendet, sondern lediglich Abfallprodukte aus der Milchwirtschaft. Davon gibt es allein in Deutschland jedes Jahr fast 2 Millionen Tonnen. Die fertige Milchfaser erinnert ein wenig an Seide, ist aber noch leichter, rei\u00dffest und kann bei 40 bis 60 \u00b0C in der Waschmaschine gewaschen werden. Die enthaltenen Aminos\u00e4uren sollen laut Hersteller die Haut pflegen und die Hauterneuerungsprozesse f\u00f6rdern. Dazu wirke QMilk temperaturregulierend und antibakteriell. Theoretisch ist die Kleidung sogar essbar.<\/p>\n<h2>Tencel: B\u00fcgelfreundliche Kleidung aus Holz<\/h2>\n<p>Deutlich bekannter als QMilk ist die Tencel\u2122 Lyocellfaser, die aus Holzfasern hergestellt wird. Vorl\u00e4ufer war Viskose, f\u00fcr die auf Holzsplitter zur\u00fcckgegriffen wurde. Allerdings ben\u00f6tigt die Viskose in der Produktion deutlich mehr Chemikalien und ist bei Weitem nicht so umweltschonend wie Lyocellfasern. Diese k\u00f6nnen schon heute mittels eines Kreislaufverfahrens produziert werden. Das Holz kommt in der Regel aus zertifizierten, nachhaltigen Forstbetrieben.<\/p>\n<p>Die Textilfaser gilt als besonders haut- und allergikerfreundlich. Au\u00dferdem ist sie sehr flexibel in der Weiterverarbeitung, von Jeans \u00fcber Strick bis hin zu Outdoor-Kleidung kann aus Tencel nahezu jedes Kleidungsst\u00fcck gen\u00e4ht werden. Dazu sind die Textilien auch noch b\u00fcgelfreundlich.<\/p>\n<p>Eine Variante davon ist SeaCell\u2122. Dabei handelt es sich um eine naturbasierte Lyocellfaser, die mit Algen angereichert wird. Die Algen werden isl\u00e4ndischen Fjorden umweltschonend entnommen, getrocknet, gemahlen und in den Produktionsprozess eingebunden. Die in der Alge enthaltenen Mineralstoffe, Vitamine und Spurenelemente sollen die Hautgesundheit positiv beeinflussen und sogar die Hautalterung verlangsamen.<\/p>\n<h2>Weiches Leder aus Ananas oder Trauben<\/h2>\n<div id=\"attachment_6753\" style=\"width: 394px\" class=\"wp-caption alignleft\"><a href=\"https:\/\/www.vaillant.de\/21-grad\/wp-content\/uploads\/2021\/10\/pexels-kafeel-ahmed-5591326.jpg\"><img loading=\"lazy\" decoding=\"async\" aria-describedby=\"caption-attachment-6753\" class=\"wp-image-6753 size-large\" src=\"https:\/\/www.vaillant.de\/21-grad\/wp-content\/uploads\/2021\/10\/pexels-kafeel-ahmed-5591326-384x480.jpg\" alt=\"Foto von Kafeel von Pexels\" width=\"384\" height=\"480\" srcset=\"https:\/\/www.vaillant.de\/21-grad\/wp-content\/uploads\/2021\/10\/pexels-kafeel-ahmed-5591326-384x480.jpg 384w, https:\/\/www.vaillant.de\/21-grad\/wp-content\/uploads\/2021\/10\/pexels-kafeel-ahmed-5591326-186x232.jpg 186w, https:\/\/www.vaillant.de\/21-grad\/wp-content\/uploads\/2021\/10\/pexels-kafeel-ahmed-5591326-768x960.jpg 768w, https:\/\/www.vaillant.de\/21-grad\/wp-content\/uploads\/2021\/10\/pexels-kafeel-ahmed-5591326.jpg 1200w\" sizes=\"auto, (max-width: 384px) 100vw, 384px\" \/><\/a><p id=\"caption-attachment-6753\" class=\"wp-caption-text\">Foto von Kafeel von Pexels<\/p><\/div>\n<p>Die Lederherstellung gilt als besonders umweltbelastend. F\u00fcr die Verarbeitung von einem Kilogramm Roh-Tierhaut k\u00f6nnen bis zu 500 Gramm Chemikalien n\u00f6tig werden. Dabei kann der giftige Stoff Chrom VI freigesetzt werden. Das Bundesinstitut f\u00fcr Risikobewertung (BfR) findet in Stichproben immer wieder Chrom VI in Lederbekleidung und sch\u00e4tzt, dass etwa f\u00fcnf Prozent der Lederprodukte mehr davon enthalten, als eigentlich erlaubt ist.<\/p>\n<p>Allein aus diesem Grund ist Pi\u00f1atex\u00ae eine attraktive Alternative. Die Idee daf\u00fcr hatte Dr. Carmen Hijosa. Sie beriet einst die Lederwarenbranche auf den Philippinen und war schockiert von den Umweltsch\u00e4den. Sie wollte eine nachhaltige Leder-Alternative auf der Basis von Pflanzenfasern finden.<\/p>\n<p>Pinatex<sup>\u00ae<\/sup> wird aus Ananasbl\u00e4ttern hergestellt. Davon entstehen weltweit an die 40.000 Tonnen als Abfallprodukt auf Ananasplantagen. Bereits auf der Plantage selbst kann aus dem Rohmaterial der Faserstoff produziert werden. Dieser geht dann nach Spanien, wo er gegerbt und zu Leder weiterverarbeitet wird. Dabei kann fast vollst\u00e4ndig auf nicht-kreisl\u00e4uff\u00e4hige Chemikalien verzichtet werden. In der Verwendung ist Pi\u00f1atex<sup>\u00ae<\/sup> ebenso flexibel wie nat\u00fcrliches Leder: Taschen, Sofas, Schuhe, Jacken, all das kann auch mit dieser veganen Alternative hergestellt werden.<\/p>\n<p>Der Wermutstropfen ist, dass Pi\u00f1atex\u00ae mit erd\u00f6lbasiertem Harz versiegelt wird. Dadurch ist Pi\u00f1atex<sup>\u00ae<\/sup> bislang nicht biologisch abbaubar. Das Team von Ananas Anam, Dr. Hijoas Firma, arbeitet aber bereits an Alternativen. Das Unternehmen erkl\u00e4rt zudem, seit 2019 als klimaneutral zu sein.<\/p>\n<p>Wer die europ\u00e4ische Traube der tropischen Ananas vorzieht, kann auf das vegane Leder der italienischen Marke Vegea zur\u00fcckgreifen. Das Rezept hinter diesem Weinleder sind Haut, Stiele und Samen von Trauben sowie ein bisschen \u00d6l \u2013 alles Produktionsabf\u00e4lle aus der Weinherstellung. Vegea hat in 2020 sogar bereits mit H&amp;M kooperiert: F\u00fcr die Conscious -Exclusive-Kollektion produzierte der schwedische Bekleidungsriese Taschen und Schuhe aus dem Traubenleder von Vegea.<\/p>\n<p>Eine weitere Lederalternative ist Korkleder. Ausgangsstoff ist hierbei der Kork der Korkeiche. Der mittlere Teil der drei bis f\u00fcnf Zentimeter dicken Korkschicht kann zum sogenannten Korkleder weiterverarbeitet werden. Der Prozess ist \u00f6kologisch und nachhaltig. Dabei bleibt die nat\u00fcrliche Maserung des Korks weiterhin sichtbar. Das Korkleder gibt es vielen verschiedenen Farben und Mustern. Es ist sehr weich und auf der Haut angenehm zu tragen.<\/p>\n<p>Die Forschung nach \u00f6kologisch-vertr\u00e4glichen Materialien nimmt stetig zu. Es gibt Kleidung aus Myzelium, einer kompostierbaren Pilzwurzel, Kaffeesatz, Brennnessel-, Hanf- und Bananenfasern. In diesem Artikel haben wir euch nur einige spannende Beispiele vorgestellt. Viele dieser Fasern haben gro\u00dfes Potenzial, herk\u00f6mmliche Textilien zu ersetzen und unsere Mode nachhaltiger zu gestalten. Welches Material w\u00fcrdet ihr gerne einmal ausprobieren? Habt ihr schon Erfahrungen mit alternativen Stofffasern? Schreibt uns in den Kommentaren, was ihr erlebt habt.<\/p>\n<p>&nbsp;<\/p>\n<p>&nbsp;<\/p>\n","protected":false},"excerpt":{"rendered":"<p>Man glaubt es kaum, aber die Modebranche ist der zweitgr\u00f6\u00dfte Umweltverschmutzer der Welt. Lediglich die \u00d6lindustrie verursacht mehr Umweltsch\u00e4den.  Gl\u00fccklicherweise entstehen auch in der Textilbranche neue und nachhaltigere Konzepte: Kleidung aus nat\u00fcrlichen Rohstoffen wie Ananas oder Algen. Manches davon ist theoretisch sogar essbar. <\/p>\n","protected":false},"author":6,"featured_media":6750,"comment_status":"open","ping_status":"open","sticky":false,"template":"","format":"standard","meta":{"footnotes":""},"categories":[3],"tags":[106,86,23],"coauthors":[70],"class_list":["post-6747","post","type-post","status-publish","format-standard","has-post-thumbnail","hentry","category-wissen-und-wert","tag-konsum","tag-leben","tag-nachhaltigkeit"],"yoast_head":"<!-- This site is optimized with the Yoast SEO plugin v27.4 - https:\/\/yoast.com\/product\/yoast-seo-wordpress\/ -->\n<title>Nachhaltige Stoffe | Alternative Textilien 21 grad<\/title>\n<meta name=\"description\" content=\"Die Textilindustrie gilt als gro\u00dfer Umweltverschmutzer. Dabei gibt es bereits \u00f6kologisch-vertr\u00e4gliche Stoffe aus Milch, Holz und sogar Algen. Mehr Infos!\" \/>\n<meta name=\"robots\" content=\"index, follow, max-snippet:-1, max-image-preview:large, max-video-preview:-1\" \/>\n<link rel=\"canonical\" href=\"https:\/\/www.vaillant.de\/21-grad\/wissen-und-wert\/oekologische-textilien-mode-aus-ananas-alge-co\/\" \/>\n<meta property=\"og:locale\" content=\"de_DE\" \/>\n<meta property=\"og:type\" content=\"article\" \/>\n<meta property=\"og:title\" content=\"Nachhaltige Stoffe | Alternative Textilien 21 grad\" \/>\n<meta property=\"og:description\" content=\"Die Textilindustrie gilt als gro\u00dfer Umweltverschmutzer. Dabei gibt es bereits \u00f6kologisch-vertr\u00e4gliche Stoffe aus Milch, Holz und sogar Algen. Mehr Infos!\" \/>\n<meta property=\"og:url\" content=\"https:\/\/www.vaillant.de\/21-grad\/wissen-und-wert\/oekologische-textilien-mode-aus-ananas-alge-co\/\" \/>\n<meta property=\"og:site_name\" content=\"21 grad\" \/>\n<meta property=\"article:publisher\" content=\"https:\/\/www.facebook.com\/21grad\/\" \/>\n<meta property=\"article:published_time\" content=\"2021-10-26T14:28:04+00:00\" \/>\n<meta property=\"og:image\" content=\"https:\/\/www.vaillant.de\/21-grad\/wp-content\/uploads\/2021\/10\/pexels-digital-buggu-365067.jpg\" \/>\n\t<meta property=\"og:image:width\" content=\"1500\" \/>\n\t<meta property=\"og:image:height\" content=\"844\" \/>\n\t<meta property=\"og:image:type\" content=\"image\/jpeg\" \/>\n<meta name=\"author\" content=\"Marcus\" \/>\n<meta name=\"twitter:card\" content=\"summary_large_image\" \/>\n<meta name=\"twitter:creator\" content=\"@vaillant_de\" \/>\n<meta name=\"twitter:site\" content=\"@vaillant_de\" \/>\n<meta name=\"twitter:label1\" content=\"Verfasst von\" \/>\n\t<meta name=\"twitter:data1\" content=\"Marcus\" \/>\n\t<meta name=\"twitter:label2\" content=\"Gesch\u00e4tzte Lesezeit\" \/>\n\t<meta name=\"twitter:data2\" content=\"5\u00a0Minuten\" \/>\n\t<meta name=\"twitter:label3\" content=\"Written by\" \/>\n\t<meta name=\"twitter:data3\" content=\"Marcus\" \/>\n<script type=\"application\/ld+json\" class=\"yoast-schema-graph\">{\"@context\":\"https:\\\/\\\/schema.org\",\"@graph\":[{\"@type\":\"Article\",\"@id\":\"https:\\\/\\\/www.vaillant.de\\\/21-grad\\\/wissen-und-wert\\\/oekologische-textilien-mode-aus-ananas-alge-co\\\/#article\",\"isPartOf\":{\"@id\":\"https:\\\/\\\/www.vaillant.de\\\/21-grad\\\/wissen-und-wert\\\/oekologische-textilien-mode-aus-ananas-alge-co\\\/\"},\"author\":{\"name\":\"Marcus\",\"@id\":\"https:\\\/\\\/www.vaillant.de\\\/21-grad\\\/#\\\/schema\\\/person\\\/d79d2ba98cd3da7ae5877706050352da\"},\"headline\":\"\u00d6kologische Textilien: Mode aus Ananas, Alge &#038; Co.\",\"datePublished\":\"2021-10-26T14:28:04+00:00\",\"mainEntityOfPage\":{\"@id\":\"https:\\\/\\\/www.vaillant.de\\\/21-grad\\\/wissen-und-wert\\\/oekologische-textilien-mode-aus-ananas-alge-co\\\/\"},\"wordCount\":1072,\"commentCount\":0,\"image\":{\"@id\":\"https:\\\/\\\/www.vaillant.de\\\/21-grad\\\/wissen-und-wert\\\/oekologische-textilien-mode-aus-ananas-alge-co\\\/#primaryimage\"},\"thumbnailUrl\":\"https:\\\/\\\/www.vaillant.de\\\/21-grad\\\/wp-content\\\/uploads\\\/2021\\\/10\\\/pexels-digital-buggu-365067.jpg\",\"keywords\":[\"Konsum\",\"Leben\",\"Nachhaltigkeit\"],\"articleSection\":[\"Wissen &amp; Wert\"],\"inLanguage\":\"de\",\"potentialAction\":[{\"@type\":\"CommentAction\",\"name\":\"Comment\",\"target\":[\"https:\\\/\\\/www.vaillant.de\\\/21-grad\\\/wissen-und-wert\\\/oekologische-textilien-mode-aus-ananas-alge-co\\\/#respond\"]}]},{\"@type\":\"WebPage\",\"@id\":\"https:\\\/\\\/www.vaillant.de\\\/21-grad\\\/wissen-und-wert\\\/oekologische-textilien-mode-aus-ananas-alge-co\\\/\",\"url\":\"https:\\\/\\\/www.vaillant.de\\\/21-grad\\\/wissen-und-wert\\\/oekologische-textilien-mode-aus-ananas-alge-co\\\/\",\"name\":\"Nachhaltige Stoffe | Alternative Textilien 21 grad\",\"isPartOf\":{\"@id\":\"https:\\\/\\\/www.vaillant.de\\\/21-grad\\\/#website\"},\"primaryImageOfPage\":{\"@id\":\"https:\\\/\\\/www.vaillant.de\\\/21-grad\\\/wissen-und-wert\\\/oekologische-textilien-mode-aus-ananas-alge-co\\\/#primaryimage\"},\"image\":{\"@id\":\"https:\\\/\\\/www.vaillant.de\\\/21-grad\\\/wissen-und-wert\\\/oekologische-textilien-mode-aus-ananas-alge-co\\\/#primaryimage\"},\"thumbnailUrl\":\"https:\\\/\\\/www.vaillant.de\\\/21-grad\\\/wp-content\\\/uploads\\\/2021\\\/10\\\/pexels-digital-buggu-365067.jpg\",\"datePublished\":\"2021-10-26T14:28:04+00:00\",\"author\":{\"@id\":\"https:\\\/\\\/www.vaillant.de\\\/21-grad\\\/#\\\/schema\\\/person\\\/d79d2ba98cd3da7ae5877706050352da\"},\"description\":\"Die Textilindustrie gilt als gro\u00dfer Umweltverschmutzer. Dabei gibt es bereits \u00f6kologisch-vertr\u00e4gliche Stoffe aus Milch, Holz und sogar Algen. Mehr Infos!\",\"breadcrumb\":{\"@id\":\"https:\\\/\\\/www.vaillant.de\\\/21-grad\\\/wissen-und-wert\\\/oekologische-textilien-mode-aus-ananas-alge-co\\\/#breadcrumb\"},\"inLanguage\":\"de\",\"potentialAction\":[{\"@type\":\"ReadAction\",\"target\":[\"https:\\\/\\\/www.vaillant.de\\\/21-grad\\\/wissen-und-wert\\\/oekologische-textilien-mode-aus-ananas-alge-co\\\/\"]}]},{\"@type\":\"ImageObject\",\"inLanguage\":\"de\",\"@id\":\"https:\\\/\\\/www.vaillant.de\\\/21-grad\\\/wissen-und-wert\\\/oekologische-textilien-mode-aus-ananas-alge-co\\\/#primaryimage\",\"url\":\"https:\\\/\\\/www.vaillant.de\\\/21-grad\\\/wp-content\\\/uploads\\\/2021\\\/10\\\/pexels-digital-buggu-365067.jpg\",\"contentUrl\":\"https:\\\/\\\/www.vaillant.de\\\/21-grad\\\/wp-content\\\/uploads\\\/2021\\\/10\\\/pexels-digital-buggu-365067.jpg\",\"width\":1500,\"height\":844,\"caption\":\"Foto von Digital Buggu von Pexels\"},{\"@type\":\"BreadcrumbList\",\"@id\":\"https:\\\/\\\/www.vaillant.de\\\/21-grad\\\/wissen-und-wert\\\/oekologische-textilien-mode-aus-ananas-alge-co\\\/#breadcrumb\",\"itemListElement\":[{\"@type\":\"ListItem\",\"position\":1,\"name\":\"Startseite\",\"item\":\"https:\\\/\\\/www.vaillant.de\\\/21-grad\\\/\"},{\"@type\":\"ListItem\",\"position\":2,\"name\":\"\u00d6kologische Textilien: Mode aus Ananas, Alge &#038; Co.\"}]},{\"@type\":\"WebSite\",\"@id\":\"https:\\\/\\\/www.vaillant.de\\\/21-grad\\\/#website\",\"url\":\"https:\\\/\\\/www.vaillant.de\\\/21-grad\\\/\",\"name\":\"21 grad\",\"description\":\"Der Blog f\u00fcr Menschen, die weiterdenken\",\"potentialAction\":[{\"@type\":\"SearchAction\",\"target\":{\"@type\":\"EntryPoint\",\"urlTemplate\":\"https:\\\/\\\/www.vaillant.de\\\/21-grad\\\/?s={search_term_string}\"},\"query-input\":{\"@type\":\"PropertyValueSpecification\",\"valueRequired\":true,\"valueName\":\"search_term_string\"}}],\"inLanguage\":\"de\"},{\"@type\":\"Person\",\"@id\":\"https:\\\/\\\/www.vaillant.de\\\/21-grad\\\/#\\\/schema\\\/person\\\/d79d2ba98cd3da7ae5877706050352da\",\"name\":\"Marcus\",\"image\":{\"@type\":\"ImageObject\",\"inLanguage\":\"de\",\"@id\":\"https:\\\/\\\/www.vaillant.de\\\/21-grad\\\/wp-content\\\/uploads\\\/2026\\\/01\\\/Marcus-125x125.jpg9d3430f1bc55d5a5d47a1162a14ae1af\",\"url\":\"https:\\\/\\\/www.vaillant.de\\\/21-grad\\\/wp-content\\\/uploads\\\/2026\\\/01\\\/Marcus-125x125.jpg\",\"contentUrl\":\"https:\\\/\\\/www.vaillant.de\\\/21-grad\\\/wp-content\\\/uploads\\\/2026\\\/01\\\/Marcus-125x125.jpg\",\"caption\":\"Marcus\"},\"description\":\"Willkommen in der wunderbaren Welt des 21grad Blogs. Als Medien- und Kooperationsmanager bin ich bei Vaillant Deutschland u.a. f\u00fcr unsere Fach- und Branchenkommunikation zust\u00e4ndig. Ich freue mich auf den Dialog mit Euch. :-) Nachhaltigkeit Bewusster Konsum und soziales Engagement liegen mir sehr am Herzen. Zuhause nutze ich \u00d6kostrom und Biogas, bei Lebensmitteln sind mir Labels wie Fair-Trade oder Bio sehr wichtig. Ich bin Sportwart beim Tennisclub Gr\u00fcn-Wei\u00df Lennep und engagiere mich auch f\u00fcr Aktion Mensch oder SOS-Kinderdorf. Interessen Unternehmungen mit Familie und Freunden, Tennis, Rock-Konzerte, Kino, B\u00fccher (z.B. Hornby, Eschbach, Uschmann) Was wolltest du als Kind gerne werden? Um es mit den \u00c4rzten zu sagen: Popstar, Bademeister oder Astronaut Was bringt dich auf die Palme? Menschen, die Schuld immer bei anderen suchen oder auch nat\u00fcrlich eine leckere Kokosnuss Was war der beste Rat, den du jemals erhalten hast? \u201eDenke in L\u00f6sungen, nicht in Problemen.\u201c\",\"url\":\"https:\\\/\\\/www.vaillant.de\\\/21-grad\\\/autor\\\/marcus\\\/\"}]}<\/script>\n<!-- \/ Yoast SEO plugin. -->","yoast_head_json":{"title":"Nachhaltige Stoffe | Alternative Textilien 21 grad","description":"Die Textilindustrie gilt als gro\u00dfer Umweltverschmutzer. Dabei gibt es bereits \u00f6kologisch-vertr\u00e4gliche Stoffe aus Milch, Holz und sogar Algen. Mehr Infos!","robots":{"index":"index","follow":"follow","max-snippet":"max-snippet:-1","max-image-preview":"max-image-preview:large","max-video-preview":"max-video-preview:-1"},"canonical":"https:\/\/www.vaillant.de\/21-grad\/wissen-und-wert\/oekologische-textilien-mode-aus-ananas-alge-co\/","og_locale":"de_DE","og_type":"article","og_title":"Nachhaltige Stoffe | Alternative Textilien 21 grad","og_description":"Die Textilindustrie gilt als gro\u00dfer Umweltverschmutzer. Dabei gibt es bereits \u00f6kologisch-vertr\u00e4gliche Stoffe aus Milch, Holz und sogar Algen. Mehr Infos!","og_url":"https:\/\/www.vaillant.de\/21-grad\/wissen-und-wert\/oekologische-textilien-mode-aus-ananas-alge-co\/","og_site_name":"21 grad","article_publisher":"https:\/\/www.facebook.com\/21grad\/","article_published_time":"2021-10-26T14:28:04+00:00","og_image":[{"width":1500,"height":844,"url":"https:\/\/www.vaillant.de\/21-grad\/wp-content\/uploads\/2021\/10\/pexels-digital-buggu-365067.jpg","type":"image\/jpeg"}],"author":"Marcus","twitter_card":"summary_large_image","twitter_creator":"@vaillant_de","twitter_site":"@vaillant_de","twitter_misc":{"Verfasst von":"Marcus","Gesch\u00e4tzte Lesezeit":"5\u00a0Minuten","Written by":"Marcus"},"schema":{"@context":"https:\/\/schema.org","@graph":[{"@type":"Article","@id":"https:\/\/www.vaillant.de\/21-grad\/wissen-und-wert\/oekologische-textilien-mode-aus-ananas-alge-co\/#article","isPartOf":{"@id":"https:\/\/www.vaillant.de\/21-grad\/wissen-und-wert\/oekologische-textilien-mode-aus-ananas-alge-co\/"},"author":{"name":"Marcus","@id":"https:\/\/www.vaillant.de\/21-grad\/#\/schema\/person\/d79d2ba98cd3da7ae5877706050352da"},"headline":"\u00d6kologische Textilien: Mode aus Ananas, Alge &#038; Co.","datePublished":"2021-10-26T14:28:04+00:00","mainEntityOfPage":{"@id":"https:\/\/www.vaillant.de\/21-grad\/wissen-und-wert\/oekologische-textilien-mode-aus-ananas-alge-co\/"},"wordCount":1072,"commentCount":0,"image":{"@id":"https:\/\/www.vaillant.de\/21-grad\/wissen-und-wert\/oekologische-textilien-mode-aus-ananas-alge-co\/#primaryimage"},"thumbnailUrl":"https:\/\/www.vaillant.de\/21-grad\/wp-content\/uploads\/2021\/10\/pexels-digital-buggu-365067.jpg","keywords":["Konsum","Leben","Nachhaltigkeit"],"articleSection":["Wissen &amp; Wert"],"inLanguage":"de","potentialAction":[{"@type":"CommentAction","name":"Comment","target":["https:\/\/www.vaillant.de\/21-grad\/wissen-und-wert\/oekologische-textilien-mode-aus-ananas-alge-co\/#respond"]}]},{"@type":"WebPage","@id":"https:\/\/www.vaillant.de\/21-grad\/wissen-und-wert\/oekologische-textilien-mode-aus-ananas-alge-co\/","url":"https:\/\/www.vaillant.de\/21-grad\/wissen-und-wert\/oekologische-textilien-mode-aus-ananas-alge-co\/","name":"Nachhaltige Stoffe | Alternative Textilien 21 grad","isPartOf":{"@id":"https:\/\/www.vaillant.de\/21-grad\/#website"},"primaryImageOfPage":{"@id":"https:\/\/www.vaillant.de\/21-grad\/wissen-und-wert\/oekologische-textilien-mode-aus-ananas-alge-co\/#primaryimage"},"image":{"@id":"https:\/\/www.vaillant.de\/21-grad\/wissen-und-wert\/oekologische-textilien-mode-aus-ananas-alge-co\/#primaryimage"},"thumbnailUrl":"https:\/\/www.vaillant.de\/21-grad\/wp-content\/uploads\/2021\/10\/pexels-digital-buggu-365067.jpg","datePublished":"2021-10-26T14:28:04+00:00","author":{"@id":"https:\/\/www.vaillant.de\/21-grad\/#\/schema\/person\/d79d2ba98cd3da7ae5877706050352da"},"description":"Die Textilindustrie gilt als gro\u00dfer Umweltverschmutzer. Dabei gibt es bereits \u00f6kologisch-vertr\u00e4gliche Stoffe aus Milch, Holz und sogar Algen. Mehr Infos!","breadcrumb":{"@id":"https:\/\/www.vaillant.de\/21-grad\/wissen-und-wert\/oekologische-textilien-mode-aus-ananas-alge-co\/#breadcrumb"},"inLanguage":"de","potentialAction":[{"@type":"ReadAction","target":["https:\/\/www.vaillant.de\/21-grad\/wissen-und-wert\/oekologische-textilien-mode-aus-ananas-alge-co\/"]}]},{"@type":"ImageObject","inLanguage":"de","@id":"https:\/\/www.vaillant.de\/21-grad\/wissen-und-wert\/oekologische-textilien-mode-aus-ananas-alge-co\/#primaryimage","url":"https:\/\/www.vaillant.de\/21-grad\/wp-content\/uploads\/2021\/10\/pexels-digital-buggu-365067.jpg","contentUrl":"https:\/\/www.vaillant.de\/21-grad\/wp-content\/uploads\/2021\/10\/pexels-digital-buggu-365067.jpg","width":1500,"height":844,"caption":"Foto von Digital Buggu von Pexels"},{"@type":"BreadcrumbList","@id":"https:\/\/www.vaillant.de\/21-grad\/wissen-und-wert\/oekologische-textilien-mode-aus-ananas-alge-co\/#breadcrumb","itemListElement":[{"@type":"ListItem","position":1,"name":"Startseite","item":"https:\/\/www.vaillant.de\/21-grad\/"},{"@type":"ListItem","position":2,"name":"\u00d6kologische Textilien: Mode aus Ananas, Alge &#038; Co."}]},{"@type":"WebSite","@id":"https:\/\/www.vaillant.de\/21-grad\/#website","url":"https:\/\/www.vaillant.de\/21-grad\/","name":"21 grad","description":"Der Blog f\u00fcr Menschen, die weiterdenken","potentialAction":[{"@type":"SearchAction","target":{"@type":"EntryPoint","urlTemplate":"https:\/\/www.vaillant.de\/21-grad\/?s={search_term_string}"},"query-input":{"@type":"PropertyValueSpecification","valueRequired":true,"valueName":"search_term_string"}}],"inLanguage":"de"},{"@type":"Person","@id":"https:\/\/www.vaillant.de\/21-grad\/#\/schema\/person\/d79d2ba98cd3da7ae5877706050352da","name":"Marcus","image":{"@type":"ImageObject","inLanguage":"de","@id":"https:\/\/www.vaillant.de\/21-grad\/wp-content\/uploads\/2026\/01\/Marcus-125x125.jpg9d3430f1bc55d5a5d47a1162a14ae1af","url":"https:\/\/www.vaillant.de\/21-grad\/wp-content\/uploads\/2026\/01\/Marcus-125x125.jpg","contentUrl":"https:\/\/www.vaillant.de\/21-grad\/wp-content\/uploads\/2026\/01\/Marcus-125x125.jpg","caption":"Marcus"},"description":"Willkommen in der wunderbaren Welt des 21grad Blogs. Als Medien- und Kooperationsmanager bin ich bei Vaillant Deutschland u.a. f\u00fcr unsere Fach- und Branchenkommunikation zust\u00e4ndig. Ich freue mich auf den Dialog mit Euch. :-) Nachhaltigkeit Bewusster Konsum und soziales Engagement liegen mir sehr am Herzen. Zuhause nutze ich \u00d6kostrom und Biogas, bei Lebensmitteln sind mir Labels wie Fair-Trade oder Bio sehr wichtig. Ich bin Sportwart beim Tennisclub Gr\u00fcn-Wei\u00df Lennep und engagiere mich auch f\u00fcr Aktion Mensch oder SOS-Kinderdorf. Interessen Unternehmungen mit Familie und Freunden, Tennis, Rock-Konzerte, Kino, B\u00fccher (z.B. Hornby, Eschbach, Uschmann) Was wolltest du als Kind gerne werden? Um es mit den \u00c4rzten zu sagen: Popstar, Bademeister oder Astronaut Was bringt dich auf die Palme? Menschen, die Schuld immer bei anderen suchen oder auch nat\u00fcrlich eine leckere Kokosnuss Was war der beste Rat, den du jemals erhalten hast? \u201eDenke in L\u00f6sungen, nicht in Problemen.\u201c","url":"https:\/\/www.vaillant.de\/21-grad\/autor\/marcus\/"}]}},"_links":{"self":[{"href":"https:\/\/www.vaillant.de\/21-grad\/wp-json\/wp\/v2\/posts\/6747","targetHints":{"allow":["GET"]}}],"collection":[{"href":"https:\/\/www.vaillant.de\/21-grad\/wp-json\/wp\/v2\/posts"}],"about":[{"href":"https:\/\/www.vaillant.de\/21-grad\/wp-json\/wp\/v2\/types\/post"}],"author":[{"embeddable":true,"href":"https:\/\/www.vaillant.de\/21-grad\/wp-json\/wp\/v2\/users\/6"}],"replies":[{"embeddable":true,"href":"https:\/\/www.vaillant.de\/21-grad\/wp-json\/wp\/v2\/comments?post=6747"}],"version-history":[{"count":9,"href":"https:\/\/www.vaillant.de\/21-grad\/wp-json\/wp\/v2\/posts\/6747\/revisions"}],"predecessor-version":[{"id":6759,"href":"https:\/\/www.vaillant.de\/21-grad\/wp-json\/wp\/v2\/posts\/6747\/revisions\/6759"}],"wp:featuredmedia":[{"embeddable":true,"href":"https:\/\/www.vaillant.de\/21-grad\/wp-json\/wp\/v2\/media\/6750"}],"wp:attachment":[{"href":"https:\/\/www.vaillant.de\/21-grad\/wp-json\/wp\/v2\/media?parent=6747"}],"wp:term":[{"taxonomy":"category","embeddable":true,"href":"https:\/\/www.vaillant.de\/21-grad\/wp-json\/wp\/v2\/categories?post=6747"},{"taxonomy":"post_tag","embeddable":true,"href":"https:\/\/www.vaillant.de\/21-grad\/wp-json\/wp\/v2\/tags?post=6747"},{"taxonomy":"author","embeddable":true,"href":"https:\/\/www.vaillant.de\/21-grad\/wp-json\/wp\/v2\/coauthors?post=6747"}],"curies":[{"name":"wp","href":"https:\/\/api.w.org\/{rel}","templated":true}]}}