{"id":676,"date":"2016-05-03T11:52:52","date_gmt":"2016-05-03T09:52:52","guid":{"rendered":"http:\/\/21-grad.vaillant.de\/?p=676"},"modified":"2022-04-22T13:51:13","modified_gmt":"2022-04-22T11:51:13","slug":"so-retro-heizen-wir-aber-keine-sorge-hilfe-naht","status":"publish","type":"post","link":"https:\/\/www.vaillant.de\/21-grad\/rat-und-tat\/so-retro-heizen-wir-aber-keine-sorge-hilfe-naht\/","title":{"rendered":"So retro heizen wir! Aber keine Sorge, Hilfe naht"},"content":{"rendered":"<p>Deshalb hat Vaillant die <u>Aktion Modernisierung PLUS<\/u> gestartet: Wer bis zum 31. August 2016 sein altes Heizwertger\u00e4t in Rente schickt, erh\u00e4lt 500 EUR Zuschuss auf die Rechnung seines Fachhandwerkers! Ganz nach dem Motto: Gr\u00fcner Heizen. Geld zur\u00fcck.<\/p>\n<p>Ihr\u00a0habt selbst ein Sch\u00e4tzchen\u00a0im Keller? <u><a href=\"https:\/\/vaillant.pgtb.me\/pjMZ1m\">Ladet hier\u00a0Euer Foto hoch!<\/a><\/u>\u00a0Ihr nehmt automatisch an der Verlosung von tollen Preisen teil:<a href=\"https:\/\/www.vaillant.de\/21-grad\/wp-content\/uploads\/2016\/05\/Preise_Edition.png\" rel=\"attachment wp-att-699\"><img loading=\"lazy\" decoding=\"async\" class=\"alignright wp-image-825 \" src=\"https:\/\/www.vaillant.de\/21-grad\/wp-content\/uploads\/2016\/05\/Preise_Edition.png\" width=\"382\" height=\"208\" srcset=\"https:\/\/www.vaillant.de\/21-grad\/wp-content\/uploads\/2016\/05\/Preise_Edition.png 996w, https:\/\/www.vaillant.de\/21-grad\/wp-content\/uploads\/2016\/05\/Preise_Edition-426x232.png 426w, https:\/\/www.vaillant.de\/21-grad\/wp-content\/uploads\/2016\/05\/Preise_Edition-768x418.png 768w, https:\/\/www.vaillant.de\/21-grad\/wp-content\/uploads\/2016\/05\/Preise_Edition-882x480.png 882w\" sizes=\"auto, (max-width: 382px) 100vw, 382px\" \/><\/a><\/p>\n<p>1. Babboe Cargo in der Vaillant Edition<\/p>\n<p>2. 12 x\u00a0Philips Wake-up Light<\/p>\n<p>3. 12 x\u00a0Jawbone UP 24 Fitnessarmband<\/p>\n<p>&nbsp;<\/p>\n\n\t\t<style type=\"text\/css\">\n\t\t\t#gallery-1 {\n\t\t\t\tmargin: auto;\n\t\t\t}\n\t\t\t#gallery-1 .gallery-item {\n\t\t\t\tfloat: left;\n\t\t\t\tmargin-top: 10px;\n\t\t\t\ttext-align: center;\n\t\t\t\twidth: 33%;\n\t\t\t}\n\t\t\t#gallery-1 img {\n\t\t\t\tborder: 2px solid #cfcfcf;\n\t\t\t}\n\t\t\t#gallery-1 .gallery-caption {\n\t\t\t\tmargin-left: 0;\n\t\t\t}\n\t\t\t\/* see gallery_shortcode() in wp-includes\/media.php *\/\n\t\t<\/style>\n\t\t<div id='gallery-1' class='gallery galleryid-676 gallery-columns-3 gallery-size-thumbnail'><dl class='gallery-item'>\n\t\t\t<dt class='gallery-icon portrait'>\n\t\t\t\t<a href='https:\/\/www.vaillant.de\/21-grad\/wp-content\/uploads\/2016\/05\/Bild114.jpg'><img loading=\"lazy\" decoding=\"async\" width=\"150\" height=\"150\" src=\"https:\/\/www.vaillant.de\/21-grad\/wp-content\/uploads\/2016\/05\/Bild114-150x150.jpg\" class=\"attachment-thumbnail size-thumbnail\" alt=\"\" srcset=\"https:\/\/www.vaillant.de\/21-grad\/wp-content\/uploads\/2016\/05\/Bild114-150x150.jpg 150w, https:\/\/www.vaillant.de\/21-grad\/wp-content\/uploads\/2016\/05\/Bild114-320x320.jpg 320w, https:\/\/www.vaillant.de\/21-grad\/wp-content\/uploads\/2016\/05\/Bild114-125x125.jpg 125w\" sizes=\"auto, (max-width: 150px) 100vw, 150px\" \/><\/a>\n\t\t\t<\/dt><\/dl><dl class='gallery-item'>\n\t\t\t<dt class='gallery-icon portrait'>\n\t\t\t\t<a href='https:\/\/www.vaillant.de\/21-grad\/wp-content\/uploads\/2016\/05\/Bild67.jpg'><img loading=\"lazy\" decoding=\"async\" width=\"150\" height=\"150\" src=\"https:\/\/www.vaillant.de\/21-grad\/wp-content\/uploads\/2016\/05\/Bild67-150x150.jpg\" class=\"attachment-thumbnail size-thumbnail\" alt=\"\" srcset=\"https:\/\/www.vaillant.de\/21-grad\/wp-content\/uploads\/2016\/05\/Bild67-150x150.jpg 150w, https:\/\/www.vaillant.de\/21-grad\/wp-content\/uploads\/2016\/05\/Bild67-320x320.jpg 320w, https:\/\/www.vaillant.de\/21-grad\/wp-content\/uploads\/2016\/05\/Bild67-125x125.jpg 125w\" sizes=\"auto, (max-width: 150px) 100vw, 150px\" \/><\/a>\n\t\t\t<\/dt><\/dl><dl class='gallery-item'>\n\t\t\t<dt class='gallery-icon portrait'>\n\t\t\t\t<a href='https:\/\/www.vaillant.de\/21-grad\/wp-content\/uploads\/2016\/05\/Bild108.jpg'><img loading=\"lazy\" decoding=\"async\" width=\"150\" height=\"150\" src=\"https:\/\/www.vaillant.de\/21-grad\/wp-content\/uploads\/2016\/05\/Bild108-150x150.jpg\" class=\"attachment-thumbnail size-thumbnail\" alt=\"\" srcset=\"https:\/\/www.vaillant.de\/21-grad\/wp-content\/uploads\/2016\/05\/Bild108-150x150.jpg 150w, https:\/\/www.vaillant.de\/21-grad\/wp-content\/uploads\/2016\/05\/Bild108-320x320.jpg 320w, https:\/\/www.vaillant.de\/21-grad\/wp-content\/uploads\/2016\/05\/Bild108-125x125.jpg 125w\" sizes=\"auto, (max-width: 150px) 100vw, 150px\" \/><\/a>\n\t\t\t<\/dt><\/dl><br style=\"clear: both\" \/><dl class='gallery-item'>\n\t\t\t<dt class='gallery-icon portrait'>\n\t\t\t\t<a href='https:\/\/www.vaillant.de\/21-grad\/wp-content\/uploads\/2016\/05\/Bild75.jpg'><img loading=\"lazy\" decoding=\"async\" width=\"150\" height=\"150\" src=\"https:\/\/www.vaillant.de\/21-grad\/wp-content\/uploads\/2016\/05\/Bild75-150x150.jpg\" class=\"attachment-thumbnail size-thumbnail\" alt=\"\" srcset=\"https:\/\/www.vaillant.de\/21-grad\/wp-content\/uploads\/2016\/05\/Bild75-150x150.jpg 150w, https:\/\/www.vaillant.de\/21-grad\/wp-content\/uploads\/2016\/05\/Bild75-320x320.jpg 320w, https:\/\/www.vaillant.de\/21-grad\/wp-content\/uploads\/2016\/05\/Bild75-125x125.jpg 125w\" sizes=\"auto, (max-width: 150px) 100vw, 150px\" \/><\/a>\n\t\t\t<\/dt><\/dl><dl class='gallery-item'>\n\t\t\t<dt class='gallery-icon portrait'>\n\t\t\t\t<a href='https:\/\/www.vaillant.de\/21-grad\/wp-content\/uploads\/2016\/05\/Bild74.jpg'><img loading=\"lazy\" decoding=\"async\" width=\"150\" height=\"150\" src=\"https:\/\/www.vaillant.de\/21-grad\/wp-content\/uploads\/2016\/05\/Bild74-150x150.jpg\" class=\"attachment-thumbnail size-thumbnail\" alt=\"\" srcset=\"https:\/\/www.vaillant.de\/21-grad\/wp-content\/uploads\/2016\/05\/Bild74-150x150.jpg 150w, https:\/\/www.vaillant.de\/21-grad\/wp-content\/uploads\/2016\/05\/Bild74-320x320.jpg 320w, https:\/\/www.vaillant.de\/21-grad\/wp-content\/uploads\/2016\/05\/Bild74-125x125.jpg 125w\" sizes=\"auto, (max-width: 150px) 100vw, 150px\" \/><\/a>\n\t\t\t<\/dt><\/dl><dl class='gallery-item'>\n\t\t\t<dt class='gallery-icon portrait'>\n\t\t\t\t<a href='https:\/\/www.vaillant.de\/21-grad\/wp-content\/uploads\/2016\/05\/Bild72.jpg'><img loading=\"lazy\" decoding=\"async\" width=\"150\" height=\"150\" src=\"https:\/\/www.vaillant.de\/21-grad\/wp-content\/uploads\/2016\/05\/Bild72-150x150.jpg\" class=\"attachment-thumbnail size-thumbnail\" alt=\"\" srcset=\"https:\/\/www.vaillant.de\/21-grad\/wp-content\/uploads\/2016\/05\/Bild72-150x150.jpg 150w, https:\/\/www.vaillant.de\/21-grad\/wp-content\/uploads\/2016\/05\/Bild72-320x320.jpg 320w, https:\/\/www.vaillant.de\/21-grad\/wp-content\/uploads\/2016\/05\/Bild72-125x125.jpg 125w\" sizes=\"auto, (max-width: 150px) 100vw, 150px\" \/><\/a>\n\t\t\t<\/dt><\/dl><br style=\"clear: both\" \/><dl class='gallery-item'>\n\t\t\t<dt class='gallery-icon landscape'>\n\t\t\t\t<a href='https:\/\/www.vaillant.de\/21-grad\/wp-content\/uploads\/2016\/05\/Bild71.jpg'><img loading=\"lazy\" decoding=\"async\" width=\"150\" height=\"150\" src=\"https:\/\/www.vaillant.de\/21-grad\/wp-content\/uploads\/2016\/05\/Bild71-150x150.jpg\" class=\"attachment-thumbnail size-thumbnail\" alt=\"\" srcset=\"https:\/\/www.vaillant.de\/21-grad\/wp-content\/uploads\/2016\/05\/Bild71-150x150.jpg 150w, https:\/\/www.vaillant.de\/21-grad\/wp-content\/uploads\/2016\/05\/Bild71-320x320.jpg 320w, https:\/\/www.vaillant.de\/21-grad\/wp-content\/uploads\/2016\/05\/Bild71-125x125.jpg 125w\" sizes=\"auto, (max-width: 150px) 100vw, 150px\" \/><\/a>\n\t\t\t<\/dt><\/dl><dl class='gallery-item'>\n\t\t\t<dt class='gallery-icon portrait'>\n\t\t\t\t<a href='https:\/\/www.vaillant.de\/21-grad\/wp-content\/uploads\/2016\/05\/Bild69.jpg'><img loading=\"lazy\" decoding=\"async\" width=\"150\" height=\"150\" src=\"https:\/\/www.vaillant.de\/21-grad\/wp-content\/uploads\/2016\/05\/Bild69-150x150.jpg\" class=\"attachment-thumbnail size-thumbnail\" alt=\"\" srcset=\"https:\/\/www.vaillant.de\/21-grad\/wp-content\/uploads\/2016\/05\/Bild69-150x150.jpg 150w, https:\/\/www.vaillant.de\/21-grad\/wp-content\/uploads\/2016\/05\/Bild69-320x320.jpg 320w, https:\/\/www.vaillant.de\/21-grad\/wp-content\/uploads\/2016\/05\/Bild69-125x125.jpg 125w\" sizes=\"auto, (max-width: 150px) 100vw, 150px\" \/><\/a>\n\t\t\t<\/dt><\/dl><dl class='gallery-item'>\n\t\t\t<dt class='gallery-icon portrait'>\n\t\t\t\t<a href='https:\/\/www.vaillant.de\/21-grad\/wp-content\/uploads\/2016\/05\/Bild70.jpg'><img loading=\"lazy\" decoding=\"async\" width=\"150\" height=\"150\" src=\"https:\/\/www.vaillant.de\/21-grad\/wp-content\/uploads\/2016\/05\/Bild70-150x150.jpg\" class=\"attachment-thumbnail size-thumbnail\" alt=\"\" srcset=\"https:\/\/www.vaillant.de\/21-grad\/wp-content\/uploads\/2016\/05\/Bild70-150x150.jpg 150w, https:\/\/www.vaillant.de\/21-grad\/wp-content\/uploads\/2016\/05\/Bild70-320x320.jpg 320w, https:\/\/www.vaillant.de\/21-grad\/wp-content\/uploads\/2016\/05\/Bild70-125x125.jpg 125w\" sizes=\"auto, (max-width: 150px) 100vw, 150px\" \/><\/a>\n\t\t\t<\/dt><\/dl><br style=\"clear: both\" \/><dl class='gallery-item'>\n\t\t\t<dt class='gallery-icon portrait'>\n\t\t\t\t<a href='https:\/\/www.vaillant.de\/21-grad\/wp-content\/uploads\/2016\/05\/Bild68.jpg'><img loading=\"lazy\" decoding=\"async\" width=\"150\" height=\"150\" src=\"https:\/\/www.vaillant.de\/21-grad\/wp-content\/uploads\/2016\/05\/Bild68-150x150.jpg\" class=\"attachment-thumbnail size-thumbnail\" alt=\"\" srcset=\"https:\/\/www.vaillant.de\/21-grad\/wp-content\/uploads\/2016\/05\/Bild68-150x150.jpg 150w, https:\/\/www.vaillant.de\/21-grad\/wp-content\/uploads\/2016\/05\/Bild68-320x320.jpg 320w, https:\/\/www.vaillant.de\/21-grad\/wp-content\/uploads\/2016\/05\/Bild68-125x125.jpg 125w\" sizes=\"auto, (max-width: 150px) 100vw, 150px\" \/><\/a>\n\t\t\t<\/dt><\/dl><dl class='gallery-item'>\n\t\t\t<dt class='gallery-icon portrait'>\n\t\t\t\t<a href='https:\/\/www.vaillant.de\/21-grad\/wp-content\/uploads\/2016\/05\/Bild65.jpg'><img loading=\"lazy\" decoding=\"async\" width=\"150\" height=\"150\" src=\"https:\/\/www.vaillant.de\/21-grad\/wp-content\/uploads\/2016\/05\/Bild65-150x150.jpg\" class=\"attachment-thumbnail size-thumbnail\" alt=\"\" srcset=\"https:\/\/www.vaillant.de\/21-grad\/wp-content\/uploads\/2016\/05\/Bild65-150x150.jpg 150w, https:\/\/www.vaillant.de\/21-grad\/wp-content\/uploads\/2016\/05\/Bild65-320x320.jpg 320w, https:\/\/www.vaillant.de\/21-grad\/wp-content\/uploads\/2016\/05\/Bild65-125x125.jpg 125w\" sizes=\"auto, (max-width: 150px) 100vw, 150px\" \/><\/a>\n\t\t\t<\/dt><\/dl><dl class='gallery-item'>\n\t\t\t<dt class='gallery-icon landscape'>\n\t\t\t\t<a href='https:\/\/www.vaillant.de\/21-grad\/wp-content\/uploads\/2016\/05\/Bild64.jpg'><img loading=\"lazy\" decoding=\"async\" width=\"150\" height=\"150\" src=\"https:\/\/www.vaillant.de\/21-grad\/wp-content\/uploads\/2016\/05\/Bild64-150x150.jpg\" class=\"attachment-thumbnail size-thumbnail\" alt=\"\" srcset=\"https:\/\/www.vaillant.de\/21-grad\/wp-content\/uploads\/2016\/05\/Bild64-150x150.jpg 150w, https:\/\/www.vaillant.de\/21-grad\/wp-content\/uploads\/2016\/05\/Bild64-320x320.jpg 320w, https:\/\/www.vaillant.de\/21-grad\/wp-content\/uploads\/2016\/05\/Bild64-125x125.jpg 125w\" sizes=\"auto, (max-width: 150px) 100vw, 150px\" \/><\/a>\n\t\t\t<\/dt><\/dl><br style=\"clear: both\" \/><dl class='gallery-item'>\n\t\t\t<dt class='gallery-icon portrait'>\n\t\t\t\t<a href='https:\/\/www.vaillant.de\/21-grad\/wp-content\/uploads\/2016\/05\/Bild63.jpg'><img loading=\"lazy\" decoding=\"async\" width=\"150\" height=\"150\" src=\"https:\/\/www.vaillant.de\/21-grad\/wp-content\/uploads\/2016\/05\/Bild63-150x150.jpg\" class=\"attachment-thumbnail size-thumbnail\" alt=\"\" srcset=\"https:\/\/www.vaillant.de\/21-grad\/wp-content\/uploads\/2016\/05\/Bild63-150x150.jpg 150w, https:\/\/www.vaillant.de\/21-grad\/wp-content\/uploads\/2016\/05\/Bild63-320x320.jpg 320w, https:\/\/www.vaillant.de\/21-grad\/wp-content\/uploads\/2016\/05\/Bild63-125x125.jpg 125w\" sizes=\"auto, (max-width: 150px) 100vw, 150px\" \/><\/a>\n\t\t\t<\/dt><\/dl><dl class='gallery-item'>\n\t\t\t<dt class='gallery-icon portrait'>\n\t\t\t\t<a href='https:\/\/www.vaillant.de\/21-grad\/wp-content\/uploads\/2016\/05\/Bild62.jpg'><img loading=\"lazy\" decoding=\"async\" width=\"150\" height=\"150\" src=\"https:\/\/www.vaillant.de\/21-grad\/wp-content\/uploads\/2016\/05\/Bild62-150x150.jpg\" class=\"attachment-thumbnail size-thumbnail\" alt=\"\" srcset=\"https:\/\/www.vaillant.de\/21-grad\/wp-content\/uploads\/2016\/05\/Bild62-150x150.jpg 150w, https:\/\/www.vaillant.de\/21-grad\/wp-content\/uploads\/2016\/05\/Bild62-320x320.jpg 320w, https:\/\/www.vaillant.de\/21-grad\/wp-content\/uploads\/2016\/05\/Bild62-125x125.jpg 125w\" sizes=\"auto, (max-width: 150px) 100vw, 150px\" \/><\/a>\n\t\t\t<\/dt><\/dl><dl class='gallery-item'>\n\t\t\t<dt class='gallery-icon landscape'>\n\t\t\t\t<a href='https:\/\/www.vaillant.de\/21-grad\/wp-content\/uploads\/2016\/05\/Bild61.jpg'><img loading=\"lazy\" decoding=\"async\" width=\"150\" height=\"150\" src=\"https:\/\/www.vaillant.de\/21-grad\/wp-content\/uploads\/2016\/05\/Bild61-150x150.jpg\" class=\"attachment-thumbnail size-thumbnail\" alt=\"\" srcset=\"https:\/\/www.vaillant.de\/21-grad\/wp-content\/uploads\/2016\/05\/Bild61-150x150.jpg 150w, https:\/\/www.vaillant.de\/21-grad\/wp-content\/uploads\/2016\/05\/Bild61-320x320.jpg 320w, https:\/\/www.vaillant.de\/21-grad\/wp-content\/uploads\/2016\/05\/Bild61-125x125.jpg 125w\" sizes=\"auto, (max-width: 150px) 100vw, 150px\" \/><\/a>\n\t\t\t<\/dt><\/dl><br style=\"clear: both\" \/><dl class='gallery-item'>\n\t\t\t<dt class='gallery-icon portrait'>\n\t\t\t\t<a href='https:\/\/www.vaillant.de\/21-grad\/wp-content\/uploads\/2016\/05\/Bild60.jpg'><img loading=\"lazy\" decoding=\"async\" width=\"150\" height=\"150\" src=\"https:\/\/www.vaillant.de\/21-grad\/wp-content\/uploads\/2016\/05\/Bild60-150x150.jpg\" class=\"attachment-thumbnail size-thumbnail\" alt=\"\" srcset=\"https:\/\/www.vaillant.de\/21-grad\/wp-content\/uploads\/2016\/05\/Bild60-150x150.jpg 150w, https:\/\/www.vaillant.de\/21-grad\/wp-content\/uploads\/2016\/05\/Bild60-320x320.jpg 320w, https:\/\/www.vaillant.de\/21-grad\/wp-content\/uploads\/2016\/05\/Bild60-125x125.jpg 125w\" sizes=\"auto, (max-width: 150px) 100vw, 150px\" \/><\/a>\n\t\t\t<\/dt><\/dl><dl class='gallery-item'>\n\t\t\t<dt class='gallery-icon portrait'>\n\t\t\t\t<a href='https:\/\/www.vaillant.de\/21-grad\/wp-content\/uploads\/2016\/05\/Bild59.jpg'><img loading=\"lazy\" decoding=\"async\" width=\"150\" height=\"150\" src=\"https:\/\/www.vaillant.de\/21-grad\/wp-content\/uploads\/2016\/05\/Bild59-150x150.jpg\" class=\"attachment-thumbnail size-thumbnail\" alt=\"\" srcset=\"https:\/\/www.vaillant.de\/21-grad\/wp-content\/uploads\/2016\/05\/Bild59-150x150.jpg 150w, https:\/\/www.vaillant.de\/21-grad\/wp-content\/uploads\/2016\/05\/Bild59-320x320.jpg 320w, https:\/\/www.vaillant.de\/21-grad\/wp-content\/uploads\/2016\/05\/Bild59-125x125.jpg 125w\" sizes=\"auto, (max-width: 150px) 100vw, 150px\" \/><\/a>\n\t\t\t<\/dt><\/dl><dl class='gallery-item'>\n\t\t\t<dt class='gallery-icon portrait'>\n\t\t\t\t<a href='https:\/\/www.vaillant.de\/21-grad\/wp-content\/uploads\/2016\/05\/Bild57.jpg'><img loading=\"lazy\" decoding=\"async\" width=\"150\" height=\"150\" src=\"https:\/\/www.vaillant.de\/21-grad\/wp-content\/uploads\/2016\/05\/Bild57-150x150.jpg\" class=\"attachment-thumbnail size-thumbnail\" alt=\"\" srcset=\"https:\/\/www.vaillant.de\/21-grad\/wp-content\/uploads\/2016\/05\/Bild57-150x150.jpg 150w, https:\/\/www.vaillant.de\/21-grad\/wp-content\/uploads\/2016\/05\/Bild57-320x320.jpg 320w, https:\/\/www.vaillant.de\/21-grad\/wp-content\/uploads\/2016\/05\/Bild57-125x125.jpg 125w\" sizes=\"auto, (max-width: 150px) 100vw, 150px\" \/><\/a>\n\t\t\t<\/dt><\/dl><br style=\"clear: both\" \/><dl class='gallery-item'>\n\t\t\t<dt class='gallery-icon portrait'>\n\t\t\t\t<a href='https:\/\/www.vaillant.de\/21-grad\/wp-content\/uploads\/2016\/05\/Bild50.jpg'><img loading=\"lazy\" decoding=\"async\" width=\"150\" height=\"150\" src=\"https:\/\/www.vaillant.de\/21-grad\/wp-content\/uploads\/2016\/05\/Bild50-150x150.jpg\" class=\"attachment-thumbnail size-thumbnail\" alt=\"\" srcset=\"https:\/\/www.vaillant.de\/21-grad\/wp-content\/uploads\/2016\/05\/Bild50-150x150.jpg 150w, https:\/\/www.vaillant.de\/21-grad\/wp-content\/uploads\/2016\/05\/Bild50-320x320.jpg 320w, https:\/\/www.vaillant.de\/21-grad\/wp-content\/uploads\/2016\/05\/Bild50-125x125.jpg 125w\" sizes=\"auto, (max-width: 150px) 100vw, 150px\" \/><\/a>\n\t\t\t<\/dt><\/dl><dl class='gallery-item'>\n\t\t\t<dt class='gallery-icon portrait'>\n\t\t\t\t<a href='https:\/\/www.vaillant.de\/21-grad\/wp-content\/uploads\/2016\/05\/Bild45.jpg'><img loading=\"lazy\" decoding=\"async\" width=\"150\" height=\"150\" src=\"https:\/\/www.vaillant.de\/21-grad\/wp-content\/uploads\/2016\/05\/Bild45-150x150.jpg\" class=\"attachment-thumbnail size-thumbnail\" alt=\"\" srcset=\"https:\/\/www.vaillant.de\/21-grad\/wp-content\/uploads\/2016\/05\/Bild45-150x150.jpg 150w, https:\/\/www.vaillant.de\/21-grad\/wp-content\/uploads\/2016\/05\/Bild45-320x320.jpg 320w, https:\/\/www.vaillant.de\/21-grad\/wp-content\/uploads\/2016\/05\/Bild45-125x125.jpg 125w\" sizes=\"auto, (max-width: 150px) 100vw, 150px\" \/><\/a>\n\t\t\t<\/dt><\/dl><dl class='gallery-item'>\n\t\t\t<dt class='gallery-icon portrait'>\n\t\t\t\t<a href='https:\/\/www.vaillant.de\/21-grad\/wp-content\/uploads\/2016\/05\/Bild44.jpg'><img loading=\"lazy\" decoding=\"async\" width=\"150\" height=\"150\" src=\"https:\/\/www.vaillant.de\/21-grad\/wp-content\/uploads\/2016\/05\/Bild44-150x150.jpg\" class=\"attachment-thumbnail size-thumbnail\" alt=\"\" srcset=\"https:\/\/www.vaillant.de\/21-grad\/wp-content\/uploads\/2016\/05\/Bild44-150x150.jpg 150w, https:\/\/www.vaillant.de\/21-grad\/wp-content\/uploads\/2016\/05\/Bild44-320x320.jpg 320w, https:\/\/www.vaillant.de\/21-grad\/wp-content\/uploads\/2016\/05\/Bild44-125x125.jpg 125w\" sizes=\"auto, (max-width: 150px) 100vw, 150px\" \/><\/a>\n\t\t\t<\/dt><\/dl><br style=\"clear: both\" \/><dl class='gallery-item'>\n\t\t\t<dt class='gallery-icon landscape'>\n\t\t\t\t<a href='https:\/\/www.vaillant.de\/21-grad\/wp-content\/uploads\/2016\/05\/Bild43.jpg'><img loading=\"lazy\" decoding=\"async\" width=\"150\" height=\"150\" src=\"https:\/\/www.vaillant.de\/21-grad\/wp-content\/uploads\/2016\/05\/Bild43-150x150.jpg\" class=\"attachment-thumbnail size-thumbnail\" alt=\"\" srcset=\"https:\/\/www.vaillant.de\/21-grad\/wp-content\/uploads\/2016\/05\/Bild43-150x150.jpg 150w, https:\/\/www.vaillant.de\/21-grad\/wp-content\/uploads\/2016\/05\/Bild43-320x320.jpg 320w, https:\/\/www.vaillant.de\/21-grad\/wp-content\/uploads\/2016\/05\/Bild43-125x125.jpg 125w\" sizes=\"auto, (max-width: 150px) 100vw, 150px\" \/><\/a>\n\t\t\t<\/dt><\/dl><dl class='gallery-item'>\n\t\t\t<dt class='gallery-icon portrait'>\n\t\t\t\t<a href='https:\/\/www.vaillant.de\/21-grad\/wp-content\/uploads\/2016\/05\/Bild42.jpg'><img loading=\"lazy\" decoding=\"async\" width=\"150\" height=\"150\" src=\"https:\/\/www.vaillant.de\/21-grad\/wp-content\/uploads\/2016\/05\/Bild42-150x150.jpg\" class=\"attachment-thumbnail size-thumbnail\" alt=\"\" srcset=\"https:\/\/www.vaillant.de\/21-grad\/wp-content\/uploads\/2016\/05\/Bild42-150x150.jpg 150w, https:\/\/www.vaillant.de\/21-grad\/wp-content\/uploads\/2016\/05\/Bild42-320x320.jpg 320w, https:\/\/www.vaillant.de\/21-grad\/wp-content\/uploads\/2016\/05\/Bild42-125x125.jpg 125w\" sizes=\"auto, (max-width: 150px) 100vw, 150px\" \/><\/a>\n\t\t\t<\/dt><\/dl><dl class='gallery-item'>\n\t\t\t<dt class='gallery-icon portrait'>\n\t\t\t\t<a href='https:\/\/www.vaillant.de\/21-grad\/wp-content\/uploads\/2016\/05\/Bild41.jpg'><img loading=\"lazy\" decoding=\"async\" width=\"150\" height=\"150\" src=\"https:\/\/www.vaillant.de\/21-grad\/wp-content\/uploads\/2016\/05\/Bild41-150x150.jpg\" class=\"attachment-thumbnail size-thumbnail\" alt=\"\" srcset=\"https:\/\/www.vaillant.de\/21-grad\/wp-content\/uploads\/2016\/05\/Bild41-150x150.jpg 150w, https:\/\/www.vaillant.de\/21-grad\/wp-content\/uploads\/2016\/05\/Bild41-320x320.jpg 320w, https:\/\/www.vaillant.de\/21-grad\/wp-content\/uploads\/2016\/05\/Bild41-125x125.jpg 125w\" sizes=\"auto, (max-width: 150px) 100vw, 150px\" \/><\/a>\n\t\t\t<\/dt><\/dl><br style=\"clear: both\" \/><dl class='gallery-item'>\n\t\t\t<dt class='gallery-icon portrait'>\n\t\t\t\t<a href='https:\/\/www.vaillant.de\/21-grad\/wp-content\/uploads\/2016\/05\/Bild40.jpg'><img loading=\"lazy\" decoding=\"async\" width=\"150\" height=\"150\" src=\"https:\/\/www.vaillant.de\/21-grad\/wp-content\/uploads\/2016\/05\/Bild40-150x150.jpg\" class=\"attachment-thumbnail size-thumbnail\" alt=\"\" srcset=\"https:\/\/www.vaillant.de\/21-grad\/wp-content\/uploads\/2016\/05\/Bild40-150x150.jpg 150w, https:\/\/www.vaillant.de\/21-grad\/wp-content\/uploads\/2016\/05\/Bild40-320x320.jpg 320w, https:\/\/www.vaillant.de\/21-grad\/wp-content\/uploads\/2016\/05\/Bild40-125x125.jpg 125w\" sizes=\"auto, (max-width: 150px) 100vw, 150px\" \/><\/a>\n\t\t\t<\/dt><\/dl><dl class='gallery-item'>\n\t\t\t<dt class='gallery-icon portrait'>\n\t\t\t\t<a href='https:\/\/www.vaillant.de\/21-grad\/wp-content\/uploads\/2016\/05\/Bild39.jpg'><img loading=\"lazy\" decoding=\"async\" width=\"150\" height=\"150\" src=\"https:\/\/www.vaillant.de\/21-grad\/wp-content\/uploads\/2016\/05\/Bild39-150x150.jpg\" class=\"attachment-thumbnail size-thumbnail\" alt=\"\" srcset=\"https:\/\/www.vaillant.de\/21-grad\/wp-content\/uploads\/2016\/05\/Bild39-150x150.jpg 150w, https:\/\/www.vaillant.de\/21-grad\/wp-content\/uploads\/2016\/05\/Bild39-320x320.jpg 320w, https:\/\/www.vaillant.de\/21-grad\/wp-content\/uploads\/2016\/05\/Bild39-125x125.jpg 125w\" sizes=\"auto, (max-width: 150px) 100vw, 150px\" \/><\/a>\n\t\t\t<\/dt><\/dl><dl class='gallery-item'>\n\t\t\t<dt class='gallery-icon portrait'>\n\t\t\t\t<a href='https:\/\/www.vaillant.de\/21-grad\/wp-content\/uploads\/2016\/05\/Bild38.jpg'><img loading=\"lazy\" decoding=\"async\" width=\"150\" height=\"150\" src=\"https:\/\/www.vaillant.de\/21-grad\/wp-content\/uploads\/2016\/05\/Bild38-150x150.jpg\" class=\"attachment-thumbnail size-thumbnail\" alt=\"\" srcset=\"https:\/\/www.vaillant.de\/21-grad\/wp-content\/uploads\/2016\/05\/Bild38-150x150.jpg 150w, https:\/\/www.vaillant.de\/21-grad\/wp-content\/uploads\/2016\/05\/Bild38-320x320.jpg 320w, https:\/\/www.vaillant.de\/21-grad\/wp-content\/uploads\/2016\/05\/Bild38-125x125.jpg 125w\" sizes=\"auto, (max-width: 150px) 100vw, 150px\" \/><\/a>\n\t\t\t<\/dt><\/dl><br style=\"clear: both\" \/><dl class='gallery-item'>\n\t\t\t<dt class='gallery-icon portrait'>\n\t\t\t\t<a href='https:\/\/www.vaillant.de\/21-grad\/wp-content\/uploads\/2016\/05\/Bild37.jpeg'><img loading=\"lazy\" decoding=\"async\" width=\"150\" height=\"150\" src=\"https:\/\/www.vaillant.de\/21-grad\/wp-content\/uploads\/2016\/05\/Bild37-150x150.jpeg\" class=\"attachment-thumbnail size-thumbnail\" alt=\"\" srcset=\"https:\/\/www.vaillant.de\/21-grad\/wp-content\/uploads\/2016\/05\/Bild37-150x150.jpeg 150w, https:\/\/www.vaillant.de\/21-grad\/wp-content\/uploads\/2016\/05\/Bild37-320x320.jpeg 320w, https:\/\/www.vaillant.de\/21-grad\/wp-content\/uploads\/2016\/05\/Bild37-125x125.jpeg 125w\" sizes=\"auto, (max-width: 150px) 100vw, 150px\" \/><\/a>\n\t\t\t<\/dt><\/dl><dl class='gallery-item'>\n\t\t\t<dt class='gallery-icon portrait'>\n\t\t\t\t<a href='https:\/\/www.vaillant.de\/21-grad\/wp-content\/uploads\/2016\/05\/Bild36.png'><img loading=\"lazy\" decoding=\"async\" width=\"150\" height=\"150\" src=\"https:\/\/www.vaillant.de\/21-grad\/wp-content\/uploads\/2016\/05\/Bild36-150x150.png\" class=\"attachment-thumbnail size-thumbnail\" alt=\"\" srcset=\"https:\/\/www.vaillant.de\/21-grad\/wp-content\/uploads\/2016\/05\/Bild36-150x150.png 150w, https:\/\/www.vaillant.de\/21-grad\/wp-content\/uploads\/2016\/05\/Bild36-320x320.png 320w, https:\/\/www.vaillant.de\/21-grad\/wp-content\/uploads\/2016\/05\/Bild36-125x125.png 125w\" sizes=\"auto, (max-width: 150px) 100vw, 150px\" \/><\/a>\n\t\t\t<\/dt><\/dl><dl class='gallery-item'>\n\t\t\t<dt class='gallery-icon landscape'>\n\t\t\t\t<a href='https:\/\/www.vaillant.de\/21-grad\/wp-content\/uploads\/2016\/05\/Bild46.jpg'><img loading=\"lazy\" decoding=\"async\" width=\"150\" height=\"150\" src=\"https:\/\/www.vaillant.de\/21-grad\/wp-content\/uploads\/2016\/05\/Bild46-150x150.jpg\" class=\"attachment-thumbnail size-thumbnail\" alt=\"\" srcset=\"https:\/\/www.vaillant.de\/21-grad\/wp-content\/uploads\/2016\/05\/Bild46-150x150.jpg 150w, https:\/\/www.vaillant.de\/21-grad\/wp-content\/uploads\/2016\/05\/Bild46-320x320.jpg 320w, https:\/\/www.vaillant.de\/21-grad\/wp-content\/uploads\/2016\/05\/Bild46-125x125.jpg 125w\" sizes=\"auto, (max-width: 150px) 100vw, 150px\" \/><\/a>\n\t\t\t<\/dt><\/dl><br style=\"clear: both\" \/><dl class='gallery-item'>\n\t\t\t<dt class='gallery-icon portrait'>\n\t\t\t\t<a href='https:\/\/www.vaillant.de\/21-grad\/wp-content\/uploads\/2016\/05\/Bild35.jpg'><img loading=\"lazy\" decoding=\"async\" width=\"150\" height=\"150\" src=\"https:\/\/www.vaillant.de\/21-grad\/wp-content\/uploads\/2016\/05\/Bild35-150x150.jpg\" class=\"attachment-thumbnail size-thumbnail\" alt=\"\" srcset=\"https:\/\/www.vaillant.de\/21-grad\/wp-content\/uploads\/2016\/05\/Bild35-150x150.jpg 150w, https:\/\/www.vaillant.de\/21-grad\/wp-content\/uploads\/2016\/05\/Bild35-320x320.jpg 320w, https:\/\/www.vaillant.de\/21-grad\/wp-content\/uploads\/2016\/05\/Bild35-125x125.jpg 125w\" sizes=\"auto, (max-width: 150px) 100vw, 150px\" \/><\/a>\n\t\t\t<\/dt><\/dl><dl class='gallery-item'>\n\t\t\t<dt class='gallery-icon portrait'>\n\t\t\t\t<a href='https:\/\/www.vaillant.de\/21-grad\/wp-content\/uploads\/2016\/05\/Bild34.jpg'><img loading=\"lazy\" decoding=\"async\" width=\"150\" height=\"150\" src=\"https:\/\/www.vaillant.de\/21-grad\/wp-content\/uploads\/2016\/05\/Bild34-150x150.jpg\" class=\"attachment-thumbnail size-thumbnail\" alt=\"\" srcset=\"https:\/\/www.vaillant.de\/21-grad\/wp-content\/uploads\/2016\/05\/Bild34-150x150.jpg 150w, https:\/\/www.vaillant.de\/21-grad\/wp-content\/uploads\/2016\/05\/Bild34-320x320.jpg 320w, https:\/\/www.vaillant.de\/21-grad\/wp-content\/uploads\/2016\/05\/Bild34-125x125.jpg 125w\" sizes=\"auto, (max-width: 150px) 100vw, 150px\" \/><\/a>\n\t\t\t<\/dt><\/dl><dl class='gallery-item'>\n\t\t\t<dt class='gallery-icon portrait'>\n\t\t\t\t<a href='https:\/\/www.vaillant.de\/21-grad\/wp-content\/uploads\/2016\/05\/Bild33.jpg'><img loading=\"lazy\" decoding=\"async\" width=\"150\" height=\"150\" src=\"https:\/\/www.vaillant.de\/21-grad\/wp-content\/uploads\/2016\/05\/Bild33-150x150.jpg\" class=\"attachment-thumbnail size-thumbnail\" alt=\"\" srcset=\"https:\/\/www.vaillant.de\/21-grad\/wp-content\/uploads\/2016\/05\/Bild33-150x150.jpg 150w, https:\/\/www.vaillant.de\/21-grad\/wp-content\/uploads\/2016\/05\/Bild33-320x320.jpg 320w, https:\/\/www.vaillant.de\/21-grad\/wp-content\/uploads\/2016\/05\/Bild33-125x125.jpg 125w\" sizes=\"auto, (max-width: 150px) 100vw, 150px\" \/><\/a>\n\t\t\t<\/dt><\/dl><br style=\"clear: both\" \/><dl class='gallery-item'>\n\t\t\t<dt class='gallery-icon portrait'>\n\t\t\t\t<a href='https:\/\/www.vaillant.de\/21-grad\/wp-content\/uploads\/2016\/05\/Bild48.jpg'><img loading=\"lazy\" decoding=\"async\" width=\"150\" height=\"150\" src=\"https:\/\/www.vaillant.de\/21-grad\/wp-content\/uploads\/2016\/05\/Bild48-150x150.jpg\" class=\"attachment-thumbnail size-thumbnail\" alt=\"\" srcset=\"https:\/\/www.vaillant.de\/21-grad\/wp-content\/uploads\/2016\/05\/Bild48-150x150.jpg 150w, https:\/\/www.vaillant.de\/21-grad\/wp-content\/uploads\/2016\/05\/Bild48-320x320.jpg 320w, https:\/\/www.vaillant.de\/21-grad\/wp-content\/uploads\/2016\/05\/Bild48-125x125.jpg 125w\" sizes=\"auto, (max-width: 150px) 100vw, 150px\" \/><\/a>\n\t\t\t<\/dt><\/dl><dl class='gallery-item'>\n\t\t\t<dt class='gallery-icon portrait'>\n\t\t\t\t<a href='https:\/\/www.vaillant.de\/21-grad\/wp-content\/uploads\/2016\/05\/Bild32.jpg'><img loading=\"lazy\" decoding=\"async\" width=\"150\" height=\"150\" src=\"https:\/\/www.vaillant.de\/21-grad\/wp-content\/uploads\/2016\/05\/Bild32-150x150.jpg\" class=\"attachment-thumbnail size-thumbnail\" alt=\"\" srcset=\"https:\/\/www.vaillant.de\/21-grad\/wp-content\/uploads\/2016\/05\/Bild32-150x150.jpg 150w, https:\/\/www.vaillant.de\/21-grad\/wp-content\/uploads\/2016\/05\/Bild32-320x320.jpg 320w, https:\/\/www.vaillant.de\/21-grad\/wp-content\/uploads\/2016\/05\/Bild32-125x125.jpg 125w\" sizes=\"auto, (max-width: 150px) 100vw, 150px\" \/><\/a>\n\t\t\t<\/dt><\/dl><dl class='gallery-item'>\n\t\t\t<dt class='gallery-icon landscape'>\n\t\t\t\t<a href='https:\/\/www.vaillant.de\/21-grad\/wp-content\/uploads\/2016\/05\/Bild31.jpg'><img loading=\"lazy\" decoding=\"async\" width=\"150\" height=\"150\" src=\"https:\/\/www.vaillant.de\/21-grad\/wp-content\/uploads\/2016\/05\/Bild31-150x150.jpg\" class=\"attachment-thumbnail size-thumbnail\" alt=\"\" srcset=\"https:\/\/www.vaillant.de\/21-grad\/wp-content\/uploads\/2016\/05\/Bild31-150x150.jpg 150w, https:\/\/www.vaillant.de\/21-grad\/wp-content\/uploads\/2016\/05\/Bild31-320x320.jpg 320w, https:\/\/www.vaillant.de\/21-grad\/wp-content\/uploads\/2016\/05\/Bild31-125x125.jpg 125w\" sizes=\"auto, (max-width: 150px) 100vw, 150px\" \/><\/a>\n\t\t\t<\/dt><\/dl><br style=\"clear: both\" \/><dl class='gallery-item'>\n\t\t\t<dt class='gallery-icon portrait'>\n\t\t\t\t<a href='https:\/\/www.vaillant.de\/21-grad\/wp-content\/uploads\/2016\/05\/Bild47.jpg'><img loading=\"lazy\" decoding=\"async\" width=\"150\" height=\"150\" src=\"https:\/\/www.vaillant.de\/21-grad\/wp-content\/uploads\/2016\/05\/Bild47-150x150.jpg\" class=\"attachment-thumbnail size-thumbnail\" alt=\"\" srcset=\"https:\/\/www.vaillant.de\/21-grad\/wp-content\/uploads\/2016\/05\/Bild47-150x150.jpg 150w, https:\/\/www.vaillant.de\/21-grad\/wp-content\/uploads\/2016\/05\/Bild47-320x320.jpg 320w, https:\/\/www.vaillant.de\/21-grad\/wp-content\/uploads\/2016\/05\/Bild47-125x125.jpg 125w\" sizes=\"auto, (max-width: 150px) 100vw, 150px\" \/><\/a>\n\t\t\t<\/dt><\/dl><dl class='gallery-item'>\n\t\t\t<dt class='gallery-icon landscape'>\n\t\t\t\t<a href='https:\/\/www.vaillant.de\/21-grad\/wp-content\/uploads\/2016\/05\/Bild30.jpg'><img loading=\"lazy\" decoding=\"async\" width=\"150\" height=\"150\" src=\"https:\/\/www.vaillant.de\/21-grad\/wp-content\/uploads\/2016\/05\/Bild30-150x150.jpg\" class=\"attachment-thumbnail size-thumbnail\" alt=\"\" srcset=\"https:\/\/www.vaillant.de\/21-grad\/wp-content\/uploads\/2016\/05\/Bild30-150x150.jpg 150w, https:\/\/www.vaillant.de\/21-grad\/wp-content\/uploads\/2016\/05\/Bild30-125x125.jpg 125w\" sizes=\"auto, (max-width: 150px) 100vw, 150px\" \/><\/a>\n\t\t\t<\/dt><\/dl><dl class='gallery-item'>\n\t\t\t<dt class='gallery-icon portrait'>\n\t\t\t\t<a href='https:\/\/www.vaillant.de\/21-grad\/wp-content\/uploads\/2016\/05\/Bild29.jpg'><img loading=\"lazy\" decoding=\"async\" width=\"150\" height=\"150\" src=\"https:\/\/www.vaillant.de\/21-grad\/wp-content\/uploads\/2016\/05\/Bild29-150x150.jpg\" class=\"attachment-thumbnail size-thumbnail\" alt=\"\" srcset=\"https:\/\/www.vaillant.de\/21-grad\/wp-content\/uploads\/2016\/05\/Bild29-150x150.jpg 150w, https:\/\/www.vaillant.de\/21-grad\/wp-content\/uploads\/2016\/05\/Bild29-320x320.jpg 320w, https:\/\/www.vaillant.de\/21-grad\/wp-content\/uploads\/2016\/05\/Bild29-125x125.jpg 125w\" sizes=\"auto, (max-width: 150px) 100vw, 150px\" \/><\/a>\n\t\t\t<\/dt><\/dl><br style=\"clear: both\" \/><dl class='gallery-item'>\n\t\t\t<dt class='gallery-icon landscape'>\n\t\t\t\t<a href='https:\/\/www.vaillant.de\/21-grad\/wp-content\/uploads\/2016\/05\/Bild28.jpg'><img loading=\"lazy\" decoding=\"async\" width=\"150\" height=\"150\" src=\"https:\/\/www.vaillant.de\/21-grad\/wp-content\/uploads\/2016\/05\/Bild28-150x150.jpg\" class=\"attachment-thumbnail size-thumbnail\" alt=\"\" srcset=\"https:\/\/www.vaillant.de\/21-grad\/wp-content\/uploads\/2016\/05\/Bild28-150x150.jpg 150w, https:\/\/www.vaillant.de\/21-grad\/wp-content\/uploads\/2016\/05\/Bild28-320x320.jpg 320w, https:\/\/www.vaillant.de\/21-grad\/wp-content\/uploads\/2016\/05\/Bild28-125x125.jpg 125w\" sizes=\"auto, (max-width: 150px) 100vw, 150px\" \/><\/a>\n\t\t\t<\/dt><\/dl><dl class='gallery-item'>\n\t\t\t<dt class='gallery-icon portrait'>\n\t\t\t\t<a href='https:\/\/www.vaillant.de\/21-grad\/wp-content\/uploads\/2016\/05\/Bild27.png'><img loading=\"lazy\" decoding=\"async\" width=\"150\" height=\"150\" src=\"https:\/\/www.vaillant.de\/21-grad\/wp-content\/uploads\/2016\/05\/Bild27-150x150.png\" class=\"attachment-thumbnail size-thumbnail\" alt=\"\" srcset=\"https:\/\/www.vaillant.de\/21-grad\/wp-content\/uploads\/2016\/05\/Bild27-150x150.png 150w, https:\/\/www.vaillant.de\/21-grad\/wp-content\/uploads\/2016\/05\/Bild27-320x320.png 320w, https:\/\/www.vaillant.de\/21-grad\/wp-content\/uploads\/2016\/05\/Bild27-125x125.png 125w\" sizes=\"auto, (max-width: 150px) 100vw, 150px\" \/><\/a>\n\t\t\t<\/dt><\/dl><dl class='gallery-item'>\n\t\t\t<dt class='gallery-icon portrait'>\n\t\t\t\t<a href='https:\/\/www.vaillant.de\/21-grad\/wp-content\/uploads\/2016\/05\/Bild26.jpg'><img loading=\"lazy\" decoding=\"async\" width=\"150\" height=\"150\" src=\"https:\/\/www.vaillant.de\/21-grad\/wp-content\/uploads\/2016\/05\/Bild26-150x150.jpg\" class=\"attachment-thumbnail size-thumbnail\" alt=\"\" srcset=\"https:\/\/www.vaillant.de\/21-grad\/wp-content\/uploads\/2016\/05\/Bild26-150x150.jpg 150w, https:\/\/www.vaillant.de\/21-grad\/wp-content\/uploads\/2016\/05\/Bild26-320x320.jpg 320w, https:\/\/www.vaillant.de\/21-grad\/wp-content\/uploads\/2016\/05\/Bild26-125x125.jpg 125w\" sizes=\"auto, (max-width: 150px) 100vw, 150px\" \/><\/a>\n\t\t\t<\/dt><\/dl><br style=\"clear: both\" \/><dl class='gallery-item'>\n\t\t\t<dt class='gallery-icon landscape'>\n\t\t\t\t<a href='https:\/\/www.vaillant.de\/21-grad\/wp-content\/uploads\/2016\/05\/Bild25.jpg'><img loading=\"lazy\" decoding=\"async\" width=\"150\" height=\"150\" src=\"https:\/\/www.vaillant.de\/21-grad\/wp-content\/uploads\/2016\/05\/Bild25-150x150.jpg\" class=\"attachment-thumbnail size-thumbnail\" alt=\"\" srcset=\"https:\/\/www.vaillant.de\/21-grad\/wp-content\/uploads\/2016\/05\/Bild25-150x150.jpg 150w, https:\/\/www.vaillant.de\/21-grad\/wp-content\/uploads\/2016\/05\/Bild25-320x320.jpg 320w, https:\/\/www.vaillant.de\/21-grad\/wp-content\/uploads\/2016\/05\/Bild25-125x125.jpg 125w\" sizes=\"auto, (max-width: 150px) 100vw, 150px\" \/><\/a>\n\t\t\t<\/dt><\/dl><dl class='gallery-item'>\n\t\t\t<dt class='gallery-icon portrait'>\n\t\t\t\t<a href='https:\/\/www.vaillant.de\/21-grad\/wp-content\/uploads\/2016\/05\/Bild24.jpg'><img loading=\"lazy\" decoding=\"async\" width=\"150\" height=\"150\" src=\"https:\/\/www.vaillant.de\/21-grad\/wp-content\/uploads\/2016\/05\/Bild24-150x150.jpg\" class=\"attachment-thumbnail size-thumbnail\" alt=\"\" srcset=\"https:\/\/www.vaillant.de\/21-grad\/wp-content\/uploads\/2016\/05\/Bild24-150x150.jpg 150w, https:\/\/www.vaillant.de\/21-grad\/wp-content\/uploads\/2016\/05\/Bild24-320x320.jpg 320w, https:\/\/www.vaillant.de\/21-grad\/wp-content\/uploads\/2016\/05\/Bild24-125x125.jpg 125w\" sizes=\"auto, (max-width: 150px) 100vw, 150px\" \/><\/a>\n\t\t\t<\/dt><\/dl><dl class='gallery-item'>\n\t\t\t<dt class='gallery-icon portrait'>\n\t\t\t\t<a href='https:\/\/www.vaillant.de\/21-grad\/wp-content\/uploads\/2016\/05\/Bild23.jpg'><img loading=\"lazy\" decoding=\"async\" width=\"150\" height=\"150\" src=\"https:\/\/www.vaillant.de\/21-grad\/wp-content\/uploads\/2016\/05\/Bild23-150x150.jpg\" class=\"attachment-thumbnail size-thumbnail\" alt=\"\" srcset=\"https:\/\/www.vaillant.de\/21-grad\/wp-content\/uploads\/2016\/05\/Bild23-150x150.jpg 150w, https:\/\/www.vaillant.de\/21-grad\/wp-content\/uploads\/2016\/05\/Bild23-320x320.jpg 320w, https:\/\/www.vaillant.de\/21-grad\/wp-content\/uploads\/2016\/05\/Bild23-125x125.jpg 125w\" sizes=\"auto, (max-width: 150px) 100vw, 150px\" \/><\/a>\n\t\t\t<\/dt><\/dl><br style=\"clear: both\" \/><dl class='gallery-item'>\n\t\t\t<dt class='gallery-icon landscape'>\n\t\t\t\t<a href='https:\/\/www.vaillant.de\/21-grad\/wp-content\/uploads\/2016\/05\/Bild22.jpg'><img loading=\"lazy\" decoding=\"async\" width=\"150\" height=\"150\" src=\"https:\/\/www.vaillant.de\/21-grad\/wp-content\/uploads\/2016\/05\/Bild22-150x150.jpg\" class=\"attachment-thumbnail size-thumbnail\" alt=\"\" srcset=\"https:\/\/www.vaillant.de\/21-grad\/wp-content\/uploads\/2016\/05\/Bild22-150x150.jpg 150w, https:\/\/www.vaillant.de\/21-grad\/wp-content\/uploads\/2016\/05\/Bild22-320x320.jpg 320w, https:\/\/www.vaillant.de\/21-grad\/wp-content\/uploads\/2016\/05\/Bild22-125x125.jpg 125w\" sizes=\"auto, (max-width: 150px) 100vw, 150px\" \/><\/a>\n\t\t\t<\/dt><\/dl><dl class='gallery-item'>\n\t\t\t<dt class='gallery-icon portrait'>\n\t\t\t\t<a href='https:\/\/www.vaillant.de\/21-grad\/wp-content\/uploads\/2016\/05\/Bild21.jpg'><img loading=\"lazy\" decoding=\"async\" width=\"150\" height=\"150\" src=\"https:\/\/www.vaillant.de\/21-grad\/wp-content\/uploads\/2016\/05\/Bild21-150x150.jpg\" class=\"attachment-thumbnail size-thumbnail\" alt=\"\" srcset=\"https:\/\/www.vaillant.de\/21-grad\/wp-content\/uploads\/2016\/05\/Bild21-150x150.jpg 150w, https:\/\/www.vaillant.de\/21-grad\/wp-content\/uploads\/2016\/05\/Bild21-320x320.jpg 320w, https:\/\/www.vaillant.de\/21-grad\/wp-content\/uploads\/2016\/05\/Bild21-125x125.jpg 125w\" sizes=\"auto, (max-width: 150px) 100vw, 150px\" \/><\/a>\n\t\t\t<\/dt><\/dl><dl class='gallery-item'>\n\t\t\t<dt class='gallery-icon portrait'>\n\t\t\t\t<a href='https:\/\/www.vaillant.de\/21-grad\/wp-content\/uploads\/2016\/05\/Bild20.jpg'><img loading=\"lazy\" decoding=\"async\" width=\"150\" height=\"150\" src=\"https:\/\/www.vaillant.de\/21-grad\/wp-content\/uploads\/2016\/05\/Bild20-150x150.jpg\" class=\"attachment-thumbnail size-thumbnail\" alt=\"\" srcset=\"https:\/\/www.vaillant.de\/21-grad\/wp-content\/uploads\/2016\/05\/Bild20-150x150.jpg 150w, https:\/\/www.vaillant.de\/21-grad\/wp-content\/uploads\/2016\/05\/Bild20-320x320.jpg 320w, https:\/\/www.vaillant.de\/21-grad\/wp-content\/uploads\/2016\/05\/Bild20-125x125.jpg 125w\" sizes=\"auto, (max-width: 150px) 100vw, 150px\" \/><\/a>\n\t\t\t<\/dt><\/dl><br style=\"clear: both\" \/><dl class='gallery-item'>\n\t\t\t<dt class='gallery-icon portrait'>\n\t\t\t\t<a href='https:\/\/www.vaillant.de\/21-grad\/wp-content\/uploads\/2016\/05\/Bild19.jpg'><img loading=\"lazy\" decoding=\"async\" width=\"150\" height=\"150\" src=\"https:\/\/www.vaillant.de\/21-grad\/wp-content\/uploads\/2016\/05\/Bild19-150x150.jpg\" class=\"attachment-thumbnail size-thumbnail\" alt=\"\" srcset=\"https:\/\/www.vaillant.de\/21-grad\/wp-content\/uploads\/2016\/05\/Bild19-150x150.jpg 150w, https:\/\/www.vaillant.de\/21-grad\/wp-content\/uploads\/2016\/05\/Bild19-480x480.jpg 480w, https:\/\/www.vaillant.de\/21-grad\/wp-content\/uploads\/2016\/05\/Bild19-320x320.jpg 320w, https:\/\/www.vaillant.de\/21-grad\/wp-content\/uploads\/2016\/05\/Bild19-125x125.jpg 125w\" sizes=\"auto, (max-width: 150px) 100vw, 150px\" \/><\/a>\n\t\t\t<\/dt><\/dl><dl class='gallery-item'>\n\t\t\t<dt class='gallery-icon portrait'>\n\t\t\t\t<a href='https:\/\/www.vaillant.de\/21-grad\/wp-content\/uploads\/2016\/05\/Bild18.jpeg'><img loading=\"lazy\" decoding=\"async\" width=\"150\" height=\"150\" src=\"https:\/\/www.vaillant.de\/21-grad\/wp-content\/uploads\/2016\/05\/Bild18-150x150.jpeg\" class=\"attachment-thumbnail size-thumbnail\" alt=\"\" srcset=\"https:\/\/www.vaillant.de\/21-grad\/wp-content\/uploads\/2016\/05\/Bild18-150x150.jpeg 150w, https:\/\/www.vaillant.de\/21-grad\/wp-content\/uploads\/2016\/05\/Bild18-320x320.jpeg 320w, https:\/\/www.vaillant.de\/21-grad\/wp-content\/uploads\/2016\/05\/Bild18-125x125.jpeg 125w\" sizes=\"auto, (max-width: 150px) 100vw, 150px\" \/><\/a>\n\t\t\t<\/dt><\/dl><dl class='gallery-item'>\n\t\t\t<dt class='gallery-icon portrait'>\n\t\t\t\t<a href='https:\/\/www.vaillant.de\/21-grad\/wp-content\/uploads\/2016\/05\/Bild112.jpeg'><img loading=\"lazy\" decoding=\"async\" width=\"150\" height=\"150\" src=\"https:\/\/www.vaillant.de\/21-grad\/wp-content\/uploads\/2016\/05\/Bild112-150x150.jpeg\" class=\"attachment-thumbnail size-thumbnail\" alt=\"\" srcset=\"https:\/\/www.vaillant.de\/21-grad\/wp-content\/uploads\/2016\/05\/Bild112-150x150.jpeg 150w, https:\/\/www.vaillant.de\/21-grad\/wp-content\/uploads\/2016\/05\/Bild112-320x320.jpeg 320w, https:\/\/www.vaillant.de\/21-grad\/wp-content\/uploads\/2016\/05\/Bild112-125x125.jpeg 125w\" sizes=\"auto, (max-width: 150px) 100vw, 150px\" \/><\/a>\n\t\t\t<\/dt><\/dl><br style=\"clear: both\" \/><dl class='gallery-item'>\n\t\t\t<dt class='gallery-icon landscape'>\n\t\t\t\t<a href='https:\/\/www.vaillant.de\/21-grad\/wp-content\/uploads\/2016\/05\/ALtes-Ger\u00e4t-5.png'><img loading=\"lazy\" decoding=\"async\" width=\"150\" height=\"150\" src=\"https:\/\/www.vaillant.de\/21-grad\/wp-content\/uploads\/2016\/05\/ALtes-Ger\u00e4t-5-150x150.png\" class=\"attachment-thumbnail size-thumbnail\" alt=\"\" srcset=\"https:\/\/www.vaillant.de\/21-grad\/wp-content\/uploads\/2016\/05\/ALtes-Ger\u00e4t-5-150x150.png 150w, https:\/\/www.vaillant.de\/21-grad\/wp-content\/uploads\/2016\/05\/ALtes-Ger\u00e4t-5-232x232.png 232w, https:\/\/www.vaillant.de\/21-grad\/wp-content\/uploads\/2016\/05\/ALtes-Ger\u00e4t-5-768x767.png 768w, https:\/\/www.vaillant.de\/21-grad\/wp-content\/uploads\/2016\/05\/ALtes-Ger\u00e4t-5-481x480.png 481w, https:\/\/www.vaillant.de\/21-grad\/wp-content\/uploads\/2016\/05\/ALtes-Ger\u00e4t-5-320x320.png 320w, https:\/\/www.vaillant.de\/21-grad\/wp-content\/uploads\/2016\/05\/ALtes-Ger\u00e4t-5-125x125.png 125w, https:\/\/www.vaillant.de\/21-grad\/wp-content\/uploads\/2016\/05\/ALtes-Ger\u00e4t-5.png 1200w\" sizes=\"auto, (max-width: 150px) 100vw, 150px\" \/><\/a>\n\t\t\t<\/dt><\/dl><dl class='gallery-item'>\n\t\t\t<dt class='gallery-icon portrait'>\n\t\t\t\t<a href='https:\/\/www.vaillant.de\/21-grad\/wp-content\/uploads\/2016\/05\/Bild10.jpeg'><img loading=\"lazy\" decoding=\"async\" width=\"150\" height=\"150\" src=\"https:\/\/www.vaillant.de\/21-grad\/wp-content\/uploads\/2016\/05\/Bild10-150x150.jpeg\" class=\"attachment-thumbnail size-thumbnail\" alt=\"\" srcset=\"https:\/\/www.vaillant.de\/21-grad\/wp-content\/uploads\/2016\/05\/Bild10-150x150.jpeg 150w, https:\/\/www.vaillant.de\/21-grad\/wp-content\/uploads\/2016\/05\/Bild10-320x320.jpeg 320w, https:\/\/www.vaillant.de\/21-grad\/wp-content\/uploads\/2016\/05\/Bild10-125x125.jpeg 125w\" sizes=\"auto, (max-width: 150px) 100vw, 150px\" \/><\/a>\n\t\t\t<\/dt><\/dl><dl class='gallery-item'>\n\t\t\t<dt class='gallery-icon portrait'>\n\t\t\t\t<a href='https:\/\/www.vaillant.de\/21-grad\/wp-content\/uploads\/2016\/04\/Altes-Ger\u00e4t-1.png'><img loading=\"lazy\" decoding=\"async\" width=\"150\" height=\"150\" src=\"https:\/\/www.vaillant.de\/21-grad\/wp-content\/uploads\/2016\/04\/Altes-Ger\u00e4t-1-150x150.png\" class=\"attachment-thumbnail size-thumbnail\" alt=\"\" srcset=\"https:\/\/www.vaillant.de\/21-grad\/wp-content\/uploads\/2016\/04\/Altes-Ger\u00e4t-1-150x150.png 150w, https:\/\/www.vaillant.de\/21-grad\/wp-content\/uploads\/2016\/04\/Altes-Ger\u00e4t-1-232x232.png 232w, https:\/\/www.vaillant.de\/21-grad\/wp-content\/uploads\/2016\/04\/Altes-Ger\u00e4t-1-479x480.png 479w, https:\/\/www.vaillant.de\/21-grad\/wp-content\/uploads\/2016\/04\/Altes-Ger\u00e4t-1-320x320.png 320w, https:\/\/www.vaillant.de\/21-grad\/wp-content\/uploads\/2016\/04\/Altes-Ger\u00e4t-1-125x125.png 125w, https:\/\/www.vaillant.de\/21-grad\/wp-content\/uploads\/2016\/04\/Altes-Ger\u00e4t-1.png 641w\" sizes=\"auto, (max-width: 150px) 100vw, 150px\" \/><\/a>\n\t\t\t<\/dt><\/dl><br style=\"clear: both\" \/><dl class='gallery-item'>\n\t\t\t<dt class='gallery-icon portrait'>\n\t\t\t\t<a href='https:\/\/www.vaillant.de\/21-grad\/wp-content\/uploads\/2016\/05\/ALtes-Ger\u00e4t-6.png'><img loading=\"lazy\" decoding=\"async\" width=\"150\" height=\"150\" src=\"https:\/\/www.vaillant.de\/21-grad\/wp-content\/uploads\/2016\/05\/ALtes-Ger\u00e4t-6-150x150.png\" class=\"attachment-thumbnail size-thumbnail\" alt=\"\" srcset=\"https:\/\/www.vaillant.de\/21-grad\/wp-content\/uploads\/2016\/05\/ALtes-Ger\u00e4t-6-150x150.png 150w, https:\/\/www.vaillant.de\/21-grad\/wp-content\/uploads\/2016\/05\/ALtes-Ger\u00e4t-6-232x232.png 232w, https:\/\/www.vaillant.de\/21-grad\/wp-content\/uploads\/2016\/05\/ALtes-Ger\u00e4t-6-768x769.png 768w, https:\/\/www.vaillant.de\/21-grad\/wp-content\/uploads\/2016\/05\/ALtes-Ger\u00e4t-6-479x480.png 479w, https:\/\/www.vaillant.de\/21-grad\/wp-content\/uploads\/2016\/05\/ALtes-Ger\u00e4t-6-320x320.png 320w, https:\/\/www.vaillant.de\/21-grad\/wp-content\/uploads\/2016\/05\/ALtes-Ger\u00e4t-6-125x125.png 125w, https:\/\/www.vaillant.de\/21-grad\/wp-content\/uploads\/2016\/05\/ALtes-Ger\u00e4t-6.png 1198w\" sizes=\"auto, (max-width: 150px) 100vw, 150px\" \/><\/a>\n\t\t\t<\/dt><\/dl><dl class='gallery-item'>\n\t\t\t<dt class='gallery-icon landscape'>\n\t\t\t\t<a href='https:\/\/www.vaillant.de\/21-grad\/wp-content\/uploads\/2016\/05\/ALtes-Ger\u00e4t-4.png'><img loading=\"lazy\" decoding=\"async\" width=\"150\" height=\"150\" src=\"https:\/\/www.vaillant.de\/21-grad\/wp-content\/uploads\/2016\/05\/ALtes-Ger\u00e4t-4-150x150.png\" class=\"attachment-thumbnail size-thumbnail\" alt=\"\" srcset=\"https:\/\/www.vaillant.de\/21-grad\/wp-content\/uploads\/2016\/05\/ALtes-Ger\u00e4t-4-150x150.png 150w, https:\/\/www.vaillant.de\/21-grad\/wp-content\/uploads\/2016\/05\/ALtes-Ger\u00e4t-4-320x320.png 320w, https:\/\/www.vaillant.de\/21-grad\/wp-content\/uploads\/2016\/05\/ALtes-Ger\u00e4t-4-125x125.png 125w\" sizes=\"auto, (max-width: 150px) 100vw, 150px\" \/><\/a>\n\t\t\t<\/dt><\/dl><dl class='gallery-item'>\n\t\t\t<dt class='gallery-icon portrait'>\n\t\t\t\t<a href='https:\/\/www.vaillant.de\/21-grad\/wp-content\/uploads\/2016\/04\/12187649_1076056969101908_3022008742984807966_n.jpg'><img loading=\"lazy\" decoding=\"async\" width=\"150\" height=\"150\" src=\"https:\/\/www.vaillant.de\/21-grad\/wp-content\/uploads\/2016\/04\/12187649_1076056969101908_3022008742984807966_n-150x150.jpg\" class=\"attachment-thumbnail size-thumbnail\" alt=\"\" srcset=\"https:\/\/www.vaillant.de\/21-grad\/wp-content\/uploads\/2016\/04\/12187649_1076056969101908_3022008742984807966_n-150x150.jpg 150w, https:\/\/www.vaillant.de\/21-grad\/wp-content\/uploads\/2016\/04\/12187649_1076056969101908_3022008742984807966_n-320x320.jpg 320w, https:\/\/www.vaillant.de\/21-grad\/wp-content\/uploads\/2016\/04\/12187649_1076056969101908_3022008742984807966_n-125x125.jpg 125w\" sizes=\"auto, (max-width: 150px) 100vw, 150px\" \/><\/a>\n\t\t\t<\/dt><\/dl><br style=\"clear: both\" \/><dl class='gallery-item'>\n\t\t\t<dt class='gallery-icon portrait'>\n\t\t\t\t<a href='https:\/\/www.vaillant.de\/21-grad\/wp-content\/uploads\/2016\/04\/12647194_1034309720060477_2951400128289376644_n.jpg'><img loading=\"lazy\" decoding=\"async\" width=\"150\" height=\"150\" src=\"https:\/\/www.vaillant.de\/21-grad\/wp-content\/uploads\/2016\/04\/12647194_1034309720060477_2951400128289376644_n-150x150.jpg\" class=\"attachment-thumbnail size-thumbnail\" alt=\"\" srcset=\"https:\/\/www.vaillant.de\/21-grad\/wp-content\/uploads\/2016\/04\/12647194_1034309720060477_2951400128289376644_n-150x150.jpg 150w, https:\/\/www.vaillant.de\/21-grad\/wp-content\/uploads\/2016\/04\/12647194_1034309720060477_2951400128289376644_n-320x320.jpg 320w, https:\/\/www.vaillant.de\/21-grad\/wp-content\/uploads\/2016\/04\/12647194_1034309720060477_2951400128289376644_n-125x125.jpg 125w\" sizes=\"auto, (max-width: 150px) 100vw, 150px\" \/><\/a>\n\t\t\t<\/dt><\/dl><dl class='gallery-item'>\n\t\t\t<dt class='gallery-icon portrait'>\n\t\t\t\t<a href='https:\/\/www.vaillant.de\/21-grad\/wp-content\/uploads\/2016\/05\/Bild1.jpeg'><img loading=\"lazy\" decoding=\"async\" width=\"150\" height=\"150\" src=\"https:\/\/www.vaillant.de\/21-grad\/wp-content\/uploads\/2016\/05\/Bild1-150x150.jpeg\" class=\"attachment-thumbnail size-thumbnail\" alt=\"\" srcset=\"https:\/\/www.vaillant.de\/21-grad\/wp-content\/uploads\/2016\/05\/Bild1-150x150.jpeg 150w, https:\/\/www.vaillant.de\/21-grad\/wp-content\/uploads\/2016\/05\/Bild1-320x320.jpeg 320w, https:\/\/www.vaillant.de\/21-grad\/wp-content\/uploads\/2016\/05\/Bild1-125x125.jpeg 125w\" sizes=\"auto, (max-width: 150px) 100vw, 150px\" \/><\/a>\n\t\t\t<\/dt><\/dl><dl class='gallery-item'>\n\t\t\t<dt class='gallery-icon landscape'>\n\t\t\t\t<a href='https:\/\/www.vaillant.de\/21-grad\/wp-content\/uploads\/2016\/05\/Bild15.jpeg'><img loading=\"lazy\" decoding=\"async\" width=\"150\" height=\"150\" src=\"https:\/\/www.vaillant.de\/21-grad\/wp-content\/uploads\/2016\/05\/Bild15-150x150.jpeg\" class=\"attachment-thumbnail size-thumbnail\" alt=\"\" srcset=\"https:\/\/www.vaillant.de\/21-grad\/wp-content\/uploads\/2016\/05\/Bild15-150x150.jpeg 150w, https:\/\/www.vaillant.de\/21-grad\/wp-content\/uploads\/2016\/05\/Bild15-125x125.jpeg 125w\" sizes=\"auto, (max-width: 150px) 100vw, 150px\" \/><\/a>\n\t\t\t<\/dt><\/dl><br style=\"clear: both\" \/><dl class='gallery-item'>\n\t\t\t<dt class='gallery-icon landscape'>\n\t\t\t\t<a href='https:\/\/www.vaillant.de\/21-grad\/wp-content\/uploads\/2016\/05\/Bild11.jpeg'><img loading=\"lazy\" decoding=\"async\" width=\"150\" height=\"150\" src=\"https:\/\/www.vaillant.de\/21-grad\/wp-content\/uploads\/2016\/05\/Bild11-150x150.jpeg\" class=\"attachment-thumbnail size-thumbnail\" alt=\"\" srcset=\"https:\/\/www.vaillant.de\/21-grad\/wp-content\/uploads\/2016\/05\/Bild11-150x150.jpeg 150w, https:\/\/www.vaillant.de\/21-grad\/wp-content\/uploads\/2016\/05\/Bild11-320x320.jpeg 320w, https:\/\/www.vaillant.de\/21-grad\/wp-content\/uploads\/2016\/05\/Bild11-125x125.jpeg 125w\" sizes=\"auto, (max-width: 150px) 100vw, 150px\" \/><\/a>\n\t\t\t<\/dt><\/dl><dl class='gallery-item'>\n\t\t\t<dt class='gallery-icon portrait'>\n\t\t\t\t<a href='https:\/\/www.vaillant.de\/21-grad\/wp-content\/uploads\/2016\/05\/Bild2.jpeg'><img loading=\"lazy\" decoding=\"async\" width=\"150\" height=\"150\" src=\"https:\/\/www.vaillant.de\/21-grad\/wp-content\/uploads\/2016\/05\/Bild2-150x150.jpeg\" class=\"attachment-thumbnail size-thumbnail\" alt=\"\" srcset=\"https:\/\/www.vaillant.de\/21-grad\/wp-content\/uploads\/2016\/05\/Bild2-150x150.jpeg 150w, https:\/\/www.vaillant.de\/21-grad\/wp-content\/uploads\/2016\/05\/Bild2-320x320.jpeg 320w, https:\/\/www.vaillant.de\/21-grad\/wp-content\/uploads\/2016\/05\/Bild2-125x125.jpeg 125w\" sizes=\"auto, (max-width: 150px) 100vw, 150px\" \/><\/a>\n\t\t\t<\/dt><\/dl><dl class='gallery-item'>\n\t\t\t<dt class='gallery-icon portrait'>\n\t\t\t\t<a href='https:\/\/www.vaillant.de\/21-grad\/wp-content\/uploads\/2016\/05\/Bild3.jpeg'><img loading=\"lazy\" decoding=\"async\" width=\"150\" height=\"150\" src=\"https:\/\/www.vaillant.de\/21-grad\/wp-content\/uploads\/2016\/05\/Bild3-150x150.jpeg\" class=\"attachment-thumbnail size-thumbnail\" alt=\"\" srcset=\"https:\/\/www.vaillant.de\/21-grad\/wp-content\/uploads\/2016\/05\/Bild3-150x150.jpeg 150w, https:\/\/www.vaillant.de\/21-grad\/wp-content\/uploads\/2016\/05\/Bild3-320x320.jpeg 320w, https:\/\/www.vaillant.de\/21-grad\/wp-content\/uploads\/2016\/05\/Bild3-125x125.jpeg 125w\" sizes=\"auto, (max-width: 150px) 100vw, 150px\" \/><\/a>\n\t\t\t<\/dt><\/dl><br style=\"clear: both\" \/><dl class='gallery-item'>\n\t\t\t<dt class='gallery-icon portrait'>\n\t\t\t\t<a href='https:\/\/www.vaillant.de\/21-grad\/wp-content\/uploads\/2016\/05\/Bild4.jpeg'><img loading=\"lazy\" decoding=\"async\" width=\"150\" height=\"150\" src=\"https:\/\/www.vaillant.de\/21-grad\/wp-content\/uploads\/2016\/05\/Bild4-150x150.jpeg\" class=\"attachment-thumbnail size-thumbnail\" alt=\"\" srcset=\"https:\/\/www.vaillant.de\/21-grad\/wp-content\/uploads\/2016\/05\/Bild4-150x150.jpeg 150w, https:\/\/www.vaillant.de\/21-grad\/wp-content\/uploads\/2016\/05\/Bild4-320x320.jpeg 320w, https:\/\/www.vaillant.de\/21-grad\/wp-content\/uploads\/2016\/05\/Bild4-125x125.jpeg 125w\" sizes=\"auto, (max-width: 150px) 100vw, 150px\" \/><\/a>\n\t\t\t<\/dt><\/dl><dl class='gallery-item'>\n\t\t\t<dt class='gallery-icon portrait'>\n\t\t\t\t<a href='https:\/\/www.vaillant.de\/21-grad\/wp-content\/uploads\/2016\/05\/Bild5.jpeg'><img loading=\"lazy\" decoding=\"async\" width=\"150\" height=\"150\" src=\"https:\/\/www.vaillant.de\/21-grad\/wp-content\/uploads\/2016\/05\/Bild5-150x150.jpeg\" class=\"attachment-thumbnail size-thumbnail\" alt=\"\" srcset=\"https:\/\/www.vaillant.de\/21-grad\/wp-content\/uploads\/2016\/05\/Bild5-150x150.jpeg 150w, https:\/\/www.vaillant.de\/21-grad\/wp-content\/uploads\/2016\/05\/Bild5-320x320.jpeg 320w, https:\/\/www.vaillant.de\/21-grad\/wp-content\/uploads\/2016\/05\/Bild5-125x125.jpeg 125w\" sizes=\"auto, (max-width: 150px) 100vw, 150px\" \/><\/a>\n\t\t\t<\/dt><\/dl><dl class='gallery-item'>\n\t\t\t<dt class='gallery-icon landscape'>\n\t\t\t\t<a href='https:\/\/www.vaillant.de\/21-grad\/wp-content\/uploads\/2016\/05\/Bild51.jpg'><img loading=\"lazy\" decoding=\"async\" width=\"150\" height=\"150\" src=\"https:\/\/www.vaillant.de\/21-grad\/wp-content\/uploads\/2016\/05\/Bild51-150x150.jpg\" class=\"attachment-thumbnail size-thumbnail\" alt=\"\" srcset=\"https:\/\/www.vaillant.de\/21-grad\/wp-content\/uploads\/2016\/05\/Bild51-150x150.jpg 150w, https:\/\/www.vaillant.de\/21-grad\/wp-content\/uploads\/2016\/05\/Bild51-320x320.jpg 320w, https:\/\/www.vaillant.de\/21-grad\/wp-content\/uploads\/2016\/05\/Bild51-125x125.jpg 125w\" sizes=\"auto, (max-width: 150px) 100vw, 150px\" \/><\/a>\n\t\t\t<\/dt><\/dl><br style=\"clear: both\" \/><dl class='gallery-item'>\n\t\t\t<dt class='gallery-icon portrait'>\n\t\t\t\t<a href='https:\/\/www.vaillant.de\/21-grad\/wp-content\/uploads\/2016\/05\/Bild6.jpeg'><img loading=\"lazy\" decoding=\"async\" width=\"150\" height=\"150\" src=\"https:\/\/www.vaillant.de\/21-grad\/wp-content\/uploads\/2016\/05\/Bild6-150x150.jpeg\" class=\"attachment-thumbnail size-thumbnail\" alt=\"\" srcset=\"https:\/\/www.vaillant.de\/21-grad\/wp-content\/uploads\/2016\/05\/Bild6-150x150.jpeg 150w, https:\/\/www.vaillant.de\/21-grad\/wp-content\/uploads\/2016\/05\/Bild6-320x320.jpeg 320w, https:\/\/www.vaillant.de\/21-grad\/wp-content\/uploads\/2016\/05\/Bild6-125x125.jpeg 125w\" sizes=\"auto, (max-width: 150px) 100vw, 150px\" \/><\/a>\n\t\t\t<\/dt><\/dl><dl class='gallery-item'>\n\t\t\t<dt class='gallery-icon portrait'>\n\t\t\t\t<a href='https:\/\/www.vaillant.de\/21-grad\/wp-content\/uploads\/2016\/05\/Bild7.jpeg'><img loading=\"lazy\" decoding=\"async\" width=\"150\" height=\"150\" src=\"https:\/\/www.vaillant.de\/21-grad\/wp-content\/uploads\/2016\/05\/Bild7-150x150.jpeg\" class=\"attachment-thumbnail size-thumbnail\" alt=\"\" srcset=\"https:\/\/www.vaillant.de\/21-grad\/wp-content\/uploads\/2016\/05\/Bild7-150x150.jpeg 150w, https:\/\/www.vaillant.de\/21-grad\/wp-content\/uploads\/2016\/05\/Bild7-320x320.jpeg 320w, https:\/\/www.vaillant.de\/21-grad\/wp-content\/uploads\/2016\/05\/Bild7-125x125.jpeg 125w\" sizes=\"auto, (max-width: 150px) 100vw, 150px\" \/><\/a>\n\t\t\t<\/dt><\/dl><dl class='gallery-item'>\n\t\t\t<dt class='gallery-icon portrait'>\n\t\t\t\t<a href='https:\/\/www.vaillant.de\/21-grad\/wp-content\/uploads\/2016\/05\/Bild14.jpeg'><img loading=\"lazy\" decoding=\"async\" width=\"150\" height=\"150\" src=\"https:\/\/www.vaillant.de\/21-grad\/wp-content\/uploads\/2016\/05\/Bild14-150x150.jpeg\" class=\"attachment-thumbnail size-thumbnail\" alt=\"\" srcset=\"https:\/\/www.vaillant.de\/21-grad\/wp-content\/uploads\/2016\/05\/Bild14-150x150.jpeg 150w, https:\/\/www.vaillant.de\/21-grad\/wp-content\/uploads\/2016\/05\/Bild14-320x320.jpeg 320w, https:\/\/www.vaillant.de\/21-grad\/wp-content\/uploads\/2016\/05\/Bild14-125x125.jpeg 125w\" sizes=\"auto, (max-width: 150px) 100vw, 150px\" \/><\/a>\n\t\t\t<\/dt><\/dl><br style=\"clear: both\" \/><dl class='gallery-item'>\n\t\t\t<dt class='gallery-icon portrait'>\n\t\t\t\t<a href='https:\/\/www.vaillant.de\/21-grad\/wp-content\/uploads\/2016\/05\/Bild8.jpeg'><img loading=\"lazy\" decoding=\"async\" width=\"150\" height=\"150\" src=\"https:\/\/www.vaillant.de\/21-grad\/wp-content\/uploads\/2016\/05\/Bild8-150x150.jpeg\" class=\"attachment-thumbnail size-thumbnail\" alt=\"\" srcset=\"https:\/\/www.vaillant.de\/21-grad\/wp-content\/uploads\/2016\/05\/Bild8-150x150.jpeg 150w, https:\/\/www.vaillant.de\/21-grad\/wp-content\/uploads\/2016\/05\/Bild8-320x320.jpeg 320w, https:\/\/www.vaillant.de\/21-grad\/wp-content\/uploads\/2016\/05\/Bild8-125x125.jpeg 125w\" sizes=\"auto, (max-width: 150px) 100vw, 150px\" \/><\/a>\n\t\t\t<\/dt><\/dl><dl class='gallery-item'>\n\t\t\t<dt class='gallery-icon portrait'>\n\t\t\t\t<a href='https:\/\/www.vaillant.de\/21-grad\/wp-content\/uploads\/2016\/05\/Bild9.jpeg'><img loading=\"lazy\" decoding=\"async\" width=\"150\" height=\"150\" src=\"https:\/\/www.vaillant.de\/21-grad\/wp-content\/uploads\/2016\/05\/Bild9-150x150.jpeg\" class=\"attachment-thumbnail size-thumbnail\" alt=\"\" srcset=\"https:\/\/www.vaillant.de\/21-grad\/wp-content\/uploads\/2016\/05\/Bild9-150x150.jpeg 150w, https:\/\/www.vaillant.de\/21-grad\/wp-content\/uploads\/2016\/05\/Bild9-320x320.jpeg 320w, https:\/\/www.vaillant.de\/21-grad\/wp-content\/uploads\/2016\/05\/Bild9-125x125.jpeg 125w\" sizes=\"auto, (max-width: 150px) 100vw, 150px\" \/><\/a>\n\t\t\t<\/dt><\/dl><dl class='gallery-item'>\n\t\t\t<dt class='gallery-icon portrait'>\n\t\t\t\t<a href='https:\/\/www.vaillant.de\/21-grad\/wp-content\/uploads\/2016\/05\/Bild113.jpeg'><img loading=\"lazy\" decoding=\"async\" width=\"150\" height=\"150\" src=\"https:\/\/www.vaillant.de\/21-grad\/wp-content\/uploads\/2016\/05\/Bild113-150x150.jpeg\" class=\"attachment-thumbnail size-thumbnail\" alt=\"\" srcset=\"https:\/\/www.vaillant.de\/21-grad\/wp-content\/uploads\/2016\/05\/Bild113-150x150.jpeg 150w, https:\/\/www.vaillant.de\/21-grad\/wp-content\/uploads\/2016\/05\/Bild113-320x320.jpeg 320w, https:\/\/www.vaillant.de\/21-grad\/wp-content\/uploads\/2016\/05\/Bild113-125x125.jpeg 125w\" sizes=\"auto, (max-width: 150px) 100vw, 150px\" \/><\/a>\n\t\t\t<\/dt><\/dl><br style=\"clear: both\" \/><dl class='gallery-item'>\n\t\t\t<dt class='gallery-icon portrait'>\n\t\t\t\t<a href='https:\/\/www.vaillant.de\/21-grad\/wp-content\/uploads\/2016\/05\/Bild17.jpeg'><img loading=\"lazy\" decoding=\"async\" width=\"150\" height=\"150\" src=\"https:\/\/www.vaillant.de\/21-grad\/wp-content\/uploads\/2016\/05\/Bild17-150x150.jpeg\" class=\"attachment-thumbnail size-thumbnail\" alt=\"\" srcset=\"https:\/\/www.vaillant.de\/21-grad\/wp-content\/uploads\/2016\/05\/Bild17-150x150.jpeg 150w, https:\/\/www.vaillant.de\/21-grad\/wp-content\/uploads\/2016\/05\/Bild17-320x320.jpeg 320w, https:\/\/www.vaillant.de\/21-grad\/wp-content\/uploads\/2016\/05\/Bild17-125x125.jpeg 125w\" sizes=\"auto, (max-width: 150px) 100vw, 150px\" \/><\/a>\n\t\t\t<\/dt><\/dl><dl class='gallery-item'>\n\t\t\t<dt class='gallery-icon landscape'>\n\t\t\t\t<a href='https:\/\/www.vaillant.de\/21-grad\/wp-content\/uploads\/2016\/05\/Bild49.jpg'><img loading=\"lazy\" decoding=\"async\" width=\"150\" height=\"150\" src=\"https:\/\/www.vaillant.de\/21-grad\/wp-content\/uploads\/2016\/05\/Bild49-150x150.jpg\" class=\"attachment-thumbnail size-thumbnail\" alt=\"\" srcset=\"https:\/\/www.vaillant.de\/21-grad\/wp-content\/uploads\/2016\/05\/Bild49-150x150.jpg 150w, https:\/\/www.vaillant.de\/21-grad\/wp-content\/uploads\/2016\/05\/Bild49-320x320.jpg 320w, https:\/\/www.vaillant.de\/21-grad\/wp-content\/uploads\/2016\/05\/Bild49-125x125.jpg 125w\" sizes=\"auto, (max-width: 150px) 100vw, 150px\" \/><\/a>\n\t\t\t<\/dt><\/dl><dl class='gallery-item'>\n\t\t\t<dt class='gallery-icon portrait'>\n\t\t\t\t<a href='https:\/\/www.vaillant.de\/21-grad\/wp-content\/uploads\/2016\/05\/Bild107.jpg'><img loading=\"lazy\" decoding=\"async\" width=\"150\" height=\"150\" src=\"https:\/\/www.vaillant.de\/21-grad\/wp-content\/uploads\/2016\/05\/Bild107-150x150.jpg\" class=\"attachment-thumbnail size-thumbnail\" alt=\"\" srcset=\"https:\/\/www.vaillant.de\/21-grad\/wp-content\/uploads\/2016\/05\/Bild107-150x150.jpg 150w, https:\/\/www.vaillant.de\/21-grad\/wp-content\/uploads\/2016\/05\/Bild107-320x320.jpg 320w, https:\/\/www.vaillant.de\/21-grad\/wp-content\/uploads\/2016\/05\/Bild107-125x125.jpg 125w\" sizes=\"auto, (max-width: 150px) 100vw, 150px\" \/><\/a>\n\t\t\t<\/dt><\/dl><br style=\"clear: both\" \/><dl class='gallery-item'>\n\t\t\t<dt class='gallery-icon portrait'>\n\t\t\t\t<a href='https:\/\/www.vaillant.de\/21-grad\/wp-content\/uploads\/2016\/05\/Bild52.jpg'><img loading=\"lazy\" decoding=\"async\" width=\"150\" height=\"150\" src=\"https:\/\/www.vaillant.de\/21-grad\/wp-content\/uploads\/2016\/05\/Bild52-150x150.jpg\" class=\"attachment-thumbnail size-thumbnail\" alt=\"\" srcset=\"https:\/\/www.vaillant.de\/21-grad\/wp-content\/uploads\/2016\/05\/Bild52-150x150.jpg 150w, https:\/\/www.vaillant.de\/21-grad\/wp-content\/uploads\/2016\/05\/Bild52-320x320.jpg 320w, https:\/\/www.vaillant.de\/21-grad\/wp-content\/uploads\/2016\/05\/Bild52-125x125.jpg 125w\" sizes=\"auto, (max-width: 150px) 100vw, 150px\" \/><\/a>\n\t\t\t<\/dt><\/dl><dl class='gallery-item'>\n\t\t\t<dt class='gallery-icon portrait'>\n\t\t\t\t<a href='https:\/\/www.vaillant.de\/21-grad\/wp-content\/uploads\/2016\/05\/Bild54.jpg'><img loading=\"lazy\" decoding=\"async\" width=\"150\" height=\"150\" src=\"https:\/\/www.vaillant.de\/21-grad\/wp-content\/uploads\/2016\/05\/Bild54-150x150.jpg\" class=\"attachment-thumbnail size-thumbnail\" alt=\"\" srcset=\"https:\/\/www.vaillant.de\/21-grad\/wp-content\/uploads\/2016\/05\/Bild54-150x150.jpg 150w, https:\/\/www.vaillant.de\/21-grad\/wp-content\/uploads\/2016\/05\/Bild54-320x320.jpg 320w, https:\/\/www.vaillant.de\/21-grad\/wp-content\/uploads\/2016\/05\/Bild54-125x125.jpg 125w\" sizes=\"auto, (max-width: 150px) 100vw, 150px\" \/><\/a>\n\t\t\t<\/dt><\/dl><dl class='gallery-item'>\n\t\t\t<dt class='gallery-icon portrait'>\n\t\t\t\t<a href='https:\/\/www.vaillant.de\/21-grad\/wp-content\/uploads\/2016\/05\/Bild53.jpg'><img loading=\"lazy\" decoding=\"async\" width=\"150\" height=\"150\" src=\"https:\/\/www.vaillant.de\/21-grad\/wp-content\/uploads\/2016\/05\/Bild53-150x150.jpg\" class=\"attachment-thumbnail size-thumbnail\" alt=\"\" srcset=\"https:\/\/www.vaillant.de\/21-grad\/wp-content\/uploads\/2016\/05\/Bild53-150x150.jpg 150w, https:\/\/www.vaillant.de\/21-grad\/wp-content\/uploads\/2016\/05\/Bild53-320x320.jpg 320w, https:\/\/www.vaillant.de\/21-grad\/wp-content\/uploads\/2016\/05\/Bild53-125x125.jpg 125w\" sizes=\"auto, (max-width: 150px) 100vw, 150px\" \/><\/a>\n\t\t\t<\/dt><\/dl><br style=\"clear: both\" \/><dl class='gallery-item'>\n\t\t\t<dt class='gallery-icon portrait'>\n\t\t\t\t<a href='https:\/\/www.vaillant.de\/21-grad\/wp-content\/uploads\/2016\/05\/Bild55.jpg'><img loading=\"lazy\" decoding=\"async\" width=\"150\" height=\"150\" src=\"https:\/\/www.vaillant.de\/21-grad\/wp-content\/uploads\/2016\/05\/Bild55-150x150.jpg\" class=\"attachment-thumbnail size-thumbnail\" alt=\"\" srcset=\"https:\/\/www.vaillant.de\/21-grad\/wp-content\/uploads\/2016\/05\/Bild55-150x150.jpg 150w, https:\/\/www.vaillant.de\/21-grad\/wp-content\/uploads\/2016\/05\/Bild55-320x320.jpg 320w, https:\/\/www.vaillant.de\/21-grad\/wp-content\/uploads\/2016\/05\/Bild55-125x125.jpg 125w\" sizes=\"auto, (max-width: 150px) 100vw, 150px\" \/><\/a>\n\t\t\t<\/dt><\/dl><dl class='gallery-item'>\n\t\t\t<dt class='gallery-icon portrait'>\n\t\t\t\t<a href='https:\/\/www.vaillant.de\/21-grad\/wp-content\/uploads\/2016\/05\/Bild56.jpg'><img loading=\"lazy\" decoding=\"async\" width=\"150\" height=\"150\" src=\"https:\/\/www.vaillant.de\/21-grad\/wp-content\/uploads\/2016\/05\/Bild56-150x150.jpg\" class=\"attachment-thumbnail size-thumbnail\" alt=\"\" srcset=\"https:\/\/www.vaillant.de\/21-grad\/wp-content\/uploads\/2016\/05\/Bild56-150x150.jpg 150w, https:\/\/www.vaillant.de\/21-grad\/wp-content\/uploads\/2016\/05\/Bild56-320x320.jpg 320w, https:\/\/www.vaillant.de\/21-grad\/wp-content\/uploads\/2016\/05\/Bild56-125x125.jpg 125w\" sizes=\"auto, (max-width: 150px) 100vw, 150px\" \/><\/a>\n\t\t\t<\/dt><\/dl><dl class='gallery-item'>\n\t\t\t<dt class='gallery-icon landscape'>\n\t\t\t\t<a href='https:\/\/www.vaillant.de\/21-grad\/wp-content\/uploads\/2016\/05\/Bild66.jpg'><img loading=\"lazy\" decoding=\"async\" width=\"150\" height=\"150\" src=\"https:\/\/www.vaillant.de\/21-grad\/wp-content\/uploads\/2016\/05\/Bild66-150x150.jpg\" class=\"attachment-thumbnail size-thumbnail\" alt=\"\" srcset=\"https:\/\/www.vaillant.de\/21-grad\/wp-content\/uploads\/2016\/05\/Bild66-150x150.jpg 150w, https:\/\/www.vaillant.de\/21-grad\/wp-content\/uploads\/2016\/05\/Bild66-320x320.jpg 320w, https:\/\/www.vaillant.de\/21-grad\/wp-content\/uploads\/2016\/05\/Bild66-125x125.jpg 125w\" sizes=\"auto, (max-width: 150px) 100vw, 150px\" \/><\/a>\n\t\t\t<\/dt><\/dl><br style=\"clear: both\" \/><dl class='gallery-item'>\n\t\t\t<dt class='gallery-icon portrait'>\n\t\t\t\t<a href='https:\/\/www.vaillant.de\/21-grad\/wp-content\/uploads\/2016\/05\/Bild69-1.jpg'><img loading=\"lazy\" decoding=\"async\" width=\"150\" height=\"150\" src=\"https:\/\/www.vaillant.de\/21-grad\/wp-content\/uploads\/2016\/05\/Bild69-1-150x150.jpg\" class=\"attachment-thumbnail size-thumbnail\" alt=\"\" srcset=\"https:\/\/www.vaillant.de\/21-grad\/wp-content\/uploads\/2016\/05\/Bild69-1-150x150.jpg 150w, https:\/\/www.vaillant.de\/21-grad\/wp-content\/uploads\/2016\/05\/Bild69-1-320x320.jpg 320w, https:\/\/www.vaillant.de\/21-grad\/wp-content\/uploads\/2016\/05\/Bild69-1-125x125.jpg 125w\" sizes=\"auto, (max-width: 150px) 100vw, 150px\" \/><\/a>\n\t\t\t<\/dt><\/dl><dl class='gallery-item'>\n\t\t\t<dt class='gallery-icon portrait'>\n\t\t\t\t<a href='https:\/\/www.vaillant.de\/21-grad\/wp-content\/uploads\/2016\/05\/Bild70-1.jpg'><img loading=\"lazy\" decoding=\"async\" width=\"150\" height=\"150\" src=\"https:\/\/www.vaillant.de\/21-grad\/wp-content\/uploads\/2016\/05\/Bild70-1-150x150.jpg\" class=\"attachment-thumbnail size-thumbnail\" alt=\"\" srcset=\"https:\/\/www.vaillant.de\/21-grad\/wp-content\/uploads\/2016\/05\/Bild70-1-150x150.jpg 150w, https:\/\/www.vaillant.de\/21-grad\/wp-content\/uploads\/2016\/05\/Bild70-1-320x320.jpg 320w, https:\/\/www.vaillant.de\/21-grad\/wp-content\/uploads\/2016\/05\/Bild70-1-125x125.jpg 125w\" sizes=\"auto, (max-width: 150px) 100vw, 150px\" \/><\/a>\n\t\t\t<\/dt><\/dl><dl class='gallery-item'>\n\t\t\t<dt class='gallery-icon portrait'>\n\t\t\t\t<a href='https:\/\/www.vaillant.de\/21-grad\/wp-content\/uploads\/2016\/05\/Bild71-1.jpg'><img loading=\"lazy\" decoding=\"async\" width=\"150\" height=\"150\" src=\"https:\/\/www.vaillant.de\/21-grad\/wp-content\/uploads\/2016\/05\/Bild71-1-150x150.jpg\" class=\"attachment-thumbnail size-thumbnail\" alt=\"\" srcset=\"https:\/\/www.vaillant.de\/21-grad\/wp-content\/uploads\/2016\/05\/Bild71-1-150x150.jpg 150w, https:\/\/www.vaillant.de\/21-grad\/wp-content\/uploads\/2016\/05\/Bild71-1-320x320.jpg 320w, https:\/\/www.vaillant.de\/21-grad\/wp-content\/uploads\/2016\/05\/Bild71-1-125x125.jpg 125w\" sizes=\"auto, (max-width: 150px) 100vw, 150px\" \/><\/a>\n\t\t\t<\/dt><\/dl><br style=\"clear: both\" \/><dl class='gallery-item'>\n\t\t\t<dt class='gallery-icon portrait'>\n\t\t\t\t<a href='https:\/\/www.vaillant.de\/21-grad\/wp-content\/uploads\/2016\/05\/Bild72-1.jpg'><img loading=\"lazy\" decoding=\"async\" width=\"150\" height=\"150\" src=\"https:\/\/www.vaillant.de\/21-grad\/wp-content\/uploads\/2016\/05\/Bild72-1-150x150.jpg\" class=\"attachment-thumbnail size-thumbnail\" alt=\"\" srcset=\"https:\/\/www.vaillant.de\/21-grad\/wp-content\/uploads\/2016\/05\/Bild72-1-150x150.jpg 150w, https:\/\/www.vaillant.de\/21-grad\/wp-content\/uploads\/2016\/05\/Bild72-1-320x320.jpg 320w, https:\/\/www.vaillant.de\/21-grad\/wp-content\/uploads\/2016\/05\/Bild72-1-125x125.jpg 125w\" sizes=\"auto, (max-width: 150px) 100vw, 150px\" \/><\/a>\n\t\t\t<\/dt><\/dl><dl class='gallery-item'>\n\t\t\t<dt class='gallery-icon portrait'>\n\t\t\t\t<a href='https:\/\/www.vaillant.de\/21-grad\/wp-content\/uploads\/2016\/05\/Bild73.jpg'><img loading=\"lazy\" decoding=\"async\" width=\"150\" height=\"150\" src=\"https:\/\/www.vaillant.de\/21-grad\/wp-content\/uploads\/2016\/05\/Bild73-150x150.jpg\" class=\"attachment-thumbnail size-thumbnail\" alt=\"\" srcset=\"https:\/\/www.vaillant.de\/21-grad\/wp-content\/uploads\/2016\/05\/Bild73-150x150.jpg 150w, https:\/\/www.vaillant.de\/21-grad\/wp-content\/uploads\/2016\/05\/Bild73-320x320.jpg 320w, https:\/\/www.vaillant.de\/21-grad\/wp-content\/uploads\/2016\/05\/Bild73-125x125.jpg 125w\" sizes=\"auto, (max-width: 150px) 100vw, 150px\" \/><\/a>\n\t\t\t<\/dt><\/dl><dl class='gallery-item'>\n\t\t\t<dt class='gallery-icon landscape'>\n\t\t\t\t<a href='https:\/\/www.vaillant.de\/21-grad\/wp-content\/uploads\/2016\/05\/Bild74-1.jpg'><img loading=\"lazy\" decoding=\"async\" width=\"150\" height=\"150\" src=\"https:\/\/www.vaillant.de\/21-grad\/wp-content\/uploads\/2016\/05\/Bild74-1-150x150.jpg\" class=\"attachment-thumbnail size-thumbnail\" alt=\"\" srcset=\"https:\/\/www.vaillant.de\/21-grad\/wp-content\/uploads\/2016\/05\/Bild74-1-150x150.jpg 150w, https:\/\/www.vaillant.de\/21-grad\/wp-content\/uploads\/2016\/05\/Bild74-1-320x320.jpg 320w, https:\/\/www.vaillant.de\/21-grad\/wp-content\/uploads\/2016\/05\/Bild74-1-125x125.jpg 125w\" sizes=\"auto, (max-width: 150px) 100vw, 150px\" \/><\/a>\n\t\t\t<\/dt><\/dl><br style=\"clear: both\" \/><dl class='gallery-item'>\n\t\t\t<dt class='gallery-icon portrait'>\n\t\t\t\t<a href='https:\/\/www.vaillant.de\/21-grad\/wp-content\/uploads\/2016\/05\/Bild75-1.jpg'><img loading=\"lazy\" decoding=\"async\" width=\"150\" height=\"150\" src=\"https:\/\/www.vaillant.de\/21-grad\/wp-content\/uploads\/2016\/05\/Bild75-1-150x150.jpg\" class=\"attachment-thumbnail size-thumbnail\" alt=\"\" srcset=\"https:\/\/www.vaillant.de\/21-grad\/wp-content\/uploads\/2016\/05\/Bild75-1-150x150.jpg 150w, https:\/\/www.vaillant.de\/21-grad\/wp-content\/uploads\/2016\/05\/Bild75-1-320x320.jpg 320w, https:\/\/www.vaillant.de\/21-grad\/wp-content\/uploads\/2016\/05\/Bild75-1-125x125.jpg 125w\" sizes=\"auto, (max-width: 150px) 100vw, 150px\" \/><\/a>\n\t\t\t<\/dt><\/dl><dl class='gallery-item'>\n\t\t\t<dt class='gallery-icon portrait'>\n\t\t\t\t<a href='https:\/\/www.vaillant.de\/21-grad\/wp-content\/uploads\/2016\/05\/Bild76.jpg'><img loading=\"lazy\" decoding=\"async\" width=\"150\" height=\"150\" src=\"https:\/\/www.vaillant.de\/21-grad\/wp-content\/uploads\/2016\/05\/Bild76-150x150.jpg\" class=\"attachment-thumbnail size-thumbnail\" alt=\"\" srcset=\"https:\/\/www.vaillant.de\/21-grad\/wp-content\/uploads\/2016\/05\/Bild76-150x150.jpg 150w, https:\/\/www.vaillant.de\/21-grad\/wp-content\/uploads\/2016\/05\/Bild76-320x320.jpg 320w, https:\/\/www.vaillant.de\/21-grad\/wp-content\/uploads\/2016\/05\/Bild76-125x125.jpg 125w\" sizes=\"auto, (max-width: 150px) 100vw, 150px\" \/><\/a>\n\t\t\t<\/dt><\/dl><dl class='gallery-item'>\n\t\t\t<dt class='gallery-icon portrait'>\n\t\t\t\t<a href='https:\/\/www.vaillant.de\/21-grad\/wp-content\/uploads\/2016\/05\/Bild77.jpg'><img loading=\"lazy\" decoding=\"async\" width=\"150\" height=\"150\" src=\"https:\/\/www.vaillant.de\/21-grad\/wp-content\/uploads\/2016\/05\/Bild77-150x150.jpg\" class=\"attachment-thumbnail size-thumbnail\" alt=\"\" srcset=\"https:\/\/www.vaillant.de\/21-grad\/wp-content\/uploads\/2016\/05\/Bild77-150x150.jpg 150w, https:\/\/www.vaillant.de\/21-grad\/wp-content\/uploads\/2016\/05\/Bild77-320x320.jpg 320w, https:\/\/www.vaillant.de\/21-grad\/wp-content\/uploads\/2016\/05\/Bild77-125x125.jpg 125w\" sizes=\"auto, (max-width: 150px) 100vw, 150px\" \/><\/a>\n\t\t\t<\/dt><\/dl><br style=\"clear: both\" \/><dl class='gallery-item'>\n\t\t\t<dt class='gallery-icon landscape'>\n\t\t\t\t<a href='https:\/\/www.vaillant.de\/21-grad\/wp-content\/uploads\/2016\/05\/Bild78.jpg'><img loading=\"lazy\" decoding=\"async\" width=\"150\" height=\"150\" src=\"https:\/\/www.vaillant.de\/21-grad\/wp-content\/uploads\/2016\/05\/Bild78-150x150.jpg\" class=\"attachment-thumbnail size-thumbnail\" alt=\"\" srcset=\"https:\/\/www.vaillant.de\/21-grad\/wp-content\/uploads\/2016\/05\/Bild78-150x150.jpg 150w, https:\/\/www.vaillant.de\/21-grad\/wp-content\/uploads\/2016\/05\/Bild78-232x232.jpg 232w, https:\/\/www.vaillant.de\/21-grad\/wp-content\/uploads\/2016\/05\/Bild78-768x768.jpg 768w, https:\/\/www.vaillant.de\/21-grad\/wp-content\/uploads\/2016\/05\/Bild78-480x480.jpg 480w, https:\/\/www.vaillant.de\/21-grad\/wp-content\/uploads\/2016\/05\/Bild78-320x320.jpg 320w, https:\/\/www.vaillant.de\/21-grad\/wp-content\/uploads\/2016\/05\/Bild78-125x125.jpg 125w, https:\/\/www.vaillant.de\/21-grad\/wp-content\/uploads\/2016\/05\/Bild78.jpg 1000w\" sizes=\"auto, (max-width: 150px) 100vw, 150px\" \/><\/a>\n\t\t\t<\/dt><\/dl><dl class='gallery-item'>\n\t\t\t<dt class='gallery-icon portrait'>\n\t\t\t\t<a href='https:\/\/www.vaillant.de\/21-grad\/wp-content\/uploads\/2016\/05\/Bild79.jpg'><img loading=\"lazy\" decoding=\"async\" width=\"150\" height=\"150\" src=\"https:\/\/www.vaillant.de\/21-grad\/wp-content\/uploads\/2016\/05\/Bild79-150x150.jpg\" class=\"attachment-thumbnail size-thumbnail\" alt=\"\" srcset=\"https:\/\/www.vaillant.de\/21-grad\/wp-content\/uploads\/2016\/05\/Bild79-150x150.jpg 150w, https:\/\/www.vaillant.de\/21-grad\/wp-content\/uploads\/2016\/05\/Bild79-320x320.jpg 320w, https:\/\/www.vaillant.de\/21-grad\/wp-content\/uploads\/2016\/05\/Bild79-125x125.jpg 125w\" sizes=\"auto, (max-width: 150px) 100vw, 150px\" \/><\/a>\n\t\t\t<\/dt><\/dl><dl class='gallery-item'>\n\t\t\t<dt class='gallery-icon portrait'>\n\t\t\t\t<a href='https:\/\/www.vaillant.de\/21-grad\/wp-content\/uploads\/2016\/05\/Bild80.jpg'><img loading=\"lazy\" decoding=\"async\" width=\"150\" height=\"150\" src=\"https:\/\/www.vaillant.de\/21-grad\/wp-content\/uploads\/2016\/05\/Bild80-150x150.jpg\" class=\"attachment-thumbnail size-thumbnail\" alt=\"\" srcset=\"https:\/\/www.vaillant.de\/21-grad\/wp-content\/uploads\/2016\/05\/Bild80-150x150.jpg 150w, https:\/\/www.vaillant.de\/21-grad\/wp-content\/uploads\/2016\/05\/Bild80-320x320.jpg 320w, https:\/\/www.vaillant.de\/21-grad\/wp-content\/uploads\/2016\/05\/Bild80-125x125.jpg 125w\" sizes=\"auto, (max-width: 150px) 100vw, 150px\" \/><\/a>\n\t\t\t<\/dt><\/dl><br style=\"clear: both\" \/><dl class='gallery-item'>\n\t\t\t<dt class='gallery-icon portrait'>\n\t\t\t\t<a href='https:\/\/www.vaillant.de\/21-grad\/wp-content\/uploads\/2016\/05\/Bild81.jpg'><img loading=\"lazy\" decoding=\"async\" width=\"150\" height=\"150\" src=\"https:\/\/www.vaillant.de\/21-grad\/wp-content\/uploads\/2016\/05\/Bild81-150x150.jpg\" class=\"attachment-thumbnail size-thumbnail\" alt=\"\" srcset=\"https:\/\/www.vaillant.de\/21-grad\/wp-content\/uploads\/2016\/05\/Bild81-150x150.jpg 150w, https:\/\/www.vaillant.de\/21-grad\/wp-content\/uploads\/2016\/05\/Bild81-320x320.jpg 320w, https:\/\/www.vaillant.de\/21-grad\/wp-content\/uploads\/2016\/05\/Bild81-125x125.jpg 125w\" sizes=\"auto, (max-width: 150px) 100vw, 150px\" \/><\/a>\n\t\t\t<\/dt><\/dl><dl class='gallery-item'>\n\t\t\t<dt class='gallery-icon portrait'>\n\t\t\t\t<a href='https:\/\/www.vaillant.de\/21-grad\/wp-content\/uploads\/2016\/05\/Bild82.jpg'><img loading=\"lazy\" decoding=\"async\" width=\"150\" height=\"150\" src=\"https:\/\/www.vaillant.de\/21-grad\/wp-content\/uploads\/2016\/05\/Bild82-150x150.jpg\" class=\"attachment-thumbnail size-thumbnail\" alt=\"\" srcset=\"https:\/\/www.vaillant.de\/21-grad\/wp-content\/uploads\/2016\/05\/Bild82-150x150.jpg 150w, https:\/\/www.vaillant.de\/21-grad\/wp-content\/uploads\/2016\/05\/Bild82-320x320.jpg 320w, https:\/\/www.vaillant.de\/21-grad\/wp-content\/uploads\/2016\/05\/Bild82-125x125.jpg 125w\" sizes=\"auto, (max-width: 150px) 100vw, 150px\" \/><\/a>\n\t\t\t<\/dt><\/dl><dl class='gallery-item'>\n\t\t\t<dt class='gallery-icon portrait'>\n\t\t\t\t<a href='https:\/\/www.vaillant.de\/21-grad\/wp-content\/uploads\/2016\/05\/Bild83.jpg'><img loading=\"lazy\" decoding=\"async\" width=\"150\" height=\"150\" src=\"https:\/\/www.vaillant.de\/21-grad\/wp-content\/uploads\/2016\/05\/Bild83-150x150.jpg\" class=\"attachment-thumbnail size-thumbnail\" alt=\"\" srcset=\"https:\/\/www.vaillant.de\/21-grad\/wp-content\/uploads\/2016\/05\/Bild83-150x150.jpg 150w, https:\/\/www.vaillant.de\/21-grad\/wp-content\/uploads\/2016\/05\/Bild83-320x320.jpg 320w, https:\/\/www.vaillant.de\/21-grad\/wp-content\/uploads\/2016\/05\/Bild83-125x125.jpg 125w\" sizes=\"auto, (max-width: 150px) 100vw, 150px\" \/><\/a>\n\t\t\t<\/dt><\/dl><br style=\"clear: both\" \/><dl class='gallery-item'>\n\t\t\t<dt class='gallery-icon portrait'>\n\t\t\t\t<a href='https:\/\/www.vaillant.de\/21-grad\/wp-content\/uploads\/2016\/05\/Bild84.jpg'><img loading=\"lazy\" decoding=\"async\" width=\"150\" height=\"150\" src=\"https:\/\/www.vaillant.de\/21-grad\/wp-content\/uploads\/2016\/05\/Bild84-150x150.jpg\" class=\"attachment-thumbnail size-thumbnail\" alt=\"\" srcset=\"https:\/\/www.vaillant.de\/21-grad\/wp-content\/uploads\/2016\/05\/Bild84-150x150.jpg 150w, https:\/\/www.vaillant.de\/21-grad\/wp-content\/uploads\/2016\/05\/Bild84-320x320.jpg 320w, https:\/\/www.vaillant.de\/21-grad\/wp-content\/uploads\/2016\/05\/Bild84-125x125.jpg 125w\" sizes=\"auto, (max-width: 150px) 100vw, 150px\" \/><\/a>\n\t\t\t<\/dt><\/dl><dl class='gallery-item'>\n\t\t\t<dt class='gallery-icon portrait'>\n\t\t\t\t<a href='https:\/\/www.vaillant.de\/21-grad\/wp-content\/uploads\/2016\/05\/Bild85.jpg'><img loading=\"lazy\" decoding=\"async\" width=\"150\" height=\"150\" src=\"https:\/\/www.vaillant.de\/21-grad\/wp-content\/uploads\/2016\/05\/Bild85-150x150.jpg\" class=\"attachment-thumbnail size-thumbnail\" alt=\"\" srcset=\"https:\/\/www.vaillant.de\/21-grad\/wp-content\/uploads\/2016\/05\/Bild85-150x150.jpg 150w, https:\/\/www.vaillant.de\/21-grad\/wp-content\/uploads\/2016\/05\/Bild85-320x320.jpg 320w, https:\/\/www.vaillant.de\/21-grad\/wp-content\/uploads\/2016\/05\/Bild85-125x125.jpg 125w\" sizes=\"auto, (max-width: 150px) 100vw, 150px\" \/><\/a>\n\t\t\t<\/dt><\/dl><dl class='gallery-item'>\n\t\t\t<dt class='gallery-icon portrait'>\n\t\t\t\t<a href='https:\/\/www.vaillant.de\/21-grad\/wp-content\/uploads\/2016\/05\/Bild86.jpg'><img loading=\"lazy\" decoding=\"async\" width=\"150\" height=\"150\" src=\"https:\/\/www.vaillant.de\/21-grad\/wp-content\/uploads\/2016\/05\/Bild86-150x150.jpg\" class=\"attachment-thumbnail size-thumbnail\" alt=\"\" srcset=\"https:\/\/www.vaillant.de\/21-grad\/wp-content\/uploads\/2016\/05\/Bild86-150x150.jpg 150w, https:\/\/www.vaillant.de\/21-grad\/wp-content\/uploads\/2016\/05\/Bild86-320x320.jpg 320w, https:\/\/www.vaillant.de\/21-grad\/wp-content\/uploads\/2016\/05\/Bild86-125x125.jpg 125w\" sizes=\"auto, (max-width: 150px) 100vw, 150px\" \/><\/a>\n\t\t\t<\/dt><\/dl><br style=\"clear: both\" \/><dl class='gallery-item'>\n\t\t\t<dt class='gallery-icon portrait'>\n\t\t\t\t<a href='https:\/\/www.vaillant.de\/21-grad\/wp-content\/uploads\/2016\/05\/Bild87.jpg'><img loading=\"lazy\" decoding=\"async\" width=\"150\" height=\"150\" src=\"https:\/\/www.vaillant.de\/21-grad\/wp-content\/uploads\/2016\/05\/Bild87-150x150.jpg\" class=\"attachment-thumbnail size-thumbnail\" alt=\"\" srcset=\"https:\/\/www.vaillant.de\/21-grad\/wp-content\/uploads\/2016\/05\/Bild87-150x150.jpg 150w, https:\/\/www.vaillant.de\/21-grad\/wp-content\/uploads\/2016\/05\/Bild87-476x480.jpg 476w, https:\/\/www.vaillant.de\/21-grad\/wp-content\/uploads\/2016\/05\/Bild87-320x320.jpg 320w, https:\/\/www.vaillant.de\/21-grad\/wp-content\/uploads\/2016\/05\/Bild87-125x125.jpg 125w\" sizes=\"auto, (max-width: 150px) 100vw, 150px\" \/><\/a>\n\t\t\t<\/dt><\/dl><dl class='gallery-item'>\n\t\t\t<dt class='gallery-icon portrait'>\n\t\t\t\t<a href='https:\/\/www.vaillant.de\/21-grad\/wp-content\/uploads\/2016\/05\/Bild88.jpg'><img loading=\"lazy\" decoding=\"async\" width=\"150\" height=\"150\" src=\"https:\/\/www.vaillant.de\/21-grad\/wp-content\/uploads\/2016\/05\/Bild88-150x150.jpg\" class=\"attachment-thumbnail size-thumbnail\" alt=\"\" srcset=\"https:\/\/www.vaillant.de\/21-grad\/wp-content\/uploads\/2016\/05\/Bild88-150x150.jpg 150w, https:\/\/www.vaillant.de\/21-grad\/wp-content\/uploads\/2016\/05\/Bild88-320x320.jpg 320w, https:\/\/www.vaillant.de\/21-grad\/wp-content\/uploads\/2016\/05\/Bild88-125x125.jpg 125w\" sizes=\"auto, (max-width: 150px) 100vw, 150px\" \/><\/a>\n\t\t\t<\/dt><\/dl><dl class='gallery-item'>\n\t\t\t<dt class='gallery-icon portrait'>\n\t\t\t\t<a href='https:\/\/www.vaillant.de\/21-grad\/wp-content\/uploads\/2016\/05\/Bild89.jpg'><img loading=\"lazy\" decoding=\"async\" width=\"150\" height=\"150\" src=\"https:\/\/www.vaillant.de\/21-grad\/wp-content\/uploads\/2016\/05\/Bild89-150x150.jpg\" class=\"attachment-thumbnail size-thumbnail\" alt=\"\" srcset=\"https:\/\/www.vaillant.de\/21-grad\/wp-content\/uploads\/2016\/05\/Bild89-150x150.jpg 150w, https:\/\/www.vaillant.de\/21-grad\/wp-content\/uploads\/2016\/05\/Bild89-320x320.jpg 320w, https:\/\/www.vaillant.de\/21-grad\/wp-content\/uploads\/2016\/05\/Bild89-125x125.jpg 125w\" sizes=\"auto, (max-width: 150px) 100vw, 150px\" \/><\/a>\n\t\t\t<\/dt><\/dl><br style=\"clear: both\" \/><dl class='gallery-item'>\n\t\t\t<dt class='gallery-icon portrait'>\n\t\t\t\t<a href='https:\/\/www.vaillant.de\/21-grad\/wp-content\/uploads\/2016\/05\/Bild90.jpg'><img loading=\"lazy\" decoding=\"async\" width=\"150\" height=\"150\" src=\"https:\/\/www.vaillant.de\/21-grad\/wp-content\/uploads\/2016\/05\/Bild90-150x150.jpg\" class=\"attachment-thumbnail size-thumbnail\" alt=\"\" srcset=\"https:\/\/www.vaillant.de\/21-grad\/wp-content\/uploads\/2016\/05\/Bild90-150x150.jpg 150w, https:\/\/www.vaillant.de\/21-grad\/wp-content\/uploads\/2016\/05\/Bild90-320x320.jpg 320w, https:\/\/www.vaillant.de\/21-grad\/wp-content\/uploads\/2016\/05\/Bild90-125x125.jpg 125w\" sizes=\"auto, (max-width: 150px) 100vw, 150px\" \/><\/a>\n\t\t\t<\/dt><\/dl><dl class='gallery-item'>\n\t\t\t<dt class='gallery-icon portrait'>\n\t\t\t\t<a href='https:\/\/www.vaillant.de\/21-grad\/wp-content\/uploads\/2016\/05\/Bild91.png'><img loading=\"lazy\" decoding=\"async\" width=\"150\" height=\"150\" src=\"https:\/\/www.vaillant.de\/21-grad\/wp-content\/uploads\/2016\/05\/Bild91-150x150.png\" class=\"attachment-thumbnail size-thumbnail\" alt=\"\" srcset=\"https:\/\/www.vaillant.de\/21-grad\/wp-content\/uploads\/2016\/05\/Bild91-150x150.png 150w, https:\/\/www.vaillant.de\/21-grad\/wp-content\/uploads\/2016\/05\/Bild91-320x320.png 320w, https:\/\/www.vaillant.de\/21-grad\/wp-content\/uploads\/2016\/05\/Bild91-125x125.png 125w\" sizes=\"auto, (max-width: 150px) 100vw, 150px\" \/><\/a>\n\t\t\t<\/dt><\/dl><dl class='gallery-item'>\n\t\t\t<dt class='gallery-icon landscape'>\n\t\t\t\t<a href='https:\/\/www.vaillant.de\/21-grad\/wp-content\/uploads\/2016\/05\/Bild92.jpg'><img loading=\"lazy\" decoding=\"async\" width=\"150\" height=\"150\" src=\"https:\/\/www.vaillant.de\/21-grad\/wp-content\/uploads\/2016\/05\/Bild92-150x150.jpg\" class=\"attachment-thumbnail size-thumbnail\" alt=\"\" srcset=\"https:\/\/www.vaillant.de\/21-grad\/wp-content\/uploads\/2016\/05\/Bild92-150x150.jpg 150w, https:\/\/www.vaillant.de\/21-grad\/wp-content\/uploads\/2016\/05\/Bild92-320x320.jpg 320w, https:\/\/www.vaillant.de\/21-grad\/wp-content\/uploads\/2016\/05\/Bild92-125x125.jpg 125w\" sizes=\"auto, (max-width: 150px) 100vw, 150px\" \/><\/a>\n\t\t\t<\/dt><\/dl><br style=\"clear: both\" \/><dl class='gallery-item'>\n\t\t\t<dt class='gallery-icon portrait'>\n\t\t\t\t<a href='https:\/\/www.vaillant.de\/21-grad\/wp-content\/uploads\/2016\/05\/Bild93.jpg'><img loading=\"lazy\" decoding=\"async\" width=\"150\" height=\"150\" src=\"https:\/\/www.vaillant.de\/21-grad\/wp-content\/uploads\/2016\/05\/Bild93-150x150.jpg\" class=\"attachment-thumbnail size-thumbnail\" alt=\"\" srcset=\"https:\/\/www.vaillant.de\/21-grad\/wp-content\/uploads\/2016\/05\/Bild93-150x150.jpg 150w, https:\/\/www.vaillant.de\/21-grad\/wp-content\/uploads\/2016\/05\/Bild93-320x320.jpg 320w, https:\/\/www.vaillant.de\/21-grad\/wp-content\/uploads\/2016\/05\/Bild93-125x125.jpg 125w\" sizes=\"auto, (max-width: 150px) 100vw, 150px\" \/><\/a>\n\t\t\t<\/dt><\/dl><dl class='gallery-item'>\n\t\t\t<dt class='gallery-icon landscape'>\n\t\t\t\t<a href='https:\/\/www.vaillant.de\/21-grad\/wp-content\/uploads\/2016\/05\/Bild124.jpg'><img loading=\"lazy\" decoding=\"async\" width=\"150\" height=\"150\" src=\"https:\/\/www.vaillant.de\/21-grad\/wp-content\/uploads\/2016\/05\/Bild124-150x150.jpg\" class=\"attachment-thumbnail size-thumbnail\" alt=\"\" srcset=\"https:\/\/www.vaillant.de\/21-grad\/wp-content\/uploads\/2016\/05\/Bild124-150x150.jpg 150w, https:\/\/www.vaillant.de\/21-grad\/wp-content\/uploads\/2016\/05\/Bild124-320x320.jpg 320w, https:\/\/www.vaillant.de\/21-grad\/wp-content\/uploads\/2016\/05\/Bild124-125x125.jpg 125w\" sizes=\"auto, (max-width: 150px) 100vw, 150px\" \/><\/a>\n\t\t\t<\/dt><\/dl><dl class='gallery-item'>\n\t\t\t<dt class='gallery-icon portrait'>\n\t\t\t\t<a href='https:\/\/www.vaillant.de\/21-grad\/wp-content\/uploads\/2016\/05\/Bild94.jpg'><img loading=\"lazy\" decoding=\"async\" width=\"150\" height=\"150\" src=\"https:\/\/www.vaillant.de\/21-grad\/wp-content\/uploads\/2016\/05\/Bild94-150x150.jpg\" class=\"attachment-thumbnail size-thumbnail\" alt=\"\" srcset=\"https:\/\/www.vaillant.de\/21-grad\/wp-content\/uploads\/2016\/05\/Bild94-150x150.jpg 150w, https:\/\/www.vaillant.de\/21-grad\/wp-content\/uploads\/2016\/05\/Bild94-320x320.jpg 320w, https:\/\/www.vaillant.de\/21-grad\/wp-content\/uploads\/2016\/05\/Bild94-125x125.jpg 125w\" sizes=\"auto, (max-width: 150px) 100vw, 150px\" \/><\/a>\n\t\t\t<\/dt><\/dl><br style=\"clear: both\" \/><dl class='gallery-item'>\n\t\t\t<dt class='gallery-icon landscape'>\n\t\t\t\t<a href='https:\/\/www.vaillant.de\/21-grad\/wp-content\/uploads\/2016\/05\/Bild95.jpg'><img loading=\"lazy\" decoding=\"async\" width=\"150\" height=\"150\" src=\"https:\/\/www.vaillant.de\/21-grad\/wp-content\/uploads\/2016\/05\/Bild95-150x150.jpg\" class=\"attachment-thumbnail size-thumbnail\" alt=\"\" srcset=\"https:\/\/www.vaillant.de\/21-grad\/wp-content\/uploads\/2016\/05\/Bild95-150x150.jpg 150w, https:\/\/www.vaillant.de\/21-grad\/wp-content\/uploads\/2016\/05\/Bild95-320x320.jpg 320w, https:\/\/www.vaillant.de\/21-grad\/wp-content\/uploads\/2016\/05\/Bild95-125x125.jpg 125w\" sizes=\"auto, (max-width: 150px) 100vw, 150px\" \/><\/a>\n\t\t\t<\/dt><\/dl><dl class='gallery-item'>\n\t\t\t<dt class='gallery-icon landscape'>\n\t\t\t\t<a href='https:\/\/www.vaillant.de\/21-grad\/wp-content\/uploads\/2016\/05\/Bild96.jpg'><img loading=\"lazy\" decoding=\"async\" width=\"150\" height=\"150\" src=\"https:\/\/www.vaillant.de\/21-grad\/wp-content\/uploads\/2016\/05\/Bild96-150x150.jpg\" class=\"attachment-thumbnail size-thumbnail\" alt=\"\" srcset=\"https:\/\/www.vaillant.de\/21-grad\/wp-content\/uploads\/2016\/05\/Bild96-150x150.jpg 150w, https:\/\/www.vaillant.de\/21-grad\/wp-content\/uploads\/2016\/05\/Bild96-233x232.jpg 233w, https:\/\/www.vaillant.de\/21-grad\/wp-content\/uploads\/2016\/05\/Bild96-768x763.jpg 768w, https:\/\/www.vaillant.de\/21-grad\/wp-content\/uploads\/2016\/05\/Bild96-483x480.jpg 483w, https:\/\/www.vaillant.de\/21-grad\/wp-content\/uploads\/2016\/05\/Bild96-320x320.jpg 320w, https:\/\/www.vaillant.de\/21-grad\/wp-content\/uploads\/2016\/05\/Bild96-125x125.jpg 125w, https:\/\/www.vaillant.de\/21-grad\/wp-content\/uploads\/2016\/05\/Bild96.jpg 990w\" sizes=\"auto, (max-width: 150px) 100vw, 150px\" \/><\/a>\n\t\t\t<\/dt><\/dl><dl class='gallery-item'>\n\t\t\t<dt class='gallery-icon portrait'>\n\t\t\t\t<a href='https:\/\/www.vaillant.de\/21-grad\/wp-content\/uploads\/2016\/05\/Bild97.jpg'><img loading=\"lazy\" decoding=\"async\" width=\"150\" height=\"150\" src=\"https:\/\/www.vaillant.de\/21-grad\/wp-content\/uploads\/2016\/05\/Bild97-150x150.jpg\" class=\"attachment-thumbnail size-thumbnail\" alt=\"\" srcset=\"https:\/\/www.vaillant.de\/21-grad\/wp-content\/uploads\/2016\/05\/Bild97-150x150.jpg 150w, https:\/\/www.vaillant.de\/21-grad\/wp-content\/uploads\/2016\/05\/Bild97-320x320.jpg 320w, https:\/\/www.vaillant.de\/21-grad\/wp-content\/uploads\/2016\/05\/Bild97-125x125.jpg 125w\" sizes=\"auto, (max-width: 150px) 100vw, 150px\" \/><\/a>\n\t\t\t<\/dt><\/dl><br style=\"clear: both\" \/><dl class='gallery-item'>\n\t\t\t<dt class='gallery-icon portrait'>\n\t\t\t\t<a href='https:\/\/www.vaillant.de\/21-grad\/wp-content\/uploads\/2016\/05\/Bild98.jpg'><img loading=\"lazy\" decoding=\"async\" width=\"150\" height=\"150\" src=\"https:\/\/www.vaillant.de\/21-grad\/wp-content\/uploads\/2016\/05\/Bild98-150x150.jpg\" class=\"attachment-thumbnail size-thumbnail\" alt=\"\" srcset=\"https:\/\/www.vaillant.de\/21-grad\/wp-content\/uploads\/2016\/05\/Bild98-150x150.jpg 150w, https:\/\/www.vaillant.de\/21-grad\/wp-content\/uploads\/2016\/05\/Bild98-480x480.jpg 480w, https:\/\/www.vaillant.de\/21-grad\/wp-content\/uploads\/2016\/05\/Bild98-320x320.jpg 320w, https:\/\/www.vaillant.de\/21-grad\/wp-content\/uploads\/2016\/05\/Bild98-125x125.jpg 125w\" sizes=\"auto, (max-width: 150px) 100vw, 150px\" \/><\/a>\n\t\t\t<\/dt><\/dl><dl class='gallery-item'>\n\t\t\t<dt class='gallery-icon landscape'>\n\t\t\t\t<a href='https:\/\/www.vaillant.de\/21-grad\/wp-content\/uploads\/2016\/05\/Bild99.jpg'><img loading=\"lazy\" decoding=\"async\" width=\"150\" height=\"150\" src=\"https:\/\/www.vaillant.de\/21-grad\/wp-content\/uploads\/2016\/05\/Bild99-150x150.jpg\" class=\"attachment-thumbnail size-thumbnail\" alt=\"\" srcset=\"https:\/\/www.vaillant.de\/21-grad\/wp-content\/uploads\/2016\/05\/Bild99-150x150.jpg 150w, https:\/\/www.vaillant.de\/21-grad\/wp-content\/uploads\/2016\/05\/Bild99-232x232.jpg 232w, https:\/\/www.vaillant.de\/21-grad\/wp-content\/uploads\/2016\/05\/Bild99-768x768.jpg 768w, https:\/\/www.vaillant.de\/21-grad\/wp-content\/uploads\/2016\/05\/Bild99-480x480.jpg 480w, https:\/\/www.vaillant.de\/21-grad\/wp-content\/uploads\/2016\/05\/Bild99-320x320.jpg 320w, https:\/\/www.vaillant.de\/21-grad\/wp-content\/uploads\/2016\/05\/Bild99-125x125.jpg 125w, https:\/\/www.vaillant.de\/21-grad\/wp-content\/uploads\/2016\/05\/Bild99.jpg 1000w\" sizes=\"auto, (max-width: 150px) 100vw, 150px\" \/><\/a>\n\t\t\t<\/dt><\/dl><dl class='gallery-item'>\n\t\t\t<dt class='gallery-icon portrait'>\n\t\t\t\t<a href='https:\/\/www.vaillant.de\/21-grad\/wp-content\/uploads\/2016\/05\/Bild100.jpg'><img loading=\"lazy\" decoding=\"async\" width=\"150\" height=\"150\" src=\"https:\/\/www.vaillant.de\/21-grad\/wp-content\/uploads\/2016\/05\/Bild100-150x150.jpg\" class=\"attachment-thumbnail size-thumbnail\" alt=\"\" srcset=\"https:\/\/www.vaillant.de\/21-grad\/wp-content\/uploads\/2016\/05\/Bild100-150x150.jpg 150w, https:\/\/www.vaillant.de\/21-grad\/wp-content\/uploads\/2016\/05\/Bild100-320x320.jpg 320w, https:\/\/www.vaillant.de\/21-grad\/wp-content\/uploads\/2016\/05\/Bild100-125x125.jpg 125w\" sizes=\"auto, (max-width: 150px) 100vw, 150px\" \/><\/a>\n\t\t\t<\/dt><\/dl><br style=\"clear: both\" \/><dl class='gallery-item'>\n\t\t\t<dt class='gallery-icon portrait'>\n\t\t\t\t<a href='https:\/\/www.vaillant.de\/21-grad\/wp-content\/uploads\/2016\/05\/Bild101.jpg'><img loading=\"lazy\" decoding=\"async\" width=\"150\" height=\"150\" src=\"https:\/\/www.vaillant.de\/21-grad\/wp-content\/uploads\/2016\/05\/Bild101-150x150.jpg\" class=\"attachment-thumbnail size-thumbnail\" alt=\"\" srcset=\"https:\/\/www.vaillant.de\/21-grad\/wp-content\/uploads\/2016\/05\/Bild101-150x150.jpg 150w, https:\/\/www.vaillant.de\/21-grad\/wp-content\/uploads\/2016\/05\/Bild101-320x320.jpg 320w, https:\/\/www.vaillant.de\/21-grad\/wp-content\/uploads\/2016\/05\/Bild101-125x125.jpg 125w\" sizes=\"auto, (max-width: 150px) 100vw, 150px\" \/><\/a>\n\t\t\t<\/dt><\/dl><dl class='gallery-item'>\n\t\t\t<dt class='gallery-icon portrait'>\n\t\t\t\t<a href='https:\/\/www.vaillant.de\/21-grad\/wp-content\/uploads\/2016\/05\/Bild102.jpg'><img loading=\"lazy\" decoding=\"async\" width=\"150\" height=\"150\" src=\"https:\/\/www.vaillant.de\/21-grad\/wp-content\/uploads\/2016\/05\/Bild102-150x150.jpg\" class=\"attachment-thumbnail size-thumbnail\" alt=\"\" srcset=\"https:\/\/www.vaillant.de\/21-grad\/wp-content\/uploads\/2016\/05\/Bild102-150x150.jpg 150w, https:\/\/www.vaillant.de\/21-grad\/wp-content\/uploads\/2016\/05\/Bild102-320x320.jpg 320w, https:\/\/www.vaillant.de\/21-grad\/wp-content\/uploads\/2016\/05\/Bild102-125x125.jpg 125w\" sizes=\"auto, (max-width: 150px) 100vw, 150px\" \/><\/a>\n\t\t\t<\/dt><\/dl><dl class='gallery-item'>\n\t\t\t<dt class='gallery-icon landscape'>\n\t\t\t\t<a href='https:\/\/www.vaillant.de\/21-grad\/wp-content\/uploads\/2016\/05\/Bild103.jpg'><img loading=\"lazy\" decoding=\"async\" width=\"150\" height=\"150\" src=\"https:\/\/www.vaillant.de\/21-grad\/wp-content\/uploads\/2016\/05\/Bild103-150x150.jpg\" class=\"attachment-thumbnail size-thumbnail\" alt=\"\" srcset=\"https:\/\/www.vaillant.de\/21-grad\/wp-content\/uploads\/2016\/05\/Bild103-150x150.jpg 150w, https:\/\/www.vaillant.de\/21-grad\/wp-content\/uploads\/2016\/05\/Bild103-320x320.jpg 320w, https:\/\/www.vaillant.de\/21-grad\/wp-content\/uploads\/2016\/05\/Bild103-125x125.jpg 125w\" sizes=\"auto, (max-width: 150px) 100vw, 150px\" \/><\/a>\n\t\t\t<\/dt><\/dl><br style=\"clear: both\" \/><dl class='gallery-item'>\n\t\t\t<dt class='gallery-icon portrait'>\n\t\t\t\t<a href='https:\/\/www.vaillant.de\/21-grad\/wp-content\/uploads\/2016\/05\/Bild104.jpg'><img loading=\"lazy\" decoding=\"async\" width=\"150\" height=\"150\" src=\"https:\/\/www.vaillant.de\/21-grad\/wp-content\/uploads\/2016\/05\/Bild104-150x150.jpg\" class=\"attachment-thumbnail size-thumbnail\" alt=\"\" srcset=\"https:\/\/www.vaillant.de\/21-grad\/wp-content\/uploads\/2016\/05\/Bild104-150x150.jpg 150w, https:\/\/www.vaillant.de\/21-grad\/wp-content\/uploads\/2016\/05\/Bild104-320x320.jpg 320w, https:\/\/www.vaillant.de\/21-grad\/wp-content\/uploads\/2016\/05\/Bild104-125x125.jpg 125w\" sizes=\"auto, (max-width: 150px) 100vw, 150px\" \/><\/a>\n\t\t\t<\/dt><\/dl><dl class='gallery-item'>\n\t\t\t<dt class='gallery-icon portrait'>\n\t\t\t\t<a href='https:\/\/www.vaillant.de\/21-grad\/wp-content\/uploads\/2016\/05\/Bild105.jpg'><img loading=\"lazy\" decoding=\"async\" width=\"150\" height=\"150\" src=\"https:\/\/www.vaillant.de\/21-grad\/wp-content\/uploads\/2016\/05\/Bild105-150x150.jpg\" class=\"attachment-thumbnail size-thumbnail\" alt=\"\" srcset=\"https:\/\/www.vaillant.de\/21-grad\/wp-content\/uploads\/2016\/05\/Bild105-150x150.jpg 150w, https:\/\/www.vaillant.de\/21-grad\/wp-content\/uploads\/2016\/05\/Bild105-320x320.jpg 320w, https:\/\/www.vaillant.de\/21-grad\/wp-content\/uploads\/2016\/05\/Bild105-125x125.jpg 125w\" sizes=\"auto, (max-width: 150px) 100vw, 150px\" \/><\/a>\n\t\t\t<\/dt><\/dl><dl class='gallery-item'>\n\t\t\t<dt class='gallery-icon portrait'>\n\t\t\t\t<a href='https:\/\/www.vaillant.de\/21-grad\/wp-content\/uploads\/2016\/05\/Bild106.jpg'><img loading=\"lazy\" decoding=\"async\" width=\"150\" height=\"150\" src=\"https:\/\/www.vaillant.de\/21-grad\/wp-content\/uploads\/2016\/05\/Bild106-150x150.jpg\" class=\"attachment-thumbnail size-thumbnail\" alt=\"\" srcset=\"https:\/\/www.vaillant.de\/21-grad\/wp-content\/uploads\/2016\/05\/Bild106-150x150.jpg 150w, https:\/\/www.vaillant.de\/21-grad\/wp-content\/uploads\/2016\/05\/Bild106-320x320.jpg 320w, https:\/\/www.vaillant.de\/21-grad\/wp-content\/uploads\/2016\/05\/Bild106-125x125.jpg 125w\" sizes=\"auto, (max-width: 150px) 100vw, 150px\" \/><\/a>\n\t\t\t<\/dt><\/dl><br style=\"clear: both\" \/><dl class='gallery-item'>\n\t\t\t<dt class='gallery-icon portrait'>\n\t\t\t\t<a href='https:\/\/www.vaillant.de\/21-grad\/wp-content\/uploads\/2016\/05\/Bild113.jpg'><img loading=\"lazy\" decoding=\"async\" width=\"150\" height=\"150\" src=\"https:\/\/www.vaillant.de\/21-grad\/wp-content\/uploads\/2016\/05\/Bild113-150x150.jpg\" class=\"attachment-thumbnail size-thumbnail\" alt=\"\" srcset=\"https:\/\/www.vaillant.de\/21-grad\/wp-content\/uploads\/2016\/05\/Bild113-150x150.jpg 150w, https:\/\/www.vaillant.de\/21-grad\/wp-content\/uploads\/2016\/05\/Bild113-320x320.jpg 320w, https:\/\/www.vaillant.de\/21-grad\/wp-content\/uploads\/2016\/05\/Bild113-125x125.jpg 125w\" sizes=\"auto, (max-width: 150px) 100vw, 150px\" \/><\/a>\n\t\t\t<\/dt><\/dl><dl class='gallery-item'>\n\t\t\t<dt class='gallery-icon portrait'>\n\t\t\t\t<a href='https:\/\/www.vaillant.de\/21-grad\/wp-content\/uploads\/2016\/05\/Bild107-1.jpg'><img loading=\"lazy\" decoding=\"async\" width=\"150\" height=\"150\" src=\"https:\/\/www.vaillant.de\/21-grad\/wp-content\/uploads\/2016\/05\/Bild107-1-150x150.jpg\" class=\"attachment-thumbnail size-thumbnail\" alt=\"\" srcset=\"https:\/\/www.vaillant.de\/21-grad\/wp-content\/uploads\/2016\/05\/Bild107-1-150x150.jpg 150w, https:\/\/www.vaillant.de\/21-grad\/wp-content\/uploads\/2016\/05\/Bild107-1-320x320.jpg 320w, https:\/\/www.vaillant.de\/21-grad\/wp-content\/uploads\/2016\/05\/Bild107-1-125x125.jpg 125w\" sizes=\"auto, (max-width: 150px) 100vw, 150px\" \/><\/a>\n\t\t\t<\/dt><\/dl><dl class='gallery-item'>\n\t\t\t<dt class='gallery-icon landscape'>\n\t\t\t\t<a href='https:\/\/www.vaillant.de\/21-grad\/wp-content\/uploads\/2016\/05\/Bild108-1.jpg'><img loading=\"lazy\" decoding=\"async\" width=\"150\" height=\"150\" src=\"https:\/\/www.vaillant.de\/21-grad\/wp-content\/uploads\/2016\/05\/Bild108-1-150x150.jpg\" class=\"attachment-thumbnail size-thumbnail\" alt=\"\" srcset=\"https:\/\/www.vaillant.de\/21-grad\/wp-content\/uploads\/2016\/05\/Bild108-1-150x150.jpg 150w, https:\/\/www.vaillant.de\/21-grad\/wp-content\/uploads\/2016\/05\/Bild108-1-320x320.jpg 320w, https:\/\/www.vaillant.de\/21-grad\/wp-content\/uploads\/2016\/05\/Bild108-1-125x125.jpg 125w\" sizes=\"auto, (max-width: 150px) 100vw, 150px\" \/><\/a>\n\t\t\t<\/dt><\/dl><br style=\"clear: both\" \/><dl class='gallery-item'>\n\t\t\t<dt class='gallery-icon portrait'>\n\t\t\t\t<a href='https:\/\/www.vaillant.de\/21-grad\/wp-content\/uploads\/2016\/05\/Bild109.jpg'><img loading=\"lazy\" decoding=\"async\" width=\"150\" height=\"150\" src=\"https:\/\/www.vaillant.de\/21-grad\/wp-content\/uploads\/2016\/05\/Bild109-150x150.jpg\" class=\"attachment-thumbnail size-thumbnail\" alt=\"\" srcset=\"https:\/\/www.vaillant.de\/21-grad\/wp-content\/uploads\/2016\/05\/Bild109-150x150.jpg 150w, https:\/\/www.vaillant.de\/21-grad\/wp-content\/uploads\/2016\/05\/Bild109-320x320.jpg 320w, https:\/\/www.vaillant.de\/21-grad\/wp-content\/uploads\/2016\/05\/Bild109-125x125.jpg 125w\" sizes=\"auto, (max-width: 150px) 100vw, 150px\" \/><\/a>\n\t\t\t<\/dt><\/dl><dl class='gallery-item'>\n\t\t\t<dt class='gallery-icon portrait'>\n\t\t\t\t<a href='https:\/\/www.vaillant.de\/21-grad\/wp-content\/uploads\/2016\/05\/Bild110.jpg'><img loading=\"lazy\" decoding=\"async\" width=\"150\" height=\"150\" src=\"https:\/\/www.vaillant.de\/21-grad\/wp-content\/uploads\/2016\/05\/Bild110-150x150.jpg\" class=\"attachment-thumbnail size-thumbnail\" alt=\"\" srcset=\"https:\/\/www.vaillant.de\/21-grad\/wp-content\/uploads\/2016\/05\/Bild110-150x150.jpg 150w, https:\/\/www.vaillant.de\/21-grad\/wp-content\/uploads\/2016\/05\/Bild110-320x320.jpg 320w, https:\/\/www.vaillant.de\/21-grad\/wp-content\/uploads\/2016\/05\/Bild110-125x125.jpg 125w\" sizes=\"auto, (max-width: 150px) 100vw, 150px\" \/><\/a>\n\t\t\t<\/dt><\/dl><dl class='gallery-item'>\n\t\t\t<dt class='gallery-icon portrait'>\n\t\t\t\t<a href='https:\/\/www.vaillant.de\/21-grad\/wp-content\/uploads\/2016\/05\/Bild111.jpg'><img loading=\"lazy\" decoding=\"async\" width=\"150\" height=\"150\" src=\"https:\/\/www.vaillant.de\/21-grad\/wp-content\/uploads\/2016\/05\/Bild111-150x150.jpg\" class=\"attachment-thumbnail size-thumbnail\" alt=\"\" srcset=\"https:\/\/www.vaillant.de\/21-grad\/wp-content\/uploads\/2016\/05\/Bild111-150x150.jpg 150w, https:\/\/www.vaillant.de\/21-grad\/wp-content\/uploads\/2016\/05\/Bild111-320x320.jpg 320w, https:\/\/www.vaillant.de\/21-grad\/wp-content\/uploads\/2016\/05\/Bild111-125x125.jpg 125w\" sizes=\"auto, (max-width: 150px) 100vw, 150px\" \/><\/a>\n\t\t\t<\/dt><\/dl><br style=\"clear: both\" \/><dl class='gallery-item'>\n\t\t\t<dt class='gallery-icon landscape'>\n\t\t\t\t<a href='https:\/\/www.vaillant.de\/21-grad\/wp-content\/uploads\/2016\/05\/Bild112.jpg'><img loading=\"lazy\" decoding=\"async\" width=\"150\" height=\"150\" src=\"https:\/\/www.vaillant.de\/21-grad\/wp-content\/uploads\/2016\/05\/Bild112-150x150.jpg\" class=\"attachment-thumbnail size-thumbnail\" alt=\"\" srcset=\"https:\/\/www.vaillant.de\/21-grad\/wp-content\/uploads\/2016\/05\/Bild112-150x150.jpg 150w, https:\/\/www.vaillant.de\/21-grad\/wp-content\/uploads\/2016\/05\/Bild112-320x320.jpg 320w, https:\/\/www.vaillant.de\/21-grad\/wp-content\/uploads\/2016\/05\/Bild112-125x125.jpg 125w\" sizes=\"auto, (max-width: 150px) 100vw, 150px\" \/><\/a>\n\t\t\t<\/dt><\/dl><dl class='gallery-item'>\n\t\t\t<dt class='gallery-icon portrait'>\n\t\t\t\t<a href='https:\/\/www.vaillant.de\/21-grad\/wp-content\/uploads\/2016\/05\/Bild115.jpg'><img loading=\"lazy\" decoding=\"async\" width=\"150\" height=\"150\" src=\"https:\/\/www.vaillant.de\/21-grad\/wp-content\/uploads\/2016\/05\/Bild115-150x150.jpg\" class=\"attachment-thumbnail size-thumbnail\" alt=\"\" srcset=\"https:\/\/www.vaillant.de\/21-grad\/wp-content\/uploads\/2016\/05\/Bild115-150x150.jpg 150w, https:\/\/www.vaillant.de\/21-grad\/wp-content\/uploads\/2016\/05\/Bild115-320x320.jpg 320w, https:\/\/www.vaillant.de\/21-grad\/wp-content\/uploads\/2016\/05\/Bild115-125x125.jpg 125w\" sizes=\"auto, (max-width: 150px) 100vw, 150px\" \/><\/a>\n\t\t\t<\/dt><\/dl><dl class='gallery-item'>\n\t\t\t<dt class='gallery-icon portrait'>\n\t\t\t\t<a href='https:\/\/www.vaillant.de\/21-grad\/wp-content\/uploads\/2016\/05\/Bild116.jpg'><img loading=\"lazy\" decoding=\"async\" width=\"150\" height=\"150\" src=\"https:\/\/www.vaillant.de\/21-grad\/wp-content\/uploads\/2016\/05\/Bild116-150x150.jpg\" class=\"attachment-thumbnail size-thumbnail\" alt=\"\" srcset=\"https:\/\/www.vaillant.de\/21-grad\/wp-content\/uploads\/2016\/05\/Bild116-150x150.jpg 150w, https:\/\/www.vaillant.de\/21-grad\/wp-content\/uploads\/2016\/05\/Bild116-320x320.jpg 320w, https:\/\/www.vaillant.de\/21-grad\/wp-content\/uploads\/2016\/05\/Bild116-125x125.jpg 125w\" sizes=\"auto, (max-width: 150px) 100vw, 150px\" \/><\/a>\n\t\t\t<\/dt><\/dl><br style=\"clear: both\" \/><dl class='gallery-item'>\n\t\t\t<dt class='gallery-icon portrait'>\n\t\t\t\t<a href='https:\/\/www.vaillant.de\/21-grad\/wp-content\/uploads\/2016\/05\/Bild117.jpg'><img loading=\"lazy\" decoding=\"async\" width=\"150\" height=\"150\" src=\"https:\/\/www.vaillant.de\/21-grad\/wp-content\/uploads\/2016\/05\/Bild117-150x150.jpg\" class=\"attachment-thumbnail size-thumbnail\" alt=\"\" srcset=\"https:\/\/www.vaillant.de\/21-grad\/wp-content\/uploads\/2016\/05\/Bild117-150x150.jpg 150w, https:\/\/www.vaillant.de\/21-grad\/wp-content\/uploads\/2016\/05\/Bild117-320x320.jpg 320w, https:\/\/www.vaillant.de\/21-grad\/wp-content\/uploads\/2016\/05\/Bild117-125x125.jpg 125w\" sizes=\"auto, (max-width: 150px) 100vw, 150px\" \/><\/a>\n\t\t\t<\/dt><\/dl><dl class='gallery-item'>\n\t\t\t<dt class='gallery-icon landscape'>\n\t\t\t\t<a href='https:\/\/www.vaillant.de\/21-grad\/wp-content\/uploads\/2016\/05\/Bild118.jpg'><img loading=\"lazy\" decoding=\"async\" width=\"150\" height=\"150\" src=\"https:\/\/www.vaillant.de\/21-grad\/wp-content\/uploads\/2016\/05\/Bild118-150x150.jpg\" class=\"attachment-thumbnail size-thumbnail\" alt=\"\" srcset=\"https:\/\/www.vaillant.de\/21-grad\/wp-content\/uploads\/2016\/05\/Bild118-150x150.jpg 150w, https:\/\/www.vaillant.de\/21-grad\/wp-content\/uploads\/2016\/05\/Bild118-320x320.jpg 320w, https:\/\/www.vaillant.de\/21-grad\/wp-content\/uploads\/2016\/05\/Bild118-125x125.jpg 125w\" sizes=\"auto, (max-width: 150px) 100vw, 150px\" \/><\/a>\n\t\t\t<\/dt><\/dl><dl class='gallery-item'>\n\t\t\t<dt class='gallery-icon portrait'>\n\t\t\t\t<a href='https:\/\/www.vaillant.de\/21-grad\/wp-content\/uploads\/2016\/05\/Bild119.jpg'><img loading=\"lazy\" decoding=\"async\" width=\"150\" height=\"150\" src=\"https:\/\/www.vaillant.de\/21-grad\/wp-content\/uploads\/2016\/05\/Bild119-150x150.jpg\" class=\"attachment-thumbnail size-thumbnail\" alt=\"\" srcset=\"https:\/\/www.vaillant.de\/21-grad\/wp-content\/uploads\/2016\/05\/Bild119-150x150.jpg 150w, https:\/\/www.vaillant.de\/21-grad\/wp-content\/uploads\/2016\/05\/Bild119-320x320.jpg 320w, https:\/\/www.vaillant.de\/21-grad\/wp-content\/uploads\/2016\/05\/Bild119-125x125.jpg 125w\" sizes=\"auto, (max-width: 150px) 100vw, 150px\" \/><\/a>\n\t\t\t<\/dt><\/dl><br style=\"clear: both\" \/><dl class='gallery-item'>\n\t\t\t<dt class='gallery-icon portrait'>\n\t\t\t\t<a href='https:\/\/www.vaillant.de\/21-grad\/wp-content\/uploads\/2016\/05\/Bild120.jpg'><img loading=\"lazy\" decoding=\"async\" width=\"150\" height=\"150\" src=\"https:\/\/www.vaillant.de\/21-grad\/wp-content\/uploads\/2016\/05\/Bild120-150x150.jpg\" class=\"attachment-thumbnail size-thumbnail\" alt=\"\" srcset=\"https:\/\/www.vaillant.de\/21-grad\/wp-content\/uploads\/2016\/05\/Bild120-150x150.jpg 150w, https:\/\/www.vaillant.de\/21-grad\/wp-content\/uploads\/2016\/05\/Bild120-320x320.jpg 320w, https:\/\/www.vaillant.de\/21-grad\/wp-content\/uploads\/2016\/05\/Bild120-125x125.jpg 125w\" sizes=\"auto, (max-width: 150px) 100vw, 150px\" \/><\/a>\n\t\t\t<\/dt><\/dl><dl class='gallery-item'>\n\t\t\t<dt class='gallery-icon portrait'>\n\t\t\t\t<a href='https:\/\/www.vaillant.de\/21-grad\/wp-content\/uploads\/2016\/05\/Bild121.jpg'><img loading=\"lazy\" decoding=\"async\" width=\"150\" height=\"150\" src=\"https:\/\/www.vaillant.de\/21-grad\/wp-content\/uploads\/2016\/05\/Bild121-150x150.jpg\" class=\"attachment-thumbnail size-thumbnail\" alt=\"\" srcset=\"https:\/\/www.vaillant.de\/21-grad\/wp-content\/uploads\/2016\/05\/Bild121-150x150.jpg 150w, https:\/\/www.vaillant.de\/21-grad\/wp-content\/uploads\/2016\/05\/Bild121-320x320.jpg 320w, https:\/\/www.vaillant.de\/21-grad\/wp-content\/uploads\/2016\/05\/Bild121-125x125.jpg 125w\" sizes=\"auto, (max-width: 150px) 100vw, 150px\" \/><\/a>\n\t\t\t<\/dt><\/dl><dl class='gallery-item'>\n\t\t\t<dt class='gallery-icon portrait'>\n\t\t\t\t<a href='https:\/\/www.vaillant.de\/21-grad\/wp-content\/uploads\/2016\/05\/Bild122.jpg'><img loading=\"lazy\" decoding=\"async\" width=\"150\" height=\"150\" src=\"https:\/\/www.vaillant.de\/21-grad\/wp-content\/uploads\/2016\/05\/Bild122-150x150.jpg\" class=\"attachment-thumbnail size-thumbnail\" alt=\"\" srcset=\"https:\/\/www.vaillant.de\/21-grad\/wp-content\/uploads\/2016\/05\/Bild122-150x150.jpg 150w, https:\/\/www.vaillant.de\/21-grad\/wp-content\/uploads\/2016\/05\/Bild122-320x320.jpg 320w, https:\/\/www.vaillant.de\/21-grad\/wp-content\/uploads\/2016\/05\/Bild122-125x125.jpg 125w\" sizes=\"auto, (max-width: 150px) 100vw, 150px\" \/><\/a>\n\t\t\t<\/dt><\/dl><br style=\"clear: both\" \/><dl class='gallery-item'>\n\t\t\t<dt class='gallery-icon landscape'>\n\t\t\t\t<a href='https:\/\/www.vaillant.de\/21-grad\/wp-content\/uploads\/2016\/05\/Bild123.jpg'><img loading=\"lazy\" decoding=\"async\" width=\"150\" height=\"150\" src=\"https:\/\/www.vaillant.de\/21-grad\/wp-content\/uploads\/2016\/05\/Bild123-150x150.jpg\" class=\"attachment-thumbnail size-thumbnail\" alt=\"\" srcset=\"https:\/\/www.vaillant.de\/21-grad\/wp-content\/uploads\/2016\/05\/Bild123-150x150.jpg 150w, https:\/\/www.vaillant.de\/21-grad\/wp-content\/uploads\/2016\/05\/Bild123-320x320.jpg 320w, https:\/\/www.vaillant.de\/21-grad\/wp-content\/uploads\/2016\/05\/Bild123-125x125.jpg 125w\" sizes=\"auto, (max-width: 150px) 100vw, 150px\" \/><\/a>\n\t\t\t<\/dt><\/dl><dl class='gallery-item'>\n\t\t\t<dt class='gallery-icon landscape'>\n\t\t\t\t<a href='https:\/\/www.vaillant.de\/21-grad\/wp-content\/uploads\/2016\/05\/Bild125.png'><img loading=\"lazy\" decoding=\"async\" width=\"150\" height=\"150\" src=\"https:\/\/www.vaillant.de\/21-grad\/wp-content\/uploads\/2016\/05\/Bild125-150x150.png\" class=\"attachment-thumbnail size-thumbnail\" alt=\"\" srcset=\"https:\/\/www.vaillant.de\/21-grad\/wp-content\/uploads\/2016\/05\/Bild125-150x150.png 150w, https:\/\/www.vaillant.de\/21-grad\/wp-content\/uploads\/2016\/05\/Bild125-320x320.png 320w, https:\/\/www.vaillant.de\/21-grad\/wp-content\/uploads\/2016\/05\/Bild125-125x125.png 125w\" sizes=\"auto, (max-width: 150px) 100vw, 150px\" \/><\/a>\n\t\t\t<\/dt><\/dl><dl class='gallery-item'>\n\t\t\t<dt class='gallery-icon portrait'>\n\t\t\t\t<a href='https:\/\/www.vaillant.de\/21-grad\/wp-content\/uploads\/2016\/05\/Bild126.jpg'><img loading=\"lazy\" decoding=\"async\" width=\"150\" height=\"150\" src=\"https:\/\/www.vaillant.de\/21-grad\/wp-content\/uploads\/2016\/05\/Bild126-150x150.jpg\" class=\"attachment-thumbnail size-thumbnail\" alt=\"\" srcset=\"https:\/\/www.vaillant.de\/21-grad\/wp-content\/uploads\/2016\/05\/Bild126-150x150.jpg 150w, https:\/\/www.vaillant.de\/21-grad\/wp-content\/uploads\/2016\/05\/Bild126-320x320.jpg 320w, https:\/\/www.vaillant.de\/21-grad\/wp-content\/uploads\/2016\/05\/Bild126-125x125.jpg 125w\" sizes=\"auto, (max-width: 150px) 100vw, 150px\" \/><\/a>\n\t\t\t<\/dt><\/dl><br style=\"clear: both\" \/><dl class='gallery-item'>\n\t\t\t<dt class='gallery-icon portrait'>\n\t\t\t\t<a href='https:\/\/www.vaillant.de\/21-grad\/wp-content\/uploads\/2016\/05\/Bild127.jpg'><img loading=\"lazy\" decoding=\"async\" width=\"150\" height=\"150\" src=\"https:\/\/www.vaillant.de\/21-grad\/wp-content\/uploads\/2016\/05\/Bild127-150x150.jpg\" class=\"attachment-thumbnail size-thumbnail\" alt=\"\" srcset=\"https:\/\/www.vaillant.de\/21-grad\/wp-content\/uploads\/2016\/05\/Bild127-150x150.jpg 150w, https:\/\/www.vaillant.de\/21-grad\/wp-content\/uploads\/2016\/05\/Bild127-320x320.jpg 320w, https:\/\/www.vaillant.de\/21-grad\/wp-content\/uploads\/2016\/05\/Bild127-125x125.jpg 125w\" sizes=\"auto, (max-width: 150px) 100vw, 150px\" \/><\/a>\n\t\t\t<\/dt><\/dl><dl class='gallery-item'>\n\t\t\t<dt class='gallery-icon portrait'>\n\t\t\t\t<a href='https:\/\/www.vaillant.de\/21-grad\/wp-content\/uploads\/2016\/05\/Bild128.jpg'><img loading=\"lazy\" decoding=\"async\" width=\"150\" height=\"150\" src=\"https:\/\/www.vaillant.de\/21-grad\/wp-content\/uploads\/2016\/05\/Bild128-150x150.jpg\" class=\"attachment-thumbnail size-thumbnail\" alt=\"\" srcset=\"https:\/\/www.vaillant.de\/21-grad\/wp-content\/uploads\/2016\/05\/Bild128-150x150.jpg 150w, https:\/\/www.vaillant.de\/21-grad\/wp-content\/uploads\/2016\/05\/Bild128-320x320.jpg 320w, https:\/\/www.vaillant.de\/21-grad\/wp-content\/uploads\/2016\/05\/Bild128-125x125.jpg 125w\" sizes=\"auto, (max-width: 150px) 100vw, 150px\" \/><\/a>\n\t\t\t<\/dt><\/dl><dl class='gallery-item'>\n\t\t\t<dt class='gallery-icon portrait'>\n\t\t\t\t<a href='https:\/\/www.vaillant.de\/21-grad\/wp-content\/uploads\/2016\/05\/Bild129.jpg'><img loading=\"lazy\" decoding=\"async\" width=\"150\" height=\"150\" src=\"https:\/\/www.vaillant.de\/21-grad\/wp-content\/uploads\/2016\/05\/Bild129-150x150.jpg\" class=\"attachment-thumbnail size-thumbnail\" alt=\"\" srcset=\"https:\/\/www.vaillant.de\/21-grad\/wp-content\/uploads\/2016\/05\/Bild129-150x150.jpg 150w, https:\/\/www.vaillant.de\/21-grad\/wp-content\/uploads\/2016\/05\/Bild129-320x320.jpg 320w, https:\/\/www.vaillant.de\/21-grad\/wp-content\/uploads\/2016\/05\/Bild129-125x125.jpg 125w\" sizes=\"auto, (max-width: 150px) 100vw, 150px\" \/><\/a>\n\t\t\t<\/dt><\/dl><br style=\"clear: both\" \/><dl class='gallery-item'>\n\t\t\t<dt class='gallery-icon portrait'>\n\t\t\t\t<a href='https:\/\/www.vaillant.de\/21-grad\/wp-content\/uploads\/2016\/05\/Bild130.jpg'><img loading=\"lazy\" decoding=\"async\" width=\"150\" height=\"150\" src=\"https:\/\/www.vaillant.de\/21-grad\/wp-content\/uploads\/2016\/05\/Bild130-150x150.jpg\" class=\"attachment-thumbnail size-thumbnail\" alt=\"\" srcset=\"https:\/\/www.vaillant.de\/21-grad\/wp-content\/uploads\/2016\/05\/Bild130-150x150.jpg 150w, https:\/\/www.vaillant.de\/21-grad\/wp-content\/uploads\/2016\/05\/Bild130-320x320.jpg 320w, https:\/\/www.vaillant.de\/21-grad\/wp-content\/uploads\/2016\/05\/Bild130-125x125.jpg 125w\" sizes=\"auto, (max-width: 150px) 100vw, 150px\" \/><\/a>\n\t\t\t<\/dt><\/dl><dl class='gallery-item'>\n\t\t\t<dt class='gallery-icon portrait'>\n\t\t\t\t<a href='https:\/\/www.vaillant.de\/21-grad\/wp-content\/uploads\/2016\/05\/Bild131.jpg'><img loading=\"lazy\" decoding=\"async\" width=\"150\" height=\"150\" src=\"https:\/\/www.vaillant.de\/21-grad\/wp-content\/uploads\/2016\/05\/Bild131-150x150.jpg\" class=\"attachment-thumbnail size-thumbnail\" alt=\"\" srcset=\"https:\/\/www.vaillant.de\/21-grad\/wp-content\/uploads\/2016\/05\/Bild131-150x150.jpg 150w, https:\/\/www.vaillant.de\/21-grad\/wp-content\/uploads\/2016\/05\/Bild131-320x320.jpg 320w, https:\/\/www.vaillant.de\/21-grad\/wp-content\/uploads\/2016\/05\/Bild131-125x125.jpg 125w\" sizes=\"auto, (max-width: 150px) 100vw, 150px\" \/><\/a>\n\t\t\t<\/dt><\/dl><dl class='gallery-item'>\n\t\t\t<dt class='gallery-icon portrait'>\n\t\t\t\t<a href='https:\/\/www.vaillant.de\/21-grad\/wp-content\/uploads\/2016\/05\/Bild132.jpg'><img loading=\"lazy\" decoding=\"async\" width=\"150\" height=\"150\" src=\"https:\/\/www.vaillant.de\/21-grad\/wp-content\/uploads\/2016\/05\/Bild132-150x150.jpg\" class=\"attachment-thumbnail size-thumbnail\" alt=\"\" srcset=\"https:\/\/www.vaillant.de\/21-grad\/wp-content\/uploads\/2016\/05\/Bild132-150x150.jpg 150w, https:\/\/www.vaillant.de\/21-grad\/wp-content\/uploads\/2016\/05\/Bild132-320x320.jpg 320w, https:\/\/www.vaillant.de\/21-grad\/wp-content\/uploads\/2016\/05\/Bild132-125x125.jpg 125w\" sizes=\"auto, (max-width: 150px) 100vw, 150px\" \/><\/a>\n\t\t\t<\/dt><\/dl><br style=\"clear: both\" \/><dl class='gallery-item'>\n\t\t\t<dt class='gallery-icon portrait'>\n\t\t\t\t<a href='https:\/\/www.vaillant.de\/21-grad\/wp-content\/uploads\/2016\/05\/Bild133.jpg'><img loading=\"lazy\" decoding=\"async\" width=\"150\" height=\"150\" src=\"https:\/\/www.vaillant.de\/21-grad\/wp-content\/uploads\/2016\/05\/Bild133-150x150.jpg\" class=\"attachment-thumbnail size-thumbnail\" alt=\"\" srcset=\"https:\/\/www.vaillant.de\/21-grad\/wp-content\/uploads\/2016\/05\/Bild133-150x150.jpg 150w, https:\/\/www.vaillant.de\/21-grad\/wp-content\/uploads\/2016\/05\/Bild133-320x320.jpg 320w, https:\/\/www.vaillant.de\/21-grad\/wp-content\/uploads\/2016\/05\/Bild133-125x125.jpg 125w\" sizes=\"auto, (max-width: 150px) 100vw, 150px\" \/><\/a>\n\t\t\t<\/dt><\/dl><dl class='gallery-item'>\n\t\t\t<dt class='gallery-icon portrait'>\n\t\t\t\t<a href='https:\/\/www.vaillant.de\/21-grad\/wp-content\/uploads\/2016\/05\/Bild134.jpg'><img loading=\"lazy\" decoding=\"async\" width=\"150\" height=\"150\" src=\"https:\/\/www.vaillant.de\/21-grad\/wp-content\/uploads\/2016\/05\/Bild134-150x150.jpg\" class=\"attachment-thumbnail size-thumbnail\" alt=\"\" srcset=\"https:\/\/www.vaillant.de\/21-grad\/wp-content\/uploads\/2016\/05\/Bild134-150x150.jpg 150w, https:\/\/www.vaillant.de\/21-grad\/wp-content\/uploads\/2016\/05\/Bild134-320x320.jpg 320w, https:\/\/www.vaillant.de\/21-grad\/wp-content\/uploads\/2016\/05\/Bild134-125x125.jpg 125w\" sizes=\"auto, (max-width: 150px) 100vw, 150px\" \/><\/a>\n\t\t\t<\/dt><\/dl>\n\t\t\t<br style='clear: both' \/>\n\t\t<\/div>\n\n","protected":false},"excerpt":{"rendered":"<p>Knapp 18 Millionen aller deutschen Heizungen sind veraltet! Eine kleine Auswahl davon seht Ihr hier: Heizsch\u00e4tzchen, die treu ihren Dienst verrichten, aber viel zu viel Energie verbrauchen. Das kostet die Besitzer unn\u00f6tiges Geld \u2013 und uns den Wandel des Klimas.<\/p>\n","protected":false},"author":19,"featured_media":675,"comment_status":"open","ping_status":"open","sticky":false,"template":"","format":"standard","meta":{"footnotes":""},"categories":[2],"tags":[169,46,23],"coauthors":[243],"class_list":["post-676","post","type-post","status-publish","format-standard","has-post-thumbnail","hentry","category-rat-und-tat","tag-bildergalerien","tag-klimaschutz","tag-nachhaltigkeit"],"yoast_head":"<!-- This site is optimized with the Yoast SEO plugin v27.4 - https:\/\/yoast.com\/product\/yoast-seo-wordpress\/ -->\n<title>So retro heizen wir! Aber keine Sorge, Hilfe naht | 21 grad<\/title>\n<meta name=\"description\" content=\"Viele Heizungen in Deutschland sind veraltet. Sie verbrauchen viel Energie &amp; belasten die Umwelt. Was also tun mit der alten Heizung? Hier erfahrt ihr es!\" \/>\n<meta name=\"robots\" content=\"index, follow, max-snippet:-1, max-image-preview:large, max-video-preview:-1\" \/>\n<link rel=\"canonical\" href=\"https:\/\/www.vaillant.de\/21-grad\/rat-und-tat\/so-retro-heizen-wir-aber-keine-sorge-hilfe-naht\/\" \/>\n<meta property=\"og:locale\" content=\"de_DE\" \/>\n<meta property=\"og:type\" content=\"article\" \/>\n<meta property=\"og:title\" content=\"So retro heizen wir! Aber keine Sorge, Hilfe naht | 21 grad\" \/>\n<meta property=\"og:description\" content=\"Viele Heizungen in Deutschland sind veraltet. Sie verbrauchen viel Energie &amp; belasten die Umwelt. Was also tun mit der alten Heizung? Hier erfahrt ihr es!\" \/>\n<meta property=\"og:url\" content=\"https:\/\/www.vaillant.de\/21-grad\/rat-und-tat\/so-retro-heizen-wir-aber-keine-sorge-hilfe-naht\/\" \/>\n<meta property=\"og:site_name\" content=\"21 grad\" \/>\n<meta property=\"article:publisher\" content=\"https:\/\/www.facebook.com\/21grad\/\" \/>\n<meta property=\"article:published_time\" content=\"2016-05-03T09:52:52+00:00\" \/>\n<meta property=\"article:modified_time\" content=\"2022-04-22T11:51:13+00:00\" \/>\n<meta property=\"og:image\" content=\"https:\/\/www.vaillant.de\/21-grad\/wp-content\/uploads\/2016\/04\/Altger\u00e4te-Gewinnspiel_blog-940x480.png\" \/>\n\t<meta property=\"og:image:width\" content=\"940\" \/>\n\t<meta property=\"og:image:height\" content=\"480\" \/>\n\t<meta property=\"og:image:type\" content=\"image\/png\" \/>\n<meta name=\"author\" content=\"Tim\" \/>\n<meta name=\"twitter:card\" content=\"summary_large_image\" \/>\n<meta name=\"twitter:creator\" content=\"@vaillant_de\" \/>\n<meta name=\"twitter:site\" content=\"@vaillant_de\" \/>\n<meta name=\"twitter:label1\" content=\"Verfasst von\" \/>\n\t<meta name=\"twitter:data1\" content=\"Tim\" \/>\n\t<meta name=\"twitter:label2\" content=\"Gesch\u00e4tzte Lesezeit\" \/>\n\t<meta name=\"twitter:data2\" content=\"1\u00a0Minute\" \/>\n\t<meta name=\"twitter:label3\" content=\"Written by\" \/>\n\t<meta name=\"twitter:data3\" content=\"Tim\" \/>\n<script type=\"application\/ld+json\" class=\"yoast-schema-graph\">{\"@context\":\"https:\\\/\\\/schema.org\",\"@graph\":[{\"@type\":\"Article\",\"@id\":\"https:\\\/\\\/www.vaillant.de\\\/21-grad\\\/rat-und-tat\\\/so-retro-heizen-wir-aber-keine-sorge-hilfe-naht\\\/#article\",\"isPartOf\":{\"@id\":\"https:\\\/\\\/www.vaillant.de\\\/21-grad\\\/rat-und-tat\\\/so-retro-heizen-wir-aber-keine-sorge-hilfe-naht\\\/\"},\"author\":{\"name\":\"Tim\",\"@id\":\"https:\\\/\\\/www.vaillant.de\\\/21-grad\\\/#\\\/schema\\\/person\\\/6c5f5a4071f0c7be145a9df11dac0709\"},\"headline\":\"So retro heizen wir! Aber keine Sorge, Hilfe naht\",\"datePublished\":\"2016-05-03T09:52:52+00:00\",\"dateModified\":\"2022-04-22T11:51:13+00:00\",\"mainEntityOfPage\":{\"@id\":\"https:\\\/\\\/www.vaillant.de\\\/21-grad\\\/rat-und-tat\\\/so-retro-heizen-wir-aber-keine-sorge-hilfe-naht\\\/\"},\"wordCount\":89,\"commentCount\":3,\"image\":{\"@id\":\"https:\\\/\\\/www.vaillant.de\\\/21-grad\\\/rat-und-tat\\\/so-retro-heizen-wir-aber-keine-sorge-hilfe-naht\\\/#primaryimage\"},\"thumbnailUrl\":\"https:\\\/\\\/www.vaillant.de\\\/21-grad\\\/wp-content\\\/uploads\\\/2016\\\/04\\\/Altger\u00e4te-Gewinnspiel_blog.png\",\"keywords\":[\"Bildergalerien\",\"Klimaschutz\",\"Nachhaltigkeit\"],\"articleSection\":[\"Rat &amp; Tat\"],\"inLanguage\":\"de\",\"potentialAction\":[{\"@type\":\"CommentAction\",\"name\":\"Comment\",\"target\":[\"https:\\\/\\\/www.vaillant.de\\\/21-grad\\\/rat-und-tat\\\/so-retro-heizen-wir-aber-keine-sorge-hilfe-naht\\\/#respond\"]}]},{\"@type\":\"WebPage\",\"@id\":\"https:\\\/\\\/www.vaillant.de\\\/21-grad\\\/rat-und-tat\\\/so-retro-heizen-wir-aber-keine-sorge-hilfe-naht\\\/\",\"url\":\"https:\\\/\\\/www.vaillant.de\\\/21-grad\\\/rat-und-tat\\\/so-retro-heizen-wir-aber-keine-sorge-hilfe-naht\\\/\",\"name\":\"So retro heizen wir! Aber keine Sorge, Hilfe naht | 21 grad\",\"isPartOf\":{\"@id\":\"https:\\\/\\\/www.vaillant.de\\\/21-grad\\\/#website\"},\"primaryImageOfPage\":{\"@id\":\"https:\\\/\\\/www.vaillant.de\\\/21-grad\\\/rat-und-tat\\\/so-retro-heizen-wir-aber-keine-sorge-hilfe-naht\\\/#primaryimage\"},\"image\":{\"@id\":\"https:\\\/\\\/www.vaillant.de\\\/21-grad\\\/rat-und-tat\\\/so-retro-heizen-wir-aber-keine-sorge-hilfe-naht\\\/#primaryimage\"},\"thumbnailUrl\":\"https:\\\/\\\/www.vaillant.de\\\/21-grad\\\/wp-content\\\/uploads\\\/2016\\\/04\\\/Altger\u00e4te-Gewinnspiel_blog.png\",\"datePublished\":\"2016-05-03T09:52:52+00:00\",\"dateModified\":\"2022-04-22T11:51:13+00:00\",\"author\":{\"@id\":\"https:\\\/\\\/www.vaillant.de\\\/21-grad\\\/#\\\/schema\\\/person\\\/6c5f5a4071f0c7be145a9df11dac0709\"},\"description\":\"Viele Heizungen in Deutschland sind veraltet. Sie verbrauchen viel Energie & belasten die Umwelt. Was also tun mit der alten Heizung? Hier erfahrt ihr es!\",\"breadcrumb\":{\"@id\":\"https:\\\/\\\/www.vaillant.de\\\/21-grad\\\/rat-und-tat\\\/so-retro-heizen-wir-aber-keine-sorge-hilfe-naht\\\/#breadcrumb\"},\"inLanguage\":\"de\",\"potentialAction\":[{\"@type\":\"ReadAction\",\"target\":[\"https:\\\/\\\/www.vaillant.de\\\/21-grad\\\/rat-und-tat\\\/so-retro-heizen-wir-aber-keine-sorge-hilfe-naht\\\/\"]}]},{\"@type\":\"ImageObject\",\"inLanguage\":\"de\",\"@id\":\"https:\\\/\\\/www.vaillant.de\\\/21-grad\\\/rat-und-tat\\\/so-retro-heizen-wir-aber-keine-sorge-hilfe-naht\\\/#primaryimage\",\"url\":\"https:\\\/\\\/www.vaillant.de\\\/21-grad\\\/wp-content\\\/uploads\\\/2016\\\/04\\\/Altger\u00e4te-Gewinnspiel_blog.png\",\"contentUrl\":\"https:\\\/\\\/www.vaillant.de\\\/21-grad\\\/wp-content\\\/uploads\\\/2016\\\/04\\\/Altger\u00e4te-Gewinnspiel_blog.png\",\"width\":1571,\"height\":802,\"caption\":\"So retro heizen wir!\"},{\"@type\":\"BreadcrumbList\",\"@id\":\"https:\\\/\\\/www.vaillant.de\\\/21-grad\\\/rat-und-tat\\\/so-retro-heizen-wir-aber-keine-sorge-hilfe-naht\\\/#breadcrumb\",\"itemListElement\":[{\"@type\":\"ListItem\",\"position\":1,\"name\":\"Startseite\",\"item\":\"https:\\\/\\\/www.vaillant.de\\\/21-grad\\\/\"},{\"@type\":\"ListItem\",\"position\":2,\"name\":\"So retro heizen wir! Aber keine Sorge, Hilfe naht\"}]},{\"@type\":\"WebSite\",\"@id\":\"https:\\\/\\\/www.vaillant.de\\\/21-grad\\\/#website\",\"url\":\"https:\\\/\\\/www.vaillant.de\\\/21-grad\\\/\",\"name\":\"21 grad\",\"description\":\"Der Blog f\u00fcr Menschen, die weiterdenken\",\"potentialAction\":[{\"@type\":\"SearchAction\",\"target\":{\"@type\":\"EntryPoint\",\"urlTemplate\":\"https:\\\/\\\/www.vaillant.de\\\/21-grad\\\/?s={search_term_string}\"},\"query-input\":{\"@type\":\"PropertyValueSpecification\",\"valueRequired\":true,\"valueName\":\"search_term_string\"}}],\"inLanguage\":\"de\"},{\"@type\":\"Person\",\"@id\":\"https:\\\/\\\/www.vaillant.de\\\/21-grad\\\/#\\\/schema\\\/person\\\/6c5f5a4071f0c7be145a9df11dac0709\",\"name\":\"Tim\",\"image\":{\"@type\":\"ImageObject\",\"inLanguage\":\"de\",\"@id\":\"https:\\\/\\\/www.vaillant.de\\\/21-grad\\\/wp-content\\\/uploads\\\/2025\\\/04\\\/20230516_Vaillant-Mitarbeitershooting-Lennep_0005_MKP-1-125x125.jpg9c05c6497faaba75d1eddfe0b2afcc63\",\"url\":\"https:\\\/\\\/www.vaillant.de\\\/21-grad\\\/wp-content\\\/uploads\\\/2025\\\/04\\\/20230516_Vaillant-Mitarbeitershooting-Lennep_0005_MKP-1-125x125.jpg\",\"contentUrl\":\"https:\\\/\\\/www.vaillant.de\\\/21-grad\\\/wp-content\\\/uploads\\\/2025\\\/04\\\/20230516_Vaillant-Mitarbeitershooting-Lennep_0005_MKP-1-125x125.jpg\",\"caption\":\"Tim\"},\"description\":\"Ob Facebook oder Twitter, ob # oder @, ob Like oder Share \u2013 in meinem Arbeitsalltag dreht sich alles um Social Media. Ich sorge daf\u00fcr, dass unsere Zielgruppen sowohl informative als auch unterhaltsame und interaktive Inhalte mit Mehrwert auf unseren Kan\u00e4len finden. Nachhaltigkeit Nachhaltigkeit spielt vor allem in meiner Bewegung eine Rolle, da ich so viele Wege wie m\u00f6glich mit dem Rad zur\u00fccklege, u.a. den Weg zur Arbeit. Meiner Meinung nach wird viel zu oft auf das Auto zur\u00fcckgegriffen, vor allem f\u00fcr unn\u00f6tige Kurzstrecken unter 10 oder sogar weniger Minuten. Interessen Fu\u00dfball, Skifahren, Fitness, Unternehmungen in der Natur, Musik. Was w\u00fcrdest du mit auf eine einsame Insel nehmen? Einen Plattenspieler, ein gutes Buch und einen erfrischenden Drink. Wenn du eine Superkraft h\u00e4ttest, welche w\u00e4re das und warum? Ich w\u00fcrde mit meiner Superkraft gerne den Klimawandel aufhalten, da wir zwar viel reden, aber noch viel zu wenig daf\u00fcr tun.\",\"url\":\"https:\\\/\\\/www.vaillant.de\\\/21-grad\\\/autor\\\/tim\\\/\"}]}<\/script>\n<!-- \/ Yoast SEO plugin. -->","yoast_head_json":{"title":"So retro heizen wir! Aber keine Sorge, Hilfe naht | 21 grad","description":"Viele Heizungen in Deutschland sind veraltet. Sie verbrauchen viel Energie & belasten die Umwelt. Was also tun mit der alten Heizung? Hier erfahrt ihr es!","robots":{"index":"index","follow":"follow","max-snippet":"max-snippet:-1","max-image-preview":"max-image-preview:large","max-video-preview":"max-video-preview:-1"},"canonical":"https:\/\/www.vaillant.de\/21-grad\/rat-und-tat\/so-retro-heizen-wir-aber-keine-sorge-hilfe-naht\/","og_locale":"de_DE","og_type":"article","og_title":"So retro heizen wir! Aber keine Sorge, Hilfe naht | 21 grad","og_description":"Viele Heizungen in Deutschland sind veraltet. Sie verbrauchen viel Energie & belasten die Umwelt. Was also tun mit der alten Heizung? Hier erfahrt ihr es!","og_url":"https:\/\/www.vaillant.de\/21-grad\/rat-und-tat\/so-retro-heizen-wir-aber-keine-sorge-hilfe-naht\/","og_site_name":"21 grad","article_publisher":"https:\/\/www.facebook.com\/21grad\/","article_published_time":"2016-05-03T09:52:52+00:00","article_modified_time":"2022-04-22T11:51:13+00:00","og_image":[{"width":940,"height":480,"url":"https:\/\/www.vaillant.de\/21-grad\/wp-content\/uploads\/2016\/04\/Altger\u00e4te-Gewinnspiel_blog-940x480.png","type":"image\/png"}],"author":"Tim","twitter_card":"summary_large_image","twitter_creator":"@vaillant_de","twitter_site":"@vaillant_de","twitter_misc":{"Verfasst von":"Tim","Gesch\u00e4tzte Lesezeit":"1\u00a0Minute","Written by":"Tim"},"schema":{"@context":"https:\/\/schema.org","@graph":[{"@type":"Article","@id":"https:\/\/www.vaillant.de\/21-grad\/rat-und-tat\/so-retro-heizen-wir-aber-keine-sorge-hilfe-naht\/#article","isPartOf":{"@id":"https:\/\/www.vaillant.de\/21-grad\/rat-und-tat\/so-retro-heizen-wir-aber-keine-sorge-hilfe-naht\/"},"author":{"name":"Tim","@id":"https:\/\/www.vaillant.de\/21-grad\/#\/schema\/person\/6c5f5a4071f0c7be145a9df11dac0709"},"headline":"So retro heizen wir! Aber keine Sorge, Hilfe naht","datePublished":"2016-05-03T09:52:52+00:00","dateModified":"2022-04-22T11:51:13+00:00","mainEntityOfPage":{"@id":"https:\/\/www.vaillant.de\/21-grad\/rat-und-tat\/so-retro-heizen-wir-aber-keine-sorge-hilfe-naht\/"},"wordCount":89,"commentCount":3,"image":{"@id":"https:\/\/www.vaillant.de\/21-grad\/rat-und-tat\/so-retro-heizen-wir-aber-keine-sorge-hilfe-naht\/#primaryimage"},"thumbnailUrl":"https:\/\/www.vaillant.de\/21-grad\/wp-content\/uploads\/2016\/04\/Altger\u00e4te-Gewinnspiel_blog.png","keywords":["Bildergalerien","Klimaschutz","Nachhaltigkeit"],"articleSection":["Rat &amp; Tat"],"inLanguage":"de","potentialAction":[{"@type":"CommentAction","name":"Comment","target":["https:\/\/www.vaillant.de\/21-grad\/rat-und-tat\/so-retro-heizen-wir-aber-keine-sorge-hilfe-naht\/#respond"]}]},{"@type":"WebPage","@id":"https:\/\/www.vaillant.de\/21-grad\/rat-und-tat\/so-retro-heizen-wir-aber-keine-sorge-hilfe-naht\/","url":"https:\/\/www.vaillant.de\/21-grad\/rat-und-tat\/so-retro-heizen-wir-aber-keine-sorge-hilfe-naht\/","name":"So retro heizen wir! Aber keine Sorge, Hilfe naht | 21 grad","isPartOf":{"@id":"https:\/\/www.vaillant.de\/21-grad\/#website"},"primaryImageOfPage":{"@id":"https:\/\/www.vaillant.de\/21-grad\/rat-und-tat\/so-retro-heizen-wir-aber-keine-sorge-hilfe-naht\/#primaryimage"},"image":{"@id":"https:\/\/www.vaillant.de\/21-grad\/rat-und-tat\/so-retro-heizen-wir-aber-keine-sorge-hilfe-naht\/#primaryimage"},"thumbnailUrl":"https:\/\/www.vaillant.de\/21-grad\/wp-content\/uploads\/2016\/04\/Altger\u00e4te-Gewinnspiel_blog.png","datePublished":"2016-05-03T09:52:52+00:00","dateModified":"2022-04-22T11:51:13+00:00","author":{"@id":"https:\/\/www.vaillant.de\/21-grad\/#\/schema\/person\/6c5f5a4071f0c7be145a9df11dac0709"},"description":"Viele Heizungen in Deutschland sind veraltet. Sie verbrauchen viel Energie & belasten die Umwelt. Was also tun mit der alten Heizung? Hier erfahrt ihr es!","breadcrumb":{"@id":"https:\/\/www.vaillant.de\/21-grad\/rat-und-tat\/so-retro-heizen-wir-aber-keine-sorge-hilfe-naht\/#breadcrumb"},"inLanguage":"de","potentialAction":[{"@type":"ReadAction","target":["https:\/\/www.vaillant.de\/21-grad\/rat-und-tat\/so-retro-heizen-wir-aber-keine-sorge-hilfe-naht\/"]}]},{"@type":"ImageObject","inLanguage":"de","@id":"https:\/\/www.vaillant.de\/21-grad\/rat-und-tat\/so-retro-heizen-wir-aber-keine-sorge-hilfe-naht\/#primaryimage","url":"https:\/\/www.vaillant.de\/21-grad\/wp-content\/uploads\/2016\/04\/Altger\u00e4te-Gewinnspiel_blog.png","contentUrl":"https:\/\/www.vaillant.de\/21-grad\/wp-content\/uploads\/2016\/04\/Altger\u00e4te-Gewinnspiel_blog.png","width":1571,"height":802,"caption":"So retro heizen wir!"},{"@type":"BreadcrumbList","@id":"https:\/\/www.vaillant.de\/21-grad\/rat-und-tat\/so-retro-heizen-wir-aber-keine-sorge-hilfe-naht\/#breadcrumb","itemListElement":[{"@type":"ListItem","position":1,"name":"Startseite","item":"https:\/\/www.vaillant.de\/21-grad\/"},{"@type":"ListItem","position":2,"name":"So retro heizen wir! Aber keine Sorge, Hilfe naht"}]},{"@type":"WebSite","@id":"https:\/\/www.vaillant.de\/21-grad\/#website","url":"https:\/\/www.vaillant.de\/21-grad\/","name":"21 grad","description":"Der Blog f\u00fcr Menschen, die weiterdenken","potentialAction":[{"@type":"SearchAction","target":{"@type":"EntryPoint","urlTemplate":"https:\/\/www.vaillant.de\/21-grad\/?s={search_term_string}"},"query-input":{"@type":"PropertyValueSpecification","valueRequired":true,"valueName":"search_term_string"}}],"inLanguage":"de"},{"@type":"Person","@id":"https:\/\/www.vaillant.de\/21-grad\/#\/schema\/person\/6c5f5a4071f0c7be145a9df11dac0709","name":"Tim","image":{"@type":"ImageObject","inLanguage":"de","@id":"https:\/\/www.vaillant.de\/21-grad\/wp-content\/uploads\/2025\/04\/20230516_Vaillant-Mitarbeitershooting-Lennep_0005_MKP-1-125x125.jpg9c05c6497faaba75d1eddfe0b2afcc63","url":"https:\/\/www.vaillant.de\/21-grad\/wp-content\/uploads\/2025\/04\/20230516_Vaillant-Mitarbeitershooting-Lennep_0005_MKP-1-125x125.jpg","contentUrl":"https:\/\/www.vaillant.de\/21-grad\/wp-content\/uploads\/2025\/04\/20230516_Vaillant-Mitarbeitershooting-Lennep_0005_MKP-1-125x125.jpg","caption":"Tim"},"description":"Ob Facebook oder Twitter, ob # oder @, ob Like oder Share \u2013 in meinem Arbeitsalltag dreht sich alles um Social Media. Ich sorge daf\u00fcr, dass unsere Zielgruppen sowohl informative als auch unterhaltsame und interaktive Inhalte mit Mehrwert auf unseren Kan\u00e4len finden. Nachhaltigkeit Nachhaltigkeit spielt vor allem in meiner Bewegung eine Rolle, da ich so viele Wege wie m\u00f6glich mit dem Rad zur\u00fccklege, u.a. den Weg zur Arbeit. Meiner Meinung nach wird viel zu oft auf das Auto zur\u00fcckgegriffen, vor allem f\u00fcr unn\u00f6tige Kurzstrecken unter 10 oder sogar weniger Minuten. Interessen Fu\u00dfball, Skifahren, Fitness, Unternehmungen in der Natur, Musik. Was w\u00fcrdest du mit auf eine einsame Insel nehmen? Einen Plattenspieler, ein gutes Buch und einen erfrischenden Drink. Wenn du eine Superkraft h\u00e4ttest, welche w\u00e4re das und warum? Ich w\u00fcrde mit meiner Superkraft gerne den Klimawandel aufhalten, da wir zwar viel reden, aber noch viel zu wenig daf\u00fcr tun.","url":"https:\/\/www.vaillant.de\/21-grad\/autor\/tim\/"}]}},"_links":{"self":[{"href":"https:\/\/www.vaillant.de\/21-grad\/wp-json\/wp\/v2\/posts\/676","targetHints":{"allow":["GET"]}}],"collection":[{"href":"https:\/\/www.vaillant.de\/21-grad\/wp-json\/wp\/v2\/posts"}],"about":[{"href":"https:\/\/www.vaillant.de\/21-grad\/wp-json\/wp\/v2\/types\/post"}],"author":[{"embeddable":true,"href":"https:\/\/www.vaillant.de\/21-grad\/wp-json\/wp\/v2\/users\/19"}],"replies":[{"embeddable":true,"href":"https:\/\/www.vaillant.de\/21-grad\/wp-json\/wp\/v2\/comments?post=676"}],"version-history":[{"count":62,"href":"https:\/\/www.vaillant.de\/21-grad\/wp-json\/wp\/v2\/posts\/676\/revisions"}],"predecessor-version":[{"id":7123,"href":"https:\/\/www.vaillant.de\/21-grad\/wp-json\/wp\/v2\/posts\/676\/revisions\/7123"}],"wp:featuredmedia":[{"embeddable":true,"href":"https:\/\/www.vaillant.de\/21-grad\/wp-json\/wp\/v2\/media\/675"}],"wp:attachment":[{"href":"https:\/\/www.vaillant.de\/21-grad\/wp-json\/wp\/v2\/media?parent=676"}],"wp:term":[{"taxonomy":"category","embeddable":true,"href":"https:\/\/www.vaillant.de\/21-grad\/wp-json\/wp\/v2\/categories?post=676"},{"taxonomy":"post_tag","embeddable":true,"href":"https:\/\/www.vaillant.de\/21-grad\/wp-json\/wp\/v2\/tags?post=676"},{"taxonomy":"author","embeddable":true,"href":"https:\/\/www.vaillant.de\/21-grad\/wp-json\/wp\/v2\/coauthors?post=676"}],"curies":[{"name":"wp","href":"https:\/\/api.w.org\/{rel}","templated":true}]}}