{"id":6761,"date":"2021-11-16T14:22:12","date_gmt":"2021-11-16T13:22:12","guid":{"rendered":"https:\/\/www.vaillant.de\/21-grad\/?p=6761"},"modified":"2021-12-09T13:54:28","modified_gmt":"2021-12-09T12:54:28","slug":"richtig-lueften-was-ist-die-beste-lueftungsanlage-fuer-mein-haus","status":"publish","type":"post","link":"https:\/\/www.vaillant.de\/21-grad\/rat-und-tat\/richtig-lueften-was-ist-die-beste-lueftungsanlage-fuer-mein-haus\/","title":{"rendered":"Richtig l\u00fcften! Was ist die beste L\u00fcftungsanlage f\u00fcr mein Haus?"},"content":{"rendered":"<h2>Welche Arten von L\u00fcftungsanlagen gibt es?<\/h2>\n<p>L\u00fcftungsanlagen f\u00fcr Wohnr\u00e4ume unterteilen sich ganz grob in zwei verschiedene Bauarten: zentral und dezentral.<\/p>\n<p>Bei der <strong>dezentralen L\u00fcftung<\/strong> werden f\u00fcr jeden Wohnbereich mindestens zwei L\u00fcfter in die Hauswand eingebaut. Ideal ist es dabei, wenn die L\u00fcfter gegen\u00fcberliegend platziert werden: W\u00e4hrend der eine L\u00fcfter frische Luft von au\u00dfen in den Raum bringt, bef\u00f6rdert der andere die \u201everbrauchte\u201c Luft hinaus. Damit der ganze Bereich gleichm\u00e4\u00dfig bel\u00fcftet wird, wechseln die L\u00fcfter in einem Intervall von etwa einer Minute zwischen dem Ansaugen der Frischluft und Absaugen der Raumluft. Daher werden dezentrale L\u00fcfter auch Push-Pull-L\u00fcfter oder Pendell\u00fcfter genannt. In der Regel sind bei der dezentralen L\u00fcftung zus\u00e4tzliche Abluftventilatoren erforderlich, die in B\u00e4dern, WCs und Hauswirtschaftsr\u00e4umen den Mindestluftwechsel zum Feuchteschutz sicherstellen.<\/p>\n<p>Bei der <strong>zentralen L\u00fcftung<\/strong> hingegen stellt ein einziges L\u00fcftungsger\u00e4t den Luftaustausch im ganzen Haus her. Dazu f\u00fchren vom L\u00fcftungsger\u00e4t aus L\u00fcftungskan\u00e4le in die einzelnen R\u00e4ume. Die Kan\u00e4le sind dabei fast unsichtbar, meist platzsparend im Boden oder in abgeh\u00e4ngten Decken installiert. Je nach Ausf\u00fchrung handelt es sich bei zentralen L\u00fcftungsanlagen um eine Abluft-L\u00fcftung oder eine kontrollierte Wohnungsl\u00fcftung.<\/p>\n<div id=\"attachment_6766\" style=\"width: 361px\" class=\"wp-caption alignright\"><a href=\"https:\/\/www.vaillant.de\/21-grad\/wp-content\/uploads\/2021\/11\/VENTILATION14_31999_01.jpg\"><img loading=\"lazy\" decoding=\"async\" aria-describedby=\"caption-attachment-6766\" class=\"size-medium wp-image-6766\" src=\"https:\/\/www.vaillant.de\/21-grad\/wp-content\/uploads\/2021\/11\/VENTILATION14_31999_01-351x232.jpg\" alt=\"In einem Hauswirtschaftsraum h\u00e4ngt das zentrale L\u00fcftungsger\u00e4t \u00fcber der Waschmaschine.\" width=\"351\" height=\"232\" srcset=\"https:\/\/www.vaillant.de\/21-grad\/wp-content\/uploads\/2021\/11\/VENTILATION14_31999_01-351x232.jpg 351w, https:\/\/www.vaillant.de\/21-grad\/wp-content\/uploads\/2021\/11\/VENTILATION14_31999_01-727x480.jpg 727w, https:\/\/www.vaillant.de\/21-grad\/wp-content\/uploads\/2021\/11\/VENTILATION14_31999_01-768x507.jpg 768w, https:\/\/www.vaillant.de\/21-grad\/wp-content\/uploads\/2021\/11\/VENTILATION14_31999_01.jpg 1500w\" sizes=\"auto, (max-width: 351px) 100vw, 351px\" \/><\/a><p id=\"caption-attachment-6766\" class=\"wp-caption-text\">Das Ger\u00e4t f\u00fcr die kontrollierte Wohnrauml\u00fcftung bietet den h\u00f6chsten Komfort und die beste Energieeffizienz. Zu den einzelnen R\u00e4umen sind L\u00fcftungskan\u00e4le zu verlegen.<\/p><\/div>\n<p>Bei der <strong>Abluft-L\u00fcftung<\/strong> wird aus den R\u00e4umen mit einem hohen Eintrag von Ger\u00fcchen und Feuchtigkeit die Luft \u00fcber ein Kanalsystem abgesaugt. Also aus der K\u00fcche, dem Bad und dem WC. Dadurch entsteht ein kaum merklicher Unterdruck, sodass frische Luft automatisch durch Lufteinl\u00e4sse in den Fenstern oder den Au\u00dfenw\u00e4nden der \u00fcbrigen Wohnbereiche nachstr\u00f6mt. So verteilt sich die Frischluft im ganzen Haus. Einfache Anlagen bef\u00f6rdern die Abluft blo\u00df nach drau\u00dfen. Energetisch besser sind Abluft-Anlagen mit W\u00e4rmer\u00fcckgewinnung, auch Abluftw\u00e4rmepumpen genannt.<\/p>\n<p>Bei der <strong>kontrollierten Wohnrauml\u00fcftung<\/strong> wird die Luft ebenfalls aus K\u00fcche, Bad und WC abgesaugt. Die Frischluft gelangt jedoch \u00fcber ein Kanalsystem in die Wohnr\u00e4ume. Das ist deutlich bedarfsgerechter als \u00fcber die Nachstr\u00f6mung. Der Abluftstrom und der Frischluftstrom kreuzen sich im W\u00e4rmetauscher des L\u00fcftungsger\u00e4ts. Dabei erw\u00e4rmt sich die zugef\u00fchrte Frischluft fast auf Zimmertemperatur. Es geht also kaum W\u00e4rme aus der Abluft ungenutzt verloren. Das ist sehr energieeffizient.<\/p>\n<h2>Was sind die wichtigsten Unterschiede zwischen zentraler und dezentraler L\u00fcftung?<\/h2>\n<p>Die wesentlichen Unterschiede zwischen zentraler und dezentraler L\u00fcftung liegen im Aufwand f\u00fcr die Installation, in den Komfortmerkmalen und in der Energieeffizienz.<\/p>\n<div id=\"attachment_6768\" style=\"width: 359px\" class=\"wp-caption alignleft\"><a href=\"https:\/\/www.vaillant.de\/21-grad\/wp-content\/uploads\/2021\/11\/VENTILATION15_32963_02.jpg\"><img loading=\"lazy\" decoding=\"async\" aria-describedby=\"caption-attachment-6768\" class=\"size-medium wp-image-6768\" src=\"https:\/\/www.vaillant.de\/21-grad\/wp-content\/uploads\/2021\/11\/VENTILATION15_32963_02-349x232.jpg\" alt=\"Eine K\u00fcche wird aufgebaut. Unter der Decke h\u00e4ngt schon das zentrale L\u00fcftungsger\u00e4t. Es sorgt im ganzen Haus f\u00fcr den erforderlichen Luftaustausch.\" width=\"349\" height=\"232\" srcset=\"https:\/\/www.vaillant.de\/21-grad\/wp-content\/uploads\/2021\/11\/VENTILATION15_32963_02-349x232.jpg 349w, https:\/\/www.vaillant.de\/21-grad\/wp-content\/uploads\/2021\/11\/VENTILATION15_32963_02-723x480.jpg 723w, https:\/\/www.vaillant.de\/21-grad\/wp-content\/uploads\/2021\/11\/VENTILATION15_32963_02-768x510.jpg 768w, https:\/\/www.vaillant.de\/21-grad\/wp-content\/uploads\/2021\/11\/VENTILATION15_32963_02.jpg 1500w\" sizes=\"auto, (max-width: 349px) 100vw, 349px\" \/><\/a><p id=\"caption-attachment-6768\" class=\"wp-caption-text\">Sehr kompakt sind zentrale L\u00fcftungsger\u00e4te, die unter der Decke, in Schr\u00e4nken oder hinter Vorw\u00e4nden und Verkleidungen installiert werden k\u00f6nnen.<\/p><\/div>\n<p>Bei der <strong>Energieeffizienz<\/strong> sind zentrale L\u00fcftungsanlagen ganz weit vorne. Denn meist ist hier der Grad der W\u00e4rmer\u00fcckgewinnung aus der Abluft deutlich h\u00f6her als bei dezentralen Push-Pull-L\u00fcftungssystemen. In gro\u00dfen H\u00e4usern l\u00e4sst sich \u00fcber die passende Leistungsauslegung des zentralen L\u00fcftungsger\u00e4ts der erforderliche Luftaustausch au\u00dferdem ganz gezielt, also sehr effizient gestalten. Dezentrale L\u00fcfter in der Hauswand sind hingegen in der Leistung begrenzt. Bei gro\u00dfen Wohnr\u00e4umen k\u00f6nnen unter Umst\u00e4nden sogar mehr als zwei L\u00fcfter erforderlich werden. Nebenbei bemerkt: Die vielen L\u00fcftungsausl\u00e4sse in der Fassade finden manche Hausbesitzer optisch st\u00f6rend.<\/p>\n<p>In Sachen <strong>Komfort<\/strong> haben zentrale L\u00fcftungsanlagen ebenfalls die Nase vorn: Weil der Lufttransport hier \u00fcber Kan\u00e4le erfolgt, gibt es im Wohnbereich weder St\u00f6rger\u00e4usche von au\u00dfen noch von innen durch die Wandl\u00fcfter. Die Betriebsger\u00e4usche dezentraler L\u00fcfter lassen sich zwar durch eine Reduzierung der Drehzahl d\u00e4mpfen, aber das geht dann automatisch zulasten der Luftwechselrate.<br \/>\nIm direkten Vergleich von zentraler Abluft-L\u00fcftung und kontrollierter Wohnrauml\u00fcftung gibt es ebenfalls einen wesentlichen Komfortunterschied: Die nachstr\u00f6mende Frischluft bei der Abluftanlage entspricht der Au\u00dfenlufttemperatur. Das kann an sehr kalten oder an sehr warmen Tagen ausgesprochen unangenehm werden. Bei der kontrollierten Wohnrauml\u00fcftung wird hingegen die Frischluft im W\u00e4rmetauscher durch die Abluft nahezu auf Zimmertemperatur gebracht. Das ist viel angenehmer, weil man nicht das Gef\u00fchl von Zugluft hat. Bei Push-Pull-L\u00fcftern funktioniert dieses Vorw\u00e4rm-Prinzip \u00fcbrigens auch .<\/p>\n<p>Ein entscheidendes Komfortmerkmal f\u00fcr L\u00fcftungsanlagen ist nicht zuletzt die Feuchter\u00fcckgewinnung. Sie ist insbesondere im Winter von Bedeutung. Denn wenn die abgef\u00fchrte Feuchte nicht auf die Zuluft \u00fcbertragen wird, kann die Raumluft gerade an kalten Tagen schnell sehr trocken werden. Das ist ung\u00fcnstig f\u00fcr die Schleimh\u00e4ute und belastend f\u00fcr Allergiker. Die Feuchter\u00fcckgewinnung ist also eine wichtige Option der kontrollierten Wohnrauml\u00fcftung .<\/p>\n<p>Die Unterschiede in der <strong>Installation<\/strong> von dezentralen und zentralen L\u00fcftungen sind gro\u00df: Der Einbau dezentraler Wandl\u00fcfter erfordert Kernbohrungen in den Au\u00dfenw\u00e4nden. Au\u00dferdem m\u00fcssen zu jedem L\u00fcfter elektrische Leitungen verlegt werden. Andererseits ben\u00f6tigt die Installation eines zentralen L\u00fcftungssystems Bauraum f\u00fcr das Kanalsystem und das Ger\u00e4t selbst. Der findet sich aber leicht in abgeh\u00e4ngten Decken. Das L\u00fcftungsger\u00e4t kann au\u00dferdem an die Wand montiert, platzsparend \u00fcber den Oberschr\u00e4nken in der K\u00fcche oder in abgeh\u00e4ngten Decken von Fluren untergebracht werden.<\/p>\n<h2>Welche L\u00fcftungsanlage ist die beste f\u00fcr mein Haus?<\/h2>\n<div id=\"attachment_6769\" style=\"width: 359px\" class=\"wp-caption alignright\"><a href=\"https:\/\/www.vaillant.de\/21-grad\/wp-content\/uploads\/2021\/11\/VENTILATION16_44037_01.jpg\"><img loading=\"lazy\" decoding=\"async\" aria-describedby=\"caption-attachment-6769\" class=\"size-medium wp-image-6769\" src=\"https:\/\/www.vaillant.de\/21-grad\/wp-content\/uploads\/2021\/11\/VENTILATION16_44037_01-349x232.jpg\" alt=\"In einem renovierten Altbau sind die originalen Ziegel an der Au\u00dfenwand erhalten geblieben. In einer Kernbohrung ist der L\u00fcfter der dezentralen L\u00fcftung eingebracht. Zu sehen ist aber nur die wei\u00dfe Abdeckung. Die Innenw\u00e4nde erstrahlen im Kontrast zur roten Ziegelwand in Wei\u00df.\" width=\"349\" height=\"232\" srcset=\"https:\/\/www.vaillant.de\/21-grad\/wp-content\/uploads\/2021\/11\/VENTILATION16_44037_01-349x232.jpg 349w, https:\/\/www.vaillant.de\/21-grad\/wp-content\/uploads\/2021\/11\/VENTILATION16_44037_01-723x480.jpg 723w, https:\/\/www.vaillant.de\/21-grad\/wp-content\/uploads\/2021\/11\/VENTILATION16_44037_01-768x510.jpg 768w, https:\/\/www.vaillant.de\/21-grad\/wp-content\/uploads\/2021\/11\/VENTILATION16_44037_01.jpg 1500w\" sizes=\"auto, (max-width: 349px) 100vw, 349px\" \/><\/a><p id=\"caption-attachment-6769\" class=\"wp-caption-text\">Die einfache Installation ist der gr\u00f6\u00dfte Vorteil einer dezentralen L\u00fcftung. Deswegen ist diese Art der L\u00fcftungsanlage bei der energetischen Sanierung von Altbauten oft die beste Variante.<\/p><\/div>\n<p>Ihr seht: Es gibt viele interessante M\u00f6glichkeiten, mit L\u00fcftungsanlagen daheim f\u00fcr frische Luft zu sorgen. Also den erforderlichen Luftaustausch so abzusichern, dass es in Eurem Haus nicht schimmelt und Ihr jederzeit gesunde Luft habt. Was aber ist die beste L\u00fcftung f\u00fcr Euer Haus?<\/p>\n<p>Im Neubau ist es einfach, von vorneherein das Kanalsystem einer zentralen L\u00fcftung einzuplanen. Da hier Energieeffizienz und Komfort am besten sind, ist die zentrale L\u00fcftung in Eurem neuen Eigenheim wohl die ideale L\u00f6sung. Zumal sogar die M\u00f6glichkeit besteht, die L\u00fcftung mit einer W\u00e4rmepumpe als <a href=\"https:\/\/www.vaillant.de\/heizung\/produkte\/innen-aufgestellte-luft-wasser-warmepumpe-recocompact-exclusive-145920.html\" target=\"_blank\" rel=\"noopener\">All-in-One-System<\/a>\u00a0 zu installieren. Das steigert die Energieeffizienz nochmals.<\/p>\n<p>In energetisch sanierten Altbauten mit hohen R\u00e4umen ist es ebenfalls unproblematisch, die Decke abzuh\u00e4ngen, um ein Kanalsystem zu verlegen. Gibt Euer Haus diesen Platz aber nicht her, ist die dezentrale L\u00fcftung die richtige Wahl. Denn auch, wenn bei diesem System im Vergleich zur zentralen L\u00fcftung Abstriche bei der Energieeffizienz und dem L\u00fcftungskomfort hinzunehmen sind: In einem energetisch sanierten Haus auf eine L\u00fcftungsanlage zu verzichten, ist eigentlich gar keine Option \u2013 und in jedem Fall die unkomfortabelste L\u00f6sung.<\/p>\n<p>Und wie schneiden dezentrale und zentrale L\u00fcftungsanlagen wirtschaftlich ab? Bei der Antwort spielen Anschaffungs- und Installationskosten eine gro\u00dfe Rolle. Aber ebenso F\u00f6rderungen f\u00fcr L\u00fcftungsanlagen und die Energieeffizienz. Auf diese Themen gehen wir in einem weiteren Blogbeitrag\u00a0ein.<\/p>\n<p>An unsere Leser, die schon eine L\u00fcftungsanlage haben: Teilt gerne Eure Erfahrungswerte aus der Praxis mit! Wir freuen uns auf Eure Kommentare.<\/p>\n","protected":false},"excerpt":{"rendered":"<p>In unserem Blogbeitrag \u201eRichtig l\u00fcften?\u201c haben wir kurz umrissen, warum dieses Thema f\u00fcr Eure Gesundheit und sogar f\u00fcr Euer Haus wichtig ist. Die einfachste Option, f\u00fcr Frischluft zu sorgen, ist nat\u00fcrlich die Fensterl\u00fcftung. Aber wer Energie sparen will, in einem gut ged\u00e4mmten Haus wohnt oder tags\u00fcber selten zuhause ist, kommt um eine L\u00fcftungsanlage nicht herum. Doch welche L\u00fcftungsanlage ist f\u00fcr mein Haus die beste? Das ist die gro\u00dfe Frage. Wir geben Euch hier einen kurzen \u00dcberblick \u00fcber die verschiedenen Varianten der Wohnrauml\u00fcftungen und ihre Vor- bzw. Nachteile. So k\u00f6nnt Ihr gut absch\u00e4tzen, welche L\u00fcftungsanlage f\u00fcr Euer Haus die sinnvollste ist.<\/p>\n","protected":false},"author":14,"featured_media":6765,"comment_status":"open","ping_status":"open","sticky":false,"template":"","format":"standard","meta":{"footnotes":""},"categories":[2,183],"tags":[172,166],"coauthors":[68],"class_list":["post-6761","post","type-post","status-publish","format-standard","has-post-thumbnail","hentry","category-rat-und-tat","category-partner-beitraege","tag-bauen-und-wohnen","tag-heiztechnik"],"yoast_head":"<!-- This site is optimized with the Yoast SEO plugin v27.4 - https:\/\/yoast.com\/product\/yoast-seo-wordpress\/ -->\n<title>Was ist die beste L\u00fcftungsanlage f\u00fcr mein Haus? | 21 grad<\/title>\n<meta name=\"description\" content=\"Wie kommt frische Luft am besten ins Haus? Mit einer zentralen oder dezentralen L\u00fcftungsanlage? Hier die wichtigsten Kriterien. \u2713\" \/>\n<meta name=\"robots\" content=\"index, follow, max-snippet:-1, max-image-preview:large, max-video-preview:-1\" \/>\n<link rel=\"canonical\" href=\"https:\/\/www.vaillant.de\/21-grad\/rat-und-tat\/richtig-lueften-was-ist-die-beste-lueftungsanlage-fuer-mein-haus\/\" \/>\n<meta property=\"og:locale\" content=\"de_DE\" \/>\n<meta property=\"og:type\" content=\"article\" \/>\n<meta property=\"og:title\" content=\"Was ist die beste L\u00fcftungsanlage f\u00fcr mein Haus? | 21 grad\" \/>\n<meta property=\"og:description\" content=\"Wie kommt frische Luft am besten ins Haus? Mit einer zentralen oder dezentralen L\u00fcftungsanlage? Hier die wichtigsten Kriterien. \u2713\" \/>\n<meta property=\"og:url\" content=\"https:\/\/www.vaillant.de\/21-grad\/rat-und-tat\/richtig-lueften-was-ist-die-beste-lueftungsanlage-fuer-mein-haus\/\" \/>\n<meta property=\"og:site_name\" content=\"21 grad\" \/>\n<meta property=\"article:publisher\" content=\"https:\/\/www.facebook.com\/21grad\/\" \/>\n<meta property=\"article:published_time\" content=\"2021-11-16T13:22:12+00:00\" \/>\n<meta property=\"article:modified_time\" content=\"2021-12-09T12:54:28+00:00\" \/>\n<meta property=\"og:image\" content=\"https:\/\/www.vaillant.de\/21-grad\/wp-content\/uploads\/2021\/11\/PEOPLE18_45553_01.jpg\" \/>\n\t<meta property=\"og:image:width\" content=\"1500\" \/>\n\t<meta property=\"og:image:height\" content=\"996\" \/>\n\t<meta property=\"og:image:type\" content=\"image\/jpeg\" \/>\n<meta name=\"author\" content=\"Jacqueline\" \/>\n<meta name=\"twitter:card\" content=\"summary_large_image\" \/>\n<meta name=\"twitter:creator\" content=\"@vaillant_de\" \/>\n<meta name=\"twitter:site\" content=\"@vaillant_de\" \/>\n<meta name=\"twitter:label1\" content=\"Verfasst von\" \/>\n\t<meta name=\"twitter:data1\" content=\"Jacqueline\" \/>\n\t<meta name=\"twitter:label2\" content=\"Gesch\u00e4tzte Lesezeit\" \/>\n\t<meta name=\"twitter:data2\" content=\"6\u00a0Minuten\" \/>\n\t<meta name=\"twitter:label3\" content=\"Written by\" \/>\n\t<meta name=\"twitter:data3\" content=\"Jacqueline\" \/>\n<script type=\"application\/ld+json\" class=\"yoast-schema-graph\">{\"@context\":\"https:\\\/\\\/schema.org\",\"@graph\":[{\"@type\":\"Article\",\"@id\":\"https:\\\/\\\/www.vaillant.de\\\/21-grad\\\/rat-und-tat\\\/richtig-lueften-was-ist-die-beste-lueftungsanlage-fuer-mein-haus\\\/#article\",\"isPartOf\":{\"@id\":\"https:\\\/\\\/www.vaillant.de\\\/21-grad\\\/rat-und-tat\\\/richtig-lueften-was-ist-die-beste-lueftungsanlage-fuer-mein-haus\\\/\"},\"author\":{\"name\":\"Jacqueline\",\"@id\":\"https:\\\/\\\/www.vaillant.de\\\/21-grad\\\/#\\\/schema\\\/person\\\/75a8b4aa6c2491a38cf9116850869d58\"},\"headline\":\"Richtig l\u00fcften! Was ist die beste L\u00fcftungsanlage f\u00fcr mein Haus?\",\"datePublished\":\"2021-11-16T13:22:12+00:00\",\"dateModified\":\"2021-12-09T12:54:28+00:00\",\"mainEntityOfPage\":{\"@id\":\"https:\\\/\\\/www.vaillant.de\\\/21-grad\\\/rat-und-tat\\\/richtig-lueften-was-ist-die-beste-lueftungsanlage-fuer-mein-haus\\\/\"},\"wordCount\":1206,\"commentCount\":0,\"image\":{\"@id\":\"https:\\\/\\\/www.vaillant.de\\\/21-grad\\\/rat-und-tat\\\/richtig-lueften-was-ist-die-beste-lueftungsanlage-fuer-mein-haus\\\/#primaryimage\"},\"thumbnailUrl\":\"https:\\\/\\\/www.vaillant.de\\\/21-grad\\\/wp-content\\\/uploads\\\/2021\\\/11\\\/PEOPLE18_45553_01.jpg\",\"keywords\":[\"Bauen und Wohnen\",\"Heiztechnik\"],\"articleSection\":[\"Rat &amp; Tat\",\"X-Partner-Beitr\u00e4ge\"],\"inLanguage\":\"de\",\"potentialAction\":[{\"@type\":\"CommentAction\",\"name\":\"Comment\",\"target\":[\"https:\\\/\\\/www.vaillant.de\\\/21-grad\\\/rat-und-tat\\\/richtig-lueften-was-ist-die-beste-lueftungsanlage-fuer-mein-haus\\\/#respond\"]}]},{\"@type\":\"WebPage\",\"@id\":\"https:\\\/\\\/www.vaillant.de\\\/21-grad\\\/rat-und-tat\\\/richtig-lueften-was-ist-die-beste-lueftungsanlage-fuer-mein-haus\\\/\",\"url\":\"https:\\\/\\\/www.vaillant.de\\\/21-grad\\\/rat-und-tat\\\/richtig-lueften-was-ist-die-beste-lueftungsanlage-fuer-mein-haus\\\/\",\"name\":\"Was ist die beste L\u00fcftungsanlage f\u00fcr mein Haus? | 21 grad\",\"isPartOf\":{\"@id\":\"https:\\\/\\\/www.vaillant.de\\\/21-grad\\\/#website\"},\"primaryImageOfPage\":{\"@id\":\"https:\\\/\\\/www.vaillant.de\\\/21-grad\\\/rat-und-tat\\\/richtig-lueften-was-ist-die-beste-lueftungsanlage-fuer-mein-haus\\\/#primaryimage\"},\"image\":{\"@id\":\"https:\\\/\\\/www.vaillant.de\\\/21-grad\\\/rat-und-tat\\\/richtig-lueften-was-ist-die-beste-lueftungsanlage-fuer-mein-haus\\\/#primaryimage\"},\"thumbnailUrl\":\"https:\\\/\\\/www.vaillant.de\\\/21-grad\\\/wp-content\\\/uploads\\\/2021\\\/11\\\/PEOPLE18_45553_01.jpg\",\"datePublished\":\"2021-11-16T13:22:12+00:00\",\"dateModified\":\"2021-12-09T12:54:28+00:00\",\"author\":{\"@id\":\"https:\\\/\\\/www.vaillant.de\\\/21-grad\\\/#\\\/schema\\\/person\\\/75a8b4aa6c2491a38cf9116850869d58\"},\"description\":\"Wie kommt frische Luft am besten ins Haus? Mit einer zentralen oder dezentralen L\u00fcftungsanlage? Hier die wichtigsten Kriterien. \u2713\",\"breadcrumb\":{\"@id\":\"https:\\\/\\\/www.vaillant.de\\\/21-grad\\\/rat-und-tat\\\/richtig-lueften-was-ist-die-beste-lueftungsanlage-fuer-mein-haus\\\/#breadcrumb\"},\"inLanguage\":\"de\",\"potentialAction\":[{\"@type\":\"ReadAction\",\"target\":[\"https:\\\/\\\/www.vaillant.de\\\/21-grad\\\/rat-und-tat\\\/richtig-lueften-was-ist-die-beste-lueftungsanlage-fuer-mein-haus\\\/\"]}]},{\"@type\":\"ImageObject\",\"inLanguage\":\"de\",\"@id\":\"https:\\\/\\\/www.vaillant.de\\\/21-grad\\\/rat-und-tat\\\/richtig-lueften-was-ist-die-beste-lueftungsanlage-fuer-mein-haus\\\/#primaryimage\",\"url\":\"https:\\\/\\\/www.vaillant.de\\\/21-grad\\\/wp-content\\\/uploads\\\/2021\\\/11\\\/PEOPLE18_45553_01.jpg\",\"contentUrl\":\"https:\\\/\\\/www.vaillant.de\\\/21-grad\\\/wp-content\\\/uploads\\\/2021\\\/11\\\/PEOPLE18_45553_01.jpg\",\"width\":1500,\"height\":996,\"caption\":\"Drei bunte Kinderwindm\u00fchlen drehen sich im Wind. Dahinter ist ein Haus zu sehen.\"},{\"@type\":\"BreadcrumbList\",\"@id\":\"https:\\\/\\\/www.vaillant.de\\\/21-grad\\\/rat-und-tat\\\/richtig-lueften-was-ist-die-beste-lueftungsanlage-fuer-mein-haus\\\/#breadcrumb\",\"itemListElement\":[{\"@type\":\"ListItem\",\"position\":1,\"name\":\"Startseite\",\"item\":\"https:\\\/\\\/www.vaillant.de\\\/21-grad\\\/\"},{\"@type\":\"ListItem\",\"position\":2,\"name\":\"Richtig l\u00fcften! Was ist die beste L\u00fcftungsanlage f\u00fcr mein Haus?\"}]},{\"@type\":\"WebSite\",\"@id\":\"https:\\\/\\\/www.vaillant.de\\\/21-grad\\\/#website\",\"url\":\"https:\\\/\\\/www.vaillant.de\\\/21-grad\\\/\",\"name\":\"21 grad\",\"description\":\"Der Blog f\u00fcr Menschen, die weiterdenken\",\"potentialAction\":[{\"@type\":\"SearchAction\",\"target\":{\"@type\":\"EntryPoint\",\"urlTemplate\":\"https:\\\/\\\/www.vaillant.de\\\/21-grad\\\/?s={search_term_string}\"},\"query-input\":{\"@type\":\"PropertyValueSpecification\",\"valueRequired\":true,\"valueName\":\"search_term_string\"}}],\"inLanguage\":\"de\"},{\"@type\":\"Person\",\"@id\":\"https:\\\/\\\/www.vaillant.de\\\/21-grad\\\/#\\\/schema\\\/person\\\/75a8b4aa6c2491a38cf9116850869d58\",\"name\":\"Jacqueline\",\"image\":{\"@type\":\"ImageObject\",\"inLanguage\":\"de\",\"@id\":\"https:\\\/\\\/www.vaillant.de\\\/21-grad\\\/wp-content\\\/uploads\\\/2018\\\/06\\\/Portrait-250-125x125.jpgfc8ce6b31ae0347d9e261097d2ccecbb\",\"url\":\"https:\\\/\\\/www.vaillant.de\\\/21-grad\\\/wp-content\\\/uploads\\\/2018\\\/06\\\/Portrait-250-125x125.jpg\",\"contentUrl\":\"https:\\\/\\\/www.vaillant.de\\\/21-grad\\\/wp-content\\\/uploads\\\/2018\\\/06\\\/Portrait-250-125x125.jpg\",\"caption\":\"Jacqueline\"},\"description\":\"In meinem Arbeitsalltag dreht sich alles rund um digitale Themen. Ich sorge f\u00fcr die Auffindbarkeit des Unternehmens im Web, indem ich unsere Webseite immer wieder mit neuen und relevanten Inhalten best\u00fccke. Dabei ist mir besonders wichtig, dass Ihr schnell und einfach an gew\u00fcnschte Informationen gelangt. Nachhaltigkeit F\u00fcr mich bedeutet Nachhaltigkeit, auch im Alltag die Umwelt durch kleine Dinge zu entlasten. Ich fahre deswegen morgens mit dem Bus zur Arbeit, nehme zum Einkaufen meine Baumwollbeutel mit und kaufe bevorzugt Bioprodukte. Interessen In meiner Freizeit verbringe ich gerne viel Zeit mit Freuden, liebe meinen Tanzsport und spiele gerne Brettspiele. Zudem reise ich sehr gerne. Was w\u00fcrdest du tun, wenn du noch einen Tag zu leben h\u00e4ttest? Ich w\u00fcrde etwas Verr\u00fccktes wie einen Fallschirmsprung machen. Und anschlie\u00dfend eine gro\u00dfe Party mit Freunden. Wenn du eine Superkraft h\u00e4ttest, welche w\u00e4re das und warum? Ich w\u00fcrde gerne unter Wasser atmen k\u00f6nnen. Ich liebe die endlosen Weiten des Meeres und k\u00f6nnte den ganzen Tag im und unter Wasser verbringen. Was bringt dich zum l\u00e4cheln? Ein warmer Sommertag mit viel Sonne.\",\"url\":\"https:\\\/\\\/www.vaillant.de\\\/21-grad\\\/autor\\\/jacqueline\\\/\"}]}<\/script>\n<!-- \/ Yoast SEO plugin. -->","yoast_head_json":{"title":"Was ist die beste L\u00fcftungsanlage f\u00fcr mein Haus? | 21 grad","description":"Wie kommt frische Luft am besten ins Haus? Mit einer zentralen oder dezentralen L\u00fcftungsanlage? Hier die wichtigsten Kriterien. \u2713","robots":{"index":"index","follow":"follow","max-snippet":"max-snippet:-1","max-image-preview":"max-image-preview:large","max-video-preview":"max-video-preview:-1"},"canonical":"https:\/\/www.vaillant.de\/21-grad\/rat-und-tat\/richtig-lueften-was-ist-die-beste-lueftungsanlage-fuer-mein-haus\/","og_locale":"de_DE","og_type":"article","og_title":"Was ist die beste L\u00fcftungsanlage f\u00fcr mein Haus? | 21 grad","og_description":"Wie kommt frische Luft am besten ins Haus? Mit einer zentralen oder dezentralen L\u00fcftungsanlage? Hier die wichtigsten Kriterien. \u2713","og_url":"https:\/\/www.vaillant.de\/21-grad\/rat-und-tat\/richtig-lueften-was-ist-die-beste-lueftungsanlage-fuer-mein-haus\/","og_site_name":"21 grad","article_publisher":"https:\/\/www.facebook.com\/21grad\/","article_published_time":"2021-11-16T13:22:12+00:00","article_modified_time":"2021-12-09T12:54:28+00:00","og_image":[{"width":1500,"height":996,"url":"https:\/\/www.vaillant.de\/21-grad\/wp-content\/uploads\/2021\/11\/PEOPLE18_45553_01.jpg","type":"image\/jpeg"}],"author":"Jacqueline","twitter_card":"summary_large_image","twitter_creator":"@vaillant_de","twitter_site":"@vaillant_de","twitter_misc":{"Verfasst von":"Jacqueline","Gesch\u00e4tzte Lesezeit":"6\u00a0Minuten","Written by":"Jacqueline"},"schema":{"@context":"https:\/\/schema.org","@graph":[{"@type":"Article","@id":"https:\/\/www.vaillant.de\/21-grad\/rat-und-tat\/richtig-lueften-was-ist-die-beste-lueftungsanlage-fuer-mein-haus\/#article","isPartOf":{"@id":"https:\/\/www.vaillant.de\/21-grad\/rat-und-tat\/richtig-lueften-was-ist-die-beste-lueftungsanlage-fuer-mein-haus\/"},"author":{"name":"Jacqueline","@id":"https:\/\/www.vaillant.de\/21-grad\/#\/schema\/person\/75a8b4aa6c2491a38cf9116850869d58"},"headline":"Richtig l\u00fcften! Was ist die beste L\u00fcftungsanlage f\u00fcr mein Haus?","datePublished":"2021-11-16T13:22:12+00:00","dateModified":"2021-12-09T12:54:28+00:00","mainEntityOfPage":{"@id":"https:\/\/www.vaillant.de\/21-grad\/rat-und-tat\/richtig-lueften-was-ist-die-beste-lueftungsanlage-fuer-mein-haus\/"},"wordCount":1206,"commentCount":0,"image":{"@id":"https:\/\/www.vaillant.de\/21-grad\/rat-und-tat\/richtig-lueften-was-ist-die-beste-lueftungsanlage-fuer-mein-haus\/#primaryimage"},"thumbnailUrl":"https:\/\/www.vaillant.de\/21-grad\/wp-content\/uploads\/2021\/11\/PEOPLE18_45553_01.jpg","keywords":["Bauen und Wohnen","Heiztechnik"],"articleSection":["Rat &amp; Tat","X-Partner-Beitr\u00e4ge"],"inLanguage":"de","potentialAction":[{"@type":"CommentAction","name":"Comment","target":["https:\/\/www.vaillant.de\/21-grad\/rat-und-tat\/richtig-lueften-was-ist-die-beste-lueftungsanlage-fuer-mein-haus\/#respond"]}]},{"@type":"WebPage","@id":"https:\/\/www.vaillant.de\/21-grad\/rat-und-tat\/richtig-lueften-was-ist-die-beste-lueftungsanlage-fuer-mein-haus\/","url":"https:\/\/www.vaillant.de\/21-grad\/rat-und-tat\/richtig-lueften-was-ist-die-beste-lueftungsanlage-fuer-mein-haus\/","name":"Was ist die beste L\u00fcftungsanlage f\u00fcr mein Haus? | 21 grad","isPartOf":{"@id":"https:\/\/www.vaillant.de\/21-grad\/#website"},"primaryImageOfPage":{"@id":"https:\/\/www.vaillant.de\/21-grad\/rat-und-tat\/richtig-lueften-was-ist-die-beste-lueftungsanlage-fuer-mein-haus\/#primaryimage"},"image":{"@id":"https:\/\/www.vaillant.de\/21-grad\/rat-und-tat\/richtig-lueften-was-ist-die-beste-lueftungsanlage-fuer-mein-haus\/#primaryimage"},"thumbnailUrl":"https:\/\/www.vaillant.de\/21-grad\/wp-content\/uploads\/2021\/11\/PEOPLE18_45553_01.jpg","datePublished":"2021-11-16T13:22:12+00:00","dateModified":"2021-12-09T12:54:28+00:00","author":{"@id":"https:\/\/www.vaillant.de\/21-grad\/#\/schema\/person\/75a8b4aa6c2491a38cf9116850869d58"},"description":"Wie kommt frische Luft am besten ins Haus? Mit einer zentralen oder dezentralen L\u00fcftungsanlage? Hier die wichtigsten Kriterien. \u2713","breadcrumb":{"@id":"https:\/\/www.vaillant.de\/21-grad\/rat-und-tat\/richtig-lueften-was-ist-die-beste-lueftungsanlage-fuer-mein-haus\/#breadcrumb"},"inLanguage":"de","potentialAction":[{"@type":"ReadAction","target":["https:\/\/www.vaillant.de\/21-grad\/rat-und-tat\/richtig-lueften-was-ist-die-beste-lueftungsanlage-fuer-mein-haus\/"]}]},{"@type":"ImageObject","inLanguage":"de","@id":"https:\/\/www.vaillant.de\/21-grad\/rat-und-tat\/richtig-lueften-was-ist-die-beste-lueftungsanlage-fuer-mein-haus\/#primaryimage","url":"https:\/\/www.vaillant.de\/21-grad\/wp-content\/uploads\/2021\/11\/PEOPLE18_45553_01.jpg","contentUrl":"https:\/\/www.vaillant.de\/21-grad\/wp-content\/uploads\/2021\/11\/PEOPLE18_45553_01.jpg","width":1500,"height":996,"caption":"Drei bunte Kinderwindm\u00fchlen drehen sich im Wind. Dahinter ist ein Haus zu sehen."},{"@type":"BreadcrumbList","@id":"https:\/\/www.vaillant.de\/21-grad\/rat-und-tat\/richtig-lueften-was-ist-die-beste-lueftungsanlage-fuer-mein-haus\/#breadcrumb","itemListElement":[{"@type":"ListItem","position":1,"name":"Startseite","item":"https:\/\/www.vaillant.de\/21-grad\/"},{"@type":"ListItem","position":2,"name":"Richtig l\u00fcften! Was ist die beste L\u00fcftungsanlage f\u00fcr mein Haus?"}]},{"@type":"WebSite","@id":"https:\/\/www.vaillant.de\/21-grad\/#website","url":"https:\/\/www.vaillant.de\/21-grad\/","name":"21 grad","description":"Der Blog f\u00fcr Menschen, die weiterdenken","potentialAction":[{"@type":"SearchAction","target":{"@type":"EntryPoint","urlTemplate":"https:\/\/www.vaillant.de\/21-grad\/?s={search_term_string}"},"query-input":{"@type":"PropertyValueSpecification","valueRequired":true,"valueName":"search_term_string"}}],"inLanguage":"de"},{"@type":"Person","@id":"https:\/\/www.vaillant.de\/21-grad\/#\/schema\/person\/75a8b4aa6c2491a38cf9116850869d58","name":"Jacqueline","image":{"@type":"ImageObject","inLanguage":"de","@id":"https:\/\/www.vaillant.de\/21-grad\/wp-content\/uploads\/2018\/06\/Portrait-250-125x125.jpgfc8ce6b31ae0347d9e261097d2ccecbb","url":"https:\/\/www.vaillant.de\/21-grad\/wp-content\/uploads\/2018\/06\/Portrait-250-125x125.jpg","contentUrl":"https:\/\/www.vaillant.de\/21-grad\/wp-content\/uploads\/2018\/06\/Portrait-250-125x125.jpg","caption":"Jacqueline"},"description":"In meinem Arbeitsalltag dreht sich alles rund um digitale Themen. Ich sorge f\u00fcr die Auffindbarkeit des Unternehmens im Web, indem ich unsere Webseite immer wieder mit neuen und relevanten Inhalten best\u00fccke. Dabei ist mir besonders wichtig, dass Ihr schnell und einfach an gew\u00fcnschte Informationen gelangt. Nachhaltigkeit F\u00fcr mich bedeutet Nachhaltigkeit, auch im Alltag die Umwelt durch kleine Dinge zu entlasten. Ich fahre deswegen morgens mit dem Bus zur Arbeit, nehme zum Einkaufen meine Baumwollbeutel mit und kaufe bevorzugt Bioprodukte. Interessen In meiner Freizeit verbringe ich gerne viel Zeit mit Freuden, liebe meinen Tanzsport und spiele gerne Brettspiele. Zudem reise ich sehr gerne. Was w\u00fcrdest du tun, wenn du noch einen Tag zu leben h\u00e4ttest? Ich w\u00fcrde etwas Verr\u00fccktes wie einen Fallschirmsprung machen. Und anschlie\u00dfend eine gro\u00dfe Party mit Freunden. Wenn du eine Superkraft h\u00e4ttest, welche w\u00e4re das und warum? Ich w\u00fcrde gerne unter Wasser atmen k\u00f6nnen. Ich liebe die endlosen Weiten des Meeres und k\u00f6nnte den ganzen Tag im und unter Wasser verbringen. Was bringt dich zum l\u00e4cheln? Ein warmer Sommertag mit viel Sonne.","url":"https:\/\/www.vaillant.de\/21-grad\/autor\/jacqueline\/"}]}},"_links":{"self":[{"href":"https:\/\/www.vaillant.de\/21-grad\/wp-json\/wp\/v2\/posts\/6761","targetHints":{"allow":["GET"]}}],"collection":[{"href":"https:\/\/www.vaillant.de\/21-grad\/wp-json\/wp\/v2\/posts"}],"about":[{"href":"https:\/\/www.vaillant.de\/21-grad\/wp-json\/wp\/v2\/types\/post"}],"author":[{"embeddable":true,"href":"https:\/\/www.vaillant.de\/21-grad\/wp-json\/wp\/v2\/users\/14"}],"replies":[{"embeddable":true,"href":"https:\/\/www.vaillant.de\/21-grad\/wp-json\/wp\/v2\/comments?post=6761"}],"version-history":[{"count":4,"href":"https:\/\/www.vaillant.de\/21-grad\/wp-json\/wp\/v2\/posts\/6761\/revisions"}],"predecessor-version":[{"id":6771,"href":"https:\/\/www.vaillant.de\/21-grad\/wp-json\/wp\/v2\/posts\/6761\/revisions\/6771"}],"wp:featuredmedia":[{"embeddable":true,"href":"https:\/\/www.vaillant.de\/21-grad\/wp-json\/wp\/v2\/media\/6765"}],"wp:attachment":[{"href":"https:\/\/www.vaillant.de\/21-grad\/wp-json\/wp\/v2\/media?parent=6761"}],"wp:term":[{"taxonomy":"category","embeddable":true,"href":"https:\/\/www.vaillant.de\/21-grad\/wp-json\/wp\/v2\/categories?post=6761"},{"taxonomy":"post_tag","embeddable":true,"href":"https:\/\/www.vaillant.de\/21-grad\/wp-json\/wp\/v2\/tags?post=6761"},{"taxonomy":"author","embeddable":true,"href":"https:\/\/www.vaillant.de\/21-grad\/wp-json\/wp\/v2\/coauthors?post=6761"}],"curies":[{"name":"wp","href":"https:\/\/api.w.org\/{rel}","templated":true}]}}