{"id":6772,"date":"2021-11-24T10:16:37","date_gmt":"2021-11-24T09:16:37","guid":{"rendered":"https:\/\/www.vaillant.de\/21-grad\/?p=6772"},"modified":"2021-11-24T10:20:19","modified_gmt":"2021-11-24T09:20:19","slug":"purpose-unternehmen-wenn-die-firma-sich-selbst-gehoert","status":"publish","type":"post","link":"https:\/\/www.vaillant.de\/21-grad\/wissen-und-wert\/purpose-unternehmen-wenn-die-firma-sich-selbst-gehoert\/","title":{"rendered":"Purpose Unternehmen: Wenn die Firma sich selbst geh\u00f6rt"},"content":{"rendered":"<p>Traditionell wollen Firmen Geld verdienen. Die meisten davon streben sogar danach, ihre Gewinne jedes Jahr zu maximieren. Da erscheint es recht ungew\u00f6hnlich, wenn erfolgreiche Unternehmer sich selbst enteignen. Aber genau das haben in den letzten Jahren einige Menschen getan, Christian Kroll zum Beispiel. Er ist der Gr\u00fcnder der Suchmaschine Ecosia. Seine Suchmaschine arbeitet sehr \u00e4hnlich wie die von Google oder Bing. Der gro\u00dfe Unterschied: Ecosia nutzt alle Werbeeinnahmen, um damit B\u00e4ume zu pflanzen. \u00dcber 100 Millionen B\u00e4ume sind bereits zusammen gekommen.<\/p>\n<h2>Ecosia geh\u00f6rt sich selbst<\/h2>\n<p>Statt sein Unternehmen gewinnbringend zu verkaufen, hat Christian Kroll alle Anteile, die er selbst an Ecosia besa\u00df, einer sogenannten Purpose-Stiftung \u00fcbergeben. Damit geh\u00f6rt Ecosia nun sich selbst. Kroll ist zwar noch der Chef des Unternehmens, aber nicht mehr Eigent\u00fcmer des Unternehmensverm\u00f6gens. Die Firma kann nicht mehr verkauft oder vererbt werden. So konnte Kroll sicherstellen, dass sich Ecosia auch in Zukunft einzig und allein dem Zweck des B\u00e4umepflanzens widmet.<\/p>\n<p>Auch Michael Hetzer von Elobau entschloss sich zu diesem Schritt. Er hatte das Familienunternehmen, das auf Sensortechnik und Bedienelemente spezialisiert ist, vom Vater geerbt. Doch er war der Meinung, dass die mehr als tausend Besch\u00e4ftigten gemeinsam am Unternehmenserfolg beteiligt seien. Er sah keinen Sinn darin, das Unternehmen alleine zu besitzen. Es dauerte allerdings sechs Jahre und kostete dazu eine halbe Million Euro, Elobau in eine Stiftung zu \u00fcberf\u00fchren.<\/p>\n<h2>Es fehlt ein passendes Konstrukt<\/h2>\n<p><a href=\"https:\/\/www.vaillant.de\/21-grad\/wp-content\/uploads\/2021\/11\/Purpose_2.jpg\"><img loading=\"lazy\" decoding=\"async\" class=\"alignright size-medium wp-image-6777\" src=\"https:\/\/www.vaillant.de\/21-grad\/wp-content\/uploads\/2021\/11\/Purpose_2-348x232.jpg\" alt=\"Modernes Gro\u00dfraumb\u00fcro\" width=\"348\" height=\"232\" srcset=\"https:\/\/www.vaillant.de\/21-grad\/wp-content\/uploads\/2021\/11\/Purpose_2-348x232.jpg 348w, https:\/\/www.vaillant.de\/21-grad\/wp-content\/uploads\/2021\/11\/Purpose_2-720x480.jpg 720w, https:\/\/www.vaillant.de\/21-grad\/wp-content\/uploads\/2021\/11\/Purpose_2-768x512.jpg 768w, https:\/\/www.vaillant.de\/21-grad\/wp-content\/uploads\/2021\/11\/Purpose_2-1536x1025.jpg 1536w, https:\/\/www.vaillant.de\/21-grad\/wp-content\/uploads\/2021\/11\/Purpose_2.jpg 2000w\" sizes=\"auto, (max-width: 348px) 100vw, 348px\" \/><\/a>Das Problem: Momentan ist eine Gesellschaft, die zwar unternehmerisch handelt, aber nicht gewinnorientiert ist, in diesem Sinne im deutschen Recht nicht vorgesehen. Es gibt zwar mit dem Verein, der gemeinn\u00fctzigen GmbH und der Genossenschaft einige M\u00f6glichkeiten f\u00fcr Social Entrepreneurs, sie alle haben aber auch Nachteile. F\u00fcr ein echtes Purpose-Unternehmen eignen sie sich nicht.<\/p>\n<p>Die einzige L\u00f6sung ist momentan ein recht komplexes Konstrukt aus zwei Stiftungen, das sogenannte Doppelstiftungsmodell: W\u00e4hrend eine der beiden Stiftungen gemeinn\u00fctzige Zwecke verfolgt, dient die andere Stiftung der Versorgung einer bestimmten Familie. Aber dieses Modell rechnet sich nur f\u00fcr sehr gro\u00dfe Unternehmen. Beispielsweise sind Zeiss, Alnatura oder Globus so organisiert, ebenso wie einige junge Start-ups wie eben Ecosia, Einhorn oder Wildplastic. Insgesamt gibt es fast 200 Unternehmen in Deutschland, die zusammen 1,2 Millionen Menschen besch\u00e4ftigen.<\/p>\n<h2>Ein guter Zweck f\u00fcr die Ewigkeit<\/h2>\n<p>Genau an diesem Punkt setzt die Purpose Bewegung an: Sie setzt sich daf\u00fcr ein, dass in Deutschland eine neue Unternehmensform geschaffen wird, mit der auch kleine und mittelst\u00e4ndische Unternehmen ein Purpose-Unternehmen gr\u00fcnden k\u00f6nnen. Man nennt sie auch \u00bbUnternehmen in Verantwortungseigentum\u00ab. Sinn und Zweck solcher Unternehmen ist die unternehmerische Nachhaltigkeit, die auch f\u00fcr die Zukunft sichergestellt ist.<\/p>\n<h2>Daf\u00fcr sind zwei Kern-Prinzipien notwendig:<\/h2>\n<p><strong>1. Gewinne dienen dem Unternehmenszweck<\/strong><br \/>\nAnders als bei klassischen Unternehmen d\u00fcrfen die Gewinne nicht ausgesch\u00fcttet werden. Sie k\u00f6nnen lediglich ins Unternehmen reinvestiert werden. Auch der Aufbau von R\u00fccklagen und Lohnerh\u00f6hungen sind m\u00f6glich. Wichtig ist, dass die Gewinne im Unternehmen verbleiben, au\u00dfer sie werden gespendet. Das nennt man im Fachjargon auch \u00bbAsset-Lock\u00ab.<\/p>\n<p><strong>2. Das Unternehmen geh\u00f6rt sich selbst<\/strong><br \/>\nEin Unternehmen in Verantwortungseigentum kann nicht verkauft werden. Alle Entscheidungen treffen diejenigen, die mit dem Unternehmen direkt verbunden sind. So kann es nicht passieren, dass ein Unternehmen zum Spekulationsobjekt wird (Shareholder Lock).<\/p>\n<p>Da die Eigentu\u0308mer des Unternehmens also nicht das Vermo\u0308gen, sondern die Verantwortung fu\u0308r das Unternehmen halten, sind sie Verantwortungseigentu\u0308mer, auch Treuhandeigentu\u0308mer genannt. Die Kontrolle wird beizeiten an die n\u00e4chste Generation \u00fcbergeben, wobei das Verm\u00f6gen im Unternehmen bleibt. In diesem Punkt \u00e4hnelt das Modell dem traditionellen Familienunternehmen, wobei keine Verwandtschaft f\u00fcr den Generationenwechsel bestehen muss.<\/p>\n<h2>Kommt eine neue GmbH?<\/h2>\n<p>Die Unterst\u00fctzer der Purpose-Bewegung, allen voran die Stiftung Verantwortungseigentum, sehen in den beschriebenen Prinzipien eine moderne Form der sozialen Marktwirtschaft, in der Monopolisierung verhindert und Wettbewerb gef\u00f6rdert wird. Sie w\u00fcnschen sich eine neue Variante der GmbH, die Eigenst\u00e4ndigkeit und Werteorientierung in der Unternehmensverfassung verankert \u2013 und das unwiderruflich.<\/p>\n<p>Daf\u00fcr liegt bereits ein Gesetzesentwurf vor, der eine \u00bbGesellschaft mbH mit gebundenem Verm\u00f6gen\u00ab beschreibt. Entsprechend einer repr\u00e4sentativen Studie von Allensbacher, die 2021 im Auftrag der Stiftung Verantwortungseigentum durchgef\u00fchrt wurde, bef\u00fcrworten 72 Prozent der deutschen Familienunternehmen die Einf\u00fchrung einer neuen Rechtsform. 42 Prozent k\u00f6nnen sich sogar vorstellen, sie zu nutzen. Denn die neue GmbH k\u00f6nnte f\u00fcr viele Unternehmen auch die Nachfolgeproblematik l\u00f6sen. Was haltet ihr von Purpose-Unternehmen?<\/p>\n","protected":false},"excerpt":{"rendered":"<p>Purpose-Unternehmer denken Wirtschaft anders. Ihre Firmen sollen den Besch\u00e4ftigten und der Gesellschaft dienen, nicht dem Kapitalmarkt. Der Zweck des Unternehmens \u2013 englisch: purpose \u2013 steht im Zentrum, nicht der Profit. Doch so ein vision\u00e4res Unternehmen aufzubauen, ist in Deutschland \u00fcberraschend schwierig.<\/p>\n","protected":false},"author":23,"featured_media":6776,"comment_status":"open","ping_status":"open","sticky":false,"template":"","format":"standard","meta":{"footnotes":""},"categories":[3],"tags":[175,23],"coauthors":[247],"class_list":["post-6772","post","type-post","status-publish","format-standard","has-post-thumbnail","hentry","category-wissen-und-wert","tag-bildung-und-beruf","tag-nachhaltigkeit"],"yoast_head":"<!-- This site is optimized with the Yoast SEO plugin v27.4 - https:\/\/yoast.com\/product\/yoast-seo-wordpress\/ -->\n<title>Purpose Unternehmen - Verantwortungseigentum | 21 grad<\/title>\n<meta name=\"description\" content=\"Purpose-Unternehmen verfolgen nur ihren Unternehmenszweck und reinvestieren alle Gewinne. Erfahren Sie mehr zu den Vorteilen und Herausforderungen!\" \/>\n<meta name=\"robots\" content=\"index, follow, max-snippet:-1, max-image-preview:large, max-video-preview:-1\" \/>\n<link rel=\"canonical\" href=\"https:\/\/www.vaillant.de\/21-grad\/wissen-und-wert\/purpose-unternehmen-wenn-die-firma-sich-selbst-gehoert\/\" \/>\n<meta property=\"og:locale\" content=\"de_DE\" \/>\n<meta property=\"og:type\" content=\"article\" \/>\n<meta property=\"og:title\" content=\"Purpose Unternehmen - Verantwortungseigentum | 21 grad\" \/>\n<meta property=\"og:description\" content=\"Purpose-Unternehmen verfolgen nur ihren Unternehmenszweck und reinvestieren alle Gewinne. Erfahren Sie mehr zu den Vorteilen und Herausforderungen!\" \/>\n<meta property=\"og:url\" content=\"https:\/\/www.vaillant.de\/21-grad\/wissen-und-wert\/purpose-unternehmen-wenn-die-firma-sich-selbst-gehoert\/\" \/>\n<meta property=\"og:site_name\" content=\"21 grad\" \/>\n<meta property=\"article:publisher\" content=\"https:\/\/www.facebook.com\/21grad\/\" \/>\n<meta property=\"article:published_time\" content=\"2021-11-24T09:16:37+00:00\" \/>\n<meta property=\"article:modified_time\" content=\"2021-11-24T09:20:19+00:00\" \/>\n<meta property=\"og:image\" content=\"https:\/\/www.vaillant.de\/21-grad\/wp-content\/uploads\/2021\/11\/Purpose_1-scaled.jpg\" \/>\n\t<meta property=\"og:image:width\" content=\"2560\" \/>\n\t<meta property=\"og:image:height\" content=\"1707\" \/>\n\t<meta property=\"og:image:type\" content=\"image\/jpeg\" \/>\n<meta name=\"author\" content=\"Michelle\" \/>\n<meta name=\"twitter:card\" content=\"summary_large_image\" \/>\n<meta name=\"twitter:creator\" content=\"@vaillant_de\" \/>\n<meta name=\"twitter:site\" content=\"@vaillant_de\" \/>\n<meta name=\"twitter:label1\" content=\"Verfasst von\" \/>\n\t<meta name=\"twitter:data1\" content=\"Michelle\" \/>\n\t<meta name=\"twitter:label2\" content=\"Gesch\u00e4tzte Lesezeit\" \/>\n\t<meta name=\"twitter:data2\" content=\"4\u00a0Minuten\" \/>\n\t<meta name=\"twitter:label3\" content=\"Written by\" \/>\n\t<meta name=\"twitter:data3\" content=\"Michelle\" \/>\n<script type=\"application\/ld+json\" class=\"yoast-schema-graph\">{\"@context\":\"https:\\\/\\\/schema.org\",\"@graph\":[{\"@type\":\"Article\",\"@id\":\"https:\\\/\\\/www.vaillant.de\\\/21-grad\\\/wissen-und-wert\\\/purpose-unternehmen-wenn-die-firma-sich-selbst-gehoert\\\/#article\",\"isPartOf\":{\"@id\":\"https:\\\/\\\/www.vaillant.de\\\/21-grad\\\/wissen-und-wert\\\/purpose-unternehmen-wenn-die-firma-sich-selbst-gehoert\\\/\"},\"author\":{\"name\":\"Michelle\",\"@id\":\"https:\\\/\\\/www.vaillant.de\\\/21-grad\\\/#\\\/schema\\\/person\\\/59dade2831f8948753cd2b0f04ca4e24\"},\"headline\":\"Purpose Unternehmen: Wenn die Firma sich selbst geh\u00f6rt\",\"datePublished\":\"2021-11-24T09:16:37+00:00\",\"dateModified\":\"2021-11-24T09:20:19+00:00\",\"mainEntityOfPage\":{\"@id\":\"https:\\\/\\\/www.vaillant.de\\\/21-grad\\\/wissen-und-wert\\\/purpose-unternehmen-wenn-die-firma-sich-selbst-gehoert\\\/\"},\"wordCount\":741,\"commentCount\":1,\"image\":{\"@id\":\"https:\\\/\\\/www.vaillant.de\\\/21-grad\\\/wissen-und-wert\\\/purpose-unternehmen-wenn-die-firma-sich-selbst-gehoert\\\/#primaryimage\"},\"thumbnailUrl\":\"https:\\\/\\\/www.vaillant.de\\\/21-grad\\\/wp-content\\\/uploads\\\/2021\\\/11\\\/Purpose_1-scaled.jpg\",\"keywords\":[\"Bildung und Beruf\",\"Nachhaltigkeit\"],\"articleSection\":[\"Wissen &amp; Wert\"],\"inLanguage\":\"de\",\"potentialAction\":[{\"@type\":\"CommentAction\",\"name\":\"Comment\",\"target\":[\"https:\\\/\\\/www.vaillant.de\\\/21-grad\\\/wissen-und-wert\\\/purpose-unternehmen-wenn-die-firma-sich-selbst-gehoert\\\/#respond\"]}]},{\"@type\":\"WebPage\",\"@id\":\"https:\\\/\\\/www.vaillant.de\\\/21-grad\\\/wissen-und-wert\\\/purpose-unternehmen-wenn-die-firma-sich-selbst-gehoert\\\/\",\"url\":\"https:\\\/\\\/www.vaillant.de\\\/21-grad\\\/wissen-und-wert\\\/purpose-unternehmen-wenn-die-firma-sich-selbst-gehoert\\\/\",\"name\":\"Purpose Unternehmen - Verantwortungseigentum | 21 grad\",\"isPartOf\":{\"@id\":\"https:\\\/\\\/www.vaillant.de\\\/21-grad\\\/#website\"},\"primaryImageOfPage\":{\"@id\":\"https:\\\/\\\/www.vaillant.de\\\/21-grad\\\/wissen-und-wert\\\/purpose-unternehmen-wenn-die-firma-sich-selbst-gehoert\\\/#primaryimage\"},\"image\":{\"@id\":\"https:\\\/\\\/www.vaillant.de\\\/21-grad\\\/wissen-und-wert\\\/purpose-unternehmen-wenn-die-firma-sich-selbst-gehoert\\\/#primaryimage\"},\"thumbnailUrl\":\"https:\\\/\\\/www.vaillant.de\\\/21-grad\\\/wp-content\\\/uploads\\\/2021\\\/11\\\/Purpose_1-scaled.jpg\",\"datePublished\":\"2021-11-24T09:16:37+00:00\",\"dateModified\":\"2021-11-24T09:20:19+00:00\",\"author\":{\"@id\":\"https:\\\/\\\/www.vaillant.de\\\/21-grad\\\/#\\\/schema\\\/person\\\/59dade2831f8948753cd2b0f04ca4e24\"},\"description\":\"Purpose-Unternehmen verfolgen nur ihren Unternehmenszweck und reinvestieren alle Gewinne. Erfahren Sie mehr zu den Vorteilen und Herausforderungen!\",\"breadcrumb\":{\"@id\":\"https:\\\/\\\/www.vaillant.de\\\/21-grad\\\/wissen-und-wert\\\/purpose-unternehmen-wenn-die-firma-sich-selbst-gehoert\\\/#breadcrumb\"},\"inLanguage\":\"de\",\"potentialAction\":[{\"@type\":\"ReadAction\",\"target\":[\"https:\\\/\\\/www.vaillant.de\\\/21-grad\\\/wissen-und-wert\\\/purpose-unternehmen-wenn-die-firma-sich-selbst-gehoert\\\/\"]}]},{\"@type\":\"ImageObject\",\"inLanguage\":\"de\",\"@id\":\"https:\\\/\\\/www.vaillant.de\\\/21-grad\\\/wissen-und-wert\\\/purpose-unternehmen-wenn-die-firma-sich-selbst-gehoert\\\/#primaryimage\",\"url\":\"https:\\\/\\\/www.vaillant.de\\\/21-grad\\\/wp-content\\\/uploads\\\/2021\\\/11\\\/Purpose_1-scaled.jpg\",\"contentUrl\":\"https:\\\/\\\/www.vaillant.de\\\/21-grad\\\/wp-content\\\/uploads\\\/2021\\\/11\\\/Purpose_1-scaled.jpg\",\"width\":2560,\"height\":1707},{\"@type\":\"BreadcrumbList\",\"@id\":\"https:\\\/\\\/www.vaillant.de\\\/21-grad\\\/wissen-und-wert\\\/purpose-unternehmen-wenn-die-firma-sich-selbst-gehoert\\\/#breadcrumb\",\"itemListElement\":[{\"@type\":\"ListItem\",\"position\":1,\"name\":\"Startseite\",\"item\":\"https:\\\/\\\/www.vaillant.de\\\/21-grad\\\/\"},{\"@type\":\"ListItem\",\"position\":2,\"name\":\"Purpose Unternehmen: Wenn die Firma sich selbst geh\u00f6rt\"}]},{\"@type\":\"WebSite\",\"@id\":\"https:\\\/\\\/www.vaillant.de\\\/21-grad\\\/#website\",\"url\":\"https:\\\/\\\/www.vaillant.de\\\/21-grad\\\/\",\"name\":\"21 grad\",\"description\":\"Der Blog f\u00fcr Menschen, die weiterdenken\",\"potentialAction\":[{\"@type\":\"SearchAction\",\"target\":{\"@type\":\"EntryPoint\",\"urlTemplate\":\"https:\\\/\\\/www.vaillant.de\\\/21-grad\\\/?s={search_term_string}\"},\"query-input\":{\"@type\":\"PropertyValueSpecification\",\"valueRequired\":true,\"valueName\":\"search_term_string\"}}],\"inLanguage\":\"de\"},{\"@type\":\"Person\",\"@id\":\"https:\\\/\\\/www.vaillant.de\\\/21-grad\\\/#\\\/schema\\\/person\\\/59dade2831f8948753cd2b0f04ca4e24\",\"name\":\"Michelle\",\"image\":{\"@type\":\"ImageObject\",\"inLanguage\":\"de\",\"@id\":\"https:\\\/\\\/www.vaillant.de\\\/21-grad\\\/wp-content\\\/uploads\\\/2022\\\/09\\\/Michelle-125x125.jpg5cb77cea14f51d99624ecb272fba6bb0\",\"url\":\"https:\\\/\\\/www.vaillant.de\\\/21-grad\\\/wp-content\\\/uploads\\\/2022\\\/09\\\/Michelle-125x125.jpg\",\"contentUrl\":\"https:\\\/\\\/www.vaillant.de\\\/21-grad\\\/wp-content\\\/uploads\\\/2022\\\/09\\\/Michelle-125x125.jpg\",\"caption\":\"Michelle\"},\"description\":\"In meiner t\u00e4glichen Arbeit k\u00fcmmere ich mich haupts\u00e4chlich um Nutzeranfragen auf Social Media. Dabei sorge ich daf\u00fcr, dass diese Fragen und Anliegen bearbeitet werden. Nachhaltigkeit F\u00fcr mich bedeutet Nachhaltigkeit, m\u00f6glichst viele kurze Strecken zu Fu\u00df oder mit dem Fahrrad zur\u00fcckzulegen. Au\u00dferdem versuche ich durch kleine Dinge auf die Umwelt zu achten, indem ich z.B. meine eigenen Taschen zum Einkaufen mitnehme, statt bei jedem Einkauf neue T\u00fcten zu kaufen. Interessen In meiner Freizeit interessiert mich alles rund um Sport, ob selbst Handball spielen oder am Wochenende Fu\u00dfball schauen. Weiterhin reise ich sehr gerne und unternehme gerne viel mit meinen Freunden. Was wolltest du als Kind gerne werden? Als Kind wollte ich lange Zeit Tier\u00e4rztin werden. Was w\u00fcrdest du mit auf eine einsame Insel nehmen? Solange die richtigen Personen dabei sind, w\u00fcrde ich nichts mitnehmen, was \u00fcber die Standardversorgung hinaus geht. Was bringt dich zum L\u00e4cheln? Die gemeinsamen Momente mit meiner Familie und meinen Freunden bringen mich zum L\u00e4cheln. Ganz besonders die vielen flachen Witze, die von ihnen gemacht werden.\",\"url\":\"https:\\\/\\\/www.vaillant.de\\\/21-grad\\\/autor\\\/michelle\\\/\"}]}<\/script>\n<!-- \/ Yoast SEO plugin. -->","yoast_head_json":{"title":"Purpose Unternehmen - Verantwortungseigentum | 21 grad","description":"Purpose-Unternehmen verfolgen nur ihren Unternehmenszweck und reinvestieren alle Gewinne. Erfahren Sie mehr zu den Vorteilen und Herausforderungen!","robots":{"index":"index","follow":"follow","max-snippet":"max-snippet:-1","max-image-preview":"max-image-preview:large","max-video-preview":"max-video-preview:-1"},"canonical":"https:\/\/www.vaillant.de\/21-grad\/wissen-und-wert\/purpose-unternehmen-wenn-die-firma-sich-selbst-gehoert\/","og_locale":"de_DE","og_type":"article","og_title":"Purpose Unternehmen - Verantwortungseigentum | 21 grad","og_description":"Purpose-Unternehmen verfolgen nur ihren Unternehmenszweck und reinvestieren alle Gewinne. Erfahren Sie mehr zu den Vorteilen und Herausforderungen!","og_url":"https:\/\/www.vaillant.de\/21-grad\/wissen-und-wert\/purpose-unternehmen-wenn-die-firma-sich-selbst-gehoert\/","og_site_name":"21 grad","article_publisher":"https:\/\/www.facebook.com\/21grad\/","article_published_time":"2021-11-24T09:16:37+00:00","article_modified_time":"2021-11-24T09:20:19+00:00","og_image":[{"width":2560,"height":1707,"url":"https:\/\/www.vaillant.de\/21-grad\/wp-content\/uploads\/2021\/11\/Purpose_1-scaled.jpg","type":"image\/jpeg"}],"author":"Michelle","twitter_card":"summary_large_image","twitter_creator":"@vaillant_de","twitter_site":"@vaillant_de","twitter_misc":{"Verfasst von":"Michelle","Gesch\u00e4tzte Lesezeit":"4\u00a0Minuten","Written by":"Michelle"},"schema":{"@context":"https:\/\/schema.org","@graph":[{"@type":"Article","@id":"https:\/\/www.vaillant.de\/21-grad\/wissen-und-wert\/purpose-unternehmen-wenn-die-firma-sich-selbst-gehoert\/#article","isPartOf":{"@id":"https:\/\/www.vaillant.de\/21-grad\/wissen-und-wert\/purpose-unternehmen-wenn-die-firma-sich-selbst-gehoert\/"},"author":{"name":"Michelle","@id":"https:\/\/www.vaillant.de\/21-grad\/#\/schema\/person\/59dade2831f8948753cd2b0f04ca4e24"},"headline":"Purpose Unternehmen: Wenn die Firma sich selbst geh\u00f6rt","datePublished":"2021-11-24T09:16:37+00:00","dateModified":"2021-11-24T09:20:19+00:00","mainEntityOfPage":{"@id":"https:\/\/www.vaillant.de\/21-grad\/wissen-und-wert\/purpose-unternehmen-wenn-die-firma-sich-selbst-gehoert\/"},"wordCount":741,"commentCount":1,"image":{"@id":"https:\/\/www.vaillant.de\/21-grad\/wissen-und-wert\/purpose-unternehmen-wenn-die-firma-sich-selbst-gehoert\/#primaryimage"},"thumbnailUrl":"https:\/\/www.vaillant.de\/21-grad\/wp-content\/uploads\/2021\/11\/Purpose_1-scaled.jpg","keywords":["Bildung und Beruf","Nachhaltigkeit"],"articleSection":["Wissen &amp; Wert"],"inLanguage":"de","potentialAction":[{"@type":"CommentAction","name":"Comment","target":["https:\/\/www.vaillant.de\/21-grad\/wissen-und-wert\/purpose-unternehmen-wenn-die-firma-sich-selbst-gehoert\/#respond"]}]},{"@type":"WebPage","@id":"https:\/\/www.vaillant.de\/21-grad\/wissen-und-wert\/purpose-unternehmen-wenn-die-firma-sich-selbst-gehoert\/","url":"https:\/\/www.vaillant.de\/21-grad\/wissen-und-wert\/purpose-unternehmen-wenn-die-firma-sich-selbst-gehoert\/","name":"Purpose Unternehmen - Verantwortungseigentum | 21 grad","isPartOf":{"@id":"https:\/\/www.vaillant.de\/21-grad\/#website"},"primaryImageOfPage":{"@id":"https:\/\/www.vaillant.de\/21-grad\/wissen-und-wert\/purpose-unternehmen-wenn-die-firma-sich-selbst-gehoert\/#primaryimage"},"image":{"@id":"https:\/\/www.vaillant.de\/21-grad\/wissen-und-wert\/purpose-unternehmen-wenn-die-firma-sich-selbst-gehoert\/#primaryimage"},"thumbnailUrl":"https:\/\/www.vaillant.de\/21-grad\/wp-content\/uploads\/2021\/11\/Purpose_1-scaled.jpg","datePublished":"2021-11-24T09:16:37+00:00","dateModified":"2021-11-24T09:20:19+00:00","author":{"@id":"https:\/\/www.vaillant.de\/21-grad\/#\/schema\/person\/59dade2831f8948753cd2b0f04ca4e24"},"description":"Purpose-Unternehmen verfolgen nur ihren Unternehmenszweck und reinvestieren alle Gewinne. Erfahren Sie mehr zu den Vorteilen und Herausforderungen!","breadcrumb":{"@id":"https:\/\/www.vaillant.de\/21-grad\/wissen-und-wert\/purpose-unternehmen-wenn-die-firma-sich-selbst-gehoert\/#breadcrumb"},"inLanguage":"de","potentialAction":[{"@type":"ReadAction","target":["https:\/\/www.vaillant.de\/21-grad\/wissen-und-wert\/purpose-unternehmen-wenn-die-firma-sich-selbst-gehoert\/"]}]},{"@type":"ImageObject","inLanguage":"de","@id":"https:\/\/www.vaillant.de\/21-grad\/wissen-und-wert\/purpose-unternehmen-wenn-die-firma-sich-selbst-gehoert\/#primaryimage","url":"https:\/\/www.vaillant.de\/21-grad\/wp-content\/uploads\/2021\/11\/Purpose_1-scaled.jpg","contentUrl":"https:\/\/www.vaillant.de\/21-grad\/wp-content\/uploads\/2021\/11\/Purpose_1-scaled.jpg","width":2560,"height":1707},{"@type":"BreadcrumbList","@id":"https:\/\/www.vaillant.de\/21-grad\/wissen-und-wert\/purpose-unternehmen-wenn-die-firma-sich-selbst-gehoert\/#breadcrumb","itemListElement":[{"@type":"ListItem","position":1,"name":"Startseite","item":"https:\/\/www.vaillant.de\/21-grad\/"},{"@type":"ListItem","position":2,"name":"Purpose Unternehmen: Wenn die Firma sich selbst geh\u00f6rt"}]},{"@type":"WebSite","@id":"https:\/\/www.vaillant.de\/21-grad\/#website","url":"https:\/\/www.vaillant.de\/21-grad\/","name":"21 grad","description":"Der Blog f\u00fcr Menschen, die weiterdenken","potentialAction":[{"@type":"SearchAction","target":{"@type":"EntryPoint","urlTemplate":"https:\/\/www.vaillant.de\/21-grad\/?s={search_term_string}"},"query-input":{"@type":"PropertyValueSpecification","valueRequired":true,"valueName":"search_term_string"}}],"inLanguage":"de"},{"@type":"Person","@id":"https:\/\/www.vaillant.de\/21-grad\/#\/schema\/person\/59dade2831f8948753cd2b0f04ca4e24","name":"Michelle","image":{"@type":"ImageObject","inLanguage":"de","@id":"https:\/\/www.vaillant.de\/21-grad\/wp-content\/uploads\/2022\/09\/Michelle-125x125.jpg5cb77cea14f51d99624ecb272fba6bb0","url":"https:\/\/www.vaillant.de\/21-grad\/wp-content\/uploads\/2022\/09\/Michelle-125x125.jpg","contentUrl":"https:\/\/www.vaillant.de\/21-grad\/wp-content\/uploads\/2022\/09\/Michelle-125x125.jpg","caption":"Michelle"},"description":"In meiner t\u00e4glichen Arbeit k\u00fcmmere ich mich haupts\u00e4chlich um Nutzeranfragen auf Social Media. Dabei sorge ich daf\u00fcr, dass diese Fragen und Anliegen bearbeitet werden. Nachhaltigkeit F\u00fcr mich bedeutet Nachhaltigkeit, m\u00f6glichst viele kurze Strecken zu Fu\u00df oder mit dem Fahrrad zur\u00fcckzulegen. Au\u00dferdem versuche ich durch kleine Dinge auf die Umwelt zu achten, indem ich z.B. meine eigenen Taschen zum Einkaufen mitnehme, statt bei jedem Einkauf neue T\u00fcten zu kaufen. Interessen In meiner Freizeit interessiert mich alles rund um Sport, ob selbst Handball spielen oder am Wochenende Fu\u00dfball schauen. Weiterhin reise ich sehr gerne und unternehme gerne viel mit meinen Freunden. Was wolltest du als Kind gerne werden? Als Kind wollte ich lange Zeit Tier\u00e4rztin werden. Was w\u00fcrdest du mit auf eine einsame Insel nehmen? Solange die richtigen Personen dabei sind, w\u00fcrde ich nichts mitnehmen, was \u00fcber die Standardversorgung hinaus geht. Was bringt dich zum L\u00e4cheln? Die gemeinsamen Momente mit meiner Familie und meinen Freunden bringen mich zum L\u00e4cheln. Ganz besonders die vielen flachen Witze, die von ihnen gemacht werden.","url":"https:\/\/www.vaillant.de\/21-grad\/autor\/michelle\/"}]}},"_links":{"self":[{"href":"https:\/\/www.vaillant.de\/21-grad\/wp-json\/wp\/v2\/posts\/6772","targetHints":{"allow":["GET"]}}],"collection":[{"href":"https:\/\/www.vaillant.de\/21-grad\/wp-json\/wp\/v2\/posts"}],"about":[{"href":"https:\/\/www.vaillant.de\/21-grad\/wp-json\/wp\/v2\/types\/post"}],"author":[{"embeddable":true,"href":"https:\/\/www.vaillant.de\/21-grad\/wp-json\/wp\/v2\/users\/23"}],"replies":[{"embeddable":true,"href":"https:\/\/www.vaillant.de\/21-grad\/wp-json\/wp\/v2\/comments?post=6772"}],"version-history":[{"count":3,"href":"https:\/\/www.vaillant.de\/21-grad\/wp-json\/wp\/v2\/posts\/6772\/revisions"}],"predecessor-version":[{"id":6779,"href":"https:\/\/www.vaillant.de\/21-grad\/wp-json\/wp\/v2\/posts\/6772\/revisions\/6779"}],"wp:featuredmedia":[{"embeddable":true,"href":"https:\/\/www.vaillant.de\/21-grad\/wp-json\/wp\/v2\/media\/6776"}],"wp:attachment":[{"href":"https:\/\/www.vaillant.de\/21-grad\/wp-json\/wp\/v2\/media?parent=6772"}],"wp:term":[{"taxonomy":"category","embeddable":true,"href":"https:\/\/www.vaillant.de\/21-grad\/wp-json\/wp\/v2\/categories?post=6772"},{"taxonomy":"post_tag","embeddable":true,"href":"https:\/\/www.vaillant.de\/21-grad\/wp-json\/wp\/v2\/tags?post=6772"},{"taxonomy":"author","embeddable":true,"href":"https:\/\/www.vaillant.de\/21-grad\/wp-json\/wp\/v2\/coauthors?post=6772"}],"curies":[{"name":"wp","href":"https:\/\/api.w.org\/{rel}","templated":true}]}}