{"id":6800,"date":"2021-12-09T13:14:30","date_gmt":"2021-12-09T12:14:30","guid":{"rendered":"https:\/\/www.vaillant.de\/21-grad\/?p=6800"},"modified":"2022-04-22T13:18:35","modified_gmt":"2022-04-22T11:18:35","slug":"ampelkoalition-stellt-weichen-fuer-aufbruch-in-gruene-zukunft-was-kommt-bei-heizungen","status":"publish","type":"post","link":"https:\/\/www.vaillant.de\/21-grad\/wissen-und-wert\/ampelkoalition-stellt-weichen-fuer-aufbruch-in-gruene-zukunft-was-kommt-bei-heizungen\/","title":{"rendered":"Ampelkoalition stellt Weichen f\u00fcr Aufbruch in \u201egr\u00fcne Zukunft\u201c. Was kommt bei Heizungen?"},"content":{"rendered":"<h2>Was ver\u00e4ndert sich bei der Neubauf\u00f6rderung?<\/h2>\n<p>Eines der wichtigsten Signale ist zweifellos der Wegfall der KfW-F\u00f6rderung f\u00fcr die \u201eEffizienzh\u00e4user 55\u201c, denn das steht exemplarisch f\u00fcr die generell h\u00f6heren Erwartungen an Ma\u00dfnahmen zum Klimaschutz: Das Energieniveau EH 55 soll k\u00fcnftig der (ungef\u00f6rderte) Neubaustandard sein, wie er es technisch heute ja schon meistens ist. Ab 2025 wird dann EH 40 zum energetischen Leistungsma\u00dfstab. Entsprechende Anpassungen der Bundesf\u00f6rderung f\u00fcr effiziente Geb\u00e4ude (BEG) werden im Januar 2022 erfolgen.<\/p>\n<p>Die fr\u00fchzeitige und verl\u00e4ssliche Festlegung auf eine solche F\u00f6rderpolitik ist besonders wichtig, um Investoren und Betreibern Planungssicherheit zu geben. Was f\u00fcr positive Effekte das dann ausl\u00f6st, l\u00e4sst sich n\u00e4mlich sehr gut an der BEG mit ihrer Bezuschussung von Einzelma\u00dfnahmen ablesen: Dieses Programm ist nicht nur generell gut aufgestellt, sondern wird auf hohem Niveau sogar bis mindestens 2030 weiter entwickelt. Energieberater und Handwerker k\u00f6nnen also Endkunden belastbare Komplettpakete zur energetischen Sanierung schn\u00fcren, die finanziell auch dann kalkulierbar bleiben, falls sich die Umsetzung verz\u00f6gern sollte.<\/p>\n<h2>Wie geht\u00b4s mit der Hausmodernisierung weiter?<\/h2>\n<div id=\"attachment_6811\" style=\"width: 358px\" class=\"wp-caption alignright\"><a href=\"https:\/\/www.vaillant.de\/21-grad\/wp-content\/uploads\/2021\/12\/210527_0434.jpg\"><img loading=\"lazy\" decoding=\"async\" aria-describedby=\"caption-attachment-6811\" class=\"size-medium wp-image-6811\" src=\"https:\/\/www.vaillant.de\/21-grad\/wp-content\/uploads\/2021\/12\/210527_0434-348x232.jpg\" alt=\"Das Bild zeigt einen Fachhandwerker und ein Endkundenpaar, die sich im Heizungskeller unterhalten.\" width=\"348\" height=\"232\" srcset=\"https:\/\/www.vaillant.de\/21-grad\/wp-content\/uploads\/2021\/12\/210527_0434-348x232.jpg 348w, https:\/\/www.vaillant.de\/21-grad\/wp-content\/uploads\/2021\/12\/210527_0434-720x480.jpg 720w, https:\/\/www.vaillant.de\/21-grad\/wp-content\/uploads\/2021\/12\/210527_0434-768x512.jpg 768w, https:\/\/www.vaillant.de\/21-grad\/wp-content\/uploads\/2021\/12\/210527_0434-1536x1024.jpg 1536w, https:\/\/www.vaillant.de\/21-grad\/wp-content\/uploads\/2021\/12\/210527_0434.jpg 1800w\" sizes=\"auto, (max-width: 348px) 100vw, 348px\" \/><\/a><p id=\"caption-attachment-6811\" class=\"wp-caption-text\">Die neue Regierungskoalition wird zur Erreichung der Klimaschutzziele deutlich st\u00e4rker auf Sanierungsma\u00dfnahmen im Bestand dr\u00e4ngen. Hier wird die Expertise der Fachhandwerker mehr denn je gefragt sein, um Endkunden zu wirtschaftlichen und praxisnahen Heizsystemen zu beraten.<\/p><\/div>\n<p>Das zweite entscheidende Signal der Ampel-Koalition: Um den CO2-Aussto\u00df zu verringern, muss (und wird) der Geb\u00e4udebestand deutlich st\u00e4rker angefasst als bisher. Daf\u00fcr soll beispielsweise das F\u00f6rderprogramm f\u00fcr Serielles Sanieren im BEG noch ausgebaut werden.<\/p>\n<p>Mit diesen F\u00f6rderma\u00dfnahmen verbunden sind aber auch ganz klar Forderungen, um zu mehr Effizienz und Nachhaltigkeit zu kommen. Ab Januar 2024 gilt f\u00fcr die Hausmodernisierung: Alle ausgetauschten Bauteile, wie zum Beispiel Fenster, m\u00fcssen dem energetischen Niveau eines EH 70 entsprechen. Bei wesentlichen \u00c4nderungen am Bestand muss sogar das gesamte Geb\u00e4ude den Effizienzhaus-Standard 70 erreichen. Und ab Januar 2025 sollen neue Heizungen zu mindestens 65 Prozent regenerativ betrieben werden, so der Plan. Dieses Ziel ist ambitioniert, \u00fcber die technische Umsetzung wird sicherlich noch diskutiert werden. Insbesondere mit Blick auf &#8230;<\/p>\n<p>&#8230; Sanierungsma\u00dfnahmen im Bestand. Die sind bekanntlich nicht nur technisch besonders herausfordernd, sondern sie sollen \u2013 so der Wunsch der neuen Regierung \u2013 auf jeden Fall auch wirtschaftlich und sozialvertr\u00e4glich zugleich erreicht werden. Positiv sind hier zweifellos die Signale, fossilen Brennstoffen (und damit den entsprechenden W\u00e4rmeerzeugern) eine \u00dcbergangszeit zu er\u00f6ffnen und innovativen Brennstoffen wie \u201egr\u00fcnem\u201c Gas oder Wasserstoff (auch in anteiliger Beimischung) eine Chance im Energiemix zu geben, sogar inklusive F\u00f6rderung.<\/p>\n<h2>Wie sieht die Heiztechnik der Zukunft aus?<\/h2>\n<p>Die Zukunft der Heiztechnik wird, das zeichnet sich bereits jetzt ab, nachhaltiger und bunter: Mit dem Auslaufen der EEG-Umlage d\u00fcrfte zum Beispiel Strom preiswerter und dadurch indirekt der Trend zur elektrisch betriebenen W\u00e4rmepumpe weiter forciert werden. Unterst\u00fctzt wird dies durch die Absicht der neuen Regierung, f\u00fcr den CO2-Preis auf fossile Brennstoffe eine Untergrenze von mindestens 60 Euro pro Tonne einzuf\u00fchren. Denn ab 2027, so der aktuelle Stand, wird die CO2-Bepreisung durch den Markt geregelt. Bis dahin steigt er in festen Stufen \u2013 2022 auf 30 Euro pro Tonne CO2-Aussto\u00df.<\/p>\n<p>Individuell auf das jeweilige Sanierungsobjekt zugeschnittene W\u00e4rme- und Energiel\u00f6sungen setzen zum einen eine umfassende Systemtechnik voraus, die sich durch ein hohes Ma\u00df an Kompatibilit\u00e4t auszeichnet. Zum anderen werden die Anforderungen an das Fachhandwerk steigen, solche Anlagen \u2013 gegebenenfalls im engen Schulterschluss mit Vaillant als Hersteller \u2013 auszulegen und zu installieren. Grund genug f\u00fcr die neue Regierungskoalition, auch diesen Themenkomplex im Blick zu halten und durch eine gezielte F\u00f6rderung der handwerklichen Ausbildung f\u00fcr die notwendige \u201eManpower\u201c zu sorgen, um das Erreichen der Klimaziele auch praktisch realisierbar zu machen. Und das geht nur mit einem drastischen Ausbau der Kapazit\u00e4ten im Handwerk!<\/p>\n","protected":false},"excerpt":{"rendered":"<p>Auch, wenn die Regierungsbildung gerade erst abgeschlossen ist, steht fest: Die \u201eAmpel\u201c aus SPD, Gr\u00fcnen und FDP hat mit dem Koalitionsvertrag ganz klare Zeichen f\u00fcr mehr Klimaschutz und Nachhaltigkeit im Bauwesen gesetzt. Einer der wichtigsten Punkte d\u00fcrfte \u00fcber das Geb\u00e4udeenergiegesetzt (GEG) die generelle Versch\u00e4rfung der Energieanforderungen an Neubauten sein, ein anderer die st\u00e4rkere Fokussierung auf CO2-Einsparung im Geb\u00e4udebestand.<\/p>\n","protected":false},"author":6,"featured_media":6810,"comment_status":"open","ping_status":"open","sticky":false,"template":"","format":"standard","meta":{"footnotes":""},"categories":[3,183],"tags":[17,174],"coauthors":[70],"class_list":["post-6800","post","type-post","status-publish","format-standard","has-post-thumbnail","hentry","category-wissen-und-wert","category-partner-beitraege","tag-foerderung","tag-marktinfos"],"yoast_head":"<!-- This site is optimized with the Yoast SEO plugin v27.4 - https:\/\/yoast.com\/product\/yoast-seo-wordpress\/ -->\n<title>Ampelkoalition: Klimaschutz im Koalitionsvertrag | 21grad<\/title>\n<meta name=\"description\" content=\"Welche Energiepl\u00e4ne hat die Bundesregierung? Was \u00e4ndert sich bei F\u00f6rderungen? \u25ba Die wichtigsten Ans\u00e4tze zum Erreichen der Klimaziele zusammengefasst\" \/>\n<meta name=\"robots\" content=\"index, follow, max-snippet:-1, max-image-preview:large, max-video-preview:-1\" \/>\n<link rel=\"canonical\" href=\"https:\/\/www.vaillant.de\/21-grad\/wissen-und-wert\/ampelkoalition-stellt-weichen-fuer-aufbruch-in-gruene-zukunft-was-kommt-bei-heizungen\/\" \/>\n<meta property=\"og:locale\" content=\"de_DE\" \/>\n<meta property=\"og:type\" content=\"article\" \/>\n<meta property=\"og:title\" content=\"Ampelkoalition: Klimaschutz im Koalitionsvertrag | 21grad\" \/>\n<meta property=\"og:description\" content=\"Welche Energiepl\u00e4ne hat die Bundesregierung? Was \u00e4ndert sich bei F\u00f6rderungen? \u25ba Die wichtigsten Ans\u00e4tze zum Erreichen der Klimaziele zusammengefasst\" \/>\n<meta property=\"og:url\" content=\"https:\/\/www.vaillant.de\/21-grad\/wissen-und-wert\/ampelkoalition-stellt-weichen-fuer-aufbruch-in-gruene-zukunft-was-kommt-bei-heizungen\/\" \/>\n<meta property=\"og:site_name\" content=\"21 grad\" \/>\n<meta property=\"article:publisher\" content=\"https:\/\/www.facebook.com\/21grad\/\" \/>\n<meta property=\"article:published_time\" content=\"2021-12-09T12:14:30+00:00\" \/>\n<meta property=\"article:modified_time\" content=\"2022-04-22T11:18:35+00:00\" \/>\n<meta property=\"og:image\" content=\"https:\/\/www.vaillant.de\/21-grad\/wp-content\/uploads\/2021\/12\/210721_01_0211.jpg\" \/>\n\t<meta property=\"og:image:width\" content=\"1800\" \/>\n\t<meta property=\"og:image:height\" content=\"1200\" \/>\n\t<meta property=\"og:image:type\" content=\"image\/jpeg\" \/>\n<meta name=\"author\" content=\"Marcus\" \/>\n<meta name=\"twitter:card\" content=\"summary_large_image\" \/>\n<meta name=\"twitter:creator\" content=\"@vaillant_de\" \/>\n<meta name=\"twitter:site\" content=\"@vaillant_de\" \/>\n<meta name=\"twitter:label1\" content=\"Verfasst von\" \/>\n\t<meta name=\"twitter:data1\" content=\"Marcus\" \/>\n\t<meta name=\"twitter:label2\" content=\"Gesch\u00e4tzte Lesezeit\" \/>\n\t<meta name=\"twitter:data2\" content=\"3\u00a0Minuten\" \/>\n\t<meta name=\"twitter:label3\" content=\"Written by\" \/>\n\t<meta name=\"twitter:data3\" content=\"Marcus\" \/>\n<script type=\"application\/ld+json\" class=\"yoast-schema-graph\">{\"@context\":\"https:\\\/\\\/schema.org\",\"@graph\":[{\"@type\":\"Article\",\"@id\":\"https:\\\/\\\/www.vaillant.de\\\/21-grad\\\/wissen-und-wert\\\/ampelkoalition-stellt-weichen-fuer-aufbruch-in-gruene-zukunft-was-kommt-bei-heizungen\\\/#article\",\"isPartOf\":{\"@id\":\"https:\\\/\\\/www.vaillant.de\\\/21-grad\\\/wissen-und-wert\\\/ampelkoalition-stellt-weichen-fuer-aufbruch-in-gruene-zukunft-was-kommt-bei-heizungen\\\/\"},\"author\":{\"name\":\"Marcus\",\"@id\":\"https:\\\/\\\/www.vaillant.de\\\/21-grad\\\/#\\\/schema\\\/person\\\/d79d2ba98cd3da7ae5877706050352da\"},\"headline\":\"Ampelkoalition stellt Weichen f\u00fcr Aufbruch in \u201egr\u00fcne Zukunft\u201c. Was kommt bei Heizungen?\",\"datePublished\":\"2021-12-09T12:14:30+00:00\",\"dateModified\":\"2022-04-22T11:18:35+00:00\",\"mainEntityOfPage\":{\"@id\":\"https:\\\/\\\/www.vaillant.de\\\/21-grad\\\/wissen-und-wert\\\/ampelkoalition-stellt-weichen-fuer-aufbruch-in-gruene-zukunft-was-kommt-bei-heizungen\\\/\"},\"wordCount\":647,\"commentCount\":1,\"image\":{\"@id\":\"https:\\\/\\\/www.vaillant.de\\\/21-grad\\\/wissen-und-wert\\\/ampelkoalition-stellt-weichen-fuer-aufbruch-in-gruene-zukunft-was-kommt-bei-heizungen\\\/#primaryimage\"},\"thumbnailUrl\":\"https:\\\/\\\/www.vaillant.de\\\/21-grad\\\/wp-content\\\/uploads\\\/2021\\\/12\\\/210721_01_0211.jpg\",\"keywords\":[\"F\u00f6rderung\",\"Marktinfos\"],\"articleSection\":[\"Wissen &amp; Wert\",\"X-Partner-Beitr\u00e4ge\"],\"inLanguage\":\"de\",\"potentialAction\":[{\"@type\":\"CommentAction\",\"name\":\"Comment\",\"target\":[\"https:\\\/\\\/www.vaillant.de\\\/21-grad\\\/wissen-und-wert\\\/ampelkoalition-stellt-weichen-fuer-aufbruch-in-gruene-zukunft-was-kommt-bei-heizungen\\\/#respond\"]}]},{\"@type\":\"WebPage\",\"@id\":\"https:\\\/\\\/www.vaillant.de\\\/21-grad\\\/wissen-und-wert\\\/ampelkoalition-stellt-weichen-fuer-aufbruch-in-gruene-zukunft-was-kommt-bei-heizungen\\\/\",\"url\":\"https:\\\/\\\/www.vaillant.de\\\/21-grad\\\/wissen-und-wert\\\/ampelkoalition-stellt-weichen-fuer-aufbruch-in-gruene-zukunft-was-kommt-bei-heizungen\\\/\",\"name\":\"Ampelkoalition: Klimaschutz im Koalitionsvertrag | 21grad\",\"isPartOf\":{\"@id\":\"https:\\\/\\\/www.vaillant.de\\\/21-grad\\\/#website\"},\"primaryImageOfPage\":{\"@id\":\"https:\\\/\\\/www.vaillant.de\\\/21-grad\\\/wissen-und-wert\\\/ampelkoalition-stellt-weichen-fuer-aufbruch-in-gruene-zukunft-was-kommt-bei-heizungen\\\/#primaryimage\"},\"image\":{\"@id\":\"https:\\\/\\\/www.vaillant.de\\\/21-grad\\\/wissen-und-wert\\\/ampelkoalition-stellt-weichen-fuer-aufbruch-in-gruene-zukunft-was-kommt-bei-heizungen\\\/#primaryimage\"},\"thumbnailUrl\":\"https:\\\/\\\/www.vaillant.de\\\/21-grad\\\/wp-content\\\/uploads\\\/2021\\\/12\\\/210721_01_0211.jpg\",\"datePublished\":\"2021-12-09T12:14:30+00:00\",\"dateModified\":\"2022-04-22T11:18:35+00:00\",\"author\":{\"@id\":\"https:\\\/\\\/www.vaillant.de\\\/21-grad\\\/#\\\/schema\\\/person\\\/d79d2ba98cd3da7ae5877706050352da\"},\"description\":\"Welche Energiepl\u00e4ne hat die Bundesregierung? Was \u00e4ndert sich bei F\u00f6rderungen? \u25ba Die wichtigsten Ans\u00e4tze zum Erreichen der Klimaziele zusammengefasst\",\"breadcrumb\":{\"@id\":\"https:\\\/\\\/www.vaillant.de\\\/21-grad\\\/wissen-und-wert\\\/ampelkoalition-stellt-weichen-fuer-aufbruch-in-gruene-zukunft-was-kommt-bei-heizungen\\\/#breadcrumb\"},\"inLanguage\":\"de\",\"potentialAction\":[{\"@type\":\"ReadAction\",\"target\":[\"https:\\\/\\\/www.vaillant.de\\\/21-grad\\\/wissen-und-wert\\\/ampelkoalition-stellt-weichen-fuer-aufbruch-in-gruene-zukunft-was-kommt-bei-heizungen\\\/\"]}]},{\"@type\":\"ImageObject\",\"inLanguage\":\"de\",\"@id\":\"https:\\\/\\\/www.vaillant.de\\\/21-grad\\\/wissen-und-wert\\\/ampelkoalition-stellt-weichen-fuer-aufbruch-in-gruene-zukunft-was-kommt-bei-heizungen\\\/#primaryimage\",\"url\":\"https:\\\/\\\/www.vaillant.de\\\/21-grad\\\/wp-content\\\/uploads\\\/2021\\\/12\\\/210721_01_0211.jpg\",\"contentUrl\":\"https:\\\/\\\/www.vaillant.de\\\/21-grad\\\/wp-content\\\/uploads\\\/2021\\\/12\\\/210721_01_0211.jpg\",\"width\":1800,\"height\":1200,\"caption\":\"In einer gr\u00fcnen, sonnigen Landschaft steht ein kleines Einfamilienhaus am Hang, das mit einer W\u00e4rmepumpe beheizt wird.\"},{\"@type\":\"BreadcrumbList\",\"@id\":\"https:\\\/\\\/www.vaillant.de\\\/21-grad\\\/wissen-und-wert\\\/ampelkoalition-stellt-weichen-fuer-aufbruch-in-gruene-zukunft-was-kommt-bei-heizungen\\\/#breadcrumb\",\"itemListElement\":[{\"@type\":\"ListItem\",\"position\":1,\"name\":\"Startseite\",\"item\":\"https:\\\/\\\/www.vaillant.de\\\/21-grad\\\/\"},{\"@type\":\"ListItem\",\"position\":2,\"name\":\"Ampelkoalition stellt Weichen f\u00fcr Aufbruch in \u201egr\u00fcne Zukunft\u201c. Was kommt bei Heizungen?\"}]},{\"@type\":\"WebSite\",\"@id\":\"https:\\\/\\\/www.vaillant.de\\\/21-grad\\\/#website\",\"url\":\"https:\\\/\\\/www.vaillant.de\\\/21-grad\\\/\",\"name\":\"21 grad\",\"description\":\"Der Blog f\u00fcr Menschen, die weiterdenken\",\"potentialAction\":[{\"@type\":\"SearchAction\",\"target\":{\"@type\":\"EntryPoint\",\"urlTemplate\":\"https:\\\/\\\/www.vaillant.de\\\/21-grad\\\/?s={search_term_string}\"},\"query-input\":{\"@type\":\"PropertyValueSpecification\",\"valueRequired\":true,\"valueName\":\"search_term_string\"}}],\"inLanguage\":\"de\"},{\"@type\":\"Person\",\"@id\":\"https:\\\/\\\/www.vaillant.de\\\/21-grad\\\/#\\\/schema\\\/person\\\/d79d2ba98cd3da7ae5877706050352da\",\"name\":\"Marcus\",\"image\":{\"@type\":\"ImageObject\",\"inLanguage\":\"de\",\"@id\":\"https:\\\/\\\/www.vaillant.de\\\/21-grad\\\/wp-content\\\/uploads\\\/2026\\\/01\\\/Marcus-125x125.jpg9d3430f1bc55d5a5d47a1162a14ae1af\",\"url\":\"https:\\\/\\\/www.vaillant.de\\\/21-grad\\\/wp-content\\\/uploads\\\/2026\\\/01\\\/Marcus-125x125.jpg\",\"contentUrl\":\"https:\\\/\\\/www.vaillant.de\\\/21-grad\\\/wp-content\\\/uploads\\\/2026\\\/01\\\/Marcus-125x125.jpg\",\"caption\":\"Marcus\"},\"description\":\"Willkommen in der wunderbaren Welt des 21grad Blogs. Als Medien- und Kooperationsmanager bin ich bei Vaillant Deutschland u.a. f\u00fcr unsere Fach- und Branchenkommunikation zust\u00e4ndig. Ich freue mich auf den Dialog mit Euch. :-) Nachhaltigkeit Bewusster Konsum und soziales Engagement liegen mir sehr am Herzen. Zuhause nutze ich \u00d6kostrom und Biogas, bei Lebensmitteln sind mir Labels wie Fair-Trade oder Bio sehr wichtig. Ich bin Sportwart beim Tennisclub Gr\u00fcn-Wei\u00df Lennep und engagiere mich auch f\u00fcr Aktion Mensch oder SOS-Kinderdorf. Interessen Unternehmungen mit Familie und Freunden, Tennis, Rock-Konzerte, Kino, B\u00fccher (z.B. Hornby, Eschbach, Uschmann) Was wolltest du als Kind gerne werden? Um es mit den \u00c4rzten zu sagen: Popstar, Bademeister oder Astronaut Was bringt dich auf die Palme? Menschen, die Schuld immer bei anderen suchen oder auch nat\u00fcrlich eine leckere Kokosnuss Was war der beste Rat, den du jemals erhalten hast? \u201eDenke in L\u00f6sungen, nicht in Problemen.\u201c\",\"url\":\"https:\\\/\\\/www.vaillant.de\\\/21-grad\\\/autor\\\/marcus\\\/\"}]}<\/script>\n<!-- \/ Yoast SEO plugin. -->","yoast_head_json":{"title":"Ampelkoalition: Klimaschutz im Koalitionsvertrag | 21grad","description":"Welche Energiepl\u00e4ne hat die Bundesregierung? Was \u00e4ndert sich bei F\u00f6rderungen? \u25ba Die wichtigsten Ans\u00e4tze zum Erreichen der Klimaziele zusammengefasst","robots":{"index":"index","follow":"follow","max-snippet":"max-snippet:-1","max-image-preview":"max-image-preview:large","max-video-preview":"max-video-preview:-1"},"canonical":"https:\/\/www.vaillant.de\/21-grad\/wissen-und-wert\/ampelkoalition-stellt-weichen-fuer-aufbruch-in-gruene-zukunft-was-kommt-bei-heizungen\/","og_locale":"de_DE","og_type":"article","og_title":"Ampelkoalition: Klimaschutz im Koalitionsvertrag | 21grad","og_description":"Welche Energiepl\u00e4ne hat die Bundesregierung? Was \u00e4ndert sich bei F\u00f6rderungen? \u25ba Die wichtigsten Ans\u00e4tze zum Erreichen der Klimaziele zusammengefasst","og_url":"https:\/\/www.vaillant.de\/21-grad\/wissen-und-wert\/ampelkoalition-stellt-weichen-fuer-aufbruch-in-gruene-zukunft-was-kommt-bei-heizungen\/","og_site_name":"21 grad","article_publisher":"https:\/\/www.facebook.com\/21grad\/","article_published_time":"2021-12-09T12:14:30+00:00","article_modified_time":"2022-04-22T11:18:35+00:00","og_image":[{"width":1800,"height":1200,"url":"https:\/\/www.vaillant.de\/21-grad\/wp-content\/uploads\/2021\/12\/210721_01_0211.jpg","type":"image\/jpeg"}],"author":"Marcus","twitter_card":"summary_large_image","twitter_creator":"@vaillant_de","twitter_site":"@vaillant_de","twitter_misc":{"Verfasst von":"Marcus","Gesch\u00e4tzte Lesezeit":"3\u00a0Minuten","Written by":"Marcus"},"schema":{"@context":"https:\/\/schema.org","@graph":[{"@type":"Article","@id":"https:\/\/www.vaillant.de\/21-grad\/wissen-und-wert\/ampelkoalition-stellt-weichen-fuer-aufbruch-in-gruene-zukunft-was-kommt-bei-heizungen\/#article","isPartOf":{"@id":"https:\/\/www.vaillant.de\/21-grad\/wissen-und-wert\/ampelkoalition-stellt-weichen-fuer-aufbruch-in-gruene-zukunft-was-kommt-bei-heizungen\/"},"author":{"name":"Marcus","@id":"https:\/\/www.vaillant.de\/21-grad\/#\/schema\/person\/d79d2ba98cd3da7ae5877706050352da"},"headline":"Ampelkoalition stellt Weichen f\u00fcr Aufbruch in \u201egr\u00fcne Zukunft\u201c. Was kommt bei Heizungen?","datePublished":"2021-12-09T12:14:30+00:00","dateModified":"2022-04-22T11:18:35+00:00","mainEntityOfPage":{"@id":"https:\/\/www.vaillant.de\/21-grad\/wissen-und-wert\/ampelkoalition-stellt-weichen-fuer-aufbruch-in-gruene-zukunft-was-kommt-bei-heizungen\/"},"wordCount":647,"commentCount":1,"image":{"@id":"https:\/\/www.vaillant.de\/21-grad\/wissen-und-wert\/ampelkoalition-stellt-weichen-fuer-aufbruch-in-gruene-zukunft-was-kommt-bei-heizungen\/#primaryimage"},"thumbnailUrl":"https:\/\/www.vaillant.de\/21-grad\/wp-content\/uploads\/2021\/12\/210721_01_0211.jpg","keywords":["F\u00f6rderung","Marktinfos"],"articleSection":["Wissen &amp; Wert","X-Partner-Beitr\u00e4ge"],"inLanguage":"de","potentialAction":[{"@type":"CommentAction","name":"Comment","target":["https:\/\/www.vaillant.de\/21-grad\/wissen-und-wert\/ampelkoalition-stellt-weichen-fuer-aufbruch-in-gruene-zukunft-was-kommt-bei-heizungen\/#respond"]}]},{"@type":"WebPage","@id":"https:\/\/www.vaillant.de\/21-grad\/wissen-und-wert\/ampelkoalition-stellt-weichen-fuer-aufbruch-in-gruene-zukunft-was-kommt-bei-heizungen\/","url":"https:\/\/www.vaillant.de\/21-grad\/wissen-und-wert\/ampelkoalition-stellt-weichen-fuer-aufbruch-in-gruene-zukunft-was-kommt-bei-heizungen\/","name":"Ampelkoalition: Klimaschutz im Koalitionsvertrag | 21grad","isPartOf":{"@id":"https:\/\/www.vaillant.de\/21-grad\/#website"},"primaryImageOfPage":{"@id":"https:\/\/www.vaillant.de\/21-grad\/wissen-und-wert\/ampelkoalition-stellt-weichen-fuer-aufbruch-in-gruene-zukunft-was-kommt-bei-heizungen\/#primaryimage"},"image":{"@id":"https:\/\/www.vaillant.de\/21-grad\/wissen-und-wert\/ampelkoalition-stellt-weichen-fuer-aufbruch-in-gruene-zukunft-was-kommt-bei-heizungen\/#primaryimage"},"thumbnailUrl":"https:\/\/www.vaillant.de\/21-grad\/wp-content\/uploads\/2021\/12\/210721_01_0211.jpg","datePublished":"2021-12-09T12:14:30+00:00","dateModified":"2022-04-22T11:18:35+00:00","author":{"@id":"https:\/\/www.vaillant.de\/21-grad\/#\/schema\/person\/d79d2ba98cd3da7ae5877706050352da"},"description":"Welche Energiepl\u00e4ne hat die Bundesregierung? Was \u00e4ndert sich bei F\u00f6rderungen? \u25ba Die wichtigsten Ans\u00e4tze zum Erreichen der Klimaziele zusammengefasst","breadcrumb":{"@id":"https:\/\/www.vaillant.de\/21-grad\/wissen-und-wert\/ampelkoalition-stellt-weichen-fuer-aufbruch-in-gruene-zukunft-was-kommt-bei-heizungen\/#breadcrumb"},"inLanguage":"de","potentialAction":[{"@type":"ReadAction","target":["https:\/\/www.vaillant.de\/21-grad\/wissen-und-wert\/ampelkoalition-stellt-weichen-fuer-aufbruch-in-gruene-zukunft-was-kommt-bei-heizungen\/"]}]},{"@type":"ImageObject","inLanguage":"de","@id":"https:\/\/www.vaillant.de\/21-grad\/wissen-und-wert\/ampelkoalition-stellt-weichen-fuer-aufbruch-in-gruene-zukunft-was-kommt-bei-heizungen\/#primaryimage","url":"https:\/\/www.vaillant.de\/21-grad\/wp-content\/uploads\/2021\/12\/210721_01_0211.jpg","contentUrl":"https:\/\/www.vaillant.de\/21-grad\/wp-content\/uploads\/2021\/12\/210721_01_0211.jpg","width":1800,"height":1200,"caption":"In einer gr\u00fcnen, sonnigen Landschaft steht ein kleines Einfamilienhaus am Hang, das mit einer W\u00e4rmepumpe beheizt wird."},{"@type":"BreadcrumbList","@id":"https:\/\/www.vaillant.de\/21-grad\/wissen-und-wert\/ampelkoalition-stellt-weichen-fuer-aufbruch-in-gruene-zukunft-was-kommt-bei-heizungen\/#breadcrumb","itemListElement":[{"@type":"ListItem","position":1,"name":"Startseite","item":"https:\/\/www.vaillant.de\/21-grad\/"},{"@type":"ListItem","position":2,"name":"Ampelkoalition stellt Weichen f\u00fcr Aufbruch in \u201egr\u00fcne Zukunft\u201c. Was kommt bei Heizungen?"}]},{"@type":"WebSite","@id":"https:\/\/www.vaillant.de\/21-grad\/#website","url":"https:\/\/www.vaillant.de\/21-grad\/","name":"21 grad","description":"Der Blog f\u00fcr Menschen, die weiterdenken","potentialAction":[{"@type":"SearchAction","target":{"@type":"EntryPoint","urlTemplate":"https:\/\/www.vaillant.de\/21-grad\/?s={search_term_string}"},"query-input":{"@type":"PropertyValueSpecification","valueRequired":true,"valueName":"search_term_string"}}],"inLanguage":"de"},{"@type":"Person","@id":"https:\/\/www.vaillant.de\/21-grad\/#\/schema\/person\/d79d2ba98cd3da7ae5877706050352da","name":"Marcus","image":{"@type":"ImageObject","inLanguage":"de","@id":"https:\/\/www.vaillant.de\/21-grad\/wp-content\/uploads\/2026\/01\/Marcus-125x125.jpg9d3430f1bc55d5a5d47a1162a14ae1af","url":"https:\/\/www.vaillant.de\/21-grad\/wp-content\/uploads\/2026\/01\/Marcus-125x125.jpg","contentUrl":"https:\/\/www.vaillant.de\/21-grad\/wp-content\/uploads\/2026\/01\/Marcus-125x125.jpg","caption":"Marcus"},"description":"Willkommen in der wunderbaren Welt des 21grad Blogs. Als Medien- und Kooperationsmanager bin ich bei Vaillant Deutschland u.a. f\u00fcr unsere Fach- und Branchenkommunikation zust\u00e4ndig. Ich freue mich auf den Dialog mit Euch. :-) Nachhaltigkeit Bewusster Konsum und soziales Engagement liegen mir sehr am Herzen. Zuhause nutze ich \u00d6kostrom und Biogas, bei Lebensmitteln sind mir Labels wie Fair-Trade oder Bio sehr wichtig. Ich bin Sportwart beim Tennisclub Gr\u00fcn-Wei\u00df Lennep und engagiere mich auch f\u00fcr Aktion Mensch oder SOS-Kinderdorf. Interessen Unternehmungen mit Familie und Freunden, Tennis, Rock-Konzerte, Kino, B\u00fccher (z.B. Hornby, Eschbach, Uschmann) Was wolltest du als Kind gerne werden? Um es mit den \u00c4rzten zu sagen: Popstar, Bademeister oder Astronaut Was bringt dich auf die Palme? Menschen, die Schuld immer bei anderen suchen oder auch nat\u00fcrlich eine leckere Kokosnuss Was war der beste Rat, den du jemals erhalten hast? \u201eDenke in L\u00f6sungen, nicht in Problemen.\u201c","url":"https:\/\/www.vaillant.de\/21-grad\/autor\/marcus\/"}]}},"_links":{"self":[{"href":"https:\/\/www.vaillant.de\/21-grad\/wp-json\/wp\/v2\/posts\/6800","targetHints":{"allow":["GET"]}}],"collection":[{"href":"https:\/\/www.vaillant.de\/21-grad\/wp-json\/wp\/v2\/posts"}],"about":[{"href":"https:\/\/www.vaillant.de\/21-grad\/wp-json\/wp\/v2\/types\/post"}],"author":[{"embeddable":true,"href":"https:\/\/www.vaillant.de\/21-grad\/wp-json\/wp\/v2\/users\/6"}],"replies":[{"embeddable":true,"href":"https:\/\/www.vaillant.de\/21-grad\/wp-json\/wp\/v2\/comments?post=6800"}],"version-history":[{"count":4,"href":"https:\/\/www.vaillant.de\/21-grad\/wp-json\/wp\/v2\/posts\/6800\/revisions"}],"predecessor-version":[{"id":6834,"href":"https:\/\/www.vaillant.de\/21-grad\/wp-json\/wp\/v2\/posts\/6800\/revisions\/6834"}],"wp:featuredmedia":[{"embeddable":true,"href":"https:\/\/www.vaillant.de\/21-grad\/wp-json\/wp\/v2\/media\/6810"}],"wp:attachment":[{"href":"https:\/\/www.vaillant.de\/21-grad\/wp-json\/wp\/v2\/media?parent=6800"}],"wp:term":[{"taxonomy":"category","embeddable":true,"href":"https:\/\/www.vaillant.de\/21-grad\/wp-json\/wp\/v2\/categories?post=6800"},{"taxonomy":"post_tag","embeddable":true,"href":"https:\/\/www.vaillant.de\/21-grad\/wp-json\/wp\/v2\/tags?post=6800"},{"taxonomy":"author","embeddable":true,"href":"https:\/\/www.vaillant.de\/21-grad\/wp-json\/wp\/v2\/coauthors?post=6800"}],"curies":[{"name":"wp","href":"https:\/\/api.w.org\/{rel}","templated":true}]}}