{"id":6887,"date":"2022-01-26T14:27:00","date_gmt":"2022-01-26T13:27:00","guid":{"rendered":"https:\/\/www.vaillant.de\/21-grad\/?p=6887"},"modified":"2022-01-26T14:27:00","modified_gmt":"2022-01-26T13:27:00","slug":"nachhaltig-freude-an-kleidung-8-praktische-tipps","status":"publish","type":"post","link":"https:\/\/www.vaillant.de\/21-grad\/rat-und-tat\/nachhaltig-freude-an-kleidung-8-praktische-tipps\/","title":{"rendered":"Nachhaltig Freude an Kleidung \u2013  8 praktische Tipps"},"content":{"rendered":"<h2>1. Weniger waschen: insbesondere Wolle und Jeans<\/h2>\n<div id=\"attachment_6892\" style=\"width: 242px\" class=\"wp-caption alignright\"><a href=\"https:\/\/www.vaillant.de\/21-grad\/wp-content\/uploads\/2022\/01\/maude-frederique-lavoie-EDSTj4kCUcw-unsplash.jpg\"><img loading=\"lazy\" decoding=\"async\" aria-describedby=\"caption-attachment-6892\" class=\"wp-image-6892 size-medium\" src=\"https:\/\/www.vaillant.de\/21-grad\/wp-content\/uploads\/2022\/01\/maude-frederique-lavoie-EDSTj4kCUcw-unsplash-232x232.jpg\" alt=\"Jeans Hosen\" width=\"232\" height=\"232\" srcset=\"https:\/\/www.vaillant.de\/21-grad\/wp-content\/uploads\/2022\/01\/maude-frederique-lavoie-EDSTj4kCUcw-unsplash-232x232.jpg 232w, https:\/\/www.vaillant.de\/21-grad\/wp-content\/uploads\/2022\/01\/maude-frederique-lavoie-EDSTj4kCUcw-unsplash-480x480.jpg 480w, https:\/\/www.vaillant.de\/21-grad\/wp-content\/uploads\/2022\/01\/maude-frederique-lavoie-EDSTj4kCUcw-unsplash-150x150.jpg 150w, https:\/\/www.vaillant.de\/21-grad\/wp-content\/uploads\/2022\/01\/maude-frederique-lavoie-EDSTj4kCUcw-unsplash-768x768.jpg 768w, https:\/\/www.vaillant.de\/21-grad\/wp-content\/uploads\/2022\/01\/maude-frederique-lavoie-EDSTj4kCUcw-unsplash-1536x1536.jpg 1536w, https:\/\/www.vaillant.de\/21-grad\/wp-content\/uploads\/2022\/01\/maude-frederique-lavoie-EDSTj4kCUcw-unsplash-320x320.jpg 320w, https:\/\/www.vaillant.de\/21-grad\/wp-content\/uploads\/2022\/01\/maude-frederique-lavoie-EDSTj4kCUcw-unsplash-125x125.jpg 125w, https:\/\/www.vaillant.de\/21-grad\/wp-content\/uploads\/2022\/01\/maude-frederique-lavoie-EDSTj4kCUcw-unsplash.jpg 1920w\" sizes=\"auto, (max-width: 232px) 100vw, 232px\" \/><\/a><p id=\"caption-attachment-6892\" class=\"wp-caption-text\">Foto von <a href=\"https:\/\/unsplash.com\/@maudefl?utm_source=unsplash&amp;utm_medium=referral&amp;utm_content=creditCopyText\">Maude Fr\u00e9d\u00e9rique Lavoie<\/a> auf <a href=\"https:\/\/unsplash.com\/?utm_source=unsplash&amp;utm_medium=referral&amp;utm_content=creditCopyText\">Unsplash<\/a><\/p><\/div>\n<p>Jede Runde in der Waschmaschine ist f\u00fcr unsere Kleidung eine Tortur. Schaut daher genau, was Ihr waschen m\u00fcsst oder ausl\u00fcften k\u00f6nnt. Kleidungsst\u00fccke aus Wolle oder Jeans m\u00fcssen seltener in die Trommel als oftmals gedacht. Wolle kann viel Feuchtigkeit aufnehmen und Ger\u00fcche aktiv in ihre Fasern einschlie\u00dfen, was das Wachstum geruchsbildender Bakterien hemmt. Und wer seine Jeans zwischendurch l\u00fcftet, kann sie bis zu zehn Tage lang tragen. Manch einer steckt sie sogar \u201eeinget\u00fctet\u201c ins Gefrierfach, um die Bakterien abzut\u00f6ten. Das ist zugegeben Geschmackssache, aber es hilft!<\/p>\n<h2>2. Richtig waschen: gerne k\u00fchler und k\u00fcrzer<\/h2>\n<p>Jedes Material hat eigene Pflegebed\u00fcrfnisse. Daher lohnt sich ein Blick auf den Pflegehinweis \u2013 am besten schon vor dem Kleidungskauf. Ich zum Beispiel m\u00f6chte alles selbst waschen und auf chemische Reinigung verzichten k\u00f6nnen. Au\u00dferdem wasche ich meine Kleidung oft k\u00e4lter als vom Hersteller empfohlen \u2013 bei 30 oder 40 Grad Celsius im Kurzprogramm. Das spart nicht nur Energie und Wasser, sondern schont auch die Fasern. F\u00fcr die Waschmaschine ist es ausreichend, sie einmal im Monat bei 60 Grad laufen zu lassen, um der Bildung von Keimen entgegenzuwirken. Um Verf\u00e4rbung zu vermeiden, wasche ich Lieblingsst\u00fccke auf links gedreht \u2013 und Dunkles separat.<\/p>\n<p><strong>Pflegetipps f\u00fcr empfindliche Materialen<\/strong><\/p>\n<p><strong>Wolle<\/strong><\/p>\n<ul>\n<li>Kleine Flecken vorsichtig mit feuchtem Tuch abnehmen \u2013 niemals rubbeln<\/li>\n<li>Nicht jedes Kleidungsst\u00fcck aus Wolle ist f\u00fcr den Wollwaschgang geeignet \u2013 daher unbedingt das Pflegeetikett beachten<\/li>\n<li>Kleidungsst\u00fccke nach dem Waschen z\u00fcgig aus der Maschine nehmen und in einem Frotteetuch ausdr\u00fccken<\/li>\n<li>Stark verschmutzte Kleidung in die Trockenreinigung geben<\/li>\n<li>Zedernholz, Lavendel oder Cade\u00f6l als nat\u00fcrlichen Mottenschutz im Kleiderschrank nutzen<\/li>\n<li>Zu hei\u00df gewaschen? Kleidungsst\u00fcck \u00fcber Nacht in lauwarmem Wasser mit einem Schuss Conditioner einweichen, in ein Handtuch einrollen, auswringen und dann in seine urspr\u00fcngliche Form ziehen und liegend trocknen lassen<\/li>\n<\/ul>\n<p><strong>Seide<\/strong><\/p>\n<ul>\n<li>Auf links gedreht mit mildem Seidenwaschmittel von Hand waschen \u2013 wenn in der Maschine, dann immer in einem W\u00e4schesack<\/li>\n<li>In noch leicht feuchtem Zustand mit einem Baumwolltuch auf dem Kleidungsst\u00fcck b\u00fcgeln<\/li>\n<\/ul>\n<div id=\"attachment_6893\" style=\"width: 358px\" class=\"wp-caption alignleft\"><a href=\"https:\/\/www.vaillant.de\/21-grad\/wp-content\/uploads\/2022\/01\/matthew-tkocz-q697-Akhwkc-unsplash.jpg\"><img loading=\"lazy\" decoding=\"async\" aria-describedby=\"caption-attachment-6893\" class=\"wp-image-6893 size-medium\" src=\"https:\/\/www.vaillant.de\/21-grad\/wp-content\/uploads\/2022\/01\/matthew-tkocz-q697-Akhwkc-unsplash-348x232.jpg\" alt=\"Seifenblasen\" width=\"348\" height=\"232\" srcset=\"https:\/\/www.vaillant.de\/21-grad\/wp-content\/uploads\/2022\/01\/matthew-tkocz-q697-Akhwkc-unsplash-348x232.jpg 348w, https:\/\/www.vaillant.de\/21-grad\/wp-content\/uploads\/2022\/01\/matthew-tkocz-q697-Akhwkc-unsplash-720x480.jpg 720w, https:\/\/www.vaillant.de\/21-grad\/wp-content\/uploads\/2022\/01\/matthew-tkocz-q697-Akhwkc-unsplash-768x512.jpg 768w, https:\/\/www.vaillant.de\/21-grad\/wp-content\/uploads\/2022\/01\/matthew-tkocz-q697-Akhwkc-unsplash-1536x1024.jpg 1536w, https:\/\/www.vaillant.de\/21-grad\/wp-content\/uploads\/2022\/01\/matthew-tkocz-q697-Akhwkc-unsplash.jpg 1920w\" sizes=\"auto, (max-width: 348px) 100vw, 348px\" \/><\/a><p id=\"caption-attachment-6893\" class=\"wp-caption-text\">Foto von <a href=\"https:\/\/unsplash.com\/@matthew_tkocz?utm_source=unsplash&amp;utm_medium=referral&amp;utm_content=creditCopyText\">Matthew Tkocz<\/a> auf <a href=\"https:\/\/unsplash.com\/?utm_source=unsplash&amp;utm_medium=referral&amp;utm_content=creditCopyText\">Unsplash<\/a><\/p><\/div>\n<p>Kunstfasern geh\u00f6ren ebenfalls in einen speziellen W\u00e4schebeutel, z. B. von Guppyfriend. Dieser verhindert, dass Polyester, Polyamid &amp; Co. Mikroplastik in den Wasserkreislauf abgeben. Auch deshalb entscheidet Ihr euch besser f\u00fcr nat\u00fcrliche Fasern wie zum Beispiel Bio-Baumwolle. Einen \u00dcberblick \u00fcber die Vorteile f\u00fcr Mensch und Umwelt sowie verl\u00e4ssliche Siegel findet Ihr <a href=\"https:\/\/www.vaillant.de\/21-grad\/bewusst-und-sein\/nachhaltige-berufskleidung\/\" target=\"_blank\" rel=\"noopener\">hier<\/a>. Ebenfalls nat\u00fcrlichen Ursprungs und zudem h\u00f6chst innovativ sind die in folgendem Post vorgestellten Materialen: \u201e<a href=\"https:\/\/www.vaillant.de\/21-grad\/wissen-und-wert\/oekologische-textilien-mode-aus-ananas-alge-co\/\" target=\"_blank\" rel=\"noopener\">\u00d6kologische Textilien: Mode aus Ananas, Alge &amp; Co<\/a>\u201c. Viel Spa\u00df beim Entdecken!<\/p>\n<h2>3. Richtig trocknen: nat\u00fcrlich an der Luft<\/h2>\n<p>Trockner sind bequem, aber nicht f\u00fcr unsere Kleidung. H\u00e4ngt sie lieber \u201eluftig\u201c auf einen W\u00e4schest\u00e4nder, damit sich dazwischen keine Luftfeuchtigkeit staut. Legt nur trockene Kleidung in den Schrank, um die Bildung von schlechten Ger\u00fcchen und schlimmstenfalls Schimmel zu vermeiden. Die Sporen k\u00f6nnen nicht nur unserer Gesundheit, sondern auch der Farbe und den Fasern unserer Garderobe schaden. Leicht knitternde St\u00fccke trocknet Ihr am besten auf einem B\u00fcgel, so dass sie sich aush\u00e4ngen und weniger hei\u00df geb\u00fcgelt werden m\u00fcssen. Wolliges trocknet am besten liegend auf einem Handtuch, damit es nicht ausleiert. Der Trockner ist tabu, da das Einlaufen dabei vorprogrammiert ist.<\/p>\n<h2>4. Richtig b\u00fcgeln: \u00f6fter mit einem Tuch<\/h2>\n<p>B\u00fcgeln bringt unsere Lieblingsteile wieder in Form und gl\u00e4ttet die Fasern, die beim Waschen aufgeraut wurden. B\u00fcgelt aber nie hei\u00dfer als auf dem Pflegeetikett angegeben ist. Bei Kleidung aus Seide, Wolle, Tencel oder mit Elasthan legt Ihr ein feuchtes Tuch darauf, um Glanzbildung zu vermeiden und die Materialien zu schonen. Eine gute B\u00fcgelauflage ist ebenfalls hilfreich, da sich bei billigen B\u00fcgelbrettern das Metallgeflecht durchdr\u00fcckt. Nach dem Duschen gl\u00e4tten sich Wollstoffe in der feuchten Luft des Badezimmers \u00fcbrigens auch ohne B\u00fcgeln.<\/p>\n<h2>5. Richtig lagern: immer gut in Form<\/h2>\n<p>Auch die richtige Lagerung beeinflusst die Langlebigkeit von Textilien positiv. Strickteile zum Beispiel h\u00e4ngen nicht gerne auf einem B\u00fcgel, da sie dabei ihre Form verlieren. Am besten lagern sie nebeneinander bzw. nicht zu hoch gestapelt, um Druck zu vermeiden. Blusen, Kleider oder Blazer aus Tuchstoffen sollten dagegen unbedingt aufgeh\u00e4ngt werden; am besten mit geschlossenen Kn\u00f6pfen.<\/p>\n<h2>6. Pilling-Knoten: sicher und sanft entfernen<\/h2>\n<p>Diese kleinen Kn\u00f6tchen entstehen durch Reibung an der Oberfl\u00e4che von Pullovern und Shirts. Nutzt zum Entfernen am besten einen Fusselrasierer oder eine Schere, um Laufmaschen zu vermeiden. Wollkleidung mit feinen, langen Haaren wie Mohair oder Alpaka freuen sich, wenn sie von Zeit zu Zeit sanft aufgeb\u00fcrstet und \u201eentfilzt\u201c werden.<\/p>\n<h2>7. Reparieren statt aussortieren<\/h2>\n<p>Wenn nach einiger Tragezeit eine Naht aufgeht, ein Knopf abf\u00e4llt oder sich eine Masche \u00f6ffnet, ist das ganz normaler Verschlei\u00df und noch kein Grund daf\u00fcr, das Kleidungsst\u00fcck in die hinterste Schrankecke zu verbannen oder gleich zu entsorgen: Solche Defekte sind mit Nadel, Faden und wenigen Handgriffen meist schnell behoben. Sollte das Teil jedoch nicht mehr zu retten sein, stellt sich die Frage \u201e<a href=\"https:\/\/www.vaillant.de\/21-grad\/bewusst-und-sein\/wohin-mit-alter-kleidung\/\" target=\"_blank\" rel=\"noopener\">Wohin mit alter Kleidung?<\/a>\u201c.<\/p>\n<div class=\"infobox hint\"><\/p>\n<h2>Alternativen zu konventionellen Waschmitteln<\/h2>\n<ul>\n<li><strong>Bio-Waschmittel:<\/strong> Konventionelle Waschmittel k\u00f6nnen gentechnisch ver\u00e4nderte Enzyme, erd\u00f6lbasierte Tenside, k\u00fcnstliche Farb- und Duftstoffe, optische Aufheller und Mikroplastik enthalten. Bio-Waschmittel reinigen oft mit pflanzlichen oder mineralischen Tensiden, Pflanzen\u00f6lseife oder Soda, wobei viele Inhaltsstoffe bio-zertifiziert sind. Sie enthalten keinesfalls Phosphate, Mikroplastik sowie Stoffe aus gentechnisch ver\u00e4nderten Organismen (GMO) oder auf Erd\u00f6lbasis, sofern letztere nicht mit dem Umwelt-Siegel \u201eEcozert\u201c ausgezeichnet sind. Schwer abbaubare Stoffe wie Phthalate, die nat\u00fcrliche Gew\u00e4sser zum \u201eumkippen\u201c bringen oder Schwermetalle etc. sind ebenfalls keine enthalten.<\/li>\n<li><strong><a href=\"https:\/\/www.vaillant.de\/21-grad\/wp-content\/uploads\/2022\/01\/chestnuts-g5fc378e33_1920.jpg\"><img loading=\"lazy\" decoding=\"async\" class=\"alignright wp-image-6894\" src=\"https:\/\/www.vaillant.de\/21-grad\/wp-content\/uploads\/2022\/01\/chestnuts-g5fc378e33_1920-150x150.jpg\" alt=\"\" width=\"200\" height=\"133\" srcset=\"https:\/\/www.vaillant.de\/21-grad\/wp-content\/uploads\/2022\/01\/chestnuts-g5fc378e33_1920-348x232.jpg 348w, https:\/\/www.vaillant.de\/21-grad\/wp-content\/uploads\/2022\/01\/chestnuts-g5fc378e33_1920-719x480.jpg 719w, https:\/\/www.vaillant.de\/21-grad\/wp-content\/uploads\/2022\/01\/chestnuts-g5fc378e33_1920-768x512.jpg 768w, https:\/\/www.vaillant.de\/21-grad\/wp-content\/uploads\/2022\/01\/chestnuts-g5fc378e33_1920-1536x1025.jpg 1536w, https:\/\/www.vaillant.de\/21-grad\/wp-content\/uploads\/2022\/01\/chestnuts-g5fc378e33_1920.jpg 1920w\" sizes=\"auto, (max-width: 200px) 100vw, 200px\" \/><\/a>DIY-Waschmittel:<\/strong> Aus Rosskastanien k\u00f6nnt Ihr relativ leicht ein hausgemachtes Fl\u00fcssigwaschmittel herstellen, denn sie enthalten wie Waschn\u00fcsse das waschaktive Saponin. Versetzt mit ein paar Tropfen \u00e4therischem \u00d6l \u2013 z. B. Zitrone, Limette oder Orange \u2013 duftet auch das Home-made-Waschmittel wunderbar \u201ezitrusfrisch\u201c. Eine einfache DIY-Anleitung und praktische Tipps findet Ihr <strong><a href=\"https:\/\/slowli.de\/magazin\/diy\/waschmittel-kastanien-anleitung\/\" target=\"_blank\" rel=\"noopener\">hier<\/a><\/strong>.<\/li>\n<li><strong><a href=\"https:\/\/www.vaillant.de\/21-grad\/wp-content\/uploads\/2022\/01\/soap-nuts-g1308a0863_1920.jpg\"><img loading=\"lazy\" decoding=\"async\" class=\"wp-image-6895 alignright\" src=\"https:\/\/www.vaillant.de\/21-grad\/wp-content\/uploads\/2022\/01\/soap-nuts-g1308a0863_1920-150x150.jpg\" alt=\"\" width=\"200\" height=\"113\" srcset=\"https:\/\/www.vaillant.de\/21-grad\/wp-content\/uploads\/2022\/01\/soap-nuts-g1308a0863_1920-410x232.jpg 410w, https:\/\/www.vaillant.de\/21-grad\/wp-content\/uploads\/2022\/01\/soap-nuts-g1308a0863_1920-848x480.jpg 848w, https:\/\/www.vaillant.de\/21-grad\/wp-content\/uploads\/2022\/01\/soap-nuts-g1308a0863_1920-768x435.jpg 768w, https:\/\/www.vaillant.de\/21-grad\/wp-content\/uploads\/2022\/01\/soap-nuts-g1308a0863_1920-1536x870.jpg 1536w, https:\/\/www.vaillant.de\/21-grad\/wp-content\/uploads\/2022\/01\/soap-nuts-g1308a0863_1920.jpg 1920w\" sizes=\"auto, (max-width: 200px) 100vw, 200px\" \/><\/a>Waschn\u00fcsse:<\/strong> Dies sind die Fr\u00fcchte des in Asien beheimateten Waschnuss- bzw. Seifenbaums, deren Schalen Ihr in einem S\u00e4ckchen als Waschmittelersatz zur W\u00e4sche in die Trommel geben k\u00f6nnt. Da sie keine nat\u00fcrliche Bleichfunktion enthalten, eignen sie sich am besten f\u00fcr Buntw\u00e4sche. Am besten legt Ihr euch gleich einen Vorrat an, um wenigstens am Ende der Lieferkette den ein oder anderen Transport einzusparen.<\/li>\n<li><strong>Waschb\u00e4lle:<\/strong> Im Inneren befinden sich Kugeln aus nat\u00fcrlichen Mineralien, die beim Kontakt mit Wasser schmutzl\u00f6sende Ionen abgeben. Diese Wirkung wird durch die Reibung der Waschb\u00e4lle an der Kleidung noch verst\u00e4rkt. Bei st\u00e4rkerer Verschmutzung oder wenn die W\u00e4sche frisch duften soll, kann noch ein wenig Waschpulver zugef\u00fcgt werden. Die Waschb\u00e4lle reduzieren den Pulververbrauch dann immer noch um ca. 80 %.<\/li>\n<\/ul>\n<p><\/div>\n<h2>8. Die richtige Waschmaschine \u2013 ist energieeffizient<\/h2>\n<p>Nachhaltiges Waschen f\u00e4ngt mit dem Kauf der Waschmaschine an. Diese verbraucht m\u00f6glichst wenig Strom und Wasser \u2013 nicht nur bei der Benutzung, sondern auch schon bei der Herstellung. Au\u00dferdem hat sie das f\u00fcr Euren Haushalt passende Fassungsverm\u00f6gen: 5 kg f\u00fcr 1-2 Personen, 6 kg f\u00fcr 2-4 Personen und 7 oder 8 kg f\u00fcr gr\u00f6\u00dfere Haushalte. Beladet die Maschine stets ausreichend, was sie idealerweise auch r\u00fcckmelden kann \u2013 durch die Funktionen \u201eBeladungserkennung\u201c und \u201eDosierungsempfehlung\u201c.<\/p>\n<p>Einige Tipps sind sicherlich keine bahnbrechenden Neuheiten, aber sie regen dazu an, achtsamer zu sein. Denn mit nachhaltig hergestellter Kleidung allein ist es nicht getan. Habt Ihr noch Tipps, die hier fehlen? Dann hinterlasst gerne einen Kommentar!<\/p>\n<p>&nbsp;<\/p>\n","protected":false},"excerpt":{"rendered":"<p>Morgens frisch angezogen, abends die Punktlandung im W\u00e4schekorb. Und das Tag f\u00fcr Tag. Kein Wunder, dass 60 bis 80 % des Energieverbrauchs von Kleidung beim Waschen, Trocknen und B\u00fcgeln entsteht \u2013 was sie auch noch schneller alt aussehen l\u00e4sst. Doch es geht auch anders. Seht selbst! <\/p>\n","protected":false},"author":23,"featured_media":6891,"comment_status":"open","ping_status":"open","sticky":false,"template":"","format":"standard","meta":{"footnotes":""},"categories":[2],"tags":[86,23,173],"coauthors":[247],"class_list":["post-6887","post","type-post","status-publish","format-standard","has-post-thumbnail","hentry","category-rat-und-tat","tag-leben","tag-nachhaltigkeit","tag-nachhaltigkeitstipps"],"yoast_head":"<!-- This site is optimized with the Yoast SEO plugin v27.4 - https:\/\/yoast.com\/product\/yoast-seo-wordpress\/ -->\n<title>Nachhaltig Freude an Kleidung: 8 praktische Tipps | 21 grad<\/title>\n<meta name=\"description\" content=\"60 - 80 % des Energieverbrauchs von Kleidung entsteht beim Waschen, Trocknen &amp; B\u00fcgeln, was sie zudem alt aussehen l\u00e4sst. Erfahrt hier, wie&#039;s anders geht!\" \/>\n<meta name=\"robots\" content=\"index, follow, max-snippet:-1, max-image-preview:large, max-video-preview:-1\" \/>\n<link rel=\"canonical\" href=\"https:\/\/www.vaillant.de\/21-grad\/rat-und-tat\/nachhaltig-freude-an-kleidung-8-praktische-tipps\/\" \/>\n<meta property=\"og:locale\" content=\"de_DE\" \/>\n<meta property=\"og:type\" content=\"article\" \/>\n<meta property=\"og:title\" content=\"Nachhaltig Freude an Kleidung: 8 praktische Tipps | 21 grad\" \/>\n<meta property=\"og:description\" content=\"60 - 80 % des Energieverbrauchs von Kleidung entsteht beim Waschen, Trocknen &amp; B\u00fcgeln, was sie zudem alt aussehen l\u00e4sst. Erfahrt hier, wie&#039;s anders geht!\" \/>\n<meta property=\"og:url\" content=\"https:\/\/www.vaillant.de\/21-grad\/rat-und-tat\/nachhaltig-freude-an-kleidung-8-praktische-tipps\/\" \/>\n<meta property=\"og:site_name\" content=\"21 grad\" \/>\n<meta property=\"article:publisher\" content=\"https:\/\/www.facebook.com\/21grad\/\" \/>\n<meta property=\"article:published_time\" content=\"2022-01-26T13:27:00+00:00\" \/>\n<meta property=\"og:image\" content=\"https:\/\/www.vaillant.de\/21-grad\/wp-content\/uploads\/2022\/01\/ian-dooley-TT-ROxWj9nA-unsplash.jpg\" \/>\n\t<meta property=\"og:image:width\" content=\"1920\" \/>\n\t<meta property=\"og:image:height\" content=\"1280\" \/>\n\t<meta property=\"og:image:type\" content=\"image\/jpeg\" \/>\n<meta name=\"author\" content=\"Michelle\" \/>\n<meta name=\"twitter:card\" content=\"summary_large_image\" \/>\n<meta name=\"twitter:creator\" content=\"@vaillant_de\" \/>\n<meta name=\"twitter:site\" content=\"@vaillant_de\" \/>\n<meta name=\"twitter:label1\" content=\"Verfasst von\" \/>\n\t<meta name=\"twitter:data1\" content=\"Michelle\" \/>\n\t<meta name=\"twitter:label2\" content=\"Gesch\u00e4tzte Lesezeit\" \/>\n\t<meta name=\"twitter:data2\" content=\"5\u00a0Minuten\" \/>\n\t<meta name=\"twitter:label3\" content=\"Written by\" \/>\n\t<meta name=\"twitter:data3\" content=\"Michelle\" \/>\n<script type=\"application\/ld+json\" class=\"yoast-schema-graph\">{\"@context\":\"https:\\\/\\\/schema.org\",\"@graph\":[{\"@type\":\"Article\",\"@id\":\"https:\\\/\\\/www.vaillant.de\\\/21-grad\\\/rat-und-tat\\\/nachhaltig-freude-an-kleidung-8-praktische-tipps\\\/#article\",\"isPartOf\":{\"@id\":\"https:\\\/\\\/www.vaillant.de\\\/21-grad\\\/rat-und-tat\\\/nachhaltig-freude-an-kleidung-8-praktische-tipps\\\/\"},\"author\":{\"name\":\"Michelle\",\"@id\":\"https:\\\/\\\/www.vaillant.de\\\/21-grad\\\/#\\\/schema\\\/person\\\/59dade2831f8948753cd2b0f04ca4e24\"},\"headline\":\"Nachhaltig Freude an Kleidung \u2013 8 praktische Tipps\",\"datePublished\":\"2022-01-26T13:27:00+00:00\",\"mainEntityOfPage\":{\"@id\":\"https:\\\/\\\/www.vaillant.de\\\/21-grad\\\/rat-und-tat\\\/nachhaltig-freude-an-kleidung-8-praktische-tipps\\\/\"},\"wordCount\":1272,\"commentCount\":0,\"image\":{\"@id\":\"https:\\\/\\\/www.vaillant.de\\\/21-grad\\\/rat-und-tat\\\/nachhaltig-freude-an-kleidung-8-praktische-tipps\\\/#primaryimage\"},\"thumbnailUrl\":\"https:\\\/\\\/www.vaillant.de\\\/21-grad\\\/wp-content\\\/uploads\\\/2022\\\/01\\\/ian-dooley-TT-ROxWj9nA-unsplash.jpg\",\"keywords\":[\"Leben\",\"Nachhaltigkeit\",\"Nachhaltigkeitstipps\"],\"articleSection\":[\"Rat &amp; Tat\"],\"inLanguage\":\"de\",\"potentialAction\":[{\"@type\":\"CommentAction\",\"name\":\"Comment\",\"target\":[\"https:\\\/\\\/www.vaillant.de\\\/21-grad\\\/rat-und-tat\\\/nachhaltig-freude-an-kleidung-8-praktische-tipps\\\/#respond\"]}]},{\"@type\":\"WebPage\",\"@id\":\"https:\\\/\\\/www.vaillant.de\\\/21-grad\\\/rat-und-tat\\\/nachhaltig-freude-an-kleidung-8-praktische-tipps\\\/\",\"url\":\"https:\\\/\\\/www.vaillant.de\\\/21-grad\\\/rat-und-tat\\\/nachhaltig-freude-an-kleidung-8-praktische-tipps\\\/\",\"name\":\"Nachhaltig Freude an Kleidung: 8 praktische Tipps | 21 grad\",\"isPartOf\":{\"@id\":\"https:\\\/\\\/www.vaillant.de\\\/21-grad\\\/#website\"},\"primaryImageOfPage\":{\"@id\":\"https:\\\/\\\/www.vaillant.de\\\/21-grad\\\/rat-und-tat\\\/nachhaltig-freude-an-kleidung-8-praktische-tipps\\\/#primaryimage\"},\"image\":{\"@id\":\"https:\\\/\\\/www.vaillant.de\\\/21-grad\\\/rat-und-tat\\\/nachhaltig-freude-an-kleidung-8-praktische-tipps\\\/#primaryimage\"},\"thumbnailUrl\":\"https:\\\/\\\/www.vaillant.de\\\/21-grad\\\/wp-content\\\/uploads\\\/2022\\\/01\\\/ian-dooley-TT-ROxWj9nA-unsplash.jpg\",\"datePublished\":\"2022-01-26T13:27:00+00:00\",\"author\":{\"@id\":\"https:\\\/\\\/www.vaillant.de\\\/21-grad\\\/#\\\/schema\\\/person\\\/59dade2831f8948753cd2b0f04ca4e24\"},\"description\":\"60 - 80 % des Energieverbrauchs von Kleidung entsteht beim Waschen, Trocknen & B\u00fcgeln, was sie zudem alt aussehen l\u00e4sst. Erfahrt hier, wie's anders geht!\",\"breadcrumb\":{\"@id\":\"https:\\\/\\\/www.vaillant.de\\\/21-grad\\\/rat-und-tat\\\/nachhaltig-freude-an-kleidung-8-praktische-tipps\\\/#breadcrumb\"},\"inLanguage\":\"de\",\"potentialAction\":[{\"@type\":\"ReadAction\",\"target\":[\"https:\\\/\\\/www.vaillant.de\\\/21-grad\\\/rat-und-tat\\\/nachhaltig-freude-an-kleidung-8-praktische-tipps\\\/\"]}]},{\"@type\":\"ImageObject\",\"inLanguage\":\"de\",\"@id\":\"https:\\\/\\\/www.vaillant.de\\\/21-grad\\\/rat-und-tat\\\/nachhaltig-freude-an-kleidung-8-praktische-tipps\\\/#primaryimage\",\"url\":\"https:\\\/\\\/www.vaillant.de\\\/21-grad\\\/wp-content\\\/uploads\\\/2022\\\/01\\\/ian-dooley-TT-ROxWj9nA-unsplash.jpg\",\"contentUrl\":\"https:\\\/\\\/www.vaillant.de\\\/21-grad\\\/wp-content\\\/uploads\\\/2022\\\/01\\\/ian-dooley-TT-ROxWj9nA-unsplash.jpg\",\"width\":1920,\"height\":1280,\"caption\":\"Foto von ian dooley auf Unsplash\"},{\"@type\":\"BreadcrumbList\",\"@id\":\"https:\\\/\\\/www.vaillant.de\\\/21-grad\\\/rat-und-tat\\\/nachhaltig-freude-an-kleidung-8-praktische-tipps\\\/#breadcrumb\",\"itemListElement\":[{\"@type\":\"ListItem\",\"position\":1,\"name\":\"Startseite\",\"item\":\"https:\\\/\\\/www.vaillant.de\\\/21-grad\\\/\"},{\"@type\":\"ListItem\",\"position\":2,\"name\":\"Nachhaltig Freude an Kleidung \u2013 8 praktische Tipps\"}]},{\"@type\":\"WebSite\",\"@id\":\"https:\\\/\\\/www.vaillant.de\\\/21-grad\\\/#website\",\"url\":\"https:\\\/\\\/www.vaillant.de\\\/21-grad\\\/\",\"name\":\"21 grad\",\"description\":\"Der Blog f\u00fcr Menschen, die weiterdenken\",\"potentialAction\":[{\"@type\":\"SearchAction\",\"target\":{\"@type\":\"EntryPoint\",\"urlTemplate\":\"https:\\\/\\\/www.vaillant.de\\\/21-grad\\\/?s={search_term_string}\"},\"query-input\":{\"@type\":\"PropertyValueSpecification\",\"valueRequired\":true,\"valueName\":\"search_term_string\"}}],\"inLanguage\":\"de\"},{\"@type\":\"Person\",\"@id\":\"https:\\\/\\\/www.vaillant.de\\\/21-grad\\\/#\\\/schema\\\/person\\\/59dade2831f8948753cd2b0f04ca4e24\",\"name\":\"Michelle\",\"image\":{\"@type\":\"ImageObject\",\"inLanguage\":\"de\",\"@id\":\"https:\\\/\\\/www.vaillant.de\\\/21-grad\\\/wp-content\\\/uploads\\\/2022\\\/09\\\/Michelle-125x125.jpg5cb77cea14f51d99624ecb272fba6bb0\",\"url\":\"https:\\\/\\\/www.vaillant.de\\\/21-grad\\\/wp-content\\\/uploads\\\/2022\\\/09\\\/Michelle-125x125.jpg\",\"contentUrl\":\"https:\\\/\\\/www.vaillant.de\\\/21-grad\\\/wp-content\\\/uploads\\\/2022\\\/09\\\/Michelle-125x125.jpg\",\"caption\":\"Michelle\"},\"description\":\"In meiner t\u00e4glichen Arbeit k\u00fcmmere ich mich haupts\u00e4chlich um Nutzeranfragen auf Social Media. Dabei sorge ich daf\u00fcr, dass diese Fragen und Anliegen bearbeitet werden. Nachhaltigkeit F\u00fcr mich bedeutet Nachhaltigkeit, m\u00f6glichst viele kurze Strecken zu Fu\u00df oder mit dem Fahrrad zur\u00fcckzulegen. Au\u00dferdem versuche ich durch kleine Dinge auf die Umwelt zu achten, indem ich z.B. meine eigenen Taschen zum Einkaufen mitnehme, statt bei jedem Einkauf neue T\u00fcten zu kaufen. Interessen In meiner Freizeit interessiert mich alles rund um Sport, ob selbst Handball spielen oder am Wochenende Fu\u00dfball schauen. Weiterhin reise ich sehr gerne und unternehme gerne viel mit meinen Freunden. Was wolltest du als Kind gerne werden? Als Kind wollte ich lange Zeit Tier\u00e4rztin werden. Was w\u00fcrdest du mit auf eine einsame Insel nehmen? Solange die richtigen Personen dabei sind, w\u00fcrde ich nichts mitnehmen, was \u00fcber die Standardversorgung hinaus geht. Was bringt dich zum L\u00e4cheln? Die gemeinsamen Momente mit meiner Familie und meinen Freunden bringen mich zum L\u00e4cheln. Ganz besonders die vielen flachen Witze, die von ihnen gemacht werden.\",\"url\":\"https:\\\/\\\/www.vaillant.de\\\/21-grad\\\/autor\\\/michelle\\\/\"}]}<\/script>\n<!-- \/ Yoast SEO plugin. -->","yoast_head_json":{"title":"Nachhaltig Freude an Kleidung: 8 praktische Tipps | 21 grad","description":"60 - 80 % des Energieverbrauchs von Kleidung entsteht beim Waschen, Trocknen & B\u00fcgeln, was sie zudem alt aussehen l\u00e4sst. Erfahrt hier, wie's anders geht!","robots":{"index":"index","follow":"follow","max-snippet":"max-snippet:-1","max-image-preview":"max-image-preview:large","max-video-preview":"max-video-preview:-1"},"canonical":"https:\/\/www.vaillant.de\/21-grad\/rat-und-tat\/nachhaltig-freude-an-kleidung-8-praktische-tipps\/","og_locale":"de_DE","og_type":"article","og_title":"Nachhaltig Freude an Kleidung: 8 praktische Tipps | 21 grad","og_description":"60 - 80 % des Energieverbrauchs von Kleidung entsteht beim Waschen, Trocknen & B\u00fcgeln, was sie zudem alt aussehen l\u00e4sst. Erfahrt hier, wie's anders geht!","og_url":"https:\/\/www.vaillant.de\/21-grad\/rat-und-tat\/nachhaltig-freude-an-kleidung-8-praktische-tipps\/","og_site_name":"21 grad","article_publisher":"https:\/\/www.facebook.com\/21grad\/","article_published_time":"2022-01-26T13:27:00+00:00","og_image":[{"width":1920,"height":1280,"url":"https:\/\/www.vaillant.de\/21-grad\/wp-content\/uploads\/2022\/01\/ian-dooley-TT-ROxWj9nA-unsplash.jpg","type":"image\/jpeg"}],"author":"Michelle","twitter_card":"summary_large_image","twitter_creator":"@vaillant_de","twitter_site":"@vaillant_de","twitter_misc":{"Verfasst von":"Michelle","Gesch\u00e4tzte Lesezeit":"5\u00a0Minuten","Written by":"Michelle"},"schema":{"@context":"https:\/\/schema.org","@graph":[{"@type":"Article","@id":"https:\/\/www.vaillant.de\/21-grad\/rat-und-tat\/nachhaltig-freude-an-kleidung-8-praktische-tipps\/#article","isPartOf":{"@id":"https:\/\/www.vaillant.de\/21-grad\/rat-und-tat\/nachhaltig-freude-an-kleidung-8-praktische-tipps\/"},"author":{"name":"Michelle","@id":"https:\/\/www.vaillant.de\/21-grad\/#\/schema\/person\/59dade2831f8948753cd2b0f04ca4e24"},"headline":"Nachhaltig Freude an Kleidung \u2013 8 praktische Tipps","datePublished":"2022-01-26T13:27:00+00:00","mainEntityOfPage":{"@id":"https:\/\/www.vaillant.de\/21-grad\/rat-und-tat\/nachhaltig-freude-an-kleidung-8-praktische-tipps\/"},"wordCount":1272,"commentCount":0,"image":{"@id":"https:\/\/www.vaillant.de\/21-grad\/rat-und-tat\/nachhaltig-freude-an-kleidung-8-praktische-tipps\/#primaryimage"},"thumbnailUrl":"https:\/\/www.vaillant.de\/21-grad\/wp-content\/uploads\/2022\/01\/ian-dooley-TT-ROxWj9nA-unsplash.jpg","keywords":["Leben","Nachhaltigkeit","Nachhaltigkeitstipps"],"articleSection":["Rat &amp; Tat"],"inLanguage":"de","potentialAction":[{"@type":"CommentAction","name":"Comment","target":["https:\/\/www.vaillant.de\/21-grad\/rat-und-tat\/nachhaltig-freude-an-kleidung-8-praktische-tipps\/#respond"]}]},{"@type":"WebPage","@id":"https:\/\/www.vaillant.de\/21-grad\/rat-und-tat\/nachhaltig-freude-an-kleidung-8-praktische-tipps\/","url":"https:\/\/www.vaillant.de\/21-grad\/rat-und-tat\/nachhaltig-freude-an-kleidung-8-praktische-tipps\/","name":"Nachhaltig Freude an Kleidung: 8 praktische Tipps | 21 grad","isPartOf":{"@id":"https:\/\/www.vaillant.de\/21-grad\/#website"},"primaryImageOfPage":{"@id":"https:\/\/www.vaillant.de\/21-grad\/rat-und-tat\/nachhaltig-freude-an-kleidung-8-praktische-tipps\/#primaryimage"},"image":{"@id":"https:\/\/www.vaillant.de\/21-grad\/rat-und-tat\/nachhaltig-freude-an-kleidung-8-praktische-tipps\/#primaryimage"},"thumbnailUrl":"https:\/\/www.vaillant.de\/21-grad\/wp-content\/uploads\/2022\/01\/ian-dooley-TT-ROxWj9nA-unsplash.jpg","datePublished":"2022-01-26T13:27:00+00:00","author":{"@id":"https:\/\/www.vaillant.de\/21-grad\/#\/schema\/person\/59dade2831f8948753cd2b0f04ca4e24"},"description":"60 - 80 % des Energieverbrauchs von Kleidung entsteht beim Waschen, Trocknen & B\u00fcgeln, was sie zudem alt aussehen l\u00e4sst. Erfahrt hier, wie's anders geht!","breadcrumb":{"@id":"https:\/\/www.vaillant.de\/21-grad\/rat-und-tat\/nachhaltig-freude-an-kleidung-8-praktische-tipps\/#breadcrumb"},"inLanguage":"de","potentialAction":[{"@type":"ReadAction","target":["https:\/\/www.vaillant.de\/21-grad\/rat-und-tat\/nachhaltig-freude-an-kleidung-8-praktische-tipps\/"]}]},{"@type":"ImageObject","inLanguage":"de","@id":"https:\/\/www.vaillant.de\/21-grad\/rat-und-tat\/nachhaltig-freude-an-kleidung-8-praktische-tipps\/#primaryimage","url":"https:\/\/www.vaillant.de\/21-grad\/wp-content\/uploads\/2022\/01\/ian-dooley-TT-ROxWj9nA-unsplash.jpg","contentUrl":"https:\/\/www.vaillant.de\/21-grad\/wp-content\/uploads\/2022\/01\/ian-dooley-TT-ROxWj9nA-unsplash.jpg","width":1920,"height":1280,"caption":"Foto von ian dooley auf Unsplash"},{"@type":"BreadcrumbList","@id":"https:\/\/www.vaillant.de\/21-grad\/rat-und-tat\/nachhaltig-freude-an-kleidung-8-praktische-tipps\/#breadcrumb","itemListElement":[{"@type":"ListItem","position":1,"name":"Startseite","item":"https:\/\/www.vaillant.de\/21-grad\/"},{"@type":"ListItem","position":2,"name":"Nachhaltig Freude an Kleidung \u2013 8 praktische Tipps"}]},{"@type":"WebSite","@id":"https:\/\/www.vaillant.de\/21-grad\/#website","url":"https:\/\/www.vaillant.de\/21-grad\/","name":"21 grad","description":"Der Blog f\u00fcr Menschen, die weiterdenken","potentialAction":[{"@type":"SearchAction","target":{"@type":"EntryPoint","urlTemplate":"https:\/\/www.vaillant.de\/21-grad\/?s={search_term_string}"},"query-input":{"@type":"PropertyValueSpecification","valueRequired":true,"valueName":"search_term_string"}}],"inLanguage":"de"},{"@type":"Person","@id":"https:\/\/www.vaillant.de\/21-grad\/#\/schema\/person\/59dade2831f8948753cd2b0f04ca4e24","name":"Michelle","image":{"@type":"ImageObject","inLanguage":"de","@id":"https:\/\/www.vaillant.de\/21-grad\/wp-content\/uploads\/2022\/09\/Michelle-125x125.jpg5cb77cea14f51d99624ecb272fba6bb0","url":"https:\/\/www.vaillant.de\/21-grad\/wp-content\/uploads\/2022\/09\/Michelle-125x125.jpg","contentUrl":"https:\/\/www.vaillant.de\/21-grad\/wp-content\/uploads\/2022\/09\/Michelle-125x125.jpg","caption":"Michelle"},"description":"In meiner t\u00e4glichen Arbeit k\u00fcmmere ich mich haupts\u00e4chlich um Nutzeranfragen auf Social Media. Dabei sorge ich daf\u00fcr, dass diese Fragen und Anliegen bearbeitet werden. Nachhaltigkeit F\u00fcr mich bedeutet Nachhaltigkeit, m\u00f6glichst viele kurze Strecken zu Fu\u00df oder mit dem Fahrrad zur\u00fcckzulegen. Au\u00dferdem versuche ich durch kleine Dinge auf die Umwelt zu achten, indem ich z.B. meine eigenen Taschen zum Einkaufen mitnehme, statt bei jedem Einkauf neue T\u00fcten zu kaufen. Interessen In meiner Freizeit interessiert mich alles rund um Sport, ob selbst Handball spielen oder am Wochenende Fu\u00dfball schauen. Weiterhin reise ich sehr gerne und unternehme gerne viel mit meinen Freunden. Was wolltest du als Kind gerne werden? Als Kind wollte ich lange Zeit Tier\u00e4rztin werden. Was w\u00fcrdest du mit auf eine einsame Insel nehmen? Solange die richtigen Personen dabei sind, w\u00fcrde ich nichts mitnehmen, was \u00fcber die Standardversorgung hinaus geht. Was bringt dich zum L\u00e4cheln? Die gemeinsamen Momente mit meiner Familie und meinen Freunden bringen mich zum L\u00e4cheln. Ganz besonders die vielen flachen Witze, die von ihnen gemacht werden.","url":"https:\/\/www.vaillant.de\/21-grad\/autor\/michelle\/"}]}},"_links":{"self":[{"href":"https:\/\/www.vaillant.de\/21-grad\/wp-json\/wp\/v2\/posts\/6887","targetHints":{"allow":["GET"]}}],"collection":[{"href":"https:\/\/www.vaillant.de\/21-grad\/wp-json\/wp\/v2\/posts"}],"about":[{"href":"https:\/\/www.vaillant.de\/21-grad\/wp-json\/wp\/v2\/types\/post"}],"author":[{"embeddable":true,"href":"https:\/\/www.vaillant.de\/21-grad\/wp-json\/wp\/v2\/users\/23"}],"replies":[{"embeddable":true,"href":"https:\/\/www.vaillant.de\/21-grad\/wp-json\/wp\/v2\/comments?post=6887"}],"version-history":[{"count":8,"href":"https:\/\/www.vaillant.de\/21-grad\/wp-json\/wp\/v2\/posts\/6887\/revisions"}],"predecessor-version":[{"id":6914,"href":"https:\/\/www.vaillant.de\/21-grad\/wp-json\/wp\/v2\/posts\/6887\/revisions\/6914"}],"wp:featuredmedia":[{"embeddable":true,"href":"https:\/\/www.vaillant.de\/21-grad\/wp-json\/wp\/v2\/media\/6891"}],"wp:attachment":[{"href":"https:\/\/www.vaillant.de\/21-grad\/wp-json\/wp\/v2\/media?parent=6887"}],"wp:term":[{"taxonomy":"category","embeddable":true,"href":"https:\/\/www.vaillant.de\/21-grad\/wp-json\/wp\/v2\/categories?post=6887"},{"taxonomy":"post_tag","embeddable":true,"href":"https:\/\/www.vaillant.de\/21-grad\/wp-json\/wp\/v2\/tags?post=6887"},{"taxonomy":"author","embeddable":true,"href":"https:\/\/www.vaillant.de\/21-grad\/wp-json\/wp\/v2\/coauthors?post=6887"}],"curies":[{"name":"wp","href":"https:\/\/api.w.org\/{rel}","templated":true}]}}