{"id":6994,"date":"2022-03-07T14:51:04","date_gmt":"2022-03-07T13:51:04","guid":{"rendered":"https:\/\/www.vaillant.de\/21-grad\/?p=6994"},"modified":"2022-03-07T14:51:04","modified_gmt":"2022-03-07T13:51:04","slug":"lass-los-das-neue-elektro-und-elektronikgeraete-gesetz-ruecknahmepflichten-fuer-eine-umweltvertraegliche-entsorgung","status":"publish","type":"post","link":"https:\/\/www.vaillant.de\/21-grad\/wissen-und-wert\/lass-los-das-neue-elektro-und-elektronikgeraete-gesetz-ruecknahmepflichten-fuer-eine-umweltvertraegliche-entsorgung\/","title":{"rendered":"Lass los! Das neue Elektro- und Elektronikger\u00e4te-Gesetz \u2013 R\u00fccknahmepflichten f\u00fcr eine umweltvertr\u00e4gliche Entsorgung"},"content":{"rendered":"<p><a href=\"https:\/\/www.vaillant.de\/21-grad\/wp-content\/uploads\/2022\/03\/iStock-984719158.jpg\"><img loading=\"lazy\" decoding=\"async\" class=\"alignright size-medium wp-image-6997\" src=\"https:\/\/www.vaillant.de\/21-grad\/wp-content\/uploads\/2022\/03\/iStock-984719158-174x232.jpg\" alt=\"\" width=\"174\" height=\"232\" srcset=\"https:\/\/www.vaillant.de\/21-grad\/wp-content\/uploads\/2022\/03\/iStock-984719158-174x232.jpg 174w, https:\/\/www.vaillant.de\/21-grad\/wp-content\/uploads\/2022\/03\/iStock-984719158-359x480.jpg 359w, https:\/\/www.vaillant.de\/21-grad\/wp-content\/uploads\/2022\/03\/iStock-984719158-768x1027.jpg 768w, https:\/\/www.vaillant.de\/21-grad\/wp-content\/uploads\/2022\/03\/iStock-984719158-1149x1536.jpg 1149w, https:\/\/www.vaillant.de\/21-grad\/wp-content\/uploads\/2022\/03\/iStock-984719158.jpg 1151w\" sizes=\"auto, (max-width: 174px) 100vw, 174px\" \/><\/a>In jedem deutschen Haushalt finden sich unz\u00e4hlige Ger\u00e4te mit demselben Symbol: Die durchgestrichene M\u00fclltonne ist auf unterschiedlichsten Alltagsger\u00e4ten \u2013 von K\u00fchlschr\u00e4nken \u00fcber Elektrodurchlauferhitzern bis hin zu Handys zu finden und kennzeichnet Elektroger\u00e4te, die nicht in den Restm\u00fcll geh\u00f6ren, sondern korrekt entsorgt werden m\u00fcssen. Laut der Stiftung <a href=\"https:\/\/e-schrott-entsorgen.org\/\">EAR<\/a> fallen j\u00e4hrlich mehr als 20 Kilogramm Elektroschrott allein in Deutschland pro Person an. Diese gro\u00dfen Mengen gelten als wachsendes Problem. Weltweit kamen 2019 circa 53,6 Millionen Tonnen Elektroschrott zusammen. Dieser Wert soll laut <a href=\"https:\/\/ewastemonitor.info\/gem-2020\/\">Global E-Waste Monitor<\/a> bis 2030 auf sogar 74,7 Millionen Tonnen steigen.<\/p>\n<h2>Sammelquote erh\u00f6hen \u2013 Rohstoffe in der Kreislaufwirtschaft halten<\/h2>\n<p>Elektroschrott ist nicht einfach nur M\u00fcll. Oftmals enth\u00e4lt er wertvolle Rohstoffe wie Metalle, Kupfer und teilweise Gold auf Platinen. Diese Stoffe k\u00f6nnen \u00fcber die sogenannte Sammelquote recycelt werden und zur\u00fcck in die <a href=\"https:\/\/www.kfw.de\/stories\/dossier-kreislaufwirtschaft.html?kfwmc=kom.sea.google.kfwstories.run-of-site.textad|kall3&amp;wt_cc1=stories&amp;wt_cc2=kreislauf\">Kreislaufwirtschaft<\/a> flie\u00dfen. Die Sammelquote beschreibt die Anzahl der Altger\u00e4te, die \u00fcber kommunale Sammelstellen oder H\u00e4ndler dem Recyclingkreislauf zur\u00fcckgef\u00fchrt werden. Durch das \u00fcberarbeitete Elektro- und Elektronikger\u00e4tegesetz soll gezielt die R\u00fccknahme von Altger\u00e4ten gef\u00f6rdert und somit eine h\u00f6here Sammelquote in Deutschland erreicht werden. Laut EU muss seit 2019 die Menge an gesammelten Elektroaltger\u00e4ten mindestens 65 % des gemittelten Gesamtgewichts der in den drei Vorjahren in den Verkehr gebrachten Neuware entsprechen. Im Jahr 2019 lag die Sammelquote in Deutschland bei 44 Prozent, was laut Europ\u00e4ischem Parlament etwas \u00fcber dem Europ\u00e4ischen Durchschnitt liegt.<\/p>\n<h2>Neue Abfallregelungen ab 2022<\/h2>\n<p><img loading=\"lazy\" decoding=\"async\" class=\"size-medium wp-image-7000 alignleft\" src=\"https:\/\/www.vaillant.de\/21-grad\/wp-content\/uploads\/2022\/03\/iStock-493662928-348x232.jpg\" alt=\"\" width=\"348\" height=\"232\" srcset=\"https:\/\/www.vaillant.de\/21-grad\/wp-content\/uploads\/2022\/03\/iStock-493662928-348x232.jpg 348w, https:\/\/www.vaillant.de\/21-grad\/wp-content\/uploads\/2022\/03\/iStock-493662928-720x480.jpg 720w, https:\/\/www.vaillant.de\/21-grad\/wp-content\/uploads\/2022\/03\/iStock-493662928-768x512.jpg 768w, https:\/\/www.vaillant.de\/21-grad\/wp-content\/uploads\/2022\/03\/iStock-493662928.jpg 1000w\" sizes=\"auto, (max-width: 348px) 100vw, 348px\" \/>Das neue <a href=\"https:\/\/www.elektrogesetz.de\/gesetzestexte\/elektrog\/\">ElektroG3<\/a> gilt seit dem 1. Januar 2022 und regelt das Inverkehrbringen, die R\u00fccknahme und die umweltvertr\u00e4gliche Entsorgung von Elektro- und Elektronikger\u00e4ten. Davon betroffen: Alle Ger\u00e4te mit dem Durchgestrichene-M\u00fclltonne-Symbol, die umweltfreundlich entsorgt werden m\u00fcssen. Das f\u00f6rdert die Kreislaufwirtschaft und Schadstoffe gelangen nicht in die Umwelt.<\/p>\n<p>Bei H\u00e4ndlern konnten bisher kleine Altger\u00e4te wie Toaster und Fernbedienungen nur bedingt zur\u00fcckgegeben werden. N\u00e4mlich nur dann, wenn ihre Verkaufsfl\u00e4chen f\u00fcr Elektroger\u00e4te bei mindestens 400 Quadratmetern liegen. Das \u00e4ndert sich mit dem ElektroG3. Ab sp\u00e4testens 1. Juli 2022 gilt die Pflicht zur kostenlosen R\u00fccknahme auch f\u00fcr Vertreiber von Lebensmitteln. Das gilt zum Beispiel f\u00fcr Superm\u00e4rkte und Discounter, die eine Gesamtverkaufsfl\u00e4che von 800 Quadratmetern besitzen und mehrmals im Jahr Elektro- und Elektronikger\u00e4te anbieten. Die H\u00e4ndler stehen in der Informationspflicht \u00fcber das Recht auf kostenlose R\u00fcckgabe und -sendungen. Batterien, Akkus und Leuchtmittel k\u00f6nnen im Handel in Sammelboxen abgegeben werden.<\/p>\n<h2>Ausgeweitete R\u00fccknahmepflichten im Handel<\/h2>\n<p>Bei der R\u00fccknahme spielt es keine Rolle, wo die Altger\u00e4te urspr\u00fcnglich gekauft wurden. Drei Altger\u00e4te mit einer Kantenl\u00e4nge von maximal 25 Zentimetern m\u00fcssen H\u00e4ndler annehmen, ohne dass ein neues Ger\u00e4t vom Verbraucher gekauft werden muss (0:1 R\u00fccknahme). Gr\u00f6\u00dfere ausrangierte Elektro- und Elektronikger\u00e4te konnten bisher nur bei kommunalen Sammelstellen wie Wertstoffh\u00f6fen, Schadstoffmobilen oder mit sperrm\u00fcllbegleitender Abholung entsorgt werden. Fortan lassen sich Altger\u00e4te, mit einer Kantenl\u00e4nge gr\u00f6\u00dfer als 25 Zentimeter, bei Neukauf eines Ger\u00e4ts der gleichen Ger\u00e4teart unentgeltlich zur\u00fcckgegeben (1:1 R\u00fccknahme).<\/p>\n<h2>R\u00fccknahmepflicht bei Online- und Versandh\u00e4ndlern<\/h2>\n<p><img loading=\"lazy\" decoding=\"async\" class=\" wp-image-6996 alignright\" src=\"https:\/\/www.vaillant.de\/21-grad\/wp-content\/uploads\/2022\/03\/iStock-1285800812_kleiner-456x228.jpg\" alt=\"\" width=\"408\" height=\"204\" srcset=\"https:\/\/www.vaillant.de\/21-grad\/wp-content\/uploads\/2022\/03\/iStock-1285800812_kleiner-456x228.jpg 456w, https:\/\/www.vaillant.de\/21-grad\/wp-content\/uploads\/2022\/03\/iStock-1285800812_kleiner-940x470.jpg 940w, https:\/\/www.vaillant.de\/21-grad\/wp-content\/uploads\/2022\/03\/iStock-1285800812_kleiner-768x384.jpg 768w, https:\/\/www.vaillant.de\/21-grad\/wp-content\/uploads\/2022\/03\/iStock-1285800812_kleiner.jpg 1500w\" sizes=\"auto, (max-width: 408px) 100vw, 408px\" \/>Die R\u00fccknahmepflicht gilt auch f\u00fcr den Versand- und Onlinehandel. Das bisherige Elektrogesetz ElektroG2, mit dem die Abgabe alter Ger\u00e4te bei Onlineshops mit hohen R\u00fcckversandkosten bis zur Unm\u00f6glichkeit erschwert wurde, geh\u00f6rt nun der Vergangenheit an. Liegt die gesamte Lager- und Versandfl\u00e4che des Online-H\u00e4ndlers bei mindestens 400 Quadratmetern k\u00f6nnen Verbraucher Altger\u00e4te kostenlos zur\u00fcckgeben oder -senden. Ob ein H\u00e4ndler einen kostenlosen R\u00fcckversand oder eine alternative R\u00fccknahme bereitstellt, bleibt ihm \u00fcberlassen. Hinweise zu den R\u00fcckgabem\u00f6glichkeiten finden sich meist auf den Internetseiten der H\u00e4ndler. Online-Versandh\u00e4ndler m\u00fcssen Abholung und Entsorgung gro\u00dfer Altger\u00e4te in Zukunft aktiv anbieten und R\u00fcckgabem\u00f6glichkeiten f\u00fcr kleine Ger\u00e4te und f\u00fcr Lampen in zumutbarer Entfernung schaffen.<\/p>\n","protected":false},"excerpt":{"rendered":"<p>Waschmaschine, Heizl\u00fcfter, Drucker, Wasserkocher \u2013 Wir \u00e4rgern uns, wenn Elektroger\u00e4te ihre Lebensdauer erreicht haben und den elektrischen Geist aufgeben. Schnell ist ein neues Ger\u00e4t gekauft und das alte Teil verschwindet irgendwo im Keller. Doch wie entsorgen wir Elektroschrott eigentlich richtig? Seit Anfang des Jahres gilt das \u00fcberarbeitete Elektrogesetz \u201eElektroG3\u201c, das hier helfen soll. Wir erkl\u00e4ren euch, um was es geht. <\/p>\n","protected":false},"author":14,"featured_media":6999,"comment_status":"open","ping_status":"open","sticky":false,"template":"","format":"standard","meta":{"footnotes":""},"categories":[3],"tags":[106,174,23],"coauthors":[68],"class_list":["post-6994","post","type-post","status-publish","format-standard","has-post-thumbnail","hentry","category-wissen-und-wert","tag-konsum","tag-marktinfos","tag-nachhaltigkeit"],"yoast_head":"<!-- This site is optimized with the Yoast SEO plugin v27.4 - https:\/\/yoast.com\/product\/yoast-seo-wordpress\/ -->\n<title>Das neue Elektro- und Elektronikger\u00e4te-Gesetz | 21grad<\/title>\n<meta name=\"description\" content=\"Seit Anfang des Jahres gelten neue Verbraucherrechte bei der R\u00fccknahme von Elektroger\u00e4ten \u2013 Welche das sind erfahrt ihr hier!\" \/>\n<meta name=\"robots\" content=\"index, follow, max-snippet:-1, max-image-preview:large, max-video-preview:-1\" \/>\n<link rel=\"canonical\" href=\"https:\/\/www.vaillant.de\/21-grad\/wissen-und-wert\/lass-los-das-neue-elektro-und-elektronikgeraete-gesetz-ruecknahmepflichten-fuer-eine-umweltvertraegliche-entsorgung\/\" \/>\n<meta property=\"og:locale\" content=\"de_DE\" \/>\n<meta property=\"og:type\" content=\"article\" \/>\n<meta property=\"og:title\" content=\"Das neue Elektro- und Elektronikger\u00e4te-Gesetz | 21grad\" \/>\n<meta property=\"og:description\" content=\"Seit Anfang des Jahres gelten neue Verbraucherrechte bei der R\u00fccknahme von Elektroger\u00e4ten \u2013 Welche das sind erfahrt ihr hier!\" \/>\n<meta property=\"og:url\" content=\"https:\/\/www.vaillant.de\/21-grad\/wissen-und-wert\/lass-los-das-neue-elektro-und-elektronikgeraete-gesetz-ruecknahmepflichten-fuer-eine-umweltvertraegliche-entsorgung\/\" \/>\n<meta property=\"og:site_name\" content=\"21 grad\" \/>\n<meta property=\"article:publisher\" content=\"https:\/\/www.facebook.com\/21grad\/\" \/>\n<meta property=\"article:published_time\" content=\"2022-03-07T13:51:04+00:00\" \/>\n<meta property=\"og:image\" content=\"https:\/\/www.vaillant.de\/21-grad\/wp-content\/uploads\/2022\/03\/iStock-172777435.jpg\" \/>\n\t<meta property=\"og:image:width\" content=\"1500\" \/>\n\t<meta property=\"og:image:height\" content=\"1000\" \/>\n\t<meta property=\"og:image:type\" content=\"image\/jpeg\" \/>\n<meta name=\"author\" content=\"Jacqueline\" \/>\n<meta name=\"twitter:card\" content=\"summary_large_image\" \/>\n<meta name=\"twitter:creator\" content=\"@vaillant_de\" \/>\n<meta name=\"twitter:site\" content=\"@vaillant_de\" \/>\n<meta name=\"twitter:label1\" content=\"Verfasst von\" \/>\n\t<meta name=\"twitter:data1\" content=\"Jacqueline\" \/>\n\t<meta name=\"twitter:label2\" content=\"Gesch\u00e4tzte Lesezeit\" \/>\n\t<meta name=\"twitter:data2\" content=\"3\u00a0Minuten\" \/>\n\t<meta name=\"twitter:label3\" content=\"Written by\" \/>\n\t<meta name=\"twitter:data3\" content=\"Jacqueline\" \/>\n<script type=\"application\/ld+json\" class=\"yoast-schema-graph\">{\"@context\":\"https:\\\/\\\/schema.org\",\"@graph\":[{\"@type\":\"Article\",\"@id\":\"https:\\\/\\\/www.vaillant.de\\\/21-grad\\\/wissen-und-wert\\\/lass-los-das-neue-elektro-und-elektronikgeraete-gesetz-ruecknahmepflichten-fuer-eine-umweltvertraegliche-entsorgung\\\/#article\",\"isPartOf\":{\"@id\":\"https:\\\/\\\/www.vaillant.de\\\/21-grad\\\/wissen-und-wert\\\/lass-los-das-neue-elektro-und-elektronikgeraete-gesetz-ruecknahmepflichten-fuer-eine-umweltvertraegliche-entsorgung\\\/\"},\"author\":{\"name\":\"Jacqueline\",\"@id\":\"https:\\\/\\\/www.vaillant.de\\\/21-grad\\\/#\\\/schema\\\/person\\\/75a8b4aa6c2491a38cf9116850869d58\"},\"headline\":\"Lass los! Das neue Elektro- und Elektronikger\u00e4te-Gesetz \u2013 R\u00fccknahmepflichten f\u00fcr eine umweltvertr\u00e4gliche Entsorgung\",\"datePublished\":\"2022-03-07T13:51:04+00:00\",\"mainEntityOfPage\":{\"@id\":\"https:\\\/\\\/www.vaillant.de\\\/21-grad\\\/wissen-und-wert\\\/lass-los-das-neue-elektro-und-elektronikgeraete-gesetz-ruecknahmepflichten-fuer-eine-umweltvertraegliche-entsorgung\\\/\"},\"wordCount\":652,\"commentCount\":0,\"image\":{\"@id\":\"https:\\\/\\\/www.vaillant.de\\\/21-grad\\\/wissen-und-wert\\\/lass-los-das-neue-elektro-und-elektronikgeraete-gesetz-ruecknahmepflichten-fuer-eine-umweltvertraegliche-entsorgung\\\/#primaryimage\"},\"thumbnailUrl\":\"https:\\\/\\\/www.vaillant.de\\\/21-grad\\\/wp-content\\\/uploads\\\/2022\\\/03\\\/iStock-172777435.jpg\",\"keywords\":[\"Konsum\",\"Marktinfos\",\"Nachhaltigkeit\"],\"articleSection\":[\"Wissen &amp; Wert\"],\"inLanguage\":\"de\",\"potentialAction\":[{\"@type\":\"CommentAction\",\"name\":\"Comment\",\"target\":[\"https:\\\/\\\/www.vaillant.de\\\/21-grad\\\/wissen-und-wert\\\/lass-los-das-neue-elektro-und-elektronikgeraete-gesetz-ruecknahmepflichten-fuer-eine-umweltvertraegliche-entsorgung\\\/#respond\"]}]},{\"@type\":\"WebPage\",\"@id\":\"https:\\\/\\\/www.vaillant.de\\\/21-grad\\\/wissen-und-wert\\\/lass-los-das-neue-elektro-und-elektronikgeraete-gesetz-ruecknahmepflichten-fuer-eine-umweltvertraegliche-entsorgung\\\/\",\"url\":\"https:\\\/\\\/www.vaillant.de\\\/21-grad\\\/wissen-und-wert\\\/lass-los-das-neue-elektro-und-elektronikgeraete-gesetz-ruecknahmepflichten-fuer-eine-umweltvertraegliche-entsorgung\\\/\",\"name\":\"Das neue Elektro- und Elektronikger\u00e4te-Gesetz | 21grad\",\"isPartOf\":{\"@id\":\"https:\\\/\\\/www.vaillant.de\\\/21-grad\\\/#website\"},\"primaryImageOfPage\":{\"@id\":\"https:\\\/\\\/www.vaillant.de\\\/21-grad\\\/wissen-und-wert\\\/lass-los-das-neue-elektro-und-elektronikgeraete-gesetz-ruecknahmepflichten-fuer-eine-umweltvertraegliche-entsorgung\\\/#primaryimage\"},\"image\":{\"@id\":\"https:\\\/\\\/www.vaillant.de\\\/21-grad\\\/wissen-und-wert\\\/lass-los-das-neue-elektro-und-elektronikgeraete-gesetz-ruecknahmepflichten-fuer-eine-umweltvertraegliche-entsorgung\\\/#primaryimage\"},\"thumbnailUrl\":\"https:\\\/\\\/www.vaillant.de\\\/21-grad\\\/wp-content\\\/uploads\\\/2022\\\/03\\\/iStock-172777435.jpg\",\"datePublished\":\"2022-03-07T13:51:04+00:00\",\"author\":{\"@id\":\"https:\\\/\\\/www.vaillant.de\\\/21-grad\\\/#\\\/schema\\\/person\\\/75a8b4aa6c2491a38cf9116850869d58\"},\"description\":\"Seit Anfang des Jahres gelten neue Verbraucherrechte bei der R\u00fccknahme von Elektroger\u00e4ten \u2013 Welche das sind erfahrt ihr hier!\",\"breadcrumb\":{\"@id\":\"https:\\\/\\\/www.vaillant.de\\\/21-grad\\\/wissen-und-wert\\\/lass-los-das-neue-elektro-und-elektronikgeraete-gesetz-ruecknahmepflichten-fuer-eine-umweltvertraegliche-entsorgung\\\/#breadcrumb\"},\"inLanguage\":\"de\",\"potentialAction\":[{\"@type\":\"ReadAction\",\"target\":[\"https:\\\/\\\/www.vaillant.de\\\/21-grad\\\/wissen-und-wert\\\/lass-los-das-neue-elektro-und-elektronikgeraete-gesetz-ruecknahmepflichten-fuer-eine-umweltvertraegliche-entsorgung\\\/\"]}]},{\"@type\":\"ImageObject\",\"inLanguage\":\"de\",\"@id\":\"https:\\\/\\\/www.vaillant.de\\\/21-grad\\\/wissen-und-wert\\\/lass-los-das-neue-elektro-und-elektronikgeraete-gesetz-ruecknahmepflichten-fuer-eine-umweltvertraegliche-entsorgung\\\/#primaryimage\",\"url\":\"https:\\\/\\\/www.vaillant.de\\\/21-grad\\\/wp-content\\\/uploads\\\/2022\\\/03\\\/iStock-172777435.jpg\",\"contentUrl\":\"https:\\\/\\\/www.vaillant.de\\\/21-grad\\\/wp-content\\\/uploads\\\/2022\\\/03\\\/iStock-172777435.jpg\",\"width\":1500,\"height\":1000},{\"@type\":\"BreadcrumbList\",\"@id\":\"https:\\\/\\\/www.vaillant.de\\\/21-grad\\\/wissen-und-wert\\\/lass-los-das-neue-elektro-und-elektronikgeraete-gesetz-ruecknahmepflichten-fuer-eine-umweltvertraegliche-entsorgung\\\/#breadcrumb\",\"itemListElement\":[{\"@type\":\"ListItem\",\"position\":1,\"name\":\"Startseite\",\"item\":\"https:\\\/\\\/www.vaillant.de\\\/21-grad\\\/\"},{\"@type\":\"ListItem\",\"position\":2,\"name\":\"Lass los! Das neue Elektro- und Elektronikger\u00e4te-Gesetz \u2013 R\u00fccknahmepflichten f\u00fcr eine umweltvertr\u00e4gliche Entsorgung\"}]},{\"@type\":\"WebSite\",\"@id\":\"https:\\\/\\\/www.vaillant.de\\\/21-grad\\\/#website\",\"url\":\"https:\\\/\\\/www.vaillant.de\\\/21-grad\\\/\",\"name\":\"21 grad\",\"description\":\"Der Blog f\u00fcr Menschen, die weiterdenken\",\"potentialAction\":[{\"@type\":\"SearchAction\",\"target\":{\"@type\":\"EntryPoint\",\"urlTemplate\":\"https:\\\/\\\/www.vaillant.de\\\/21-grad\\\/?s={search_term_string}\"},\"query-input\":{\"@type\":\"PropertyValueSpecification\",\"valueRequired\":true,\"valueName\":\"search_term_string\"}}],\"inLanguage\":\"de\"},{\"@type\":\"Person\",\"@id\":\"https:\\\/\\\/www.vaillant.de\\\/21-grad\\\/#\\\/schema\\\/person\\\/75a8b4aa6c2491a38cf9116850869d58\",\"name\":\"Jacqueline\",\"image\":{\"@type\":\"ImageObject\",\"inLanguage\":\"de\",\"@id\":\"https:\\\/\\\/www.vaillant.de\\\/21-grad\\\/wp-content\\\/uploads\\\/2018\\\/06\\\/Portrait-250-125x125.jpgfc8ce6b31ae0347d9e261097d2ccecbb\",\"url\":\"https:\\\/\\\/www.vaillant.de\\\/21-grad\\\/wp-content\\\/uploads\\\/2018\\\/06\\\/Portrait-250-125x125.jpg\",\"contentUrl\":\"https:\\\/\\\/www.vaillant.de\\\/21-grad\\\/wp-content\\\/uploads\\\/2018\\\/06\\\/Portrait-250-125x125.jpg\",\"caption\":\"Jacqueline\"},\"description\":\"In meinem Arbeitsalltag dreht sich alles rund um digitale Themen. Ich sorge f\u00fcr die Auffindbarkeit des Unternehmens im Web, indem ich unsere Webseite immer wieder mit neuen und relevanten Inhalten best\u00fccke. Dabei ist mir besonders wichtig, dass Ihr schnell und einfach an gew\u00fcnschte Informationen gelangt. Nachhaltigkeit F\u00fcr mich bedeutet Nachhaltigkeit, auch im Alltag die Umwelt durch kleine Dinge zu entlasten. Ich fahre deswegen morgens mit dem Bus zur Arbeit, nehme zum Einkaufen meine Baumwollbeutel mit und kaufe bevorzugt Bioprodukte. Interessen In meiner Freizeit verbringe ich gerne viel Zeit mit Freuden, liebe meinen Tanzsport und spiele gerne Brettspiele. Zudem reise ich sehr gerne. Was w\u00fcrdest du tun, wenn du noch einen Tag zu leben h\u00e4ttest? Ich w\u00fcrde etwas Verr\u00fccktes wie einen Fallschirmsprung machen. Und anschlie\u00dfend eine gro\u00dfe Party mit Freunden. Wenn du eine Superkraft h\u00e4ttest, welche w\u00e4re das und warum? Ich w\u00fcrde gerne unter Wasser atmen k\u00f6nnen. Ich liebe die endlosen Weiten des Meeres und k\u00f6nnte den ganzen Tag im und unter Wasser verbringen. Was bringt dich zum l\u00e4cheln? Ein warmer Sommertag mit viel Sonne.\",\"url\":\"https:\\\/\\\/www.vaillant.de\\\/21-grad\\\/autor\\\/jacqueline\\\/\"}]}<\/script>\n<!-- \/ Yoast SEO plugin. -->","yoast_head_json":{"title":"Das neue Elektro- und Elektronikger\u00e4te-Gesetz | 21grad","description":"Seit Anfang des Jahres gelten neue Verbraucherrechte bei der R\u00fccknahme von Elektroger\u00e4ten \u2013 Welche das sind erfahrt ihr hier!","robots":{"index":"index","follow":"follow","max-snippet":"max-snippet:-1","max-image-preview":"max-image-preview:large","max-video-preview":"max-video-preview:-1"},"canonical":"https:\/\/www.vaillant.de\/21-grad\/wissen-und-wert\/lass-los-das-neue-elektro-und-elektronikgeraete-gesetz-ruecknahmepflichten-fuer-eine-umweltvertraegliche-entsorgung\/","og_locale":"de_DE","og_type":"article","og_title":"Das neue Elektro- und Elektronikger\u00e4te-Gesetz | 21grad","og_description":"Seit Anfang des Jahres gelten neue Verbraucherrechte bei der R\u00fccknahme von Elektroger\u00e4ten \u2013 Welche das sind erfahrt ihr hier!","og_url":"https:\/\/www.vaillant.de\/21-grad\/wissen-und-wert\/lass-los-das-neue-elektro-und-elektronikgeraete-gesetz-ruecknahmepflichten-fuer-eine-umweltvertraegliche-entsorgung\/","og_site_name":"21 grad","article_publisher":"https:\/\/www.facebook.com\/21grad\/","article_published_time":"2022-03-07T13:51:04+00:00","og_image":[{"width":1500,"height":1000,"url":"https:\/\/www.vaillant.de\/21-grad\/wp-content\/uploads\/2022\/03\/iStock-172777435.jpg","type":"image\/jpeg"}],"author":"Jacqueline","twitter_card":"summary_large_image","twitter_creator":"@vaillant_de","twitter_site":"@vaillant_de","twitter_misc":{"Verfasst von":"Jacqueline","Gesch\u00e4tzte Lesezeit":"3\u00a0Minuten","Written by":"Jacqueline"},"schema":{"@context":"https:\/\/schema.org","@graph":[{"@type":"Article","@id":"https:\/\/www.vaillant.de\/21-grad\/wissen-und-wert\/lass-los-das-neue-elektro-und-elektronikgeraete-gesetz-ruecknahmepflichten-fuer-eine-umweltvertraegliche-entsorgung\/#article","isPartOf":{"@id":"https:\/\/www.vaillant.de\/21-grad\/wissen-und-wert\/lass-los-das-neue-elektro-und-elektronikgeraete-gesetz-ruecknahmepflichten-fuer-eine-umweltvertraegliche-entsorgung\/"},"author":{"name":"Jacqueline","@id":"https:\/\/www.vaillant.de\/21-grad\/#\/schema\/person\/75a8b4aa6c2491a38cf9116850869d58"},"headline":"Lass los! Das neue Elektro- und Elektronikger\u00e4te-Gesetz \u2013 R\u00fccknahmepflichten f\u00fcr eine umweltvertr\u00e4gliche Entsorgung","datePublished":"2022-03-07T13:51:04+00:00","mainEntityOfPage":{"@id":"https:\/\/www.vaillant.de\/21-grad\/wissen-und-wert\/lass-los-das-neue-elektro-und-elektronikgeraete-gesetz-ruecknahmepflichten-fuer-eine-umweltvertraegliche-entsorgung\/"},"wordCount":652,"commentCount":0,"image":{"@id":"https:\/\/www.vaillant.de\/21-grad\/wissen-und-wert\/lass-los-das-neue-elektro-und-elektronikgeraete-gesetz-ruecknahmepflichten-fuer-eine-umweltvertraegliche-entsorgung\/#primaryimage"},"thumbnailUrl":"https:\/\/www.vaillant.de\/21-grad\/wp-content\/uploads\/2022\/03\/iStock-172777435.jpg","keywords":["Konsum","Marktinfos","Nachhaltigkeit"],"articleSection":["Wissen &amp; Wert"],"inLanguage":"de","potentialAction":[{"@type":"CommentAction","name":"Comment","target":["https:\/\/www.vaillant.de\/21-grad\/wissen-und-wert\/lass-los-das-neue-elektro-und-elektronikgeraete-gesetz-ruecknahmepflichten-fuer-eine-umweltvertraegliche-entsorgung\/#respond"]}]},{"@type":"WebPage","@id":"https:\/\/www.vaillant.de\/21-grad\/wissen-und-wert\/lass-los-das-neue-elektro-und-elektronikgeraete-gesetz-ruecknahmepflichten-fuer-eine-umweltvertraegliche-entsorgung\/","url":"https:\/\/www.vaillant.de\/21-grad\/wissen-und-wert\/lass-los-das-neue-elektro-und-elektronikgeraete-gesetz-ruecknahmepflichten-fuer-eine-umweltvertraegliche-entsorgung\/","name":"Das neue Elektro- und Elektronikger\u00e4te-Gesetz | 21grad","isPartOf":{"@id":"https:\/\/www.vaillant.de\/21-grad\/#website"},"primaryImageOfPage":{"@id":"https:\/\/www.vaillant.de\/21-grad\/wissen-und-wert\/lass-los-das-neue-elektro-und-elektronikgeraete-gesetz-ruecknahmepflichten-fuer-eine-umweltvertraegliche-entsorgung\/#primaryimage"},"image":{"@id":"https:\/\/www.vaillant.de\/21-grad\/wissen-und-wert\/lass-los-das-neue-elektro-und-elektronikgeraete-gesetz-ruecknahmepflichten-fuer-eine-umweltvertraegliche-entsorgung\/#primaryimage"},"thumbnailUrl":"https:\/\/www.vaillant.de\/21-grad\/wp-content\/uploads\/2022\/03\/iStock-172777435.jpg","datePublished":"2022-03-07T13:51:04+00:00","author":{"@id":"https:\/\/www.vaillant.de\/21-grad\/#\/schema\/person\/75a8b4aa6c2491a38cf9116850869d58"},"description":"Seit Anfang des Jahres gelten neue Verbraucherrechte bei der R\u00fccknahme von Elektroger\u00e4ten \u2013 Welche das sind erfahrt ihr hier!","breadcrumb":{"@id":"https:\/\/www.vaillant.de\/21-grad\/wissen-und-wert\/lass-los-das-neue-elektro-und-elektronikgeraete-gesetz-ruecknahmepflichten-fuer-eine-umweltvertraegliche-entsorgung\/#breadcrumb"},"inLanguage":"de","potentialAction":[{"@type":"ReadAction","target":["https:\/\/www.vaillant.de\/21-grad\/wissen-und-wert\/lass-los-das-neue-elektro-und-elektronikgeraete-gesetz-ruecknahmepflichten-fuer-eine-umweltvertraegliche-entsorgung\/"]}]},{"@type":"ImageObject","inLanguage":"de","@id":"https:\/\/www.vaillant.de\/21-grad\/wissen-und-wert\/lass-los-das-neue-elektro-und-elektronikgeraete-gesetz-ruecknahmepflichten-fuer-eine-umweltvertraegliche-entsorgung\/#primaryimage","url":"https:\/\/www.vaillant.de\/21-grad\/wp-content\/uploads\/2022\/03\/iStock-172777435.jpg","contentUrl":"https:\/\/www.vaillant.de\/21-grad\/wp-content\/uploads\/2022\/03\/iStock-172777435.jpg","width":1500,"height":1000},{"@type":"BreadcrumbList","@id":"https:\/\/www.vaillant.de\/21-grad\/wissen-und-wert\/lass-los-das-neue-elektro-und-elektronikgeraete-gesetz-ruecknahmepflichten-fuer-eine-umweltvertraegliche-entsorgung\/#breadcrumb","itemListElement":[{"@type":"ListItem","position":1,"name":"Startseite","item":"https:\/\/www.vaillant.de\/21-grad\/"},{"@type":"ListItem","position":2,"name":"Lass los! Das neue Elektro- und Elektronikger\u00e4te-Gesetz \u2013 R\u00fccknahmepflichten f\u00fcr eine umweltvertr\u00e4gliche Entsorgung"}]},{"@type":"WebSite","@id":"https:\/\/www.vaillant.de\/21-grad\/#website","url":"https:\/\/www.vaillant.de\/21-grad\/","name":"21 grad","description":"Der Blog f\u00fcr Menschen, die weiterdenken","potentialAction":[{"@type":"SearchAction","target":{"@type":"EntryPoint","urlTemplate":"https:\/\/www.vaillant.de\/21-grad\/?s={search_term_string}"},"query-input":{"@type":"PropertyValueSpecification","valueRequired":true,"valueName":"search_term_string"}}],"inLanguage":"de"},{"@type":"Person","@id":"https:\/\/www.vaillant.de\/21-grad\/#\/schema\/person\/75a8b4aa6c2491a38cf9116850869d58","name":"Jacqueline","image":{"@type":"ImageObject","inLanguage":"de","@id":"https:\/\/www.vaillant.de\/21-grad\/wp-content\/uploads\/2018\/06\/Portrait-250-125x125.jpgfc8ce6b31ae0347d9e261097d2ccecbb","url":"https:\/\/www.vaillant.de\/21-grad\/wp-content\/uploads\/2018\/06\/Portrait-250-125x125.jpg","contentUrl":"https:\/\/www.vaillant.de\/21-grad\/wp-content\/uploads\/2018\/06\/Portrait-250-125x125.jpg","caption":"Jacqueline"},"description":"In meinem Arbeitsalltag dreht sich alles rund um digitale Themen. Ich sorge f\u00fcr die Auffindbarkeit des Unternehmens im Web, indem ich unsere Webseite immer wieder mit neuen und relevanten Inhalten best\u00fccke. Dabei ist mir besonders wichtig, dass Ihr schnell und einfach an gew\u00fcnschte Informationen gelangt. Nachhaltigkeit F\u00fcr mich bedeutet Nachhaltigkeit, auch im Alltag die Umwelt durch kleine Dinge zu entlasten. Ich fahre deswegen morgens mit dem Bus zur Arbeit, nehme zum Einkaufen meine Baumwollbeutel mit und kaufe bevorzugt Bioprodukte. Interessen In meiner Freizeit verbringe ich gerne viel Zeit mit Freuden, liebe meinen Tanzsport und spiele gerne Brettspiele. Zudem reise ich sehr gerne. Was w\u00fcrdest du tun, wenn du noch einen Tag zu leben h\u00e4ttest? Ich w\u00fcrde etwas Verr\u00fccktes wie einen Fallschirmsprung machen. Und anschlie\u00dfend eine gro\u00dfe Party mit Freunden. Wenn du eine Superkraft h\u00e4ttest, welche w\u00e4re das und warum? Ich w\u00fcrde gerne unter Wasser atmen k\u00f6nnen. Ich liebe die endlosen Weiten des Meeres und k\u00f6nnte den ganzen Tag im und unter Wasser verbringen. Was bringt dich zum l\u00e4cheln? Ein warmer Sommertag mit viel Sonne.","url":"https:\/\/www.vaillant.de\/21-grad\/autor\/jacqueline\/"}]}},"_links":{"self":[{"href":"https:\/\/www.vaillant.de\/21-grad\/wp-json\/wp\/v2\/posts\/6994","targetHints":{"allow":["GET"]}}],"collection":[{"href":"https:\/\/www.vaillant.de\/21-grad\/wp-json\/wp\/v2\/posts"}],"about":[{"href":"https:\/\/www.vaillant.de\/21-grad\/wp-json\/wp\/v2\/types\/post"}],"author":[{"embeddable":true,"href":"https:\/\/www.vaillant.de\/21-grad\/wp-json\/wp\/v2\/users\/14"}],"replies":[{"embeddable":true,"href":"https:\/\/www.vaillant.de\/21-grad\/wp-json\/wp\/v2\/comments?post=6994"}],"version-history":[{"count":3,"href":"https:\/\/www.vaillant.de\/21-grad\/wp-json\/wp\/v2\/posts\/6994\/revisions"}],"predecessor-version":[{"id":7003,"href":"https:\/\/www.vaillant.de\/21-grad\/wp-json\/wp\/v2\/posts\/6994\/revisions\/7003"}],"wp:featuredmedia":[{"embeddable":true,"href":"https:\/\/www.vaillant.de\/21-grad\/wp-json\/wp\/v2\/media\/6999"}],"wp:attachment":[{"href":"https:\/\/www.vaillant.de\/21-grad\/wp-json\/wp\/v2\/media?parent=6994"}],"wp:term":[{"taxonomy":"category","embeddable":true,"href":"https:\/\/www.vaillant.de\/21-grad\/wp-json\/wp\/v2\/categories?post=6994"},{"taxonomy":"post_tag","embeddable":true,"href":"https:\/\/www.vaillant.de\/21-grad\/wp-json\/wp\/v2\/tags?post=6994"},{"taxonomy":"author","embeddable":true,"href":"https:\/\/www.vaillant.de\/21-grad\/wp-json\/wp\/v2\/coauthors?post=6994"}],"curies":[{"name":"wp","href":"https:\/\/api.w.org\/{rel}","templated":true}]}}