{"id":7078,"date":"2022-04-12T08:57:32","date_gmt":"2022-04-12T06:57:32","guid":{"rendered":"https:\/\/www.vaillant.de\/21-grad\/?p=7078"},"modified":"2022-04-12T08:57:32","modified_gmt":"2022-04-12T06:57:32","slug":"verbuendete-beim-klimaschutz-pilze-moore-und-mechanische-baeume","status":"publish","type":"post","link":"https:\/\/www.vaillant.de\/21-grad\/wissen-und-wert\/verbuendete-beim-klimaschutz-pilze-moore-und-mechanische-baeume\/","title":{"rendered":"Verb\u00fcndete beim Klimaschutz: Pilze, Moore und mechanische B\u00e4ume"},"content":{"rendered":"<p>Warum ist die Bindung von Kohlenstoff so wichtig? Weil er in Verbindung mit Sauerstoff klimasch\u00e4dliches CO<sub>2<\/sub> bildet. B\u00e4ume speichern Kohlenstoff f\u00fcr die Dauer ihres Lebens: Sie entziehen der Atmosph\u00e4re CO<sub>2<\/sub>, lagern den Kohlenstoff ein und geben den Sauerstoff wieder an die Luft ab. Verrottet der Baum Jahre sp\u00e4ter, setzt er den Kohlenstoff wieder frei, der sich dann erneut mit Sauerstoff zu Kohlendioxid verbindet. Verbauen wir Holz, entziehen wir den Kohlenstoff oft f\u00fcr Jahrzehnte \u2013 eben so lange, wie das Holzhaus oder das M\u00f6belst\u00fcck genutzt wird. Ein Grund, warum der <a href=\"https:\/\/www.vaillant.de\/21-grad\/wissen-und-wert\/astreines-baumaterial-holz-der-natuerliche-co2-killer\/\"><u>Holzbau <\/u><\/a>als nachhaltige Alternative zum Bauen mit Beton aktuell so boomt. Doch neben den B\u00e4umen haben wir weitere starke Verb\u00fcndete im Klimaschutz.<\/p>\n<h2><strong>Unterirdische Pilznetzwerke binden den CO<sub>2<\/sub>-Aussto\u00df der USA <\/strong><\/h2>\n<p><img loading=\"lazy\" decoding=\"async\" class=\"size-medium wp-image-7087 alignright\" src=\"https:\/\/www.vaillant.de\/21-grad\/wp-content\/uploads\/2022\/04\/iStock-521263035-1-348x232.jpg\" alt=\"Dieses Bild zeigt Pilzmyzel.\" width=\"348\" height=\"232\" srcset=\"https:\/\/www.vaillant.de\/21-grad\/wp-content\/uploads\/2022\/04\/iStock-521263035-1-348x232.jpg 348w, https:\/\/www.vaillant.de\/21-grad\/wp-content\/uploads\/2022\/04\/iStock-521263035-1-720x480.jpg 720w, https:\/\/www.vaillant.de\/21-grad\/wp-content\/uploads\/2022\/04\/iStock-521263035-1-768x512.jpg 768w, https:\/\/www.vaillant.de\/21-grad\/wp-content\/uploads\/2022\/04\/iStock-521263035-1.jpg 1000w\" sizes=\"auto, (max-width: 348px) 100vw, 348px\" \/>Pilze sind gr\u00f6\u00dftenteils unsichtbar, denn die meisten von ihnen leben in Netzwerken r\u00f6hrenf\u00f6rmiger Zellen in den obersten zehn Zentimetern des Bodens. Dieses sogenannte Pilzmyzel ist mehr als 450 Billiarden Kilometer lang \u2013 also etwa halb so breit wie unsere Galaxie.<\/p>\n<p>Sehr viele Pflanzen sind von Mykorrhizapilzen abh\u00e4ngig: Diese \u201eWurzelpilze\u201c (mykes = Pilze, rhiza = Wurzel) versorgen sie mit N\u00e4hrstoffen, bewahren vor Krankheiten und verkn\u00fcpfen sie zu gemeinsamen Netzwerken. Gr\u00f6\u00dfter Feind der Mykorrhizapilze ist der Mensch. Sch\u00e4tzungen zufolge werden wir bis 2050 gut 90 Prozent der B\u00f6den zerst\u00f6rt haben \u2013 durch eine Kombination aus Pfl\u00fcgen, dem Einsatz von schwerem Ger\u00e4t sowie chemischen D\u00fcnge- und Pflanzenschutzmitteln. Nicht zuletzt zu Lasten der Gesundheit unserer B\u00e4umen, die wie die Mykorrhiza-Netze selbst eine wichtige Kohlenstoffsenke sind.<\/p>\n<p>Weltweit entziehen Bodenpilze der Atmosph\u00e4re mindestens f\u00fcnf Milliarden Tonnen CO<sub>2<\/sub> pro Jahr \u2013 was in etwa dem j\u00e4hrlichen Aussto\u00df der USA entspricht. Selbst eine kleine Verringerung des Vorkommens von Pilznetzwerken hat gro\u00dfe Effekte: Eine Freisetzung von nur 0,1 % des heute in Europas B\u00f6den gespeicherten Kohlenstoffs entspricht der Jahresemission von 100 Millionen Autos.Organisationen wie die \u201eSociety for the Protection of Underground Networks\u201c (Spun), die \u201eFungi Foundation\u201c und \u201eGlobalFungi\u201c setzen sich f\u00fcr die \u00d6kosysteme des Bodens ein. Sie kartieren die Pilznetzwerke der Erde und verfolgen sie, um Wissen als Basis f\u00fcr dringend ben\u00f6tigte Erhaltungs- und Erholungsma\u00dfnahmen zu sammeln. Dar\u00fcber hinaus arbeiten Forscher an der Entwicklung von pilzbasierten Materialien, darunter auch an Baustoffen: <u>\u201e<a href=\"https:\/\/www.vaillant.de\/21-grad\/technik-und-trends\/das-neue-steinzeitalter\/\">Das neue Steinzeitalter<\/a>\u201c<\/u>.<\/p>\n<h2><strong>Nasse Moore binden mehr als doppelt so viel Kohlenstoff wie alle W\u00e4lder der Erde zusammen<\/strong><\/h2>\n<p>Das verbl\u00fcffende daran: Moore bedecken nur drei Prozent der Erdoberfl\u00e4che \u2013 W\u00e4lder dagegen 30 Prozent. Werden Moore trockengelegt, um sie zu bebauen, landwirtschaftlich oder fortwirtschaftlich zu nutzen, geben sie den eingelagerten Kohlenstoff wieder frei. Sie verhalten sich also genauso wie verrottende B\u00e4ume oder absterbendes Pilzmyzel.<\/p>\n<img loading=\"lazy\" decoding=\"async\" class=\"wp-image-7086 alignleft\" src=\"https:\/\/www.vaillant.de\/21-grad\/wp-content\/uploads\/2022\/04\/mario-dobelmann-MvrcSb7jzSw-unsplash-002-348x232.jpg\" alt=\"Auf dem Bild ist ein Moor zu sehen.\" width=\"386\" height=\"257\" srcset=\"https:\/\/www.vaillant.de\/21-grad\/wp-content\/uploads\/2022\/04\/mario-dobelmann-MvrcSb7jzSw-unsplash-002-348x232.jpg 348w, https:\/\/www.vaillant.de\/21-grad\/wp-content\/uploads\/2022\/04\/mario-dobelmann-MvrcSb7jzSw-unsplash-002-721x480.jpg 721w, https:\/\/www.vaillant.de\/21-grad\/wp-content\/uploads\/2022\/04\/mario-dobelmann-MvrcSb7jzSw-unsplash-002-768x511.jpg 768w, https:\/\/www.vaillant.de\/21-grad\/wp-content\/uploads\/2022\/04\/mario-dobelmann-MvrcSb7jzSw-unsplash-002.jpg 1200w\" sizes=\"auto, (max-width: 386px) 100vw, 386px\" \/>\n<p>Allein in Deutschland setzen entw\u00e4sserte Moorb\u00f6den j\u00e4hrlich etwa 44 Millionen Tonnen Kohlendioxid-\u00c4quivalente frei. Forscherinnen und Forscher in aller Welt versuchen deshalb, Moorfl\u00e4chen wieder zu vern\u00e4ssen, indem sie den eingeleiteten Wasserentzug stoppen und zum Beispiel Schilf oder Rohrkolben anbauen.<\/p>\n<p>Langfristig k\u00f6nnte sich die Renaturierung sogar f\u00fcr die Landwirtschaft lohnen: Nasse Moore speichern das Regenwasser wie Schw\u00e4mme zwischen und verbessern in hei\u00dfen Sommern die Ertr\u00e4ge umliegender Fl\u00e4chen, indem sie k\u00fchlend wirken. Doch auch hierf\u00fcr bedarf es politischer Schritte sowie einer Aufwertung des Moorschutzes insgesamt \u2013 entsprechend seiner Bedeutung f\u00fcr das Klima.<\/p>\n<div class=\"infobox hint\"><\/p>\n<p><strong>CO<sub>2<\/sub>-Speicher Moor \u2013 So funktioniert\u2018s<\/strong><\/p>\n<p>Nasse Moore erschweren es Mikroorganismen, absterbende Pflanzenreste zu zersetzen. In der Folge lagern sich die Pflanzenreste an und werden zu Torf. Dieser wiederum speichert den Kohlenstoff, den die Pflanzen der Luft einst durch Photosynthese entnommen haben \u2013 \u00a0f\u00fcr Jahrhunderte, wenn nicht sogar Jahrtausende.<\/p>\n<p><\/div>\n<h2><strong>\u00a0<\/strong><strong>CO<sub>2<\/sub>-Staubsauger: Forscher bauen mechanische W\u00e4lder<\/strong><\/h2>\n<p><img loading=\"lazy\" decoding=\"async\" class=\" wp-image-7091 alignright\" src=\"https:\/\/www.vaillant.de\/21-grad\/wp-content\/uploads\/2022\/04\/brochure_tiburio_imageonly-01-179x232.jpg\" alt=\"\" width=\"288\" height=\"373\" srcset=\"https:\/\/www.vaillant.de\/21-grad\/wp-content\/uploads\/2022\/04\/brochure_tiburio_imageonly-01-179x232.jpg 179w, https:\/\/www.vaillant.de\/21-grad\/wp-content\/uploads\/2022\/04\/brochure_tiburio_imageonly-01-371x480.jpg 371w, https:\/\/www.vaillant.de\/21-grad\/wp-content\/uploads\/2022\/04\/brochure_tiburio_imageonly-01-768x994.jpg 768w, https:\/\/www.vaillant.de\/21-grad\/wp-content\/uploads\/2022\/04\/brochure_tiburio_imageonly-01.jpg 773w\" sizes=\"auto, (max-width: 288px) 100vw, 288px\" \/>Schon seit L\u00e4ngerem arbeiten Forscher an k\u00fcnstlichen Pflanzen. Diese sollen sogar mehr Kohlenstoff binden k\u00f6nnen als ihre nat\u00fcrlichen Vorbilder und Teil eines CO<sub>2<\/sub>-Kreislaufsystems werden. Professor Klaus Lackner hat an der Arizona State University mechanische B\u00e4ume entwickelt, die seinen Angaben zufolge tausendmal effizienter sind als Laub- oder Nadelb\u00e4ume, dabei aber nicht mehr Boden verbrauchen. Und da sie keine Wurzeln schlagen m\u00fcssen, k\u00f6nnten sie sogar in Steppen oder W\u00fcsten aufgestellt werden.<\/p>\n<p>Diese s\u00e4ulenf\u00f6rmigen B\u00e4ume bestehen aus flachen Scheiben mit 1,5 Metern Durchmesser und jeweils einem Zwischenspalt von 5 Zentimetern H\u00f6he. Auf den Platten befindet sich ein Harz, welches CO<sub>2<\/sub> bindet. Nach etwa 20 Minuten tropft das ges\u00e4ttigte Harz in einen Auffangbeh\u00e4lter herab. Dann werden Wasser und Dampf eingeleitet, um das CO<sub>2<\/sub> im geschlossenen Raum freizusetzen. Die daf\u00fcr ben\u00f6tigte Energie wird gr\u00f6\u00dftenteils zur\u00fcckgewonnen.<\/p>\n<p>Doch wohin dann mit dem CO<sub>2<\/sub>? Gemischt mit gr\u00fcnem Wasserstoff, k\u00f6nnte es in synthetische Kraftstoffe wie Kerosin oder Benzin umgewandelt werden. Diese wiederum k\u00f6nnten durch bestehende Pipelines transportiert und bis zu ihrem Verbrauch in Tanks gelagert werden. Aber das ist noch Zukunftsmusik. , der erste noch in diesem Jahr (2022). Die Kosten liegen bei 2,5 Millionen US-Dollar. Alle drei W\u00e4lder sollen 1.000 Tonnen CO<sub>2<\/sub> pro Tag absorbieren.<\/p>\n<p>Fazit: Unterirdische Pilznetzwerke und Moore sind gr\u00f6\u00dfere CO<sub>2<\/sub>-Speicher als uns oftmals bewusst ist. Daher sollten wir sie sch\u00fctzen und m\u00f6glichst renaturieren. Und wenn die Technik k\u00fcnftig L\u00f6sungen bietet, die ebenfalls zur CO<sub>2<\/sub>-Minderung beitragen, dann l\u00e4sst dies hoffen, dass es uns gelingen wird, das Klima der Erde im geforderten Ma\u00dfe zu sch\u00fctzen. Nat\u00fcrlich im Zusammenspiel mit allen anderen Ma\u00dfnahmen, wie zum Beispiel dem Umstieg auf erneuerbare Energien.<\/p>\n","protected":false},"excerpt":{"rendered":"<p>Die Verminderung des CO2-Austo\u00dfes ist eine der dringendsten Aufgaben unserer Zeit. Wusstet Ihr, dass wir dabei wirkm\u00e4chtige Unterst\u00fctzer haben? Unterst\u00fctzer, die noch mehr Kohlenstoff binden als B\u00e4ume? Die Rede ist von Pilzen, Mooren \u2013 und mechanischen B\u00e4umen. <\/p>\n","protected":false},"author":23,"featured_media":7089,"comment_status":"open","ping_status":"open","sticky":false,"template":"","format":"standard","meta":{"footnotes":""},"categories":[3],"tags":[46,86,23],"coauthors":[247],"class_list":["post-7078","post","type-post","status-publish","format-standard","has-post-thumbnail","hentry","category-wissen-und-wert","tag-klimaschutz","tag-leben","tag-nachhaltigkeit"],"yoast_head":"<!-- This site is optimized with the Yoast SEO plugin v27.4 - https:\/\/yoast.com\/product\/yoast-seo-wordpress\/ -->\n<title>Klimasch\u00fctzer: Pilze, Moore, k\u00fcnstliche B\u00e4ume | 21 grad<\/title>\n<meta name=\"description\" content=\"Wusstet Ihr, dass uns Pilz, Moore und k\u00fcnstliche B\u00e4ume noch wirkm\u00e4chtiger beim Klimaschutz unterst\u00fctzen als W\u00e4lder? Lest hier die Details!\" \/>\n<meta name=\"robots\" content=\"index, follow, max-snippet:-1, max-image-preview:large, max-video-preview:-1\" \/>\n<link rel=\"canonical\" href=\"https:\/\/www.vaillant.de\/21-grad\/wissen-und-wert\/verbuendete-beim-klimaschutz-pilze-moore-und-mechanische-baeume\/\" \/>\n<meta property=\"og:locale\" content=\"de_DE\" \/>\n<meta property=\"og:type\" content=\"article\" \/>\n<meta property=\"og:title\" content=\"Klimasch\u00fctzer: Pilze, Moore, k\u00fcnstliche B\u00e4ume | 21 grad\" \/>\n<meta property=\"og:description\" content=\"Wusstet Ihr, dass uns Pilz, Moore und k\u00fcnstliche B\u00e4ume noch wirkm\u00e4chtiger beim Klimaschutz unterst\u00fctzen als W\u00e4lder? Lest hier die Details!\" \/>\n<meta property=\"og:url\" content=\"https:\/\/www.vaillant.de\/21-grad\/wissen-und-wert\/verbuendete-beim-klimaschutz-pilze-moore-und-mechanische-baeume\/\" \/>\n<meta property=\"og:site_name\" content=\"21 grad\" \/>\n<meta property=\"article:publisher\" content=\"https:\/\/www.facebook.com\/21grad\/\" \/>\n<meta property=\"article:published_time\" content=\"2022-04-12T06:57:32+00:00\" \/>\n<meta property=\"og:image\" content=\"https:\/\/www.vaillant.de\/21-grad\/wp-content\/uploads\/2022\/04\/ingo-doerrie-dhqpKXALH9c-unsplash-scaled.jpg\" \/>\n\t<meta property=\"og:image:width\" content=\"2560\" \/>\n\t<meta property=\"og:image:height\" content=\"1706\" \/>\n\t<meta property=\"og:image:type\" content=\"image\/jpeg\" \/>\n<meta name=\"author\" content=\"Michelle\" \/>\n<meta name=\"twitter:card\" content=\"summary_large_image\" \/>\n<meta name=\"twitter:creator\" content=\"@vaillant_de\" \/>\n<meta name=\"twitter:site\" content=\"@vaillant_de\" \/>\n<meta name=\"twitter:label1\" content=\"Verfasst von\" \/>\n\t<meta name=\"twitter:data1\" content=\"Michelle\" \/>\n\t<meta name=\"twitter:label2\" content=\"Gesch\u00e4tzte Lesezeit\" \/>\n\t<meta name=\"twitter:data2\" content=\"5\u00a0Minuten\" \/>\n\t<meta name=\"twitter:label3\" content=\"Written by\" \/>\n\t<meta name=\"twitter:data3\" content=\"Michelle\" \/>\n<script type=\"application\/ld+json\" class=\"yoast-schema-graph\">{\"@context\":\"https:\\\/\\\/schema.org\",\"@graph\":[{\"@type\":\"Article\",\"@id\":\"https:\\\/\\\/www.vaillant.de\\\/21-grad\\\/wissen-und-wert\\\/verbuendete-beim-klimaschutz-pilze-moore-und-mechanische-baeume\\\/#article\",\"isPartOf\":{\"@id\":\"https:\\\/\\\/www.vaillant.de\\\/21-grad\\\/wissen-und-wert\\\/verbuendete-beim-klimaschutz-pilze-moore-und-mechanische-baeume\\\/\"},\"author\":{\"name\":\"Michelle\",\"@id\":\"https:\\\/\\\/www.vaillant.de\\\/21-grad\\\/#\\\/schema\\\/person\\\/59dade2831f8948753cd2b0f04ca4e24\"},\"headline\":\"Verb\u00fcndete beim Klimaschutz: Pilze, Moore und mechanische B\u00e4ume\",\"datePublished\":\"2022-04-12T06:57:32+00:00\",\"mainEntityOfPage\":{\"@id\":\"https:\\\/\\\/www.vaillant.de\\\/21-grad\\\/wissen-und-wert\\\/verbuendete-beim-klimaschutz-pilze-moore-und-mechanische-baeume\\\/\"},\"wordCount\":904,\"commentCount\":1,\"image\":{\"@id\":\"https:\\\/\\\/www.vaillant.de\\\/21-grad\\\/wissen-und-wert\\\/verbuendete-beim-klimaschutz-pilze-moore-und-mechanische-baeume\\\/#primaryimage\"},\"thumbnailUrl\":\"https:\\\/\\\/www.vaillant.de\\\/21-grad\\\/wp-content\\\/uploads\\\/2022\\\/04\\\/ingo-doerrie-dhqpKXALH9c-unsplash-scaled.jpg\",\"keywords\":[\"Klimaschutz\",\"Leben\",\"Nachhaltigkeit\"],\"articleSection\":[\"Wissen &amp; Wert\"],\"inLanguage\":\"de\",\"potentialAction\":[{\"@type\":\"CommentAction\",\"name\":\"Comment\",\"target\":[\"https:\\\/\\\/www.vaillant.de\\\/21-grad\\\/wissen-und-wert\\\/verbuendete-beim-klimaschutz-pilze-moore-und-mechanische-baeume\\\/#respond\"]}]},{\"@type\":\"WebPage\",\"@id\":\"https:\\\/\\\/www.vaillant.de\\\/21-grad\\\/wissen-und-wert\\\/verbuendete-beim-klimaschutz-pilze-moore-und-mechanische-baeume\\\/\",\"url\":\"https:\\\/\\\/www.vaillant.de\\\/21-grad\\\/wissen-und-wert\\\/verbuendete-beim-klimaschutz-pilze-moore-und-mechanische-baeume\\\/\",\"name\":\"Klimasch\u00fctzer: Pilze, Moore, k\u00fcnstliche B\u00e4ume | 21 grad\",\"isPartOf\":{\"@id\":\"https:\\\/\\\/www.vaillant.de\\\/21-grad\\\/#website\"},\"primaryImageOfPage\":{\"@id\":\"https:\\\/\\\/www.vaillant.de\\\/21-grad\\\/wissen-und-wert\\\/verbuendete-beim-klimaschutz-pilze-moore-und-mechanische-baeume\\\/#primaryimage\"},\"image\":{\"@id\":\"https:\\\/\\\/www.vaillant.de\\\/21-grad\\\/wissen-und-wert\\\/verbuendete-beim-klimaschutz-pilze-moore-und-mechanische-baeume\\\/#primaryimage\"},\"thumbnailUrl\":\"https:\\\/\\\/www.vaillant.de\\\/21-grad\\\/wp-content\\\/uploads\\\/2022\\\/04\\\/ingo-doerrie-dhqpKXALH9c-unsplash-scaled.jpg\",\"datePublished\":\"2022-04-12T06:57:32+00:00\",\"author\":{\"@id\":\"https:\\\/\\\/www.vaillant.de\\\/21-grad\\\/#\\\/schema\\\/person\\\/59dade2831f8948753cd2b0f04ca4e24\"},\"description\":\"Wusstet Ihr, dass uns Pilz, Moore und k\u00fcnstliche B\u00e4ume noch wirkm\u00e4chtiger beim Klimaschutz unterst\u00fctzen als W\u00e4lder? Lest hier die Details!\",\"breadcrumb\":{\"@id\":\"https:\\\/\\\/www.vaillant.de\\\/21-grad\\\/wissen-und-wert\\\/verbuendete-beim-klimaschutz-pilze-moore-und-mechanische-baeume\\\/#breadcrumb\"},\"inLanguage\":\"de\",\"potentialAction\":[{\"@type\":\"ReadAction\",\"target\":[\"https:\\\/\\\/www.vaillant.de\\\/21-grad\\\/wissen-und-wert\\\/verbuendete-beim-klimaschutz-pilze-moore-und-mechanische-baeume\\\/\"]}]},{\"@type\":\"ImageObject\",\"inLanguage\":\"de\",\"@id\":\"https:\\\/\\\/www.vaillant.de\\\/21-grad\\\/wissen-und-wert\\\/verbuendete-beim-klimaschutz-pilze-moore-und-mechanische-baeume\\\/#primaryimage\",\"url\":\"https:\\\/\\\/www.vaillant.de\\\/21-grad\\\/wp-content\\\/uploads\\\/2022\\\/04\\\/ingo-doerrie-dhqpKXALH9c-unsplash-scaled.jpg\",\"contentUrl\":\"https:\\\/\\\/www.vaillant.de\\\/21-grad\\\/wp-content\\\/uploads\\\/2022\\\/04\\\/ingo-doerrie-dhqpKXALH9c-unsplash-scaled.jpg\",\"width\":2560,\"height\":1706,\"caption\":\"Auf dem Bild kann man einen Pilz sehen.\"},{\"@type\":\"BreadcrumbList\",\"@id\":\"https:\\\/\\\/www.vaillant.de\\\/21-grad\\\/wissen-und-wert\\\/verbuendete-beim-klimaschutz-pilze-moore-und-mechanische-baeume\\\/#breadcrumb\",\"itemListElement\":[{\"@type\":\"ListItem\",\"position\":1,\"name\":\"Startseite\",\"item\":\"https:\\\/\\\/www.vaillant.de\\\/21-grad\\\/\"},{\"@type\":\"ListItem\",\"position\":2,\"name\":\"Verb\u00fcndete beim Klimaschutz: Pilze, Moore und mechanische B\u00e4ume\"}]},{\"@type\":\"WebSite\",\"@id\":\"https:\\\/\\\/www.vaillant.de\\\/21-grad\\\/#website\",\"url\":\"https:\\\/\\\/www.vaillant.de\\\/21-grad\\\/\",\"name\":\"21 grad\",\"description\":\"Der Blog f\u00fcr Menschen, die weiterdenken\",\"potentialAction\":[{\"@type\":\"SearchAction\",\"target\":{\"@type\":\"EntryPoint\",\"urlTemplate\":\"https:\\\/\\\/www.vaillant.de\\\/21-grad\\\/?s={search_term_string}\"},\"query-input\":{\"@type\":\"PropertyValueSpecification\",\"valueRequired\":true,\"valueName\":\"search_term_string\"}}],\"inLanguage\":\"de\"},{\"@type\":\"Person\",\"@id\":\"https:\\\/\\\/www.vaillant.de\\\/21-grad\\\/#\\\/schema\\\/person\\\/59dade2831f8948753cd2b0f04ca4e24\",\"name\":\"Michelle\",\"image\":{\"@type\":\"ImageObject\",\"inLanguage\":\"de\",\"@id\":\"https:\\\/\\\/www.vaillant.de\\\/21-grad\\\/wp-content\\\/uploads\\\/2022\\\/09\\\/Michelle-125x125.jpg5cb77cea14f51d99624ecb272fba6bb0\",\"url\":\"https:\\\/\\\/www.vaillant.de\\\/21-grad\\\/wp-content\\\/uploads\\\/2022\\\/09\\\/Michelle-125x125.jpg\",\"contentUrl\":\"https:\\\/\\\/www.vaillant.de\\\/21-grad\\\/wp-content\\\/uploads\\\/2022\\\/09\\\/Michelle-125x125.jpg\",\"caption\":\"Michelle\"},\"description\":\"In meiner t\u00e4glichen Arbeit k\u00fcmmere ich mich haupts\u00e4chlich um Nutzeranfragen auf Social Media. Dabei sorge ich daf\u00fcr, dass diese Fragen und Anliegen bearbeitet werden. Nachhaltigkeit F\u00fcr mich bedeutet Nachhaltigkeit, m\u00f6glichst viele kurze Strecken zu Fu\u00df oder mit dem Fahrrad zur\u00fcckzulegen. Au\u00dferdem versuche ich durch kleine Dinge auf die Umwelt zu achten, indem ich z.B. meine eigenen Taschen zum Einkaufen mitnehme, statt bei jedem Einkauf neue T\u00fcten zu kaufen. Interessen In meiner Freizeit interessiert mich alles rund um Sport, ob selbst Handball spielen oder am Wochenende Fu\u00dfball schauen. Weiterhin reise ich sehr gerne und unternehme gerne viel mit meinen Freunden. Was wolltest du als Kind gerne werden? Als Kind wollte ich lange Zeit Tier\u00e4rztin werden. Was w\u00fcrdest du mit auf eine einsame Insel nehmen? Solange die richtigen Personen dabei sind, w\u00fcrde ich nichts mitnehmen, was \u00fcber die Standardversorgung hinaus geht. Was bringt dich zum L\u00e4cheln? Die gemeinsamen Momente mit meiner Familie und meinen Freunden bringen mich zum L\u00e4cheln. Ganz besonders die vielen flachen Witze, die von ihnen gemacht werden.\",\"url\":\"https:\\\/\\\/www.vaillant.de\\\/21-grad\\\/autor\\\/michelle\\\/\"}]}<\/script>\n<!-- \/ Yoast SEO plugin. -->","yoast_head_json":{"title":"Klimasch\u00fctzer: Pilze, Moore, k\u00fcnstliche B\u00e4ume | 21 grad","description":"Wusstet Ihr, dass uns Pilz, Moore und k\u00fcnstliche B\u00e4ume noch wirkm\u00e4chtiger beim Klimaschutz unterst\u00fctzen als W\u00e4lder? Lest hier die Details!","robots":{"index":"index","follow":"follow","max-snippet":"max-snippet:-1","max-image-preview":"max-image-preview:large","max-video-preview":"max-video-preview:-1"},"canonical":"https:\/\/www.vaillant.de\/21-grad\/wissen-und-wert\/verbuendete-beim-klimaschutz-pilze-moore-und-mechanische-baeume\/","og_locale":"de_DE","og_type":"article","og_title":"Klimasch\u00fctzer: Pilze, Moore, k\u00fcnstliche B\u00e4ume | 21 grad","og_description":"Wusstet Ihr, dass uns Pilz, Moore und k\u00fcnstliche B\u00e4ume noch wirkm\u00e4chtiger beim Klimaschutz unterst\u00fctzen als W\u00e4lder? Lest hier die Details!","og_url":"https:\/\/www.vaillant.de\/21-grad\/wissen-und-wert\/verbuendete-beim-klimaschutz-pilze-moore-und-mechanische-baeume\/","og_site_name":"21 grad","article_publisher":"https:\/\/www.facebook.com\/21grad\/","article_published_time":"2022-04-12T06:57:32+00:00","og_image":[{"width":2560,"height":1706,"url":"https:\/\/www.vaillant.de\/21-grad\/wp-content\/uploads\/2022\/04\/ingo-doerrie-dhqpKXALH9c-unsplash-scaled.jpg","type":"image\/jpeg"}],"author":"Michelle","twitter_card":"summary_large_image","twitter_creator":"@vaillant_de","twitter_site":"@vaillant_de","twitter_misc":{"Verfasst von":"Michelle","Gesch\u00e4tzte Lesezeit":"5\u00a0Minuten","Written by":"Michelle"},"schema":{"@context":"https:\/\/schema.org","@graph":[{"@type":"Article","@id":"https:\/\/www.vaillant.de\/21-grad\/wissen-und-wert\/verbuendete-beim-klimaschutz-pilze-moore-und-mechanische-baeume\/#article","isPartOf":{"@id":"https:\/\/www.vaillant.de\/21-grad\/wissen-und-wert\/verbuendete-beim-klimaschutz-pilze-moore-und-mechanische-baeume\/"},"author":{"name":"Michelle","@id":"https:\/\/www.vaillant.de\/21-grad\/#\/schema\/person\/59dade2831f8948753cd2b0f04ca4e24"},"headline":"Verb\u00fcndete beim Klimaschutz: Pilze, Moore und mechanische B\u00e4ume","datePublished":"2022-04-12T06:57:32+00:00","mainEntityOfPage":{"@id":"https:\/\/www.vaillant.de\/21-grad\/wissen-und-wert\/verbuendete-beim-klimaschutz-pilze-moore-und-mechanische-baeume\/"},"wordCount":904,"commentCount":1,"image":{"@id":"https:\/\/www.vaillant.de\/21-grad\/wissen-und-wert\/verbuendete-beim-klimaschutz-pilze-moore-und-mechanische-baeume\/#primaryimage"},"thumbnailUrl":"https:\/\/www.vaillant.de\/21-grad\/wp-content\/uploads\/2022\/04\/ingo-doerrie-dhqpKXALH9c-unsplash-scaled.jpg","keywords":["Klimaschutz","Leben","Nachhaltigkeit"],"articleSection":["Wissen &amp; Wert"],"inLanguage":"de","potentialAction":[{"@type":"CommentAction","name":"Comment","target":["https:\/\/www.vaillant.de\/21-grad\/wissen-und-wert\/verbuendete-beim-klimaschutz-pilze-moore-und-mechanische-baeume\/#respond"]}]},{"@type":"WebPage","@id":"https:\/\/www.vaillant.de\/21-grad\/wissen-und-wert\/verbuendete-beim-klimaschutz-pilze-moore-und-mechanische-baeume\/","url":"https:\/\/www.vaillant.de\/21-grad\/wissen-und-wert\/verbuendete-beim-klimaschutz-pilze-moore-und-mechanische-baeume\/","name":"Klimasch\u00fctzer: Pilze, Moore, k\u00fcnstliche B\u00e4ume | 21 grad","isPartOf":{"@id":"https:\/\/www.vaillant.de\/21-grad\/#website"},"primaryImageOfPage":{"@id":"https:\/\/www.vaillant.de\/21-grad\/wissen-und-wert\/verbuendete-beim-klimaschutz-pilze-moore-und-mechanische-baeume\/#primaryimage"},"image":{"@id":"https:\/\/www.vaillant.de\/21-grad\/wissen-und-wert\/verbuendete-beim-klimaschutz-pilze-moore-und-mechanische-baeume\/#primaryimage"},"thumbnailUrl":"https:\/\/www.vaillant.de\/21-grad\/wp-content\/uploads\/2022\/04\/ingo-doerrie-dhqpKXALH9c-unsplash-scaled.jpg","datePublished":"2022-04-12T06:57:32+00:00","author":{"@id":"https:\/\/www.vaillant.de\/21-grad\/#\/schema\/person\/59dade2831f8948753cd2b0f04ca4e24"},"description":"Wusstet Ihr, dass uns Pilz, Moore und k\u00fcnstliche B\u00e4ume noch wirkm\u00e4chtiger beim Klimaschutz unterst\u00fctzen als W\u00e4lder? Lest hier die Details!","breadcrumb":{"@id":"https:\/\/www.vaillant.de\/21-grad\/wissen-und-wert\/verbuendete-beim-klimaschutz-pilze-moore-und-mechanische-baeume\/#breadcrumb"},"inLanguage":"de","potentialAction":[{"@type":"ReadAction","target":["https:\/\/www.vaillant.de\/21-grad\/wissen-und-wert\/verbuendete-beim-klimaschutz-pilze-moore-und-mechanische-baeume\/"]}]},{"@type":"ImageObject","inLanguage":"de","@id":"https:\/\/www.vaillant.de\/21-grad\/wissen-und-wert\/verbuendete-beim-klimaschutz-pilze-moore-und-mechanische-baeume\/#primaryimage","url":"https:\/\/www.vaillant.de\/21-grad\/wp-content\/uploads\/2022\/04\/ingo-doerrie-dhqpKXALH9c-unsplash-scaled.jpg","contentUrl":"https:\/\/www.vaillant.de\/21-grad\/wp-content\/uploads\/2022\/04\/ingo-doerrie-dhqpKXALH9c-unsplash-scaled.jpg","width":2560,"height":1706,"caption":"Auf dem Bild kann man einen Pilz sehen."},{"@type":"BreadcrumbList","@id":"https:\/\/www.vaillant.de\/21-grad\/wissen-und-wert\/verbuendete-beim-klimaschutz-pilze-moore-und-mechanische-baeume\/#breadcrumb","itemListElement":[{"@type":"ListItem","position":1,"name":"Startseite","item":"https:\/\/www.vaillant.de\/21-grad\/"},{"@type":"ListItem","position":2,"name":"Verb\u00fcndete beim Klimaschutz: Pilze, Moore und mechanische B\u00e4ume"}]},{"@type":"WebSite","@id":"https:\/\/www.vaillant.de\/21-grad\/#website","url":"https:\/\/www.vaillant.de\/21-grad\/","name":"21 grad","description":"Der Blog f\u00fcr Menschen, die weiterdenken","potentialAction":[{"@type":"SearchAction","target":{"@type":"EntryPoint","urlTemplate":"https:\/\/www.vaillant.de\/21-grad\/?s={search_term_string}"},"query-input":{"@type":"PropertyValueSpecification","valueRequired":true,"valueName":"search_term_string"}}],"inLanguage":"de"},{"@type":"Person","@id":"https:\/\/www.vaillant.de\/21-grad\/#\/schema\/person\/59dade2831f8948753cd2b0f04ca4e24","name":"Michelle","image":{"@type":"ImageObject","inLanguage":"de","@id":"https:\/\/www.vaillant.de\/21-grad\/wp-content\/uploads\/2022\/09\/Michelle-125x125.jpg5cb77cea14f51d99624ecb272fba6bb0","url":"https:\/\/www.vaillant.de\/21-grad\/wp-content\/uploads\/2022\/09\/Michelle-125x125.jpg","contentUrl":"https:\/\/www.vaillant.de\/21-grad\/wp-content\/uploads\/2022\/09\/Michelle-125x125.jpg","caption":"Michelle"},"description":"In meiner t\u00e4glichen Arbeit k\u00fcmmere ich mich haupts\u00e4chlich um Nutzeranfragen auf Social Media. Dabei sorge ich daf\u00fcr, dass diese Fragen und Anliegen bearbeitet werden. Nachhaltigkeit F\u00fcr mich bedeutet Nachhaltigkeit, m\u00f6glichst viele kurze Strecken zu Fu\u00df oder mit dem Fahrrad zur\u00fcckzulegen. Au\u00dferdem versuche ich durch kleine Dinge auf die Umwelt zu achten, indem ich z.B. meine eigenen Taschen zum Einkaufen mitnehme, statt bei jedem Einkauf neue T\u00fcten zu kaufen. Interessen In meiner Freizeit interessiert mich alles rund um Sport, ob selbst Handball spielen oder am Wochenende Fu\u00dfball schauen. Weiterhin reise ich sehr gerne und unternehme gerne viel mit meinen Freunden. Was wolltest du als Kind gerne werden? Als Kind wollte ich lange Zeit Tier\u00e4rztin werden. Was w\u00fcrdest du mit auf eine einsame Insel nehmen? Solange die richtigen Personen dabei sind, w\u00fcrde ich nichts mitnehmen, was \u00fcber die Standardversorgung hinaus geht. Was bringt dich zum L\u00e4cheln? Die gemeinsamen Momente mit meiner Familie und meinen Freunden bringen mich zum L\u00e4cheln. Ganz besonders die vielen flachen Witze, die von ihnen gemacht werden.","url":"https:\/\/www.vaillant.de\/21-grad\/autor\/michelle\/"}]}},"_links":{"self":[{"href":"https:\/\/www.vaillant.de\/21-grad\/wp-json\/wp\/v2\/posts\/7078","targetHints":{"allow":["GET"]}}],"collection":[{"href":"https:\/\/www.vaillant.de\/21-grad\/wp-json\/wp\/v2\/posts"}],"about":[{"href":"https:\/\/www.vaillant.de\/21-grad\/wp-json\/wp\/v2\/types\/post"}],"author":[{"embeddable":true,"href":"https:\/\/www.vaillant.de\/21-grad\/wp-json\/wp\/v2\/users\/23"}],"replies":[{"embeddable":true,"href":"https:\/\/www.vaillant.de\/21-grad\/wp-json\/wp\/v2\/comments?post=7078"}],"version-history":[{"count":10,"href":"https:\/\/www.vaillant.de\/21-grad\/wp-json\/wp\/v2\/posts\/7078\/revisions"}],"predecessor-version":[{"id":7092,"href":"https:\/\/www.vaillant.de\/21-grad\/wp-json\/wp\/v2\/posts\/7078\/revisions\/7092"}],"wp:featuredmedia":[{"embeddable":true,"href":"https:\/\/www.vaillant.de\/21-grad\/wp-json\/wp\/v2\/media\/7089"}],"wp:attachment":[{"href":"https:\/\/www.vaillant.de\/21-grad\/wp-json\/wp\/v2\/media?parent=7078"}],"wp:term":[{"taxonomy":"category","embeddable":true,"href":"https:\/\/www.vaillant.de\/21-grad\/wp-json\/wp\/v2\/categories?post=7078"},{"taxonomy":"post_tag","embeddable":true,"href":"https:\/\/www.vaillant.de\/21-grad\/wp-json\/wp\/v2\/tags?post=7078"},{"taxonomy":"author","embeddable":true,"href":"https:\/\/www.vaillant.de\/21-grad\/wp-json\/wp\/v2\/coauthors?post=7078"}],"curies":[{"name":"wp","href":"https:\/\/api.w.org\/{rel}","templated":true}]}}