{"id":7105,"date":"2022-04-26T15:43:18","date_gmt":"2022-04-26T13:43:18","guid":{"rendered":"https:\/\/www.vaillant.de\/21-grad\/?p=7105"},"modified":"2022-04-26T16:48:29","modified_gmt":"2022-04-26T14:48:29","slug":"aufforstung-aus-der-luft-wie-ein-deutsches-unternehmen-mit-drohnen-gegen-das-waldsterben-vorgeht","status":"publish","type":"post","link":"https:\/\/www.vaillant.de\/21-grad\/technik-und-trends\/aufforstung-aus-der-luft-wie-ein-deutsches-unternehmen-mit-drohnen-gegen-das-waldsterben-vorgeht\/","title":{"rendered":"Aufforstung aus der Luft \u2013 wie ein Unternehmen mit Drohnen gegen das Waldsterben vorgeht"},"content":{"rendered":"<p><a href=\"https:\/\/www.vaillant.de\/21-grad\/wp-content\/uploads\/2022\/04\/iStock-172210975.jpg\"><img loading=\"lazy\" decoding=\"async\" class=\"size-medium wp-image-7113 alignright\" src=\"https:\/\/www.vaillant.de\/21-grad\/wp-content\/uploads\/2022\/04\/iStock-172210975-349x232.jpg\" alt=\"Waldsch\u00e4den\" width=\"349\" height=\"232\" srcset=\"https:\/\/www.vaillant.de\/21-grad\/wp-content\/uploads\/2022\/04\/iStock-172210975-349x232.jpg 349w, https:\/\/www.vaillant.de\/21-grad\/wp-content\/uploads\/2022\/04\/iStock-172210975-722x480.jpg 722w, https:\/\/www.vaillant.de\/21-grad\/wp-content\/uploads\/2022\/04\/iStock-172210975-768x511.jpg 768w, https:\/\/www.vaillant.de\/21-grad\/wp-content\/uploads\/2022\/04\/iStock-172210975.jpg 1000w\" sizes=\"auto, (max-width: 349px) 100vw, 349px\" \/><\/a>Noch nie gab es so viele abgestorbene B\u00e4ume im deutschen Wald wie vor zwei Jahren. Umwelteinfl\u00fcsse und auch der Befall des Borkenk\u00e4fers setzen den B\u00e4umen immer mehr zu. Der <a href=\"https:\/\/www.bundesregierung.de\/breg-de\/suche\/waldbericht-2021-1941652\" target=\"_blank\" rel=\"noopener\">Waldbericht 2021<\/a> informiert \u00fcber den Zustand des Waldes in den letzten vier Jahren: Dort hei\u00dft es, dass vier von f\u00fcnf B\u00e4umen lichte Kronen haben und nahezu alle Hauptbaumarten Vitalit\u00e4tseinbu\u00dfen und Schadsymptome aufweisen.<\/p>\n<p>Hei\u00dfe Sommer und extreme D\u00fcrre f\u00fchrten 2018 und 2019 zu Waldbr\u00e4nden auf einer Fl\u00e4che von mehr 5.060 Hektar. Das sind \u00fcber 7.000 Fu\u00dfballfelder. Ein Vielfaches davon, ungef\u00e4hr 227.000 Hektar betr\u00e4gt die Fl\u00e4che, die es zurzeit wieder aufzuforsten gilt. Daf\u00fcr braucht es neben Schaufeln und Setzlingen vor allem Ausdauer und Zeit. Denn die zu Fu\u00df abzuarbeitenden Fl\u00e4chen sind zusammen etwas gr\u00f6\u00dfer als das Saarland. Und das Waldsterben nimmt kein Ende \u2013 w\u00e4hrend an einem Ort wieder junge B\u00e4ume sprie\u00dfen, erliegen sie anderer Orts St\u00fcrmen oder Waldbr\u00e4nden.<\/p>\n<h2>Technischer Fortschritt macht vor dem Wald halt<\/h2>\n<p><a href=\"https:\/\/www.vaillant.de\/21-grad\/wp-content\/uploads\/2022\/04\/Wald.jpg\"><img loading=\"lazy\" decoding=\"async\" class=\"alignleft wp-image-7111 size-large\" src=\"https:\/\/www.vaillant.de\/21-grad\/wp-content\/uploads\/2022\/04\/Wald-360x480.jpg\" alt=\"Waldsterben\" width=\"360\" height=\"480\" srcset=\"https:\/\/www.vaillant.de\/21-grad\/wp-content\/uploads\/2022\/04\/Wald-360x480.jpg 360w, https:\/\/www.vaillant.de\/21-grad\/wp-content\/uploads\/2022\/04\/Wald-174x232.jpg 174w, https:\/\/www.vaillant.de\/21-grad\/wp-content\/uploads\/2022\/04\/Wald-768x1023.jpg 768w, https:\/\/www.vaillant.de\/21-grad\/wp-content\/uploads\/2022\/04\/Wald.jpg 800w\" sizes=\"auto, (max-width: 360px) 100vw, 360px\" \/><\/a>Obwohl die Technik schon viele Lebensbereiche beherrscht, ist sie in Sachen Aufforstung bislang noch nicht ausgesch\u00f6pft. Unzug\u00e4ngliches Dickicht, holpriges Gel\u00e4nde und nicht vorhandene Zufahrtstra\u00dfen erschweren den Fortschritt und Einsatz technischer Hilfsmittel. Zudem besch\u00e4digen schwere Nutzfahrzeuge oder Maschinen den Waldboden. Durch deren enormes Gewicht wird der einst lockere Waldboden stark zusammengedr\u00fcckt und bietet keinen guten N\u00e4hrboden f\u00fcr Setzlinge und junge B\u00e4ume.<\/p>\n<p>Aufforstung leistet einen wichtigen Beitrag zum Natur- und Klimaschutz. Doch wie sollen hunderttausende Hektar von Hand aufgeforstet werden, ohne die Umwelt in Mitleidenschaft zu ziehen? Hilfe naht \u2013 und zwar von oben. Erste Unternehmen haben weltweit damit begonnen, W\u00e4lder mit dem Einsatz von Drohnen aufzuforsten. Darunter auch das in Deutschland t\u00e4tige Unternehmen <a href=\"https:\/\/www.skyseed.eco\/\" target=\"_blank\" rel=\"noopener\">Skyseed<\/a>. Die fliegenden Helfer sollen als schnelle und effiziente Hilfe f\u00fcr den Naturschutz und gegen die Auswirkungen des Klimawandels eingesetzt werden.<\/p>\n<h2>Aufforstung aus der Luft<\/h2>\n<p>Skyseed wurde 2021 gegr\u00fcndet und besteht aus einem Team von Forstexpert:innen, Ingenieur:innen, Programmierer:innen und Drohnenentwickler:innen. Sie haben gemeinsam ein Produkt entwickelt, das uns und Waldbesitzer:innen dabei helfen soll, gesunde und klimastabile W\u00e4lder zu etablieren \u2013 mit der Aufforstung per Drohne. Diese unterst\u00fctzt eine nachhaltige CO<sub>2<\/sub>-Speicherung und mehr Biodiversit\u00e4t in unseren W\u00e4ldern.<\/p>\n<p>Bevor der fliegende Helfer seiner eigentlichen Aufgabe nachgeht, untersucht die Drohne das Gebiet, um genaue Geo- und GPS-Daten zu erfassen, die bei der Programmierung des Auftragsgebiets helfen. Die Analysephase ist besonders wichtig, denn jeder Wald ist anders und nichts w\u00e4chst \u00fcberall gleich gut.<\/p>\n<p>L\u00e4rche, Tanne, Douglasie oder Ahorn: Die Samen werden pelletiert um sie vor Wetter, Wind und Wild zu sch\u00fctzen. Das bedeutet, sie werden mit biologischen Hilfsstoffen ummantelt, die die N\u00e4hrstoffverf\u00fcgbarkeit und die F\u00e4higkeit, Wasser zu speichern, erh\u00f6hen und damit die \u00dcberlebensf\u00e4higkeit der Samen verbessern sollen. Laut Skyseed hat das Saatgut im Labor eine 30-40 % h\u00f6here \u00dcberlebenschance gezeigt. Die Aussaat erfolgt mithilfe eines Drohnen-Pilots, der die Drohne am Boden steuert. \u201eW\u00e4hrend die Aufforstung eines Hektars Wald vom Boden aus Tage dauern kann, schafft unsere Drohne einen Hektar in unter 30 Minuten. Damit sind pro Tag problemlos zehn bis 15 Hektar m\u00f6glich\u201c, sagt Simon Wind, Mitgr\u00fcnder von Skyseed.<\/p>\n<h2>Ein Schritt in die richtige Richtung<\/h2>\n<p><a href=\"https:\/\/www.vaillant.de\/21-grad\/wp-content\/uploads\/2022\/04\/iStock-171571526.jpg\"><img loading=\"lazy\" decoding=\"async\" class=\"size-medium wp-image-7112 alignright\" src=\"https:\/\/www.vaillant.de\/21-grad\/wp-content\/uploads\/2022\/04\/iStock-171571526-348x232.jpg\" alt=\"Aufforstung\" width=\"348\" height=\"232\" srcset=\"https:\/\/www.vaillant.de\/21-grad\/wp-content\/uploads\/2022\/04\/iStock-171571526-348x232.jpg 348w, https:\/\/www.vaillant.de\/21-grad\/wp-content\/uploads\/2022\/04\/iStock-171571526-720x480.jpg 720w, https:\/\/www.vaillant.de\/21-grad\/wp-content\/uploads\/2022\/04\/iStock-171571526-768x512.jpg 768w, https:\/\/www.vaillant.de\/21-grad\/wp-content\/uploads\/2022\/04\/iStock-171571526.jpg 1000w\" sizes=\"auto, (max-width: 348px) 100vw, 348px\" \/><\/a>\u201cWir haben weder beim Umbau noch bei der Sicherung von Schadfl\u00e4chen Zeit zu verlieren. Die Aufforstung per Drohne kann sicher nicht alle Probleme l\u00f6sen, aber sie er\u00f6ffnet neue M\u00f6glichkeiten, insbesondere bei gro\u00dfen Fl\u00e4chen, Steilh\u00e4ngen oder zur Untersaat im lichten Bestand\u201c, so Simon Wind weiter. Wiederaufforstungen und der Umbau hin zu naturnahen Mischw\u00e4ldern sind zwar enorm wichtig, aber in der Masse oft schwer realisierbar.<\/p>\n<p>Allein in den vergangenen zehn Jahren sind rund 4,7 Millionen Hektar Waldfl\u00e4che weltweit verschwunden. Die Drohnen bieten eine neue und effektive Chance, um den nat\u00fcrlichen Prozess der Bewaldung von oben zu imitieren, denn auch B\u00e4ume werfen ihr Saatgut oft von den Kronen aus ab. In Kanada und Australien gibt es bereits \u00e4hnliche Projekte, um den Zustand der W\u00e4lder zu verbessern \u2013 mit Erfolg.<\/p>\n","protected":false},"excerpt":{"rendered":"<p>\u201eMan kann nie so gut pflanzen, wie man s\u00e4t. Und zu Fu\u00df dauert das auf schwer zug\u00e4nglichen Fl\u00e4chen ewig.\u201c (Henning Stolz, Wald und Holz NRW) Aufforstung ist eine harte und m\u00fchsame Arbeit. Doch sie ist notwendig, denn dem deutschen Wald geht es nicht gut. Gr\u00fcnde daf\u00fcr sind Waldbr\u00e4nde, D\u00fcrre, St\u00fcrme und Insektenbefall. Die Drohnen des Unternehmens Skyseed aus Deutschland sollen jetzt Abhilfe schaffen und bei der Aufforstung helfen. <\/p>\n","protected":false},"author":14,"featured_media":7106,"comment_status":"open","ping_status":"open","sticky":false,"template":"","format":"standard","meta":{"footnotes":""},"categories":[4],"tags":[167,46,23],"coauthors":[68],"class_list":["post-7105","post","type-post","status-publish","format-standard","has-post-thumbnail","hentry","category-technik-und-trends","tag-digitale-trends","tag-klimaschutz","tag-nachhaltigkeit"],"yoast_head":"<!-- This site is optimized with the Yoast SEO plugin v27.4 - https:\/\/yoast.com\/product\/yoast-seo-wordpress\/ -->\n<title>Aufforstung aus der Luft | 21 grad<\/title>\n<meta name=\"description\" content=\"Wie das Unternehmen Skyseed gegen das Waldsterben vorgeht und deutsche W\u00e4lder per Drohne aufforstet. Jetzt hier erfahren!\" \/>\n<meta name=\"robots\" content=\"index, follow, max-snippet:-1, max-image-preview:large, max-video-preview:-1\" \/>\n<link rel=\"canonical\" href=\"https:\/\/www.vaillant.de\/21-grad\/technik-und-trends\/aufforstung-aus-der-luft-wie-ein-deutsches-unternehmen-mit-drohnen-gegen-das-waldsterben-vorgeht\/\" \/>\n<meta property=\"og:locale\" content=\"de_DE\" \/>\n<meta property=\"og:type\" content=\"article\" \/>\n<meta property=\"og:title\" content=\"Aufforstung aus der Luft | 21 grad\" \/>\n<meta property=\"og:description\" content=\"Wie das Unternehmen Skyseed gegen das Waldsterben vorgeht und deutsche W\u00e4lder per Drohne aufforstet. Jetzt hier erfahren!\" \/>\n<meta property=\"og:url\" content=\"https:\/\/www.vaillant.de\/21-grad\/technik-und-trends\/aufforstung-aus-der-luft-wie-ein-deutsches-unternehmen-mit-drohnen-gegen-das-waldsterben-vorgeht\/\" \/>\n<meta property=\"og:site_name\" content=\"21 grad\" \/>\n<meta property=\"article:publisher\" content=\"https:\/\/www.facebook.com\/21grad\/\" \/>\n<meta property=\"article:published_time\" content=\"2022-04-26T13:43:18+00:00\" \/>\n<meta property=\"article:modified_time\" content=\"2022-04-26T14:48:29+00:00\" \/>\n<meta property=\"og:image\" content=\"https:\/\/www.vaillant.de\/21-grad\/wp-content\/uploads\/2022\/04\/iStock-933948920.jpg\" \/>\n\t<meta property=\"og:image:width\" content=\"1500\" \/>\n\t<meta property=\"og:image:height\" content=\"1000\" \/>\n\t<meta property=\"og:image:type\" content=\"image\/jpeg\" \/>\n<meta name=\"author\" content=\"Jacqueline\" \/>\n<meta name=\"twitter:card\" content=\"summary_large_image\" \/>\n<meta name=\"twitter:creator\" content=\"@vaillant_de\" \/>\n<meta name=\"twitter:site\" content=\"@vaillant_de\" \/>\n<meta name=\"twitter:label1\" content=\"Verfasst von\" \/>\n\t<meta name=\"twitter:data1\" content=\"Jacqueline\" \/>\n\t<meta name=\"twitter:label2\" content=\"Gesch\u00e4tzte Lesezeit\" \/>\n\t<meta name=\"twitter:data2\" content=\"3\u00a0Minuten\" \/>\n\t<meta name=\"twitter:label3\" content=\"Written by\" \/>\n\t<meta name=\"twitter:data3\" content=\"Jacqueline\" \/>\n<script type=\"application\/ld+json\" class=\"yoast-schema-graph\">{\"@context\":\"https:\\\/\\\/schema.org\",\"@graph\":[{\"@type\":\"Article\",\"@id\":\"https:\\\/\\\/www.vaillant.de\\\/21-grad\\\/technik-und-trends\\\/aufforstung-aus-der-luft-wie-ein-deutsches-unternehmen-mit-drohnen-gegen-das-waldsterben-vorgeht\\\/#article\",\"isPartOf\":{\"@id\":\"https:\\\/\\\/www.vaillant.de\\\/21-grad\\\/technik-und-trends\\\/aufforstung-aus-der-luft-wie-ein-deutsches-unternehmen-mit-drohnen-gegen-das-waldsterben-vorgeht\\\/\"},\"author\":{\"name\":\"Jacqueline\",\"@id\":\"https:\\\/\\\/www.vaillant.de\\\/21-grad\\\/#\\\/schema\\\/person\\\/75a8b4aa6c2491a38cf9116850869d58\"},\"headline\":\"Aufforstung aus der Luft \u2013 wie ein Unternehmen mit Drohnen gegen das Waldsterben vorgeht\",\"datePublished\":\"2022-04-26T13:43:18+00:00\",\"dateModified\":\"2022-04-26T14:48:29+00:00\",\"mainEntityOfPage\":{\"@id\":\"https:\\\/\\\/www.vaillant.de\\\/21-grad\\\/technik-und-trends\\\/aufforstung-aus-der-luft-wie-ein-deutsches-unternehmen-mit-drohnen-gegen-das-waldsterben-vorgeht\\\/\"},\"wordCount\":693,\"commentCount\":0,\"image\":{\"@id\":\"https:\\\/\\\/www.vaillant.de\\\/21-grad\\\/technik-und-trends\\\/aufforstung-aus-der-luft-wie-ein-deutsches-unternehmen-mit-drohnen-gegen-das-waldsterben-vorgeht\\\/#primaryimage\"},\"thumbnailUrl\":\"https:\\\/\\\/www.vaillant.de\\\/21-grad\\\/wp-content\\\/uploads\\\/2022\\\/04\\\/iStock-933948920.jpg\",\"keywords\":[\"digitale Trends\",\"Klimaschutz\",\"Nachhaltigkeit\"],\"articleSection\":[\"Technik &amp; Trends\"],\"inLanguage\":\"de\",\"potentialAction\":[{\"@type\":\"CommentAction\",\"name\":\"Comment\",\"target\":[\"https:\\\/\\\/www.vaillant.de\\\/21-grad\\\/technik-und-trends\\\/aufforstung-aus-der-luft-wie-ein-deutsches-unternehmen-mit-drohnen-gegen-das-waldsterben-vorgeht\\\/#respond\"]}]},{\"@type\":\"WebPage\",\"@id\":\"https:\\\/\\\/www.vaillant.de\\\/21-grad\\\/technik-und-trends\\\/aufforstung-aus-der-luft-wie-ein-deutsches-unternehmen-mit-drohnen-gegen-das-waldsterben-vorgeht\\\/\",\"url\":\"https:\\\/\\\/www.vaillant.de\\\/21-grad\\\/technik-und-trends\\\/aufforstung-aus-der-luft-wie-ein-deutsches-unternehmen-mit-drohnen-gegen-das-waldsterben-vorgeht\\\/\",\"name\":\"Aufforstung aus der Luft | 21 grad\",\"isPartOf\":{\"@id\":\"https:\\\/\\\/www.vaillant.de\\\/21-grad\\\/#website\"},\"primaryImageOfPage\":{\"@id\":\"https:\\\/\\\/www.vaillant.de\\\/21-grad\\\/technik-und-trends\\\/aufforstung-aus-der-luft-wie-ein-deutsches-unternehmen-mit-drohnen-gegen-das-waldsterben-vorgeht\\\/#primaryimage\"},\"image\":{\"@id\":\"https:\\\/\\\/www.vaillant.de\\\/21-grad\\\/technik-und-trends\\\/aufforstung-aus-der-luft-wie-ein-deutsches-unternehmen-mit-drohnen-gegen-das-waldsterben-vorgeht\\\/#primaryimage\"},\"thumbnailUrl\":\"https:\\\/\\\/www.vaillant.de\\\/21-grad\\\/wp-content\\\/uploads\\\/2022\\\/04\\\/iStock-933948920.jpg\",\"datePublished\":\"2022-04-26T13:43:18+00:00\",\"dateModified\":\"2022-04-26T14:48:29+00:00\",\"author\":{\"@id\":\"https:\\\/\\\/www.vaillant.de\\\/21-grad\\\/#\\\/schema\\\/person\\\/75a8b4aa6c2491a38cf9116850869d58\"},\"description\":\"Wie das Unternehmen Skyseed gegen das Waldsterben vorgeht und deutsche W\u00e4lder per Drohne aufforstet. Jetzt hier erfahren!\",\"breadcrumb\":{\"@id\":\"https:\\\/\\\/www.vaillant.de\\\/21-grad\\\/technik-und-trends\\\/aufforstung-aus-der-luft-wie-ein-deutsches-unternehmen-mit-drohnen-gegen-das-waldsterben-vorgeht\\\/#breadcrumb\"},\"inLanguage\":\"de\",\"potentialAction\":[{\"@type\":\"ReadAction\",\"target\":[\"https:\\\/\\\/www.vaillant.de\\\/21-grad\\\/technik-und-trends\\\/aufforstung-aus-der-luft-wie-ein-deutsches-unternehmen-mit-drohnen-gegen-das-waldsterben-vorgeht\\\/\"]}]},{\"@type\":\"ImageObject\",\"inLanguage\":\"de\",\"@id\":\"https:\\\/\\\/www.vaillant.de\\\/21-grad\\\/technik-und-trends\\\/aufforstung-aus-der-luft-wie-ein-deutsches-unternehmen-mit-drohnen-gegen-das-waldsterben-vorgeht\\\/#primaryimage\",\"url\":\"https:\\\/\\\/www.vaillant.de\\\/21-grad\\\/wp-content\\\/uploads\\\/2022\\\/04\\\/iStock-933948920.jpg\",\"contentUrl\":\"https:\\\/\\\/www.vaillant.de\\\/21-grad\\\/wp-content\\\/uploads\\\/2022\\\/04\\\/iStock-933948920.jpg\",\"width\":1500,\"height\":1000,\"caption\":\"Drohne beim Aufforsten\"},{\"@type\":\"BreadcrumbList\",\"@id\":\"https:\\\/\\\/www.vaillant.de\\\/21-grad\\\/technik-und-trends\\\/aufforstung-aus-der-luft-wie-ein-deutsches-unternehmen-mit-drohnen-gegen-das-waldsterben-vorgeht\\\/#breadcrumb\",\"itemListElement\":[{\"@type\":\"ListItem\",\"position\":1,\"name\":\"Startseite\",\"item\":\"https:\\\/\\\/www.vaillant.de\\\/21-grad\\\/\"},{\"@type\":\"ListItem\",\"position\":2,\"name\":\"Aufforstung aus der Luft \u2013 wie ein Unternehmen mit Drohnen gegen das Waldsterben vorgeht\"}]},{\"@type\":\"WebSite\",\"@id\":\"https:\\\/\\\/www.vaillant.de\\\/21-grad\\\/#website\",\"url\":\"https:\\\/\\\/www.vaillant.de\\\/21-grad\\\/\",\"name\":\"21 grad\",\"description\":\"Der Blog f\u00fcr Menschen, die weiterdenken\",\"potentialAction\":[{\"@type\":\"SearchAction\",\"target\":{\"@type\":\"EntryPoint\",\"urlTemplate\":\"https:\\\/\\\/www.vaillant.de\\\/21-grad\\\/?s={search_term_string}\"},\"query-input\":{\"@type\":\"PropertyValueSpecification\",\"valueRequired\":true,\"valueName\":\"search_term_string\"}}],\"inLanguage\":\"de\"},{\"@type\":\"Person\",\"@id\":\"https:\\\/\\\/www.vaillant.de\\\/21-grad\\\/#\\\/schema\\\/person\\\/75a8b4aa6c2491a38cf9116850869d58\",\"name\":\"Jacqueline\",\"image\":{\"@type\":\"ImageObject\",\"inLanguage\":\"de\",\"@id\":\"https:\\\/\\\/www.vaillant.de\\\/21-grad\\\/wp-content\\\/uploads\\\/2018\\\/06\\\/Portrait-250-125x125.jpgfc8ce6b31ae0347d9e261097d2ccecbb\",\"url\":\"https:\\\/\\\/www.vaillant.de\\\/21-grad\\\/wp-content\\\/uploads\\\/2018\\\/06\\\/Portrait-250-125x125.jpg\",\"contentUrl\":\"https:\\\/\\\/www.vaillant.de\\\/21-grad\\\/wp-content\\\/uploads\\\/2018\\\/06\\\/Portrait-250-125x125.jpg\",\"caption\":\"Jacqueline\"},\"description\":\"In meinem Arbeitsalltag dreht sich alles rund um digitale Themen. Ich sorge f\u00fcr die Auffindbarkeit des Unternehmens im Web, indem ich unsere Webseite immer wieder mit neuen und relevanten Inhalten best\u00fccke. Dabei ist mir besonders wichtig, dass Ihr schnell und einfach an gew\u00fcnschte Informationen gelangt. Nachhaltigkeit F\u00fcr mich bedeutet Nachhaltigkeit, auch im Alltag die Umwelt durch kleine Dinge zu entlasten. Ich fahre deswegen morgens mit dem Bus zur Arbeit, nehme zum Einkaufen meine Baumwollbeutel mit und kaufe bevorzugt Bioprodukte. Interessen In meiner Freizeit verbringe ich gerne viel Zeit mit Freuden, liebe meinen Tanzsport und spiele gerne Brettspiele. Zudem reise ich sehr gerne. Was w\u00fcrdest du tun, wenn du noch einen Tag zu leben h\u00e4ttest? Ich w\u00fcrde etwas Verr\u00fccktes wie einen Fallschirmsprung machen. Und anschlie\u00dfend eine gro\u00dfe Party mit Freunden. Wenn du eine Superkraft h\u00e4ttest, welche w\u00e4re das und warum? Ich w\u00fcrde gerne unter Wasser atmen k\u00f6nnen. Ich liebe die endlosen Weiten des Meeres und k\u00f6nnte den ganzen Tag im und unter Wasser verbringen. Was bringt dich zum l\u00e4cheln? Ein warmer Sommertag mit viel Sonne.\",\"url\":\"https:\\\/\\\/www.vaillant.de\\\/21-grad\\\/autor\\\/jacqueline\\\/\"}]}<\/script>\n<!-- \/ Yoast SEO plugin. -->","yoast_head_json":{"title":"Aufforstung aus der Luft | 21 grad","description":"Wie das Unternehmen Skyseed gegen das Waldsterben vorgeht und deutsche W\u00e4lder per Drohne aufforstet. Jetzt hier erfahren!","robots":{"index":"index","follow":"follow","max-snippet":"max-snippet:-1","max-image-preview":"max-image-preview:large","max-video-preview":"max-video-preview:-1"},"canonical":"https:\/\/www.vaillant.de\/21-grad\/technik-und-trends\/aufforstung-aus-der-luft-wie-ein-deutsches-unternehmen-mit-drohnen-gegen-das-waldsterben-vorgeht\/","og_locale":"de_DE","og_type":"article","og_title":"Aufforstung aus der Luft | 21 grad","og_description":"Wie das Unternehmen Skyseed gegen das Waldsterben vorgeht und deutsche W\u00e4lder per Drohne aufforstet. Jetzt hier erfahren!","og_url":"https:\/\/www.vaillant.de\/21-grad\/technik-und-trends\/aufforstung-aus-der-luft-wie-ein-deutsches-unternehmen-mit-drohnen-gegen-das-waldsterben-vorgeht\/","og_site_name":"21 grad","article_publisher":"https:\/\/www.facebook.com\/21grad\/","article_published_time":"2022-04-26T13:43:18+00:00","article_modified_time":"2022-04-26T14:48:29+00:00","og_image":[{"width":1500,"height":1000,"url":"https:\/\/www.vaillant.de\/21-grad\/wp-content\/uploads\/2022\/04\/iStock-933948920.jpg","type":"image\/jpeg"}],"author":"Jacqueline","twitter_card":"summary_large_image","twitter_creator":"@vaillant_de","twitter_site":"@vaillant_de","twitter_misc":{"Verfasst von":"Jacqueline","Gesch\u00e4tzte Lesezeit":"3\u00a0Minuten","Written by":"Jacqueline"},"schema":{"@context":"https:\/\/schema.org","@graph":[{"@type":"Article","@id":"https:\/\/www.vaillant.de\/21-grad\/technik-und-trends\/aufforstung-aus-der-luft-wie-ein-deutsches-unternehmen-mit-drohnen-gegen-das-waldsterben-vorgeht\/#article","isPartOf":{"@id":"https:\/\/www.vaillant.de\/21-grad\/technik-und-trends\/aufforstung-aus-der-luft-wie-ein-deutsches-unternehmen-mit-drohnen-gegen-das-waldsterben-vorgeht\/"},"author":{"name":"Jacqueline","@id":"https:\/\/www.vaillant.de\/21-grad\/#\/schema\/person\/75a8b4aa6c2491a38cf9116850869d58"},"headline":"Aufforstung aus der Luft \u2013 wie ein Unternehmen mit Drohnen gegen das Waldsterben vorgeht","datePublished":"2022-04-26T13:43:18+00:00","dateModified":"2022-04-26T14:48:29+00:00","mainEntityOfPage":{"@id":"https:\/\/www.vaillant.de\/21-grad\/technik-und-trends\/aufforstung-aus-der-luft-wie-ein-deutsches-unternehmen-mit-drohnen-gegen-das-waldsterben-vorgeht\/"},"wordCount":693,"commentCount":0,"image":{"@id":"https:\/\/www.vaillant.de\/21-grad\/technik-und-trends\/aufforstung-aus-der-luft-wie-ein-deutsches-unternehmen-mit-drohnen-gegen-das-waldsterben-vorgeht\/#primaryimage"},"thumbnailUrl":"https:\/\/www.vaillant.de\/21-grad\/wp-content\/uploads\/2022\/04\/iStock-933948920.jpg","keywords":["digitale Trends","Klimaschutz","Nachhaltigkeit"],"articleSection":["Technik &amp; Trends"],"inLanguage":"de","potentialAction":[{"@type":"CommentAction","name":"Comment","target":["https:\/\/www.vaillant.de\/21-grad\/technik-und-trends\/aufforstung-aus-der-luft-wie-ein-deutsches-unternehmen-mit-drohnen-gegen-das-waldsterben-vorgeht\/#respond"]}]},{"@type":"WebPage","@id":"https:\/\/www.vaillant.de\/21-grad\/technik-und-trends\/aufforstung-aus-der-luft-wie-ein-deutsches-unternehmen-mit-drohnen-gegen-das-waldsterben-vorgeht\/","url":"https:\/\/www.vaillant.de\/21-grad\/technik-und-trends\/aufforstung-aus-der-luft-wie-ein-deutsches-unternehmen-mit-drohnen-gegen-das-waldsterben-vorgeht\/","name":"Aufforstung aus der Luft | 21 grad","isPartOf":{"@id":"https:\/\/www.vaillant.de\/21-grad\/#website"},"primaryImageOfPage":{"@id":"https:\/\/www.vaillant.de\/21-grad\/technik-und-trends\/aufforstung-aus-der-luft-wie-ein-deutsches-unternehmen-mit-drohnen-gegen-das-waldsterben-vorgeht\/#primaryimage"},"image":{"@id":"https:\/\/www.vaillant.de\/21-grad\/technik-und-trends\/aufforstung-aus-der-luft-wie-ein-deutsches-unternehmen-mit-drohnen-gegen-das-waldsterben-vorgeht\/#primaryimage"},"thumbnailUrl":"https:\/\/www.vaillant.de\/21-grad\/wp-content\/uploads\/2022\/04\/iStock-933948920.jpg","datePublished":"2022-04-26T13:43:18+00:00","dateModified":"2022-04-26T14:48:29+00:00","author":{"@id":"https:\/\/www.vaillant.de\/21-grad\/#\/schema\/person\/75a8b4aa6c2491a38cf9116850869d58"},"description":"Wie das Unternehmen Skyseed gegen das Waldsterben vorgeht und deutsche W\u00e4lder per Drohne aufforstet. Jetzt hier erfahren!","breadcrumb":{"@id":"https:\/\/www.vaillant.de\/21-grad\/technik-und-trends\/aufforstung-aus-der-luft-wie-ein-deutsches-unternehmen-mit-drohnen-gegen-das-waldsterben-vorgeht\/#breadcrumb"},"inLanguage":"de","potentialAction":[{"@type":"ReadAction","target":["https:\/\/www.vaillant.de\/21-grad\/technik-und-trends\/aufforstung-aus-der-luft-wie-ein-deutsches-unternehmen-mit-drohnen-gegen-das-waldsterben-vorgeht\/"]}]},{"@type":"ImageObject","inLanguage":"de","@id":"https:\/\/www.vaillant.de\/21-grad\/technik-und-trends\/aufforstung-aus-der-luft-wie-ein-deutsches-unternehmen-mit-drohnen-gegen-das-waldsterben-vorgeht\/#primaryimage","url":"https:\/\/www.vaillant.de\/21-grad\/wp-content\/uploads\/2022\/04\/iStock-933948920.jpg","contentUrl":"https:\/\/www.vaillant.de\/21-grad\/wp-content\/uploads\/2022\/04\/iStock-933948920.jpg","width":1500,"height":1000,"caption":"Drohne beim Aufforsten"},{"@type":"BreadcrumbList","@id":"https:\/\/www.vaillant.de\/21-grad\/technik-und-trends\/aufforstung-aus-der-luft-wie-ein-deutsches-unternehmen-mit-drohnen-gegen-das-waldsterben-vorgeht\/#breadcrumb","itemListElement":[{"@type":"ListItem","position":1,"name":"Startseite","item":"https:\/\/www.vaillant.de\/21-grad\/"},{"@type":"ListItem","position":2,"name":"Aufforstung aus der Luft \u2013 wie ein Unternehmen mit Drohnen gegen das Waldsterben vorgeht"}]},{"@type":"WebSite","@id":"https:\/\/www.vaillant.de\/21-grad\/#website","url":"https:\/\/www.vaillant.de\/21-grad\/","name":"21 grad","description":"Der Blog f\u00fcr Menschen, die weiterdenken","potentialAction":[{"@type":"SearchAction","target":{"@type":"EntryPoint","urlTemplate":"https:\/\/www.vaillant.de\/21-grad\/?s={search_term_string}"},"query-input":{"@type":"PropertyValueSpecification","valueRequired":true,"valueName":"search_term_string"}}],"inLanguage":"de"},{"@type":"Person","@id":"https:\/\/www.vaillant.de\/21-grad\/#\/schema\/person\/75a8b4aa6c2491a38cf9116850869d58","name":"Jacqueline","image":{"@type":"ImageObject","inLanguage":"de","@id":"https:\/\/www.vaillant.de\/21-grad\/wp-content\/uploads\/2018\/06\/Portrait-250-125x125.jpgfc8ce6b31ae0347d9e261097d2ccecbb","url":"https:\/\/www.vaillant.de\/21-grad\/wp-content\/uploads\/2018\/06\/Portrait-250-125x125.jpg","contentUrl":"https:\/\/www.vaillant.de\/21-grad\/wp-content\/uploads\/2018\/06\/Portrait-250-125x125.jpg","caption":"Jacqueline"},"description":"In meinem Arbeitsalltag dreht sich alles rund um digitale Themen. Ich sorge f\u00fcr die Auffindbarkeit des Unternehmens im Web, indem ich unsere Webseite immer wieder mit neuen und relevanten Inhalten best\u00fccke. Dabei ist mir besonders wichtig, dass Ihr schnell und einfach an gew\u00fcnschte Informationen gelangt. Nachhaltigkeit F\u00fcr mich bedeutet Nachhaltigkeit, auch im Alltag die Umwelt durch kleine Dinge zu entlasten. Ich fahre deswegen morgens mit dem Bus zur Arbeit, nehme zum Einkaufen meine Baumwollbeutel mit und kaufe bevorzugt Bioprodukte. Interessen In meiner Freizeit verbringe ich gerne viel Zeit mit Freuden, liebe meinen Tanzsport und spiele gerne Brettspiele. Zudem reise ich sehr gerne. Was w\u00fcrdest du tun, wenn du noch einen Tag zu leben h\u00e4ttest? Ich w\u00fcrde etwas Verr\u00fccktes wie einen Fallschirmsprung machen. Und anschlie\u00dfend eine gro\u00dfe Party mit Freunden. Wenn du eine Superkraft h\u00e4ttest, welche w\u00e4re das und warum? Ich w\u00fcrde gerne unter Wasser atmen k\u00f6nnen. Ich liebe die endlosen Weiten des Meeres und k\u00f6nnte den ganzen Tag im und unter Wasser verbringen. Was bringt dich zum l\u00e4cheln? Ein warmer Sommertag mit viel Sonne.","url":"https:\/\/www.vaillant.de\/21-grad\/autor\/jacqueline\/"}]}},"_links":{"self":[{"href":"https:\/\/www.vaillant.de\/21-grad\/wp-json\/wp\/v2\/posts\/7105","targetHints":{"allow":["GET"]}}],"collection":[{"href":"https:\/\/www.vaillant.de\/21-grad\/wp-json\/wp\/v2\/posts"}],"about":[{"href":"https:\/\/www.vaillant.de\/21-grad\/wp-json\/wp\/v2\/types\/post"}],"author":[{"embeddable":true,"href":"https:\/\/www.vaillant.de\/21-grad\/wp-json\/wp\/v2\/users\/14"}],"replies":[{"embeddable":true,"href":"https:\/\/www.vaillant.de\/21-grad\/wp-json\/wp\/v2\/comments?post=7105"}],"version-history":[{"count":8,"href":"https:\/\/www.vaillant.de\/21-grad\/wp-json\/wp\/v2\/posts\/7105\/revisions"}],"predecessor-version":[{"id":7137,"href":"https:\/\/www.vaillant.de\/21-grad\/wp-json\/wp\/v2\/posts\/7105\/revisions\/7137"}],"wp:featuredmedia":[{"embeddable":true,"href":"https:\/\/www.vaillant.de\/21-grad\/wp-json\/wp\/v2\/media\/7106"}],"wp:attachment":[{"href":"https:\/\/www.vaillant.de\/21-grad\/wp-json\/wp\/v2\/media?parent=7105"}],"wp:term":[{"taxonomy":"category","embeddable":true,"href":"https:\/\/www.vaillant.de\/21-grad\/wp-json\/wp\/v2\/categories?post=7105"},{"taxonomy":"post_tag","embeddable":true,"href":"https:\/\/www.vaillant.de\/21-grad\/wp-json\/wp\/v2\/tags?post=7105"},{"taxonomy":"author","embeddable":true,"href":"https:\/\/www.vaillant.de\/21-grad\/wp-json\/wp\/v2\/coauthors?post=7105"}],"curies":[{"name":"wp","href":"https:\/\/api.w.org\/{rel}","templated":true}]}}