{"id":7353,"date":"2022-09-14T13:54:38","date_gmt":"2022-09-14T11:54:38","guid":{"rendered":"https:\/\/www.vaillant.de\/21-grad\/?p=7353"},"modified":"2022-10-07T14:58:23","modified_gmt":"2022-10-07T12:58:23","slug":"die-vaillant-group-startet-erstes-aufforstungprojekt","status":"publish","type":"post","link":"https:\/\/www.vaillant.de\/21-grad\/hasen-und-koepfe\/die-vaillant-group-startet-erstes-aufforstungprojekt\/","title":{"rendered":"Die Vaillant Group startet erstes Aufforstungprojekt"},"content":{"rendered":"<p><a href=\"https:\/\/www.vaillant.de\/21-grad\/wp-content\/uploads\/2022\/09\/TreeTrust-DSC02674.jpg\"><img loading=\"lazy\" decoding=\"async\" class=\"alignright size-medium wp-image-7356\" src=\"https:\/\/www.vaillant.de\/21-grad\/wp-content\/uploads\/2022\/09\/TreeTrust-DSC02674-348x232.jpg\" alt=\"\" width=\"348\" height=\"232\" srcset=\"https:\/\/www.vaillant.de\/21-grad\/wp-content\/uploads\/2022\/09\/TreeTrust-DSC02674-348x232.jpg 348w, https:\/\/www.vaillant.de\/21-grad\/wp-content\/uploads\/2022\/09\/TreeTrust-DSC02674-720x480.jpg 720w, https:\/\/www.vaillant.de\/21-grad\/wp-content\/uploads\/2022\/09\/TreeTrust-DSC02674-768x512.jpg 768w, https:\/\/www.vaillant.de\/21-grad\/wp-content\/uploads\/2022\/09\/TreeTrust-DSC02674.jpg 800w\" sizes=\"auto, (max-width: 348px) 100vw, 348px\" \/><\/a>B\u00e4ume sind Klimahelden. Ohne Sie w\u00e4re unser Klima l\u00e4ngst aufgeschmissen und die Erde nicht f\u00fcr uns Menschen bewohnbar. Denn Sie arbeiten rund um die Uhr f\u00fcr eine intakte Umwelt. B\u00e4ume sind das Zuhause vieler V\u00f6gel und Insekten, ihre Wurzeln halten den Boden zusammen, ihr Bl\u00e4tterwerk spendet Schatten f\u00fcr Mensch und Tier, das Laub f\u00fchrt dem Boden wichtige N\u00e4hrstoffe zu. Und das ist l\u00e4ngst nicht alles: Sie filtern Kohlendioxid aus der Luft und speichern es in ihrem Holz ab. Gleichzeitig entsteht Sauerstoff, der freigesetzt wird. Mit dieser F\u00e4higkeit sind B\u00e4ume wichtige Verb\u00fcndete des Menschen im Kampf gegen den Klimawandel.<\/p>\n<p>Entsprechend nimmt die Aufforstung vielerorts an Fahrt auf: Auf freien Fl\u00e4chen werden auf der ganzen Welt B\u00e4ume gepflanzt, um das CO2 in unserer Atmosph\u00e4re zu reduzieren. Ein solches Aufforstungsprojekt hat nun auch die Vaillant Group gestartet: Wir bepflanzen nun in Costa Rica, in Zentralamerika, 1.000 Hektar ehemaliges Weideland gemeinsam mit Munich Re.<\/p>\n\n\t\t<style type=\"text\/css\">\n\t\t\t#gallery-1 {\n\t\t\t\tmargin: auto;\n\t\t\t}\n\t\t\t#gallery-1 .gallery-item {\n\t\t\t\tfloat: left;\n\t\t\t\tmargin-top: 10px;\n\t\t\t\ttext-align: center;\n\t\t\t\twidth: 33%;\n\t\t\t}\n\t\t\t#gallery-1 img {\n\t\t\t\tborder: 2px solid #cfcfcf;\n\t\t\t}\n\t\t\t#gallery-1 .gallery-caption {\n\t\t\t\tmargin-left: 0;\n\t\t\t}\n\t\t\t\/* see gallery_shortcode() in wp-includes\/media.php *\/\n\t\t<\/style>\n\t\t<div id='gallery-1' class='gallery galleryid-7353 gallery-columns-3 gallery-size-thumbnail'><dl class='gallery-item'>\n\t\t\t<dt class='gallery-icon landscape'>\n\t\t\t\t<a href='https:\/\/www.vaillant.de\/21-grad\/wp-content\/uploads\/2022\/09\/TreeTrust_DJI_0908.jpg'><img loading=\"lazy\" decoding=\"async\" width=\"150\" height=\"150\" src=\"https:\/\/www.vaillant.de\/21-grad\/wp-content\/uploads\/2022\/09\/TreeTrust_DJI_0908-150x150.jpg\" class=\"attachment-thumbnail size-thumbnail\" alt=\"\" srcset=\"https:\/\/www.vaillant.de\/21-grad\/wp-content\/uploads\/2022\/09\/TreeTrust_DJI_0908-150x150.jpg 150w, https:\/\/www.vaillant.de\/21-grad\/wp-content\/uploads\/2022\/09\/TreeTrust_DJI_0908-320x320.jpg 320w, https:\/\/www.vaillant.de\/21-grad\/wp-content\/uploads\/2022\/09\/TreeTrust_DJI_0908-125x125.jpg 125w\" sizes=\"auto, (max-width: 150px) 100vw, 150px\" \/><\/a>\n\t\t\t<\/dt><\/dl><dl class='gallery-item'>\n\t\t\t<dt class='gallery-icon landscape'>\n\t\t\t\t<a href='https:\/\/www.vaillant.de\/21-grad\/wp-content\/uploads\/2022\/09\/TreeTrust_DSC02676.jpg'><img loading=\"lazy\" decoding=\"async\" width=\"150\" height=\"150\" src=\"https:\/\/www.vaillant.de\/21-grad\/wp-content\/uploads\/2022\/09\/TreeTrust_DSC02676-150x150.jpg\" class=\"attachment-thumbnail size-thumbnail\" alt=\"\" srcset=\"https:\/\/www.vaillant.de\/21-grad\/wp-content\/uploads\/2022\/09\/TreeTrust_DSC02676-150x150.jpg 150w, https:\/\/www.vaillant.de\/21-grad\/wp-content\/uploads\/2022\/09\/TreeTrust_DSC02676-320x320.jpg 320w, https:\/\/www.vaillant.de\/21-grad\/wp-content\/uploads\/2022\/09\/TreeTrust_DSC02676-125x125.jpg 125w\" sizes=\"auto, (max-width: 150px) 100vw, 150px\" \/><\/a>\n\t\t\t<\/dt><\/dl><dl class='gallery-item'>\n\t\t\t<dt class='gallery-icon landscape'>\n\t\t\t\t<a href='https:\/\/www.vaillant.de\/21-grad\/wp-content\/uploads\/2022\/09\/TreeTrust_DSC02702.jpg'><img loading=\"lazy\" decoding=\"async\" width=\"150\" height=\"150\" src=\"https:\/\/www.vaillant.de\/21-grad\/wp-content\/uploads\/2022\/09\/TreeTrust_DSC02702-150x150.jpg\" class=\"attachment-thumbnail size-thumbnail\" alt=\"\" srcset=\"https:\/\/www.vaillant.de\/21-grad\/wp-content\/uploads\/2022\/09\/TreeTrust_DSC02702-150x150.jpg 150w, https:\/\/www.vaillant.de\/21-grad\/wp-content\/uploads\/2022\/09\/TreeTrust_DSC02702-320x320.jpg 320w, https:\/\/www.vaillant.de\/21-grad\/wp-content\/uploads\/2022\/09\/TreeTrust_DSC02702-125x125.jpg 125w\" sizes=\"auto, (max-width: 150px) 100vw, 150px\" \/><\/a>\n\t\t\t<\/dt><\/dl><br style=\"clear: both\" \/><dl class='gallery-item'>\n\t\t\t<dt class='gallery-icon landscape'>\n\t\t\t\t<a href='https:\/\/www.vaillant.de\/21-grad\/wp-content\/uploads\/2022\/09\/TreeTrust_DSC02994.jpg'><img loading=\"lazy\" decoding=\"async\" width=\"150\" height=\"150\" src=\"https:\/\/www.vaillant.de\/21-grad\/wp-content\/uploads\/2022\/09\/TreeTrust_DSC02994-150x150.jpg\" class=\"attachment-thumbnail size-thumbnail\" alt=\"\" srcset=\"https:\/\/www.vaillant.de\/21-grad\/wp-content\/uploads\/2022\/09\/TreeTrust_DSC02994-150x150.jpg 150w, https:\/\/www.vaillant.de\/21-grad\/wp-content\/uploads\/2022\/09\/TreeTrust_DSC02994-320x320.jpg 320w, https:\/\/www.vaillant.de\/21-grad\/wp-content\/uploads\/2022\/09\/TreeTrust_DSC02994-125x125.jpg 125w\" sizes=\"auto, (max-width: 150px) 100vw, 150px\" \/><\/a>\n\t\t\t<\/dt><\/dl><dl class='gallery-item'>\n\t\t\t<dt class='gallery-icon landscape'>\n\t\t\t\t<a href='https:\/\/www.vaillant.de\/21-grad\/wp-content\/uploads\/2022\/09\/TreeTrust_DSC03594.jpg'><img loading=\"lazy\" decoding=\"async\" width=\"150\" height=\"150\" src=\"https:\/\/www.vaillant.de\/21-grad\/wp-content\/uploads\/2022\/09\/TreeTrust_DSC03594-150x150.jpg\" class=\"attachment-thumbnail size-thumbnail\" alt=\"\" srcset=\"https:\/\/www.vaillant.de\/21-grad\/wp-content\/uploads\/2022\/09\/TreeTrust_DSC03594-150x150.jpg 150w, https:\/\/www.vaillant.de\/21-grad\/wp-content\/uploads\/2022\/09\/TreeTrust_DSC03594-320x320.jpg 320w, https:\/\/www.vaillant.de\/21-grad\/wp-content\/uploads\/2022\/09\/TreeTrust_DSC03594-125x125.jpg 125w\" sizes=\"auto, (max-width: 150px) 100vw, 150px\" \/><\/a>\n\t\t\t<\/dt><\/dl><dl class='gallery-item'>\n\t\t\t<dt class='gallery-icon landscape'>\n\t\t\t\t<a href='https:\/\/www.vaillant.de\/21-grad\/wp-content\/uploads\/2022\/09\/TreeTrust_DSC03604.jpg'><img loading=\"lazy\" decoding=\"async\" width=\"150\" height=\"150\" src=\"https:\/\/www.vaillant.de\/21-grad\/wp-content\/uploads\/2022\/09\/TreeTrust_DSC03604-150x150.jpg\" class=\"attachment-thumbnail size-thumbnail\" alt=\"\" srcset=\"https:\/\/www.vaillant.de\/21-grad\/wp-content\/uploads\/2022\/09\/TreeTrust_DSC03604-150x150.jpg 150w, https:\/\/www.vaillant.de\/21-grad\/wp-content\/uploads\/2022\/09\/TreeTrust_DSC03604-320x320.jpg 320w, https:\/\/www.vaillant.de\/21-grad\/wp-content\/uploads\/2022\/09\/TreeTrust_DSC03604-125x125.jpg 125w\" sizes=\"auto, (max-width: 150px) 100vw, 150px\" \/><\/a>\n\t\t\t<\/dt><\/dl><br style=\"clear: both\" \/>\n\t\t<\/div>\n\n<h2><\/h2>\n<h2><\/h2>\n<h2>B\u00e4ume pflanzen, aber richtig<\/h2>\n<p>Aufforstungsprojekte sind wichtig, k\u00f6nnen aber nur erfolgreich und effektiv sein, wenn sie richtig umgesetzt werden. So m\u00fcssen lokale Gegebenheiten beachtet werden, ebenso wie langfristige klimatische Ver\u00e4nderungen. Darum verfolgen wir mit unserem Aufforstungsprojekt eine langfristige Strategie und streben die Zertifizierung nach dem international anerkannten Gold Standard an.<\/p>\n<p>Auf diese Art wird die Wiederherstellung des naturnahen Regenwalds in Costa Rica viele Vorteile bringen:<\/p>\n<blockquote><p><em><strong>In den kommenden 40 Jahren werden die B\u00e4ume \u00fcber 600.000 Tonnen CO\u2082 aus der Atmosph\u00e4re aufnehmen und langfristig binden.<\/strong><\/em><\/p><\/blockquote>\n<p><a href=\"https:\/\/www.vaillant.de\/21-grad\/wp-content\/uploads\/2022\/09\/TreeTrust_DSC03613.jpg\"><img loading=\"lazy\" decoding=\"async\" class=\"wp-image-7358 alignright\" src=\"https:\/\/www.vaillant.de\/21-grad\/wp-content\/uploads\/2022\/09\/TreeTrust_DSC03613-348x232.jpg\" alt=\"\" width=\"337\" height=\"224\" srcset=\"https:\/\/www.vaillant.de\/21-grad\/wp-content\/uploads\/2022\/09\/TreeTrust_DSC03613-348x232.jpg 348w, https:\/\/www.vaillant.de\/21-grad\/wp-content\/uploads\/2022\/09\/TreeTrust_DSC03613-720x480.jpg 720w, https:\/\/www.vaillant.de\/21-grad\/wp-content\/uploads\/2022\/09\/TreeTrust_DSC03613-768x512.jpg 768w, https:\/\/www.vaillant.de\/21-grad\/wp-content\/uploads\/2022\/09\/TreeTrust_DSC03613.jpg 800w\" sizes=\"auto, (max-width: 337px) 100vw, 337px\" \/><\/a>Die Aufforstung f\u00f6rdert zudem die Artenvielfalt der Wildtiere und verbessert die Wasserqualit\u00e4t in der Region. Das Projekt schafft Arbeitspl\u00e4tze f\u00fcr die Menschen vor Ort und bietet ihnen eine langfristige Perspektive.<\/p>\n<p>Das Aufforstungsprojekt ist nur ein Puzzleteil der Klimastrategie der Vaillant Group. Unser Ziel ist es, bis zum Jahr 2030 unsere CO2-Emissionen aus dem operativen Gesch\u00e4ftsbereich um 50 Prozent gegen\u00fcber 2018 zu senken.<\/p>\n","protected":false},"excerpt":{"rendered":"<p>Die Vaillant Group verfolgt schon seit Jahren eine ambitionierte und stringente Klimastrategie. Reduktion und Ausgleich von Emissionen sind darin die beiden wichtigen S\u00e4ulen. Nun wurde eine neue Ma\u00dfnahmen ergriffen: Gemeinsam mit Munich Re bepflanzen wir in Costa Rica eine 1.000 Hektar gro\u00dfe Fl\u00e4che mit B\u00e4umen.<\/p>\n","protected":false},"author":6,"featured_media":7355,"comment_status":"open","ping_status":"open","sticky":false,"template":"","format":"standard","meta":{"footnotes":""},"categories":[6],"tags":[],"coauthors":[70],"class_list":["post-7353","post","type-post","status-publish","format-standard","has-post-thumbnail","hentry","category-hasen-und-koepfe"],"yoast_head":"<!-- This site is optimized with the Yoast SEO plugin v27.4 - https:\/\/yoast.com\/product\/yoast-seo-wordpress\/ -->\n<title>Aufforstungsprojekt Costa Rica | Vaillant 21 grad<\/title>\n<meta name=\"description\" content=\"Die Vaillant Group startet ein eigenes Aufforstungsprojekt in Costa Rica. Die B\u00e4ume werden ab 2030 die verbleibenden Emissionen ausgleichen.\" \/>\n<meta name=\"robots\" content=\"index, follow, max-snippet:-1, max-image-preview:large, max-video-preview:-1\" \/>\n<link rel=\"canonical\" href=\"https:\/\/www.vaillant.de\/21-grad\/hasen-und-koepfe\/die-vaillant-group-startet-erstes-aufforstungprojekt\/\" \/>\n<meta property=\"og:locale\" content=\"de_DE\" \/>\n<meta property=\"og:type\" content=\"article\" \/>\n<meta property=\"og:title\" content=\"Aufforstungsprojekt Costa Rica | Vaillant 21 grad\" \/>\n<meta property=\"og:description\" content=\"Die Vaillant Group startet ein eigenes Aufforstungsprojekt in Costa Rica. Die B\u00e4ume werden ab 2030 die verbleibenden Emissionen ausgleichen.\" \/>\n<meta property=\"og:url\" content=\"https:\/\/www.vaillant.de\/21-grad\/hasen-und-koepfe\/die-vaillant-group-startet-erstes-aufforstungprojekt\/\" \/>\n<meta property=\"og:site_name\" content=\"21 grad\" \/>\n<meta property=\"article:publisher\" content=\"https:\/\/www.facebook.com\/21grad\/\" \/>\n<meta property=\"article:published_time\" content=\"2022-09-14T11:54:38+00:00\" \/>\n<meta property=\"article:modified_time\" content=\"2022-10-07T12:58:23+00:00\" \/>\n<meta property=\"og:image\" content=\"https:\/\/www.vaillant.de\/21-grad\/wp-content\/uploads\/2022\/09\/TreeTrust_DJI_0538_2022-05-23_10-19-15.jpg\" \/>\n\t<meta property=\"og:image:width\" content=\"1000\" \/>\n\t<meta property=\"og:image:height\" content=\"500\" \/>\n\t<meta property=\"og:image:type\" content=\"image\/jpeg\" \/>\n<meta name=\"author\" content=\"Marcus\" \/>\n<meta name=\"twitter:card\" content=\"summary_large_image\" \/>\n<meta name=\"twitter:creator\" content=\"@vaillant_de\" \/>\n<meta name=\"twitter:site\" content=\"@vaillant_de\" \/>\n<meta name=\"twitter:label1\" content=\"Verfasst von\" \/>\n\t<meta name=\"twitter:data1\" content=\"Marcus\" \/>\n\t<meta name=\"twitter:label2\" content=\"Gesch\u00e4tzte Lesezeit\" \/>\n\t<meta name=\"twitter:data2\" content=\"3\u00a0Minuten\" \/>\n\t<meta name=\"twitter:label3\" content=\"Written by\" \/>\n\t<meta name=\"twitter:data3\" content=\"Marcus\" \/>\n<script type=\"application\/ld+json\" class=\"yoast-schema-graph\">{\"@context\":\"https:\\\/\\\/schema.org\",\"@graph\":[{\"@type\":\"Article\",\"@id\":\"https:\\\/\\\/www.vaillant.de\\\/21-grad\\\/hasen-und-koepfe\\\/die-vaillant-group-startet-erstes-aufforstungprojekt\\\/#article\",\"isPartOf\":{\"@id\":\"https:\\\/\\\/www.vaillant.de\\\/21-grad\\\/hasen-und-koepfe\\\/die-vaillant-group-startet-erstes-aufforstungprojekt\\\/\"},\"author\":{\"name\":\"Marcus\",\"@id\":\"https:\\\/\\\/www.vaillant.de\\\/21-grad\\\/#\\\/schema\\\/person\\\/d79d2ba98cd3da7ae5877706050352da\"},\"headline\":\"Die Vaillant Group startet erstes Aufforstungprojekt\",\"datePublished\":\"2022-09-14T11:54:38+00:00\",\"dateModified\":\"2022-10-07T12:58:23+00:00\",\"mainEntityOfPage\":{\"@id\":\"https:\\\/\\\/www.vaillant.de\\\/21-grad\\\/hasen-und-koepfe\\\/die-vaillant-group-startet-erstes-aufforstungprojekt\\\/\"},\"wordCount\":331,\"commentCount\":0,\"image\":{\"@id\":\"https:\\\/\\\/www.vaillant.de\\\/21-grad\\\/hasen-und-koepfe\\\/die-vaillant-group-startet-erstes-aufforstungprojekt\\\/#primaryimage\"},\"thumbnailUrl\":\"https:\\\/\\\/www.vaillant.de\\\/21-grad\\\/wp-content\\\/uploads\\\/2022\\\/09\\\/TreeTrust_DJI_0538_2022-05-23_10-19-15.jpg\",\"articleSection\":[\"Hasen &amp; K\u00f6pfe\"],\"inLanguage\":\"de\",\"potentialAction\":[{\"@type\":\"CommentAction\",\"name\":\"Comment\",\"target\":[\"https:\\\/\\\/www.vaillant.de\\\/21-grad\\\/hasen-und-koepfe\\\/die-vaillant-group-startet-erstes-aufforstungprojekt\\\/#respond\"]}]},{\"@type\":\"WebPage\",\"@id\":\"https:\\\/\\\/www.vaillant.de\\\/21-grad\\\/hasen-und-koepfe\\\/die-vaillant-group-startet-erstes-aufforstungprojekt\\\/\",\"url\":\"https:\\\/\\\/www.vaillant.de\\\/21-grad\\\/hasen-und-koepfe\\\/die-vaillant-group-startet-erstes-aufforstungprojekt\\\/\",\"name\":\"Aufforstungsprojekt Costa Rica | Vaillant 21 grad\",\"isPartOf\":{\"@id\":\"https:\\\/\\\/www.vaillant.de\\\/21-grad\\\/#website\"},\"primaryImageOfPage\":{\"@id\":\"https:\\\/\\\/www.vaillant.de\\\/21-grad\\\/hasen-und-koepfe\\\/die-vaillant-group-startet-erstes-aufforstungprojekt\\\/#primaryimage\"},\"image\":{\"@id\":\"https:\\\/\\\/www.vaillant.de\\\/21-grad\\\/hasen-und-koepfe\\\/die-vaillant-group-startet-erstes-aufforstungprojekt\\\/#primaryimage\"},\"thumbnailUrl\":\"https:\\\/\\\/www.vaillant.de\\\/21-grad\\\/wp-content\\\/uploads\\\/2022\\\/09\\\/TreeTrust_DJI_0538_2022-05-23_10-19-15.jpg\",\"datePublished\":\"2022-09-14T11:54:38+00:00\",\"dateModified\":\"2022-10-07T12:58:23+00:00\",\"author\":{\"@id\":\"https:\\\/\\\/www.vaillant.de\\\/21-grad\\\/#\\\/schema\\\/person\\\/d79d2ba98cd3da7ae5877706050352da\"},\"description\":\"Die Vaillant Group startet ein eigenes Aufforstungsprojekt in Costa Rica. Die B\u00e4ume werden ab 2030 die verbleibenden Emissionen ausgleichen.\",\"breadcrumb\":{\"@id\":\"https:\\\/\\\/www.vaillant.de\\\/21-grad\\\/hasen-und-koepfe\\\/die-vaillant-group-startet-erstes-aufforstungprojekt\\\/#breadcrumb\"},\"inLanguage\":\"de\",\"potentialAction\":[{\"@type\":\"ReadAction\",\"target\":[\"https:\\\/\\\/www.vaillant.de\\\/21-grad\\\/hasen-und-koepfe\\\/die-vaillant-group-startet-erstes-aufforstungprojekt\\\/\"]}]},{\"@type\":\"ImageObject\",\"inLanguage\":\"de\",\"@id\":\"https:\\\/\\\/www.vaillant.de\\\/21-grad\\\/hasen-und-koepfe\\\/die-vaillant-group-startet-erstes-aufforstungprojekt\\\/#primaryimage\",\"url\":\"https:\\\/\\\/www.vaillant.de\\\/21-grad\\\/wp-content\\\/uploads\\\/2022\\\/09\\\/TreeTrust_DJI_0538_2022-05-23_10-19-15.jpg\",\"contentUrl\":\"https:\\\/\\\/www.vaillant.de\\\/21-grad\\\/wp-content\\\/uploads\\\/2022\\\/09\\\/TreeTrust_DJI_0538_2022-05-23_10-19-15.jpg\",\"width\":1000,\"height\":500,\"caption\":\"Aufforstung\"},{\"@type\":\"BreadcrumbList\",\"@id\":\"https:\\\/\\\/www.vaillant.de\\\/21-grad\\\/hasen-und-koepfe\\\/die-vaillant-group-startet-erstes-aufforstungprojekt\\\/#breadcrumb\",\"itemListElement\":[{\"@type\":\"ListItem\",\"position\":1,\"name\":\"Startseite\",\"item\":\"https:\\\/\\\/www.vaillant.de\\\/21-grad\\\/\"},{\"@type\":\"ListItem\",\"position\":2,\"name\":\"Die Vaillant Group startet erstes Aufforstungprojekt\"}]},{\"@type\":\"WebSite\",\"@id\":\"https:\\\/\\\/www.vaillant.de\\\/21-grad\\\/#website\",\"url\":\"https:\\\/\\\/www.vaillant.de\\\/21-grad\\\/\",\"name\":\"21 grad\",\"description\":\"Der Blog f\u00fcr Menschen, die weiterdenken\",\"potentialAction\":[{\"@type\":\"SearchAction\",\"target\":{\"@type\":\"EntryPoint\",\"urlTemplate\":\"https:\\\/\\\/www.vaillant.de\\\/21-grad\\\/?s={search_term_string}\"},\"query-input\":{\"@type\":\"PropertyValueSpecification\",\"valueRequired\":true,\"valueName\":\"search_term_string\"}}],\"inLanguage\":\"de\"},{\"@type\":\"Person\",\"@id\":\"https:\\\/\\\/www.vaillant.de\\\/21-grad\\\/#\\\/schema\\\/person\\\/d79d2ba98cd3da7ae5877706050352da\",\"name\":\"Marcus\",\"image\":{\"@type\":\"ImageObject\",\"inLanguage\":\"de\",\"@id\":\"https:\\\/\\\/www.vaillant.de\\\/21-grad\\\/wp-content\\\/uploads\\\/2026\\\/01\\\/Marcus-125x125.jpg9d3430f1bc55d5a5d47a1162a14ae1af\",\"url\":\"https:\\\/\\\/www.vaillant.de\\\/21-grad\\\/wp-content\\\/uploads\\\/2026\\\/01\\\/Marcus-125x125.jpg\",\"contentUrl\":\"https:\\\/\\\/www.vaillant.de\\\/21-grad\\\/wp-content\\\/uploads\\\/2026\\\/01\\\/Marcus-125x125.jpg\",\"caption\":\"Marcus\"},\"description\":\"Willkommen in der wunderbaren Welt des 21grad Blogs. Als Medien- und Kooperationsmanager bin ich bei Vaillant Deutschland u.a. f\u00fcr unsere Fach- und Branchenkommunikation zust\u00e4ndig. Ich freue mich auf den Dialog mit Euch. :-) Nachhaltigkeit Bewusster Konsum und soziales Engagement liegen mir sehr am Herzen. Zuhause nutze ich \u00d6kostrom und Biogas, bei Lebensmitteln sind mir Labels wie Fair-Trade oder Bio sehr wichtig. Ich bin Sportwart beim Tennisclub Gr\u00fcn-Wei\u00df Lennep und engagiere mich auch f\u00fcr Aktion Mensch oder SOS-Kinderdorf. Interessen Unternehmungen mit Familie und Freunden, Tennis, Rock-Konzerte, Kino, B\u00fccher (z.B. Hornby, Eschbach, Uschmann) Was wolltest du als Kind gerne werden? Um es mit den \u00c4rzten zu sagen: Popstar, Bademeister oder Astronaut Was bringt dich auf die Palme? Menschen, die Schuld immer bei anderen suchen oder auch nat\u00fcrlich eine leckere Kokosnuss Was war der beste Rat, den du jemals erhalten hast? \u201eDenke in L\u00f6sungen, nicht in Problemen.\u201c\",\"url\":\"https:\\\/\\\/www.vaillant.de\\\/21-grad\\\/autor\\\/marcus\\\/\"}]}<\/script>\n<!-- \/ Yoast SEO plugin. -->","yoast_head_json":{"title":"Aufforstungsprojekt Costa Rica | Vaillant 21 grad","description":"Die Vaillant Group startet ein eigenes Aufforstungsprojekt in Costa Rica. Die B\u00e4ume werden ab 2030 die verbleibenden Emissionen ausgleichen.","robots":{"index":"index","follow":"follow","max-snippet":"max-snippet:-1","max-image-preview":"max-image-preview:large","max-video-preview":"max-video-preview:-1"},"canonical":"https:\/\/www.vaillant.de\/21-grad\/hasen-und-koepfe\/die-vaillant-group-startet-erstes-aufforstungprojekt\/","og_locale":"de_DE","og_type":"article","og_title":"Aufforstungsprojekt Costa Rica | Vaillant 21 grad","og_description":"Die Vaillant Group startet ein eigenes Aufforstungsprojekt in Costa Rica. Die B\u00e4ume werden ab 2030 die verbleibenden Emissionen ausgleichen.","og_url":"https:\/\/www.vaillant.de\/21-grad\/hasen-und-koepfe\/die-vaillant-group-startet-erstes-aufforstungprojekt\/","og_site_name":"21 grad","article_publisher":"https:\/\/www.facebook.com\/21grad\/","article_published_time":"2022-09-14T11:54:38+00:00","article_modified_time":"2022-10-07T12:58:23+00:00","og_image":[{"width":1000,"height":500,"url":"https:\/\/www.vaillant.de\/21-grad\/wp-content\/uploads\/2022\/09\/TreeTrust_DJI_0538_2022-05-23_10-19-15.jpg","type":"image\/jpeg"}],"author":"Marcus","twitter_card":"summary_large_image","twitter_creator":"@vaillant_de","twitter_site":"@vaillant_de","twitter_misc":{"Verfasst von":"Marcus","Gesch\u00e4tzte Lesezeit":"3\u00a0Minuten","Written by":"Marcus"},"schema":{"@context":"https:\/\/schema.org","@graph":[{"@type":"Article","@id":"https:\/\/www.vaillant.de\/21-grad\/hasen-und-koepfe\/die-vaillant-group-startet-erstes-aufforstungprojekt\/#article","isPartOf":{"@id":"https:\/\/www.vaillant.de\/21-grad\/hasen-und-koepfe\/die-vaillant-group-startet-erstes-aufforstungprojekt\/"},"author":{"name":"Marcus","@id":"https:\/\/www.vaillant.de\/21-grad\/#\/schema\/person\/d79d2ba98cd3da7ae5877706050352da"},"headline":"Die Vaillant Group startet erstes Aufforstungprojekt","datePublished":"2022-09-14T11:54:38+00:00","dateModified":"2022-10-07T12:58:23+00:00","mainEntityOfPage":{"@id":"https:\/\/www.vaillant.de\/21-grad\/hasen-und-koepfe\/die-vaillant-group-startet-erstes-aufforstungprojekt\/"},"wordCount":331,"commentCount":0,"image":{"@id":"https:\/\/www.vaillant.de\/21-grad\/hasen-und-koepfe\/die-vaillant-group-startet-erstes-aufforstungprojekt\/#primaryimage"},"thumbnailUrl":"https:\/\/www.vaillant.de\/21-grad\/wp-content\/uploads\/2022\/09\/TreeTrust_DJI_0538_2022-05-23_10-19-15.jpg","articleSection":["Hasen &amp; K\u00f6pfe"],"inLanguage":"de","potentialAction":[{"@type":"CommentAction","name":"Comment","target":["https:\/\/www.vaillant.de\/21-grad\/hasen-und-koepfe\/die-vaillant-group-startet-erstes-aufforstungprojekt\/#respond"]}]},{"@type":"WebPage","@id":"https:\/\/www.vaillant.de\/21-grad\/hasen-und-koepfe\/die-vaillant-group-startet-erstes-aufforstungprojekt\/","url":"https:\/\/www.vaillant.de\/21-grad\/hasen-und-koepfe\/die-vaillant-group-startet-erstes-aufforstungprojekt\/","name":"Aufforstungsprojekt Costa Rica | Vaillant 21 grad","isPartOf":{"@id":"https:\/\/www.vaillant.de\/21-grad\/#website"},"primaryImageOfPage":{"@id":"https:\/\/www.vaillant.de\/21-grad\/hasen-und-koepfe\/die-vaillant-group-startet-erstes-aufforstungprojekt\/#primaryimage"},"image":{"@id":"https:\/\/www.vaillant.de\/21-grad\/hasen-und-koepfe\/die-vaillant-group-startet-erstes-aufforstungprojekt\/#primaryimage"},"thumbnailUrl":"https:\/\/www.vaillant.de\/21-grad\/wp-content\/uploads\/2022\/09\/TreeTrust_DJI_0538_2022-05-23_10-19-15.jpg","datePublished":"2022-09-14T11:54:38+00:00","dateModified":"2022-10-07T12:58:23+00:00","author":{"@id":"https:\/\/www.vaillant.de\/21-grad\/#\/schema\/person\/d79d2ba98cd3da7ae5877706050352da"},"description":"Die Vaillant Group startet ein eigenes Aufforstungsprojekt in Costa Rica. Die B\u00e4ume werden ab 2030 die verbleibenden Emissionen ausgleichen.","breadcrumb":{"@id":"https:\/\/www.vaillant.de\/21-grad\/hasen-und-koepfe\/die-vaillant-group-startet-erstes-aufforstungprojekt\/#breadcrumb"},"inLanguage":"de","potentialAction":[{"@type":"ReadAction","target":["https:\/\/www.vaillant.de\/21-grad\/hasen-und-koepfe\/die-vaillant-group-startet-erstes-aufforstungprojekt\/"]}]},{"@type":"ImageObject","inLanguage":"de","@id":"https:\/\/www.vaillant.de\/21-grad\/hasen-und-koepfe\/die-vaillant-group-startet-erstes-aufforstungprojekt\/#primaryimage","url":"https:\/\/www.vaillant.de\/21-grad\/wp-content\/uploads\/2022\/09\/TreeTrust_DJI_0538_2022-05-23_10-19-15.jpg","contentUrl":"https:\/\/www.vaillant.de\/21-grad\/wp-content\/uploads\/2022\/09\/TreeTrust_DJI_0538_2022-05-23_10-19-15.jpg","width":1000,"height":500,"caption":"Aufforstung"},{"@type":"BreadcrumbList","@id":"https:\/\/www.vaillant.de\/21-grad\/hasen-und-koepfe\/die-vaillant-group-startet-erstes-aufforstungprojekt\/#breadcrumb","itemListElement":[{"@type":"ListItem","position":1,"name":"Startseite","item":"https:\/\/www.vaillant.de\/21-grad\/"},{"@type":"ListItem","position":2,"name":"Die Vaillant Group startet erstes Aufforstungprojekt"}]},{"@type":"WebSite","@id":"https:\/\/www.vaillant.de\/21-grad\/#website","url":"https:\/\/www.vaillant.de\/21-grad\/","name":"21 grad","description":"Der Blog f\u00fcr Menschen, die weiterdenken","potentialAction":[{"@type":"SearchAction","target":{"@type":"EntryPoint","urlTemplate":"https:\/\/www.vaillant.de\/21-grad\/?s={search_term_string}"},"query-input":{"@type":"PropertyValueSpecification","valueRequired":true,"valueName":"search_term_string"}}],"inLanguage":"de"},{"@type":"Person","@id":"https:\/\/www.vaillant.de\/21-grad\/#\/schema\/person\/d79d2ba98cd3da7ae5877706050352da","name":"Marcus","image":{"@type":"ImageObject","inLanguage":"de","@id":"https:\/\/www.vaillant.de\/21-grad\/wp-content\/uploads\/2026\/01\/Marcus-125x125.jpg9d3430f1bc55d5a5d47a1162a14ae1af","url":"https:\/\/www.vaillant.de\/21-grad\/wp-content\/uploads\/2026\/01\/Marcus-125x125.jpg","contentUrl":"https:\/\/www.vaillant.de\/21-grad\/wp-content\/uploads\/2026\/01\/Marcus-125x125.jpg","caption":"Marcus"},"description":"Willkommen in der wunderbaren Welt des 21grad Blogs. Als Medien- und Kooperationsmanager bin ich bei Vaillant Deutschland u.a. f\u00fcr unsere Fach- und Branchenkommunikation zust\u00e4ndig. Ich freue mich auf den Dialog mit Euch. :-) Nachhaltigkeit Bewusster Konsum und soziales Engagement liegen mir sehr am Herzen. Zuhause nutze ich \u00d6kostrom und Biogas, bei Lebensmitteln sind mir Labels wie Fair-Trade oder Bio sehr wichtig. Ich bin Sportwart beim Tennisclub Gr\u00fcn-Wei\u00df Lennep und engagiere mich auch f\u00fcr Aktion Mensch oder SOS-Kinderdorf. Interessen Unternehmungen mit Familie und Freunden, Tennis, Rock-Konzerte, Kino, B\u00fccher (z.B. Hornby, Eschbach, Uschmann) Was wolltest du als Kind gerne werden? Um es mit den \u00c4rzten zu sagen: Popstar, Bademeister oder Astronaut Was bringt dich auf die Palme? Menschen, die Schuld immer bei anderen suchen oder auch nat\u00fcrlich eine leckere Kokosnuss Was war der beste Rat, den du jemals erhalten hast? \u201eDenke in L\u00f6sungen, nicht in Problemen.\u201c","url":"https:\/\/www.vaillant.de\/21-grad\/autor\/marcus\/"}]}},"_links":{"self":[{"href":"https:\/\/www.vaillant.de\/21-grad\/wp-json\/wp\/v2\/posts\/7353","targetHints":{"allow":["GET"]}}],"collection":[{"href":"https:\/\/www.vaillant.de\/21-grad\/wp-json\/wp\/v2\/posts"}],"about":[{"href":"https:\/\/www.vaillant.de\/21-grad\/wp-json\/wp\/v2\/types\/post"}],"author":[{"embeddable":true,"href":"https:\/\/www.vaillant.de\/21-grad\/wp-json\/wp\/v2\/users\/6"}],"replies":[{"embeddable":true,"href":"https:\/\/www.vaillant.de\/21-grad\/wp-json\/wp\/v2\/comments?post=7353"}],"version-history":[{"count":12,"href":"https:\/\/www.vaillant.de\/21-grad\/wp-json\/wp\/v2\/posts\/7353\/revisions"}],"predecessor-version":[{"id":7420,"href":"https:\/\/www.vaillant.de\/21-grad\/wp-json\/wp\/v2\/posts\/7353\/revisions\/7420"}],"wp:featuredmedia":[{"embeddable":true,"href":"https:\/\/www.vaillant.de\/21-grad\/wp-json\/wp\/v2\/media\/7355"}],"wp:attachment":[{"href":"https:\/\/www.vaillant.de\/21-grad\/wp-json\/wp\/v2\/media?parent=7353"}],"wp:term":[{"taxonomy":"category","embeddable":true,"href":"https:\/\/www.vaillant.de\/21-grad\/wp-json\/wp\/v2\/categories?post=7353"},{"taxonomy":"post_tag","embeddable":true,"href":"https:\/\/www.vaillant.de\/21-grad\/wp-json\/wp\/v2\/tags?post=7353"},{"taxonomy":"author","embeddable":true,"href":"https:\/\/www.vaillant.de\/21-grad\/wp-json\/wp\/v2\/coauthors?post=7353"}],"curies":[{"name":"wp","href":"https:\/\/api.w.org\/{rel}","templated":true}]}}