{"id":7421,"date":"2022-10-31T14:43:31","date_gmt":"2022-10-31T13:43:31","guid":{"rendered":"https:\/\/www.vaillant.de\/21-grad\/?p=7421"},"modified":"2022-12-06T11:53:19","modified_gmt":"2022-12-06T10:53:19","slug":"neue-technlogie-windkraft-durch-schwingungen","status":"publish","type":"post","link":"https:\/\/www.vaillant.de\/21-grad\/technik-und-trends\/neue-technlogie-windkraft-durch-schwingungen\/","title":{"rendered":"Neue Technlogie: Windkraft durch Schwingungen"},"content":{"rendered":"<p><a href=\"https:\/\/www.vaillant.de\/21-grad\/wp-content\/uploads\/2022\/10\/Vortex-Nano-at-UPM.jpg\"><img loading=\"lazy\" decoding=\"async\" class=\"alignright size-medium wp-image-7426\" src=\"https:\/\/www.vaillant.de\/21-grad\/wp-content\/uploads\/2022\/10\/Vortex-Nano-at-UPM-349x232.jpg\" alt=\"Vortex Nano at UPM\" width=\"349\" height=\"232\" srcset=\"https:\/\/www.vaillant.de\/21-grad\/wp-content\/uploads\/2022\/10\/Vortex-Nano-at-UPM-349x232.jpg 349w, https:\/\/www.vaillant.de\/21-grad\/wp-content\/uploads\/2022\/10\/Vortex-Nano-at-UPM-721x480.jpg 721w, https:\/\/www.vaillant.de\/21-grad\/wp-content\/uploads\/2022\/10\/Vortex-Nano-at-UPM-768x511.jpg 768w, https:\/\/www.vaillant.de\/21-grad\/wp-content\/uploads\/2022\/10\/Vortex-Nano-at-UPM.jpg 1500w\" sizes=\"auto, (max-width: 349px) 100vw, 349px\" \/><\/a>Der Ingenieur David Y\u00e1nez hatte einen Heureka-Moment: Er sah Filmaufnahmen vom Einsturz der Tacoma-Narrows-Br\u00fccke im US-Bundesstaat Washington aus dem Jahr 1940. Starke Winde versetzten die Br\u00fccke damals erst in Schwingungen, bis sie schlie\u00dflich zusammenbrach. Y\u00e1nez fragte sich, wie man durch Wind verursachte Vibrationen nutzen k\u00f6nnte, um Energie zu gewinnen.<\/p>\n<h2>Windenergie durch Vibration<\/h2>\n<p>Sein Start-up Vortex Bladeless arbeitet nun seit 2012 an einem umweltfreundlichen Windgenerator, der weder Rotorbl\u00e4tter noch Rotation ben\u00f6tigt. Diese Anlage ist streng genommen keine Turbine wie ein herk\u00f6mmliches Windrad, da sie sich eben nicht dreht. Die kleinen Windkraftwerke stehen wie eine schmale S\u00e4ule in der Landschaft. Im Wind oszilliert das Ger\u00e4t mit einer ger\u00e4uschlosen Bewegung. Daher st\u00f6rt es keine Widltiere und kann im Grunde \u00fcberall platziert werden. Im unteren Teil entsteht durch die elastische Verformung des Materials elektrische Spannung.<\/p>\n<h2>Frischer Wind f\u00fcr Privathaushalte<\/h2>\n<p>Das Start-up fokussiert sich vorwiegend auf Endkonsumenten. Die Prototypen sind daher aktuell nur knapp drei Meter gro\u00df und sollen um die 250 Euro pro St\u00fcck kosten. Mit einer Leistung von 100 Watt w\u00e4re die Stromerzeugung vergleichsweise g\u00fcnstig.<\/p>\n<div class=\"video-container\"><iframe loading=\"lazy\" title=\"YouTube video player\" src=\"https:\/\/www.youtube.com\/embed\/Mf-gps4r2L0\" width=\"560\" height=\"315\" frameborder=\"0\" allowfullscreen=\"allowfullscreen\"><\/iframe><\/div>\n<div style=\"margin-bottom: 40px;\"><\/div>\n<h2><\/h2>\n<a href=\"https:\/\/www.vaillant.de\/21-grad\/wp-content\/uploads\/2022\/10\/Tacoma-2020-Recording-for-the-news-e1665642860745.jpg\"><img loading=\"lazy\" decoding=\"async\" class=\"alignright size-medium wp-image-7428\" src=\"https:\/\/www.vaillant.de\/21-grad\/wp-content\/uploads\/2022\/10\/Tacoma-2020-Recording-for-the-news-e1665642860745-316x232.jpg\" alt=\"Tacoma 2020 Recording for the news\" width=\"316\" height=\"232\" srcset=\"https:\/\/www.vaillant.de\/21-grad\/wp-content\/uploads\/2022\/10\/Tacoma-2020-Recording-for-the-news-e1665642860745-316x232.jpg 316w, https:\/\/www.vaillant.de\/21-grad\/wp-content\/uploads\/2022\/10\/Tacoma-2020-Recording-for-the-news-e1665642860745-654x480.jpg 654w, https:\/\/www.vaillant.de\/21-grad\/wp-content\/uploads\/2022\/10\/Tacoma-2020-Recording-for-the-news-e1665642860745-768x564.jpg 768w, https:\/\/www.vaillant.de\/21-grad\/wp-content\/uploads\/2022\/10\/Tacoma-2020-Recording-for-the-news-e1665642860745.jpg 1080w\" sizes=\"auto, (max-width: 316px) 100vw, 316px\" \/><\/a>\n<p>Zwar ist die Leistung mit der eines Windrades nicht zu vergleichen, daf\u00fcr k\u00f6nnen die kleinen Windanlagen nahezu \u00fcberall das ganze Jahr lang Strom erzeugen. Der Aufwand f\u00fcr Wartung, Betrieb und Reparatur ist enorm gering, ebenso wie die Auswirkungen auf die Umwelt.<\/p>\n<p>Vortex will zudem pr\u00fcfen, ob die Technologie auf \u00fcber 100 Meter hohe Anlagen \u00fcbertragbar ist. Bei deutlich h\u00f6herer Leistung w\u00e4re dann auch eine industrielle Nutzung denkbar. Bislang sind die kleinen Windkraftanlagen nur in der Entwicklung. Eine Serienproduktion gibt es noch nicht, soll aber in den n\u00e4chsten Jahren beginnen.<\/p>\n<p>K\u00f6nntet Ihr Euch vorstellen, eine solche Windanlage in den Garten zu stellen? Wir freuen uns auf Eure Kommentare!<\/p>\n","protected":false},"excerpt":{"rendered":"<p>Windr\u00e4der sind grunds\u00e4tzlich eine gute Sache. Immerhin erzeugen sie weltweit Unmengen an gr\u00fcner Energie. Aber sie verursachen auch L\u00e4rm und ihre Fl\u00fcgel werfen einen gro\u00dfen Schlagschatten. Ein spanisches Start-up hat daher eine Alternative entwickelt, die viel kleiner ist und sogar ganz ohne Fl\u00fcgel auskommt. <\/p>\n","protected":false},"author":23,"featured_media":7423,"comment_status":"open","ping_status":"open","sticky":false,"template":"","format":"standard","meta":{"footnotes":""},"categories":[4],"tags":[170,46,165],"coauthors":[247],"class_list":["post-7421","post","type-post","status-publish","format-standard","has-post-thumbnail","hentry","category-technik-und-trends","tag-energiewende","tag-klimaschutz","tag-zukunftstrends"],"yoast_head":"<!-- This site is optimized with the Yoast SEO plugin v27.4 - https:\/\/yoast.com\/product\/yoast-seo-wordpress\/ -->\n<title>Windkraft durch Schwingungen | 21 grad<\/title>\n<meta name=\"description\" content=\"Ein spanisches Start-up arbeitet an kleinen Windanlagen, die ohne Rotorfl\u00fcge gr\u00fcne Energie produzieren. Erfahren Sie mehr.\" \/>\n<meta name=\"robots\" content=\"index, follow, max-snippet:-1, max-image-preview:large, max-video-preview:-1\" \/>\n<link rel=\"canonical\" href=\"https:\/\/www.vaillant.de\/21-grad\/technik-und-trends\/neue-technlogie-windkraft-durch-schwingungen\/\" \/>\n<meta property=\"og:locale\" content=\"de_DE\" \/>\n<meta property=\"og:type\" content=\"article\" \/>\n<meta property=\"og:title\" content=\"Windkraft durch Schwingungen | 21 grad\" \/>\n<meta property=\"og:description\" content=\"Ein spanisches Start-up arbeitet an kleinen Windanlagen, die ohne Rotorfl\u00fcge gr\u00fcne Energie produzieren. Erfahren Sie mehr.\" \/>\n<meta property=\"og:url\" content=\"https:\/\/www.vaillant.de\/21-grad\/technik-und-trends\/neue-technlogie-windkraft-durch-schwingungen\/\" \/>\n<meta property=\"og:site_name\" content=\"21 grad\" \/>\n<meta property=\"article:publisher\" content=\"https:\/\/www.facebook.com\/21grad\/\" \/>\n<meta property=\"article:published_time\" content=\"2022-10-31T13:43:31+00:00\" \/>\n<meta property=\"article:modified_time\" content=\"2022-12-06T10:53:19+00:00\" \/>\n<meta property=\"og:image\" content=\"https:\/\/www.vaillant.de\/21-grad\/wp-content\/uploads\/2022\/10\/Vortex-Tacoma-at-Avila-2.jpg\" \/>\n\t<meta property=\"og:image:width\" content=\"1440\" \/>\n\t<meta property=\"og:image:height\" content=\"1080\" \/>\n\t<meta property=\"og:image:type\" content=\"image\/jpeg\" \/>\n<meta name=\"author\" content=\"Michelle\" \/>\n<meta name=\"twitter:card\" content=\"summary_large_image\" \/>\n<meta name=\"twitter:creator\" content=\"@vaillant_de\" \/>\n<meta name=\"twitter:site\" content=\"@vaillant_de\" \/>\n<meta name=\"twitter:label1\" content=\"Verfasst von\" \/>\n\t<meta name=\"twitter:data1\" content=\"Michelle\" \/>\n\t<meta name=\"twitter:label2\" content=\"Gesch\u00e4tzte Lesezeit\" \/>\n\t<meta name=\"twitter:data2\" content=\"2\u00a0Minuten\" \/>\n\t<meta name=\"twitter:label3\" content=\"Written by\" \/>\n\t<meta name=\"twitter:data3\" content=\"Michelle\" \/>\n<script type=\"application\/ld+json\" class=\"yoast-schema-graph\">{\"@context\":\"https:\\\/\\\/schema.org\",\"@graph\":[{\"@type\":\"Article\",\"@id\":\"https:\\\/\\\/www.vaillant.de\\\/21-grad\\\/technik-und-trends\\\/neue-technlogie-windkraft-durch-schwingungen\\\/#article\",\"isPartOf\":{\"@id\":\"https:\\\/\\\/www.vaillant.de\\\/21-grad\\\/technik-und-trends\\\/neue-technlogie-windkraft-durch-schwingungen\\\/\"},\"author\":{\"name\":\"Michelle\",\"@id\":\"https:\\\/\\\/www.vaillant.de\\\/21-grad\\\/#\\\/schema\\\/person\\\/59dade2831f8948753cd2b0f04ca4e24\"},\"headline\":\"Neue Technlogie: Windkraft durch Schwingungen\",\"datePublished\":\"2022-10-31T13:43:31+00:00\",\"dateModified\":\"2022-12-06T10:53:19+00:00\",\"mainEntityOfPage\":{\"@id\":\"https:\\\/\\\/www.vaillant.de\\\/21-grad\\\/technik-und-trends\\\/neue-technlogie-windkraft-durch-schwingungen\\\/\"},\"wordCount\":304,\"commentCount\":8,\"image\":{\"@id\":\"https:\\\/\\\/www.vaillant.de\\\/21-grad\\\/technik-und-trends\\\/neue-technlogie-windkraft-durch-schwingungen\\\/#primaryimage\"},\"thumbnailUrl\":\"https:\\\/\\\/www.vaillant.de\\\/21-grad\\\/wp-content\\\/uploads\\\/2022\\\/10\\\/Vortex-Tacoma-at-Avila-2.jpg\",\"keywords\":[\"Energiewende\",\"Klimaschutz\",\"Zukunftstrends\"],\"articleSection\":[\"Technik &amp; Trends\"],\"inLanguage\":\"de\",\"potentialAction\":[{\"@type\":\"CommentAction\",\"name\":\"Comment\",\"target\":[\"https:\\\/\\\/www.vaillant.de\\\/21-grad\\\/technik-und-trends\\\/neue-technlogie-windkraft-durch-schwingungen\\\/#respond\"]}]},{\"@type\":\"WebPage\",\"@id\":\"https:\\\/\\\/www.vaillant.de\\\/21-grad\\\/technik-und-trends\\\/neue-technlogie-windkraft-durch-schwingungen\\\/\",\"url\":\"https:\\\/\\\/www.vaillant.de\\\/21-grad\\\/technik-und-trends\\\/neue-technlogie-windkraft-durch-schwingungen\\\/\",\"name\":\"Windkraft durch Schwingungen | 21 grad\",\"isPartOf\":{\"@id\":\"https:\\\/\\\/www.vaillant.de\\\/21-grad\\\/#website\"},\"primaryImageOfPage\":{\"@id\":\"https:\\\/\\\/www.vaillant.de\\\/21-grad\\\/technik-und-trends\\\/neue-technlogie-windkraft-durch-schwingungen\\\/#primaryimage\"},\"image\":{\"@id\":\"https:\\\/\\\/www.vaillant.de\\\/21-grad\\\/technik-und-trends\\\/neue-technlogie-windkraft-durch-schwingungen\\\/#primaryimage\"},\"thumbnailUrl\":\"https:\\\/\\\/www.vaillant.de\\\/21-grad\\\/wp-content\\\/uploads\\\/2022\\\/10\\\/Vortex-Tacoma-at-Avila-2.jpg\",\"datePublished\":\"2022-10-31T13:43:31+00:00\",\"dateModified\":\"2022-12-06T10:53:19+00:00\",\"author\":{\"@id\":\"https:\\\/\\\/www.vaillant.de\\\/21-grad\\\/#\\\/schema\\\/person\\\/59dade2831f8948753cd2b0f04ca4e24\"},\"description\":\"Ein spanisches Start-up arbeitet an kleinen Windanlagen, die ohne Rotorfl\u00fcge gr\u00fcne Energie produzieren. Erfahren Sie mehr.\",\"breadcrumb\":{\"@id\":\"https:\\\/\\\/www.vaillant.de\\\/21-grad\\\/technik-und-trends\\\/neue-technlogie-windkraft-durch-schwingungen\\\/#breadcrumb\"},\"inLanguage\":\"de\",\"potentialAction\":[{\"@type\":\"ReadAction\",\"target\":[\"https:\\\/\\\/www.vaillant.de\\\/21-grad\\\/technik-und-trends\\\/neue-technlogie-windkraft-durch-schwingungen\\\/\"]}]},{\"@type\":\"ImageObject\",\"inLanguage\":\"de\",\"@id\":\"https:\\\/\\\/www.vaillant.de\\\/21-grad\\\/technik-und-trends\\\/neue-technlogie-windkraft-durch-schwingungen\\\/#primaryimage\",\"url\":\"https:\\\/\\\/www.vaillant.de\\\/21-grad\\\/wp-content\\\/uploads\\\/2022\\\/10\\\/Vortex-Tacoma-at-Avila-2.jpg\",\"contentUrl\":\"https:\\\/\\\/www.vaillant.de\\\/21-grad\\\/wp-content\\\/uploads\\\/2022\\\/10\\\/Vortex-Tacoma-at-Avila-2.jpg\",\"width\":1440,\"height\":1080,\"caption\":\"Vortex Tacoma at Avila\"},{\"@type\":\"BreadcrumbList\",\"@id\":\"https:\\\/\\\/www.vaillant.de\\\/21-grad\\\/technik-und-trends\\\/neue-technlogie-windkraft-durch-schwingungen\\\/#breadcrumb\",\"itemListElement\":[{\"@type\":\"ListItem\",\"position\":1,\"name\":\"Startseite\",\"item\":\"https:\\\/\\\/www.vaillant.de\\\/21-grad\\\/\"},{\"@type\":\"ListItem\",\"position\":2,\"name\":\"Neue Technlogie: Windkraft durch Schwingungen\"}]},{\"@type\":\"WebSite\",\"@id\":\"https:\\\/\\\/www.vaillant.de\\\/21-grad\\\/#website\",\"url\":\"https:\\\/\\\/www.vaillant.de\\\/21-grad\\\/\",\"name\":\"21 grad\",\"description\":\"Der Blog f\u00fcr Menschen, die weiterdenken\",\"potentialAction\":[{\"@type\":\"SearchAction\",\"target\":{\"@type\":\"EntryPoint\",\"urlTemplate\":\"https:\\\/\\\/www.vaillant.de\\\/21-grad\\\/?s={search_term_string}\"},\"query-input\":{\"@type\":\"PropertyValueSpecification\",\"valueRequired\":true,\"valueName\":\"search_term_string\"}}],\"inLanguage\":\"de\"},{\"@type\":\"Person\",\"@id\":\"https:\\\/\\\/www.vaillant.de\\\/21-grad\\\/#\\\/schema\\\/person\\\/59dade2831f8948753cd2b0f04ca4e24\",\"name\":\"Michelle\",\"image\":{\"@type\":\"ImageObject\",\"inLanguage\":\"de\",\"@id\":\"https:\\\/\\\/www.vaillant.de\\\/21-grad\\\/wp-content\\\/uploads\\\/2022\\\/09\\\/Michelle-125x125.jpg5cb77cea14f51d99624ecb272fba6bb0\",\"url\":\"https:\\\/\\\/www.vaillant.de\\\/21-grad\\\/wp-content\\\/uploads\\\/2022\\\/09\\\/Michelle-125x125.jpg\",\"contentUrl\":\"https:\\\/\\\/www.vaillant.de\\\/21-grad\\\/wp-content\\\/uploads\\\/2022\\\/09\\\/Michelle-125x125.jpg\",\"caption\":\"Michelle\"},\"description\":\"In meiner t\u00e4glichen Arbeit k\u00fcmmere ich mich haupts\u00e4chlich um Nutzeranfragen auf Social Media. Dabei sorge ich daf\u00fcr, dass diese Fragen und Anliegen bearbeitet werden. Nachhaltigkeit F\u00fcr mich bedeutet Nachhaltigkeit, m\u00f6glichst viele kurze Strecken zu Fu\u00df oder mit dem Fahrrad zur\u00fcckzulegen. Au\u00dferdem versuche ich durch kleine Dinge auf die Umwelt zu achten, indem ich z.B. meine eigenen Taschen zum Einkaufen mitnehme, statt bei jedem Einkauf neue T\u00fcten zu kaufen. Interessen In meiner Freizeit interessiert mich alles rund um Sport, ob selbst Handball spielen oder am Wochenende Fu\u00dfball schauen. Weiterhin reise ich sehr gerne und unternehme gerne viel mit meinen Freunden. Was wolltest du als Kind gerne werden? Als Kind wollte ich lange Zeit Tier\u00e4rztin werden. Was w\u00fcrdest du mit auf eine einsame Insel nehmen? Solange die richtigen Personen dabei sind, w\u00fcrde ich nichts mitnehmen, was \u00fcber die Standardversorgung hinaus geht. Was bringt dich zum L\u00e4cheln? Die gemeinsamen Momente mit meiner Familie und meinen Freunden bringen mich zum L\u00e4cheln. Ganz besonders die vielen flachen Witze, die von ihnen gemacht werden.\",\"url\":\"https:\\\/\\\/www.vaillant.de\\\/21-grad\\\/autor\\\/michelle\\\/\"}]}<\/script>\n<!-- \/ Yoast SEO plugin. -->","yoast_head_json":{"title":"Windkraft durch Schwingungen | 21 grad","description":"Ein spanisches Start-up arbeitet an kleinen Windanlagen, die ohne Rotorfl\u00fcge gr\u00fcne Energie produzieren. Erfahren Sie mehr.","robots":{"index":"index","follow":"follow","max-snippet":"max-snippet:-1","max-image-preview":"max-image-preview:large","max-video-preview":"max-video-preview:-1"},"canonical":"https:\/\/www.vaillant.de\/21-grad\/technik-und-trends\/neue-technlogie-windkraft-durch-schwingungen\/","og_locale":"de_DE","og_type":"article","og_title":"Windkraft durch Schwingungen | 21 grad","og_description":"Ein spanisches Start-up arbeitet an kleinen Windanlagen, die ohne Rotorfl\u00fcge gr\u00fcne Energie produzieren. Erfahren Sie mehr.","og_url":"https:\/\/www.vaillant.de\/21-grad\/technik-und-trends\/neue-technlogie-windkraft-durch-schwingungen\/","og_site_name":"21 grad","article_publisher":"https:\/\/www.facebook.com\/21grad\/","article_published_time":"2022-10-31T13:43:31+00:00","article_modified_time":"2022-12-06T10:53:19+00:00","og_image":[{"width":1440,"height":1080,"url":"https:\/\/www.vaillant.de\/21-grad\/wp-content\/uploads\/2022\/10\/Vortex-Tacoma-at-Avila-2.jpg","type":"image\/jpeg"}],"author":"Michelle","twitter_card":"summary_large_image","twitter_creator":"@vaillant_de","twitter_site":"@vaillant_de","twitter_misc":{"Verfasst von":"Michelle","Gesch\u00e4tzte Lesezeit":"2\u00a0Minuten","Written by":"Michelle"},"schema":{"@context":"https:\/\/schema.org","@graph":[{"@type":"Article","@id":"https:\/\/www.vaillant.de\/21-grad\/technik-und-trends\/neue-technlogie-windkraft-durch-schwingungen\/#article","isPartOf":{"@id":"https:\/\/www.vaillant.de\/21-grad\/technik-und-trends\/neue-technlogie-windkraft-durch-schwingungen\/"},"author":{"name":"Michelle","@id":"https:\/\/www.vaillant.de\/21-grad\/#\/schema\/person\/59dade2831f8948753cd2b0f04ca4e24"},"headline":"Neue Technlogie: Windkraft durch Schwingungen","datePublished":"2022-10-31T13:43:31+00:00","dateModified":"2022-12-06T10:53:19+00:00","mainEntityOfPage":{"@id":"https:\/\/www.vaillant.de\/21-grad\/technik-und-trends\/neue-technlogie-windkraft-durch-schwingungen\/"},"wordCount":304,"commentCount":8,"image":{"@id":"https:\/\/www.vaillant.de\/21-grad\/technik-und-trends\/neue-technlogie-windkraft-durch-schwingungen\/#primaryimage"},"thumbnailUrl":"https:\/\/www.vaillant.de\/21-grad\/wp-content\/uploads\/2022\/10\/Vortex-Tacoma-at-Avila-2.jpg","keywords":["Energiewende","Klimaschutz","Zukunftstrends"],"articleSection":["Technik &amp; Trends"],"inLanguage":"de","potentialAction":[{"@type":"CommentAction","name":"Comment","target":["https:\/\/www.vaillant.de\/21-grad\/technik-und-trends\/neue-technlogie-windkraft-durch-schwingungen\/#respond"]}]},{"@type":"WebPage","@id":"https:\/\/www.vaillant.de\/21-grad\/technik-und-trends\/neue-technlogie-windkraft-durch-schwingungen\/","url":"https:\/\/www.vaillant.de\/21-grad\/technik-und-trends\/neue-technlogie-windkraft-durch-schwingungen\/","name":"Windkraft durch Schwingungen | 21 grad","isPartOf":{"@id":"https:\/\/www.vaillant.de\/21-grad\/#website"},"primaryImageOfPage":{"@id":"https:\/\/www.vaillant.de\/21-grad\/technik-und-trends\/neue-technlogie-windkraft-durch-schwingungen\/#primaryimage"},"image":{"@id":"https:\/\/www.vaillant.de\/21-grad\/technik-und-trends\/neue-technlogie-windkraft-durch-schwingungen\/#primaryimage"},"thumbnailUrl":"https:\/\/www.vaillant.de\/21-grad\/wp-content\/uploads\/2022\/10\/Vortex-Tacoma-at-Avila-2.jpg","datePublished":"2022-10-31T13:43:31+00:00","dateModified":"2022-12-06T10:53:19+00:00","author":{"@id":"https:\/\/www.vaillant.de\/21-grad\/#\/schema\/person\/59dade2831f8948753cd2b0f04ca4e24"},"description":"Ein spanisches Start-up arbeitet an kleinen Windanlagen, die ohne Rotorfl\u00fcge gr\u00fcne Energie produzieren. Erfahren Sie mehr.","breadcrumb":{"@id":"https:\/\/www.vaillant.de\/21-grad\/technik-und-trends\/neue-technlogie-windkraft-durch-schwingungen\/#breadcrumb"},"inLanguage":"de","potentialAction":[{"@type":"ReadAction","target":["https:\/\/www.vaillant.de\/21-grad\/technik-und-trends\/neue-technlogie-windkraft-durch-schwingungen\/"]}]},{"@type":"ImageObject","inLanguage":"de","@id":"https:\/\/www.vaillant.de\/21-grad\/technik-und-trends\/neue-technlogie-windkraft-durch-schwingungen\/#primaryimage","url":"https:\/\/www.vaillant.de\/21-grad\/wp-content\/uploads\/2022\/10\/Vortex-Tacoma-at-Avila-2.jpg","contentUrl":"https:\/\/www.vaillant.de\/21-grad\/wp-content\/uploads\/2022\/10\/Vortex-Tacoma-at-Avila-2.jpg","width":1440,"height":1080,"caption":"Vortex Tacoma at Avila"},{"@type":"BreadcrumbList","@id":"https:\/\/www.vaillant.de\/21-grad\/technik-und-trends\/neue-technlogie-windkraft-durch-schwingungen\/#breadcrumb","itemListElement":[{"@type":"ListItem","position":1,"name":"Startseite","item":"https:\/\/www.vaillant.de\/21-grad\/"},{"@type":"ListItem","position":2,"name":"Neue Technlogie: Windkraft durch Schwingungen"}]},{"@type":"WebSite","@id":"https:\/\/www.vaillant.de\/21-grad\/#website","url":"https:\/\/www.vaillant.de\/21-grad\/","name":"21 grad","description":"Der Blog f\u00fcr Menschen, die weiterdenken","potentialAction":[{"@type":"SearchAction","target":{"@type":"EntryPoint","urlTemplate":"https:\/\/www.vaillant.de\/21-grad\/?s={search_term_string}"},"query-input":{"@type":"PropertyValueSpecification","valueRequired":true,"valueName":"search_term_string"}}],"inLanguage":"de"},{"@type":"Person","@id":"https:\/\/www.vaillant.de\/21-grad\/#\/schema\/person\/59dade2831f8948753cd2b0f04ca4e24","name":"Michelle","image":{"@type":"ImageObject","inLanguage":"de","@id":"https:\/\/www.vaillant.de\/21-grad\/wp-content\/uploads\/2022\/09\/Michelle-125x125.jpg5cb77cea14f51d99624ecb272fba6bb0","url":"https:\/\/www.vaillant.de\/21-grad\/wp-content\/uploads\/2022\/09\/Michelle-125x125.jpg","contentUrl":"https:\/\/www.vaillant.de\/21-grad\/wp-content\/uploads\/2022\/09\/Michelle-125x125.jpg","caption":"Michelle"},"description":"In meiner t\u00e4glichen Arbeit k\u00fcmmere ich mich haupts\u00e4chlich um Nutzeranfragen auf Social Media. Dabei sorge ich daf\u00fcr, dass diese Fragen und Anliegen bearbeitet werden. Nachhaltigkeit F\u00fcr mich bedeutet Nachhaltigkeit, m\u00f6glichst viele kurze Strecken zu Fu\u00df oder mit dem Fahrrad zur\u00fcckzulegen. Au\u00dferdem versuche ich durch kleine Dinge auf die Umwelt zu achten, indem ich z.B. meine eigenen Taschen zum Einkaufen mitnehme, statt bei jedem Einkauf neue T\u00fcten zu kaufen. Interessen In meiner Freizeit interessiert mich alles rund um Sport, ob selbst Handball spielen oder am Wochenende Fu\u00dfball schauen. Weiterhin reise ich sehr gerne und unternehme gerne viel mit meinen Freunden. Was wolltest du als Kind gerne werden? Als Kind wollte ich lange Zeit Tier\u00e4rztin werden. Was w\u00fcrdest du mit auf eine einsame Insel nehmen? Solange die richtigen Personen dabei sind, w\u00fcrde ich nichts mitnehmen, was \u00fcber die Standardversorgung hinaus geht. Was bringt dich zum L\u00e4cheln? Die gemeinsamen Momente mit meiner Familie und meinen Freunden bringen mich zum L\u00e4cheln. Ganz besonders die vielen flachen Witze, die von ihnen gemacht werden.","url":"https:\/\/www.vaillant.de\/21-grad\/autor\/michelle\/"}]}},"_links":{"self":[{"href":"https:\/\/www.vaillant.de\/21-grad\/wp-json\/wp\/v2\/posts\/7421","targetHints":{"allow":["GET"]}}],"collection":[{"href":"https:\/\/www.vaillant.de\/21-grad\/wp-json\/wp\/v2\/posts"}],"about":[{"href":"https:\/\/www.vaillant.de\/21-grad\/wp-json\/wp\/v2\/types\/post"}],"author":[{"embeddable":true,"href":"https:\/\/www.vaillant.de\/21-grad\/wp-json\/wp\/v2\/users\/23"}],"replies":[{"embeddable":true,"href":"https:\/\/www.vaillant.de\/21-grad\/wp-json\/wp\/v2\/comments?post=7421"}],"version-history":[{"count":17,"href":"https:\/\/www.vaillant.de\/21-grad\/wp-json\/wp\/v2\/posts\/7421\/revisions"}],"predecessor-version":[{"id":7446,"href":"https:\/\/www.vaillant.de\/21-grad\/wp-json\/wp\/v2\/posts\/7421\/revisions\/7446"}],"wp:featuredmedia":[{"embeddable":true,"href":"https:\/\/www.vaillant.de\/21-grad\/wp-json\/wp\/v2\/media\/7423"}],"wp:attachment":[{"href":"https:\/\/www.vaillant.de\/21-grad\/wp-json\/wp\/v2\/media?parent=7421"}],"wp:term":[{"taxonomy":"category","embeddable":true,"href":"https:\/\/www.vaillant.de\/21-grad\/wp-json\/wp\/v2\/categories?post=7421"},{"taxonomy":"post_tag","embeddable":true,"href":"https:\/\/www.vaillant.de\/21-grad\/wp-json\/wp\/v2\/tags?post=7421"},{"taxonomy":"author","embeddable":true,"href":"https:\/\/www.vaillant.de\/21-grad\/wp-json\/wp\/v2\/coauthors?post=7421"}],"curies":[{"name":"wp","href":"https:\/\/api.w.org\/{rel}","templated":true}]}}