{"id":7690,"date":"2023-04-13T14:20:38","date_gmt":"2023-04-13T12:20:38","guid":{"rendered":"https:\/\/www.vaillant.de\/21-grad\/?p=7690"},"modified":"2026-03-12T12:34:11","modified_gmt":"2026-03-12T11:34:11","slug":"heizkostenabrechnung-waermepumpe-erstellen-und-pruefen","status":"publish","type":"post","link":"https:\/\/www.vaillant.de\/21-grad\/rat-und-tat\/heizkostenabrechnung-waermepumpe-erstellen-und-pruefen\/","title":{"rendered":"Heizkostenabrechnung erstellen und pr\u00fcfen: Darauf ist zu achten!"},"content":{"rendered":"<p>Grundlage bleibt dabei die Heizkostenverordnung. Doch was bedeutet das konkret f\u00fcr Deine Heizkostenabrechnung? Welche Posten solltest Du genauer pr\u00fcfen? Und worauf kommt es an, wenn im Geb\u00e4ude eine W\u00e4rmepumpe arbeitet? Wir erkl\u00e4ren, was jetzt gilt, und geben praktische Tipps, mit denen Du Deine Abrechnung besser verstehen und einsch\u00e4tzen kannst.<\/p>\n<div id=\"attachment_7694\" style=\"width: 360px\" class=\"wp-caption alignright\"><a href=\"https:\/\/www.vaillant.de\/21-grad\/wp-content\/uploads\/2023\/04\/CONTROL21-310146_01.jpg\"><img loading=\"lazy\" decoding=\"async\" aria-describedby=\"caption-attachment-7694\" class=\"wp-image-7694 size-medium\" src=\"https:\/\/www.vaillant.de\/21-grad\/wp-content\/uploads\/2023\/04\/CONTROL21-310146_01-350x232.jpg\" alt=\"Auf einen Laptop sind die Verbrauchswerte der Wohneinheit im Detail abgebildet.\" width=\"350\" height=\"232\" srcset=\"https:\/\/www.vaillant.de\/21-grad\/wp-content\/uploads\/2023\/04\/CONTROL21-310146_01-350x232.jpg 350w, https:\/\/www.vaillant.de\/21-grad\/wp-content\/uploads\/2023\/04\/CONTROL21-310146_01-724x480.jpg 724w, https:\/\/www.vaillant.de\/21-grad\/wp-content\/uploads\/2023\/04\/CONTROL21-310146_01-768x509.jpg 768w, https:\/\/www.vaillant.de\/21-grad\/wp-content\/uploads\/2023\/04\/CONTROL21-310146_01.jpg 1000w\" sizes=\"auto, (max-width: 350px) 100vw, 350px\" \/><\/a><p id=\"caption-attachment-7694\" class=\"wp-caption-text\">Die Heizkostenverordnung verpflichtet Vermieter, bei fernablesbaren Messger\u00e4ten die Verbrauchsdaten monatlich zu \u00fcbermitteln. So k\u00f6nnen Mieter ihr Heizverhalten zeitnah anpassen und Energie sparen.<\/p><\/div>\n<p>Muss ich nachzahlen oder bekomme ich Geld zur\u00fcck? Diese Frage stellen sich viele zuerst, wenn die Heiz- oder Betriebskostenabrechnung ins Haus kommt. Ein Blick auf die Endsumme gibt zwar schnell eine erste Antwort. Doch ob der Betrag tats\u00e4chlich korrekt berechnet wurde, ist damit noch nicht gekl\u00e4rt. Nach Angaben der Verbraucherzentrale ist rund <a href=\"https:\/\/www.vzbv.de\/pressemitteilungen\/heizkosten-abrechnungen-zu-haeufig-fehlerhaft\">jede dritte Abrechnung fehlerhaft<\/a>. Gleichzeitig steigt die Komplexit\u00e4t weiter, etwa durch CO\u2082-Kosten, neue Regeln zur Fernablesung oder den zunehmenden Einsatz von W\u00e4rmepumpen.<\/p>\n<h2>Auf diese Angaben solltest Du bei der Heizkostenabrechnung achten:<\/h2>\n<ul>\n<li>Ist der\u00a0<strong>Abrechnungszeitraum <\/strong>korrekt? Pr\u00fcft, ob es keine zeitliche \u00dcberschneidung mit der letzten Abrechnung gibt. Au\u00dferdem: Standen im Abrechnungszeitraum Wohnungen leer, d\u00fcrfen die nicht aus dem Verteilerschl\u00fcssel herausgenommen werden, um die Kosten auf die anderen Mieter umzulegen.<\/li>\n<li>Wurden die\u00a0monatlichen <strong>Vorauszahlungen <\/strong>korrekt erfasst? Aufgrund der gestiegenen Energiepreise haben einige Vermieter die Abschl\u00e4ge erh\u00f6ht, teilweise sogar mehrfach. Deshalb sind die monatlichen Vorauszahlungen besonders sorgf\u00e4ltig zu erfassen bzw. zu pr\u00fcfen.<\/li>\n<li>Stehen die\u00a0<strong>Energiemengen des Vorjahres <\/strong>zum Vergleich in der Abrechnung? Bei gravierenden Abweichungen, die sich nicht durch ein ge\u00e4ndertes Verbrauchsverhalten erkl\u00e4ren lassen, liegt das vielleicht an defekten Messger\u00e4ten. Oder es gab bei der manuellen Erfassung vielleicht einen Ablesefehler.<\/li>\n<li>Sind die\u00a0<strong>Energiebezugskosten <\/strong>korrekt aufgeschl\u00fcsselt? Das zu ermitteln, kann bei den sprunghaften Preisver\u00e4nderungen der vergangenen Monate eine Herausforderung sein. Der Versorger stellt aber auf Anforderung die Daten bereit.<\/li>\n<li>Wurden die\u00a0<strong>Wartungskosten <\/strong>der Heizung korrekt erfasst? Die \u201e<a href=\"https:\/\/www.bundeswirtschaftsministerium.de\/Redaktion\/DE\/Downloads\/E\/ensimimav.html\">Verordnung zur Sicherung der Energieversorgung durch mittelfristig wirksame Ma\u00dfnahmen<\/a>\u201c (EnSimiMaV) gilt weiterhin f\u00fcr gasbetriebene Anlagen in Mehrfamilienh\u00e4usern. F\u00fcr W\u00e4rmepumpen hingegen gelten die Vorgaben der Heizkostenverordnung. Dementsprechend sind Wartungskosten umlagef\u00e4hig, aber nur anteilig nach Verbrauch.<\/li>\n<\/ul>\n<div class=\"infobox hint\"><\/p>\n<p><strong>Heizkostenabrechnung mit W\u00e4rmepumpe<\/strong><\/p>\n<p>Was sind Deine Erfahrungen zur Heizkostenabrechnung mit W\u00e4rmepumpe? Teile sie gern mit der Community in den Kommentaren!<\/p>\n<p><\/div>\n<h2>Das ist neu an der Heizkostenverordnung<\/h2>\n<p>Die Heizkostenverordnung wurde zuletzt zum 1. Oktober 2024 ge\u00e4ndert. Neu ist: Auch Geb\u00e4ude mit <a href=\"https:\/\/www.vaillant.de\/heizung\/produkte\/produktgruppen\/waermepumpe\/\">W\u00e4rmepumpen<\/a> m\u00fcssen nun verbrauchsabh\u00e4ngig abrechnen. Bis zum 30. September 2025 mussten Vermieter die Messtechnik nachr\u00fcsten. Zudem muss in Mehrfamilienh\u00e4usern mit W\u00e4rmepumpe auch der Stromverbrauch der Anlage transparent ausgewiesen werden.<\/p>\n<p>Weiterhin sieht die Heizkostenverordnung die Digitalisierung der Messtechnik vor. S\u00e4mtliche Ger\u00e4te zur Verbrauchserfassung von Heizw\u00e4rme und Warmwasser m\u00fcssen bis Ende 2026 fernablesbar sein. Sobald solche Ger\u00e4te installiert sind, muss Dich der Vermieter monatlich \u00fcber Deinen Energieverbrauch informieren. Die Kosten f\u00fcr diese Verbrauchsinformationen d\u00fcrfen digital per E-Mail, Portal oder App umgelegt werden.<\/p>\n<h2><strong>CO<\/strong><strong>\u2082<\/strong><strong>&#8211; Kosten in der Heizkostenabrechnung bei W\u00e4rmepumpen<\/strong><\/h2>\n<p>Seit 2021 wird auf fossile Brennstoffe wie Erdgas, Heiz\u00f6l oder Kohle ein CO\u2082-Preis erhoben. Dieser Preis ist Teil des nationalen Emissionshandels. 2025 stieg der Preis im Rahmen des <a href=\"https:\/\/www.gesetze-im-internet.de\/behg\/BJNR272800019.html\">Brennstoffemissionshandelsgesetzes<\/a> auf 55 Euro pro Tonne CO\u2082. Ab 2026 wird der Preis nicht mehr staatlich festgelegt, sondern am Markt gebildet \u2013 allerdings nur innerhalb einer festgelegten Spanne von bis zu 65 Euro pro Tonne. Ziel ist es, Anreize zu schaffen, Energie effizienter zu nutzen und auf klimafreundliche Heizsysteme umzusteigen.<\/p>\n<div id=\"attachment_7695\" style=\"width: 361px\" class=\"wp-caption alignleft\"><a href=\"https:\/\/www.vaillant.de\/21-grad\/wp-content\/uploads\/2023\/04\/HP19-309210_01.jpg\"><img loading=\"lazy\" decoding=\"async\" aria-describedby=\"caption-attachment-7695\" class=\"wp-image-7695 size-medium\" src=\"https:\/\/www.vaillant.de\/21-grad\/wp-content\/uploads\/2023\/04\/HP19-309210_01-351x232.jpg\" alt=\"Ein Heizungsmonteur installiert eine W\u00e4rmepumpe.\" width=\"351\" height=\"232\" srcset=\"https:\/\/www.vaillant.de\/21-grad\/wp-content\/uploads\/2023\/04\/HP19-309210_01-351x232.jpg 351w, https:\/\/www.vaillant.de\/21-grad\/wp-content\/uploads\/2023\/04\/HP19-309210_01-726x480.jpg 726w, https:\/\/www.vaillant.de\/21-grad\/wp-content\/uploads\/2023\/04\/HP19-309210_01-768x508.jpg 768w, https:\/\/www.vaillant.de\/21-grad\/wp-content\/uploads\/2023\/04\/HP19-309210_01.jpg 1000w\" sizes=\"auto, (max-width: 351px) 100vw, 351px\" \/><\/a><p id=\"caption-attachment-7695\" class=\"wp-caption-text\">Nachdem die staatlichen Entlastungen ausgelaufen sind, bleibt Energie sparen das oberste Gebot \u2013 insbesondere bei fossilen Brennstoffen. Ideal ist daher der Wechsel zu einer W\u00e4rmepumpe.<\/p><\/div>\n<p>Bei \u00d6l- und <a href=\"https:\/\/www.vaillant.de\/heizung\/produkte\/produktgruppen\/gasheizung\/\">Gasheizungen<\/a> m\u00fcssen die CO\u2082-Kosten in der Heizkostenabrechnung transparent ausgewiesen werden. Sie werden nicht allein von den Mieterinnen und Mietern getragen: Gem\u00e4\u00df dem <a href=\"https:\/\/www.gesetze-im-internet.de\/co2kostaufg\/CO2KostAufG.pdf\">Gesetz zur Aufteilung der Kohlendioxidkosten<\/a> teilen sich Vermieter und Mieter diese Kosten. Wie hoch der jeweilige Anteil ist, h\u00e4ngt vom energetischen Zustand des Geb\u00e4udes ab, der sich aus dem Energieausweis ergibt. Vereinfacht gesagt: Je schlechter die D\u00e4mmung und je h\u00f6her der Energiebedarf pro Quadratmeter, desto gr\u00f6\u00dfer ist der Kostenanteil, den der Vermieter \u00fcbernehmen muss.<\/p>\n<p>Anders ist es bei Geb\u00e4uden mit W\u00e4rmepumpen. Da hier kein fossiler Brennstoff eingesetzt wird, f\u00e4llt keine direkte CO\u2082-Abgabe an. Stattdessen h\u00e4ngen die Betriebskosten vom Strompreis und der Effizienz der W\u00e4rmepumpe (<a href=\"https:\/\/www.vaillant.de\/heizung\/heizung-verstehen\/technologie-verstehen\/waermepumpe\/jahresarbeitszahl\/\">Jahresarbeitszahl<\/a>) ab, also davon, wie viel W\u00e4rme die W\u00e4rmepumpe aus einer Kilowattstunde Strom erzeugen kann. Indirekt k\u00f6nnen sich CO\u2082-Kosten dennoch auswirken, etwa wenn sie den Strompreis beeinflussen.<\/p>\n<p>F\u00fcr W\u00e4rmepumpenbetreiber k\u00f6nnen sich die Stromkosten dennoch stabilisieren oder sogar reduzieren: <a href=\"https:\/\/www.vaillant.de\/heizung\/heizung-verstehen\/tipps-rund-um-ihre-heizung\/dynamische-stromtarife\/\">Dynamische Stromtarife<\/a> und der schrittweise Einbau intelligenter Messsysteme (Smart Meter) erm\u00f6glichen, den Strom dann zu nutzen, wenn er besonders g\u00fcnstig oder klimafreundlich verf\u00fcgbar ist. Kombiniert mit einem <a href=\"https:\/\/www.vaillant.de\/heizung\/service\/digitale-anlagenoptimierung\/energieplus\/\">smarten Energiemanagement<\/a> k\u00f6nnen W\u00e4rmepumpenbesitzer ihren Stromverbrauch so optimieren.<\/p>\n","protected":false},"excerpt":{"rendered":"<p>Einmal im Jahr landet sie im Briefkasten: die Heizkostenabrechnung. 2026 lohnt sich ein besonders genauer Blick: Neue Transparenzpflichten, gesetzliche Vorgaben und Preisentwicklungen beeinflussen, wie Heizkosten erfasst, aufgeteilt und nachvollziehbar gemacht werden. <\/p>\n","protected":false},"author":6,"featured_media":9005,"comment_status":"open","ping_status":"open","sticky":false,"template":"","format":"standard","meta":{"footnotes":""},"categories":[2,183],"tags":[178,208,174],"coauthors":[70],"class_list":["post-7690","post","type-post","status-publish","format-standard","has-post-thumbnail","hentry","category-rat-und-tat","category-partner-beitraege","tag-geld-sparen","tag-heizen","tag-marktinfos"],"yoast_head":"<!-- This site is optimized with the Yoast SEO plugin v27.4 - https:\/\/yoast.com\/product\/yoast-seo-wordpress\/ -->\n<title>Heizkostenabrechnung W\u00e4rmepumpe erstellen &amp; pr\u00fcfen | 21 grad<\/title>\n<meta name=\"description\" content=\"W\u00e4rmepumpe im Einsatz? Pr\u00fcfe Deine Heizkostenabrechnung 2025 richtig \u2013 mit fachkundigen Tipps zu Berechnung, Umlage und Energieverbrauch.\" \/>\n<meta name=\"robots\" content=\"index, follow, max-snippet:-1, max-image-preview:large, max-video-preview:-1\" \/>\n<link rel=\"canonical\" href=\"https:\/\/www.vaillant.de\/21-grad\/rat-und-tat\/heizkostenabrechnung-waermepumpe-erstellen-und-pruefen\/\" \/>\n<meta property=\"og:locale\" content=\"de_DE\" \/>\n<meta property=\"og:type\" content=\"article\" \/>\n<meta property=\"og:title\" content=\"Heizkostenabrechnung W\u00e4rmepumpe erstellen &amp; pr\u00fcfen | 21 grad\" \/>\n<meta property=\"og:description\" content=\"W\u00e4rmepumpe im Einsatz? Pr\u00fcfe Deine Heizkostenabrechnung 2025 richtig \u2013 mit fachkundigen Tipps zu Berechnung, Umlage und Energieverbrauch.\" \/>\n<meta property=\"og:url\" content=\"https:\/\/www.vaillant.de\/21-grad\/rat-und-tat\/heizkostenabrechnung-waermepumpe-erstellen-und-pruefen\/\" \/>\n<meta property=\"og:site_name\" content=\"21 grad\" \/>\n<meta property=\"article:publisher\" content=\"https:\/\/www.facebook.com\/21grad\/\" \/>\n<meta property=\"article:published_time\" content=\"2023-04-13T12:20:38+00:00\" \/>\n<meta property=\"article:modified_time\" content=\"2026-03-12T11:34:11+00:00\" \/>\n<meta property=\"og:image\" content=\"https:\/\/www.vaillant.de\/21-grad\/wp-content\/uploads\/2023\/04\/iStock-1461782029.jpg\" \/>\n\t<meta property=\"og:image:width\" content=\"2000\" \/>\n\t<meta property=\"og:image:height\" content=\"1333\" \/>\n\t<meta property=\"og:image:type\" content=\"image\/jpeg\" \/>\n<meta name=\"author\" content=\"Marcus\" \/>\n<meta name=\"twitter:card\" content=\"summary_large_image\" \/>\n<meta name=\"twitter:creator\" content=\"@vaillant_de\" \/>\n<meta name=\"twitter:site\" content=\"@vaillant_de\" \/>\n<meta name=\"twitter:label1\" content=\"Verfasst von\" \/>\n\t<meta name=\"twitter:data1\" content=\"Marcus\" \/>\n\t<meta name=\"twitter:label2\" content=\"Gesch\u00e4tzte Lesezeit\" \/>\n\t<meta name=\"twitter:data2\" content=\"5\u00a0Minuten\" \/>\n\t<meta name=\"twitter:label3\" content=\"Written by\" \/>\n\t<meta name=\"twitter:data3\" content=\"Marcus\" \/>\n<script type=\"application\/ld+json\" class=\"yoast-schema-graph\">{\"@context\":\"https:\\\/\\\/schema.org\",\"@graph\":[{\"@type\":\"Article\",\"@id\":\"https:\\\/\\\/www.vaillant.de\\\/21-grad\\\/rat-und-tat\\\/heizkostenabrechnung-waermepumpe-erstellen-und-pruefen\\\/#article\",\"isPartOf\":{\"@id\":\"https:\\\/\\\/www.vaillant.de\\\/21-grad\\\/rat-und-tat\\\/heizkostenabrechnung-waermepumpe-erstellen-und-pruefen\\\/\"},\"author\":{\"name\":\"Marcus\",\"@id\":\"https:\\\/\\\/www.vaillant.de\\\/21-grad\\\/#\\\/schema\\\/person\\\/d79d2ba98cd3da7ae5877706050352da\"},\"headline\":\"Heizkostenabrechnung erstellen und pr\u00fcfen: Darauf ist zu achten!\",\"datePublished\":\"2023-04-13T12:20:38+00:00\",\"dateModified\":\"2026-03-12T11:34:11+00:00\",\"mainEntityOfPage\":{\"@id\":\"https:\\\/\\\/www.vaillant.de\\\/21-grad\\\/rat-und-tat\\\/heizkostenabrechnung-waermepumpe-erstellen-und-pruefen\\\/\"},\"wordCount\":836,\"commentCount\":2,\"image\":{\"@id\":\"https:\\\/\\\/www.vaillant.de\\\/21-grad\\\/rat-und-tat\\\/heizkostenabrechnung-waermepumpe-erstellen-und-pruefen\\\/#primaryimage\"},\"thumbnailUrl\":\"https:\\\/\\\/www.vaillant.de\\\/21-grad\\\/wp-content\\\/uploads\\\/2023\\\/04\\\/iStock-1461782029.jpg\",\"keywords\":[\"Geld sparen\",\"Heizen\",\"Marktinfos\"],\"articleSection\":[\"Rat &amp; Tat\",\"X-Partner-Beitr\u00e4ge\"],\"inLanguage\":\"de\",\"potentialAction\":[{\"@type\":\"CommentAction\",\"name\":\"Comment\",\"target\":[\"https:\\\/\\\/www.vaillant.de\\\/21-grad\\\/rat-und-tat\\\/heizkostenabrechnung-waermepumpe-erstellen-und-pruefen\\\/#respond\"]}]},{\"@type\":\"WebPage\",\"@id\":\"https:\\\/\\\/www.vaillant.de\\\/21-grad\\\/rat-und-tat\\\/heizkostenabrechnung-waermepumpe-erstellen-und-pruefen\\\/\",\"url\":\"https:\\\/\\\/www.vaillant.de\\\/21-grad\\\/rat-und-tat\\\/heizkostenabrechnung-waermepumpe-erstellen-und-pruefen\\\/\",\"name\":\"Heizkostenabrechnung W\u00e4rmepumpe erstellen & pr\u00fcfen | 21 grad\",\"isPartOf\":{\"@id\":\"https:\\\/\\\/www.vaillant.de\\\/21-grad\\\/#website\"},\"primaryImageOfPage\":{\"@id\":\"https:\\\/\\\/www.vaillant.de\\\/21-grad\\\/rat-und-tat\\\/heizkostenabrechnung-waermepumpe-erstellen-und-pruefen\\\/#primaryimage\"},\"image\":{\"@id\":\"https:\\\/\\\/www.vaillant.de\\\/21-grad\\\/rat-und-tat\\\/heizkostenabrechnung-waermepumpe-erstellen-und-pruefen\\\/#primaryimage\"},\"thumbnailUrl\":\"https:\\\/\\\/www.vaillant.de\\\/21-grad\\\/wp-content\\\/uploads\\\/2023\\\/04\\\/iStock-1461782029.jpg\",\"datePublished\":\"2023-04-13T12:20:38+00:00\",\"dateModified\":\"2026-03-12T11:34:11+00:00\",\"author\":{\"@id\":\"https:\\\/\\\/www.vaillant.de\\\/21-grad\\\/#\\\/schema\\\/person\\\/d79d2ba98cd3da7ae5877706050352da\"},\"description\":\"W\u00e4rmepumpe im Einsatz? Pr\u00fcfe Deine Heizkostenabrechnung 2025 richtig \u2013 mit fachkundigen Tipps zu Berechnung, Umlage und Energieverbrauch.\",\"breadcrumb\":{\"@id\":\"https:\\\/\\\/www.vaillant.de\\\/21-grad\\\/rat-und-tat\\\/heizkostenabrechnung-waermepumpe-erstellen-und-pruefen\\\/#breadcrumb\"},\"inLanguage\":\"de\",\"potentialAction\":[{\"@type\":\"ReadAction\",\"target\":[\"https:\\\/\\\/www.vaillant.de\\\/21-grad\\\/rat-und-tat\\\/heizkostenabrechnung-waermepumpe-erstellen-und-pruefen\\\/\"]}]},{\"@type\":\"ImageObject\",\"inLanguage\":\"de\",\"@id\":\"https:\\\/\\\/www.vaillant.de\\\/21-grad\\\/rat-und-tat\\\/heizkostenabrechnung-waermepumpe-erstellen-und-pruefen\\\/#primaryimage\",\"url\":\"https:\\\/\\\/www.vaillant.de\\\/21-grad\\\/wp-content\\\/uploads\\\/2023\\\/04\\\/iStock-1461782029.jpg\",\"contentUrl\":\"https:\\\/\\\/www.vaillant.de\\\/21-grad\\\/wp-content\\\/uploads\\\/2023\\\/04\\\/iStock-1461782029.jpg\",\"width\":2000,\"height\":1333,\"caption\":\"Ein Mann h\u00e4lt sein Handy und eine Abrechnung in der Hand und kniet vor einem Heizk\u00f6rper\"},{\"@type\":\"BreadcrumbList\",\"@id\":\"https:\\\/\\\/www.vaillant.de\\\/21-grad\\\/rat-und-tat\\\/heizkostenabrechnung-waermepumpe-erstellen-und-pruefen\\\/#breadcrumb\",\"itemListElement\":[{\"@type\":\"ListItem\",\"position\":1,\"name\":\"Startseite\",\"item\":\"https:\\\/\\\/www.vaillant.de\\\/21-grad\\\/\"},{\"@type\":\"ListItem\",\"position\":2,\"name\":\"Heizkostenabrechnung erstellen und pr\u00fcfen: Darauf ist zu achten!\"}]},{\"@type\":\"WebSite\",\"@id\":\"https:\\\/\\\/www.vaillant.de\\\/21-grad\\\/#website\",\"url\":\"https:\\\/\\\/www.vaillant.de\\\/21-grad\\\/\",\"name\":\"21 grad\",\"description\":\"Der Blog f\u00fcr Menschen, die weiterdenken\",\"potentialAction\":[{\"@type\":\"SearchAction\",\"target\":{\"@type\":\"EntryPoint\",\"urlTemplate\":\"https:\\\/\\\/www.vaillant.de\\\/21-grad\\\/?s={search_term_string}\"},\"query-input\":{\"@type\":\"PropertyValueSpecification\",\"valueRequired\":true,\"valueName\":\"search_term_string\"}}],\"inLanguage\":\"de\"},{\"@type\":\"Person\",\"@id\":\"https:\\\/\\\/www.vaillant.de\\\/21-grad\\\/#\\\/schema\\\/person\\\/d79d2ba98cd3da7ae5877706050352da\",\"name\":\"Marcus\",\"image\":{\"@type\":\"ImageObject\",\"inLanguage\":\"de\",\"@id\":\"https:\\\/\\\/www.vaillant.de\\\/21-grad\\\/wp-content\\\/uploads\\\/2026\\\/01\\\/Marcus-125x125.jpg9d3430f1bc55d5a5d47a1162a14ae1af\",\"url\":\"https:\\\/\\\/www.vaillant.de\\\/21-grad\\\/wp-content\\\/uploads\\\/2026\\\/01\\\/Marcus-125x125.jpg\",\"contentUrl\":\"https:\\\/\\\/www.vaillant.de\\\/21-grad\\\/wp-content\\\/uploads\\\/2026\\\/01\\\/Marcus-125x125.jpg\",\"caption\":\"Marcus\"},\"description\":\"Willkommen in der wunderbaren Welt des 21grad Blogs. Als Medien- und Kooperationsmanager bin ich bei Vaillant Deutschland u.a. f\u00fcr unsere Fach- und Branchenkommunikation zust\u00e4ndig. Ich freue mich auf den Dialog mit Euch. :-) Nachhaltigkeit Bewusster Konsum und soziales Engagement liegen mir sehr am Herzen. Zuhause nutze ich \u00d6kostrom und Biogas, bei Lebensmitteln sind mir Labels wie Fair-Trade oder Bio sehr wichtig. Ich bin Sportwart beim Tennisclub Gr\u00fcn-Wei\u00df Lennep und engagiere mich auch f\u00fcr Aktion Mensch oder SOS-Kinderdorf. Interessen Unternehmungen mit Familie und Freunden, Tennis, Rock-Konzerte, Kino, B\u00fccher (z.B. Hornby, Eschbach, Uschmann) Was wolltest du als Kind gerne werden? Um es mit den \u00c4rzten zu sagen: Popstar, Bademeister oder Astronaut Was bringt dich auf die Palme? Menschen, die Schuld immer bei anderen suchen oder auch nat\u00fcrlich eine leckere Kokosnuss Was war der beste Rat, den du jemals erhalten hast? \u201eDenke in L\u00f6sungen, nicht in Problemen.\u201c\",\"url\":\"https:\\\/\\\/www.vaillant.de\\\/21-grad\\\/autor\\\/marcus\\\/\"}]}<\/script>\n<!-- \/ Yoast SEO plugin. -->","yoast_head_json":{"title":"Heizkostenabrechnung W\u00e4rmepumpe erstellen & pr\u00fcfen | 21 grad","description":"W\u00e4rmepumpe im Einsatz? Pr\u00fcfe Deine Heizkostenabrechnung 2025 richtig \u2013 mit fachkundigen Tipps zu Berechnung, Umlage und Energieverbrauch.","robots":{"index":"index","follow":"follow","max-snippet":"max-snippet:-1","max-image-preview":"max-image-preview:large","max-video-preview":"max-video-preview:-1"},"canonical":"https:\/\/www.vaillant.de\/21-grad\/rat-und-tat\/heizkostenabrechnung-waermepumpe-erstellen-und-pruefen\/","og_locale":"de_DE","og_type":"article","og_title":"Heizkostenabrechnung W\u00e4rmepumpe erstellen & pr\u00fcfen | 21 grad","og_description":"W\u00e4rmepumpe im Einsatz? Pr\u00fcfe Deine Heizkostenabrechnung 2025 richtig \u2013 mit fachkundigen Tipps zu Berechnung, Umlage und Energieverbrauch.","og_url":"https:\/\/www.vaillant.de\/21-grad\/rat-und-tat\/heizkostenabrechnung-waermepumpe-erstellen-und-pruefen\/","og_site_name":"21 grad","article_publisher":"https:\/\/www.facebook.com\/21grad\/","article_published_time":"2023-04-13T12:20:38+00:00","article_modified_time":"2026-03-12T11:34:11+00:00","og_image":[{"width":2000,"height":1333,"url":"https:\/\/www.vaillant.de\/21-grad\/wp-content\/uploads\/2023\/04\/iStock-1461782029.jpg","type":"image\/jpeg"}],"author":"Marcus","twitter_card":"summary_large_image","twitter_creator":"@vaillant_de","twitter_site":"@vaillant_de","twitter_misc":{"Verfasst von":"Marcus","Gesch\u00e4tzte Lesezeit":"5\u00a0Minuten","Written by":"Marcus"},"schema":{"@context":"https:\/\/schema.org","@graph":[{"@type":"Article","@id":"https:\/\/www.vaillant.de\/21-grad\/rat-und-tat\/heizkostenabrechnung-waermepumpe-erstellen-und-pruefen\/#article","isPartOf":{"@id":"https:\/\/www.vaillant.de\/21-grad\/rat-und-tat\/heizkostenabrechnung-waermepumpe-erstellen-und-pruefen\/"},"author":{"name":"Marcus","@id":"https:\/\/www.vaillant.de\/21-grad\/#\/schema\/person\/d79d2ba98cd3da7ae5877706050352da"},"headline":"Heizkostenabrechnung erstellen und pr\u00fcfen: Darauf ist zu achten!","datePublished":"2023-04-13T12:20:38+00:00","dateModified":"2026-03-12T11:34:11+00:00","mainEntityOfPage":{"@id":"https:\/\/www.vaillant.de\/21-grad\/rat-und-tat\/heizkostenabrechnung-waermepumpe-erstellen-und-pruefen\/"},"wordCount":836,"commentCount":2,"image":{"@id":"https:\/\/www.vaillant.de\/21-grad\/rat-und-tat\/heizkostenabrechnung-waermepumpe-erstellen-und-pruefen\/#primaryimage"},"thumbnailUrl":"https:\/\/www.vaillant.de\/21-grad\/wp-content\/uploads\/2023\/04\/iStock-1461782029.jpg","keywords":["Geld sparen","Heizen","Marktinfos"],"articleSection":["Rat &amp; Tat","X-Partner-Beitr\u00e4ge"],"inLanguage":"de","potentialAction":[{"@type":"CommentAction","name":"Comment","target":["https:\/\/www.vaillant.de\/21-grad\/rat-und-tat\/heizkostenabrechnung-waermepumpe-erstellen-und-pruefen\/#respond"]}]},{"@type":"WebPage","@id":"https:\/\/www.vaillant.de\/21-grad\/rat-und-tat\/heizkostenabrechnung-waermepumpe-erstellen-und-pruefen\/","url":"https:\/\/www.vaillant.de\/21-grad\/rat-und-tat\/heizkostenabrechnung-waermepumpe-erstellen-und-pruefen\/","name":"Heizkostenabrechnung W\u00e4rmepumpe erstellen & pr\u00fcfen | 21 grad","isPartOf":{"@id":"https:\/\/www.vaillant.de\/21-grad\/#website"},"primaryImageOfPage":{"@id":"https:\/\/www.vaillant.de\/21-grad\/rat-und-tat\/heizkostenabrechnung-waermepumpe-erstellen-und-pruefen\/#primaryimage"},"image":{"@id":"https:\/\/www.vaillant.de\/21-grad\/rat-und-tat\/heizkostenabrechnung-waermepumpe-erstellen-und-pruefen\/#primaryimage"},"thumbnailUrl":"https:\/\/www.vaillant.de\/21-grad\/wp-content\/uploads\/2023\/04\/iStock-1461782029.jpg","datePublished":"2023-04-13T12:20:38+00:00","dateModified":"2026-03-12T11:34:11+00:00","author":{"@id":"https:\/\/www.vaillant.de\/21-grad\/#\/schema\/person\/d79d2ba98cd3da7ae5877706050352da"},"description":"W\u00e4rmepumpe im Einsatz? Pr\u00fcfe Deine Heizkostenabrechnung 2025 richtig \u2013 mit fachkundigen Tipps zu Berechnung, Umlage und Energieverbrauch.","breadcrumb":{"@id":"https:\/\/www.vaillant.de\/21-grad\/rat-und-tat\/heizkostenabrechnung-waermepumpe-erstellen-und-pruefen\/#breadcrumb"},"inLanguage":"de","potentialAction":[{"@type":"ReadAction","target":["https:\/\/www.vaillant.de\/21-grad\/rat-und-tat\/heizkostenabrechnung-waermepumpe-erstellen-und-pruefen\/"]}]},{"@type":"ImageObject","inLanguage":"de","@id":"https:\/\/www.vaillant.de\/21-grad\/rat-und-tat\/heizkostenabrechnung-waermepumpe-erstellen-und-pruefen\/#primaryimage","url":"https:\/\/www.vaillant.de\/21-grad\/wp-content\/uploads\/2023\/04\/iStock-1461782029.jpg","contentUrl":"https:\/\/www.vaillant.de\/21-grad\/wp-content\/uploads\/2023\/04\/iStock-1461782029.jpg","width":2000,"height":1333,"caption":"Ein Mann h\u00e4lt sein Handy und eine Abrechnung in der Hand und kniet vor einem Heizk\u00f6rper"},{"@type":"BreadcrumbList","@id":"https:\/\/www.vaillant.de\/21-grad\/rat-und-tat\/heizkostenabrechnung-waermepumpe-erstellen-und-pruefen\/#breadcrumb","itemListElement":[{"@type":"ListItem","position":1,"name":"Startseite","item":"https:\/\/www.vaillant.de\/21-grad\/"},{"@type":"ListItem","position":2,"name":"Heizkostenabrechnung erstellen und pr\u00fcfen: Darauf ist zu achten!"}]},{"@type":"WebSite","@id":"https:\/\/www.vaillant.de\/21-grad\/#website","url":"https:\/\/www.vaillant.de\/21-grad\/","name":"21 grad","description":"Der Blog f\u00fcr Menschen, die weiterdenken","potentialAction":[{"@type":"SearchAction","target":{"@type":"EntryPoint","urlTemplate":"https:\/\/www.vaillant.de\/21-grad\/?s={search_term_string}"},"query-input":{"@type":"PropertyValueSpecification","valueRequired":true,"valueName":"search_term_string"}}],"inLanguage":"de"},{"@type":"Person","@id":"https:\/\/www.vaillant.de\/21-grad\/#\/schema\/person\/d79d2ba98cd3da7ae5877706050352da","name":"Marcus","image":{"@type":"ImageObject","inLanguage":"de","@id":"https:\/\/www.vaillant.de\/21-grad\/wp-content\/uploads\/2026\/01\/Marcus-125x125.jpg9d3430f1bc55d5a5d47a1162a14ae1af","url":"https:\/\/www.vaillant.de\/21-grad\/wp-content\/uploads\/2026\/01\/Marcus-125x125.jpg","contentUrl":"https:\/\/www.vaillant.de\/21-grad\/wp-content\/uploads\/2026\/01\/Marcus-125x125.jpg","caption":"Marcus"},"description":"Willkommen in der wunderbaren Welt des 21grad Blogs. Als Medien- und Kooperationsmanager bin ich bei Vaillant Deutschland u.a. f\u00fcr unsere Fach- und Branchenkommunikation zust\u00e4ndig. Ich freue mich auf den Dialog mit Euch. :-) Nachhaltigkeit Bewusster Konsum und soziales Engagement liegen mir sehr am Herzen. Zuhause nutze ich \u00d6kostrom und Biogas, bei Lebensmitteln sind mir Labels wie Fair-Trade oder Bio sehr wichtig. Ich bin Sportwart beim Tennisclub Gr\u00fcn-Wei\u00df Lennep und engagiere mich auch f\u00fcr Aktion Mensch oder SOS-Kinderdorf. Interessen Unternehmungen mit Familie und Freunden, Tennis, Rock-Konzerte, Kino, B\u00fccher (z.B. Hornby, Eschbach, Uschmann) Was wolltest du als Kind gerne werden? Um es mit den \u00c4rzten zu sagen: Popstar, Bademeister oder Astronaut Was bringt dich auf die Palme? Menschen, die Schuld immer bei anderen suchen oder auch nat\u00fcrlich eine leckere Kokosnuss Was war der beste Rat, den du jemals erhalten hast? \u201eDenke in L\u00f6sungen, nicht in Problemen.\u201c","url":"https:\/\/www.vaillant.de\/21-grad\/autor\/marcus\/"}]}},"_links":{"self":[{"href":"https:\/\/www.vaillant.de\/21-grad\/wp-json\/wp\/v2\/posts\/7690","targetHints":{"allow":["GET"]}}],"collection":[{"href":"https:\/\/www.vaillant.de\/21-grad\/wp-json\/wp\/v2\/posts"}],"about":[{"href":"https:\/\/www.vaillant.de\/21-grad\/wp-json\/wp\/v2\/types\/post"}],"author":[{"embeddable":true,"href":"https:\/\/www.vaillant.de\/21-grad\/wp-json\/wp\/v2\/users\/6"}],"replies":[{"embeddable":true,"href":"https:\/\/www.vaillant.de\/21-grad\/wp-json\/wp\/v2\/comments?post=7690"}],"version-history":[{"count":5,"href":"https:\/\/www.vaillant.de\/21-grad\/wp-json\/wp\/v2\/posts\/7690\/revisions"}],"predecessor-version":[{"id":9006,"href":"https:\/\/www.vaillant.de\/21-grad\/wp-json\/wp\/v2\/posts\/7690\/revisions\/9006"}],"wp:featuredmedia":[{"embeddable":true,"href":"https:\/\/www.vaillant.de\/21-grad\/wp-json\/wp\/v2\/media\/9005"}],"wp:attachment":[{"href":"https:\/\/www.vaillant.de\/21-grad\/wp-json\/wp\/v2\/media?parent=7690"}],"wp:term":[{"taxonomy":"category","embeddable":true,"href":"https:\/\/www.vaillant.de\/21-grad\/wp-json\/wp\/v2\/categories?post=7690"},{"taxonomy":"post_tag","embeddable":true,"href":"https:\/\/www.vaillant.de\/21-grad\/wp-json\/wp\/v2\/tags?post=7690"},{"taxonomy":"author","embeddable":true,"href":"https:\/\/www.vaillant.de\/21-grad\/wp-json\/wp\/v2\/coauthors?post=7690"}],"curies":[{"name":"wp","href":"https:\/\/api.w.org\/{rel}","templated":true}]}}