{"id":7932,"date":"2023-10-26T15:43:21","date_gmt":"2023-10-26T13:43:21","guid":{"rendered":"https:\/\/www.vaillant.de\/21-grad\/?p=7932"},"modified":"2023-10-26T15:43:21","modified_gmt":"2023-10-26T13:43:21","slug":"erneuerbare-energien-china-dreht-am-grossen-rad","status":"publish","type":"post","link":"https:\/\/www.vaillant.de\/21-grad\/technik-und-trends\/erneuerbare-energien-china-dreht-am-grossen-rad\/","title":{"rendered":"Erneuerbare Energien: China dreht am gro\u00dfen Rad"},"content":{"rendered":"<div id=\"attachment_7936\" style=\"width: 466px\" class=\"wp-caption alignright\"><a href=\"https:\/\/www.vaillant.de\/21-grad\/wp-content\/uploads\/2023\/10\/pexels-lio-voo-13248711.jpg\"><img loading=\"lazy\" decoding=\"async\" aria-describedby=\"caption-attachment-7936\" class=\"wp-image-7936 size-medium\" src=\"https:\/\/www.vaillant.de\/21-grad\/wp-content\/uploads\/2023\/10\/pexels-lio-voo-13248711-e1698327113404-456x212.jpg\" alt=\"Solarpanele\" width=\"456\" height=\"212\" srcset=\"https:\/\/www.vaillant.de\/21-grad\/wp-content\/uploads\/2023\/10\/pexels-lio-voo-13248711-e1698327113404-456x212.jpg 456w, https:\/\/www.vaillant.de\/21-grad\/wp-content\/uploads\/2023\/10\/pexels-lio-voo-13248711-e1698327113404-940x438.jpg 940w, https:\/\/www.vaillant.de\/21-grad\/wp-content\/uploads\/2023\/10\/pexels-lio-voo-13248711-e1698327113404-768x358.jpg 768w, https:\/\/www.vaillant.de\/21-grad\/wp-content\/uploads\/2023\/10\/pexels-lio-voo-13248711-e1698327113404.jpg 1198w\" sizes=\"auto, (max-width: 456px) 100vw, 456px\" \/><\/a><p id=\"caption-attachment-7936\" class=\"wp-caption-text\">Bereits am Netz: Der erste Teil des Solar- und Windprojekts in der Tengger-W\u00fcste<\/p><\/div>\n<p>So sollen in der W\u00fcste Gobi bis Ende des Jahrzehnts 455.000 Megawatt Wind- und Solarenergieleistung erzeugt werden. Das ist eine unglaublich gro\u00dfe Menge, da sie grob gesch\u00e4tzt ausreichen w\u00fcrde, um theoretisch mehr als 155 Millionen deutsche Haushalte mit einem durchschnittlichen Verbrauch von 3.000 kWh pro Jahr mit Strom zu versorgen. Aktuell gibt es hierzulande laut Statistischem Bundesamt knapp 41 Millionen Haushalte.<\/p>\n<p>&nbsp;<\/p>\n<p>&nbsp;<\/p>\n<div class=\"infobox hint\"><\/p>\n<h2>Kilo, Mega, Giga: Watt?!<\/h2>\n<p>Nehmen wir einen F\u00f6hn mit einer Leistung von 500 Watt. Wer damit eine Stunde lang die Haare trocknet, verbraucht 500 Wattstunden (Wh). Um Nullen zu sparen, sprechen wir von Kilowattstunden (kWh) und kommen bei unserem Beispiel auf einen Energieverbrauch von 0,5 kWh. Die Wattleistung eines Stromerzeugers oder -verbrauchers beschreibt also einen Momentanwert. Wenn die Wattleistung \u00fcber eine bestimmte Zeitspanne verbraucht wird, ergibt sich der Energieverbrauch. Der Verbrauch einer kleinen Ortschaft liegt im Bereich von Megawattstunden (1 MWh = 1.000 kWh), der von Gro\u00dfst\u00e4dten im Bereich von Gigawattstunden (1 GWh = 1.000 MWh = 1.000.000 kWh).<\/p>\n<p><\/div>\n<p>&nbsp;<\/p>\n<h2>Energie im \u00dcberfluss: Aus der W\u00fcste in die bev\u00f6lkerungsreichste Zentralprovinz<\/h2>\n<p>Da es in der W\u00fcste an Verbrauchern mangelt, soll der erzeugte Strom mithilfe von Ultrahochspannungsleitungen in die Provinz Hunan geleitet werden. Hunan ist die bev\u00f6lkerungsreichste Provinz in Zentralchina und hatte laut Wikipedia im Jahr 2015 ein Wohlstandsniveau , das etwa dem von S\u00fcdafrika entsprach und 85 % des chinesischen Durchschnitts erreichte. Die Bauarbeiten f\u00fcr diese gut 1.600 km lange Leitung haben gerade am s\u00fcdlichen Rand der Gobi, in der W\u00fcste Tengger, begonnen. Die Inbetriebnahme ist f\u00fcr das Jahr 2025 geplant.<\/p>\n<h2>Gigantisch: Weltgr\u00f6\u00dfte Offshore-Turbine rotiert in der Stra\u00dfe von Taiwan, einer vielbefahrenen Meerenge<\/h2>\n<div id=\"attachment_7939\" style=\"width: 423px\" class=\"wp-caption alignleft\"><a href=\"https:\/\/www.vaillant.de\/21-grad\/wp-content\/uploads\/2023\/10\/260-m-Rotordurchmesser-hat-die-gro\u0308sste-Offshore-Windturbine-der-Welt_c-China-Three-Gorges-Coorporation.jpg\"><img loading=\"lazy\" decoding=\"async\" aria-describedby=\"caption-attachment-7939\" class=\"size-medium wp-image-7939\" src=\"https:\/\/www.vaillant.de\/21-grad\/wp-content\/uploads\/2023\/10\/260-m-Rotordurchmesser-hat-die-gro\u0308sste-Offshore-Windturbine-der-Welt_c-China-Three-Gorges-Coorporation-413x232.jpg\" alt=\"Offshore Windpark\" width=\"413\" height=\"232\" srcset=\"https:\/\/www.vaillant.de\/21-grad\/wp-content\/uploads\/2023\/10\/260-m-Rotordurchmesser-hat-die-gro\u0308sste-Offshore-Windturbine-der-Welt_c-China-Three-Gorges-Coorporation-413x232.jpg 413w, https:\/\/www.vaillant.de\/21-grad\/wp-content\/uploads\/2023\/10\/260-m-Rotordurchmesser-hat-die-gro\u0308sste-Offshore-Windturbine-der-Welt_c-China-Three-Gorges-Coorporation-854x480.jpg 854w, https:\/\/www.vaillant.de\/21-grad\/wp-content\/uploads\/2023\/10\/260-m-Rotordurchmesser-hat-die-gro\u0308sste-Offshore-Windturbine-der-Welt_c-China-Three-Gorges-Coorporation-768x432.jpg 768w, https:\/\/www.vaillant.de\/21-grad\/wp-content\/uploads\/2023\/10\/260-m-Rotordurchmesser-hat-die-gro\u0308sste-Offshore-Windturbine-der-Welt_c-China-Three-Gorges-Coorporation.jpg 900w\" sizes=\"auto, (max-width: 413px) 100vw, 413px\" \/><\/a><p id=\"caption-attachment-7939\" class=\"wp-caption-text\">34 kWh Einspeiseleistung mit nur einer Umdrehung dank 260 m gro\u00dfem Rotor-Durchmesser \u00a9China Three Gorges Corporation<\/p><\/div>\n<p>China hat die weltweit erste Offshore-Windturbine mit einer Leistung von 16 Megawatt in das Stromnetz integriert. Die Rotorbl\u00e4tter dieser Turbine haben einen Durchmesser von 260 Metern \u2013 ein Meter mehr als die H\u00f6he des Frankfurter Commerzbank Towers. Bei jeder vollen Umdrehung \u00fcberstreicht der Rotor eine Fl\u00e4che von 50.000 Quadratmetern, was etwa drei Fu\u00dfballfeldern entspricht, und erzielt bis zu 34 kWh Einspeiseleistung. Die Anlage soll j\u00e4hrlich etwa 66 Gigawattstunden saubere Energie f\u00fcr 36.000 Drei-Personen-Haushalte liefern. Im Vergleich zur Nutzung von Kohlekraftwerken soll sie zu einer Reduzierung der CO2-Emissionen um 54.000 Tonnen f\u00fchren.<\/p>\n<div class=\"infobox hint\"><\/p>\n<h2>China stromert auf der \u00dcberholspur<\/h2>\n<p>Im Jahr 2022 wurden in China laut des Stuttgarter Forschungsinstituts ZSW 6,5 Millionen reine Elektroautos und Plug-in-Hybride neu zugelassen \u2013 das entspricht fast 61 % aller weltweit neu zugelassenen E-Autos. Die USA belegten mit knapp einer Million neu zugelassenen Stromern Platz zwei vor Deutschland mit 833.000 Neuzulassungen.<\/p>\n<p><\/div>\n<h2>Gr\u00fcner Lichtblick am Horizont: China will bis 2060 klimaneutral sein<\/h2>\n<p>Erkl\u00e4rtes Ziel der Volksrepublik ist es, bis 2060 klimaneutral zu sein. Allein zwischen Januar und Mai 2023 wurden in China 61 Gigawatt Photovoltaikleistung installiert. Das entspricht etwa 80 % der gesamten heute in Deutschland installierten Menge. Aber auch hierzulande sind die Zuwachsraten letzter Zeit gestiegen, wenn auch nicht ganz so rapide wie im Reich der Mitte.<\/p>\n","protected":false},"excerpt":{"rendered":"<p>Als \u201eWerkbank der Welt\u201c hat China einen wachsenden Energiebedarf. Um diesen zu stillen, werden im Reich der Mitte gerade so viele Kohlekraftwerke gebaut wie nie zuvor \u2013 und die gr\u00f6\u00dften Windkraft- und Photovoltaikanlagen in die W\u00fcste oder die See gesetzt. <\/p>\n","protected":false},"author":19,"featured_media":7933,"comment_status":"open","ping_status":"open","sticky":false,"template":"","format":"standard","meta":{"footnotes":""},"categories":[4],"tags":[170,46,23],"coauthors":[243],"class_list":["post-7932","post","type-post","status-publish","format-standard","has-post-thumbnail","hentry","category-technik-und-trends","tag-energiewende","tag-klimaschutz","tag-nachhaltigkeit"],"yoast_head":"<!-- This site is optimized with the Yoast SEO plugin v27.4 - https:\/\/yoast.com\/product\/yoast-seo-wordpress\/ -->\n<title>Erneuerbare Energien: China dreht am gro\u00dfen Rad | 21 grad<\/title>\n<meta name=\"robots\" content=\"index, follow, max-snippet:-1, max-image-preview:large, max-video-preview:-1\" \/>\n<link rel=\"canonical\" href=\"https:\/\/www.vaillant.de\/21-grad\/technik-und-trends\/erneuerbare-energien-china-dreht-am-grossen-rad\/\" \/>\n<meta property=\"og:locale\" content=\"de_DE\" \/>\n<meta property=\"og:type\" content=\"article\" \/>\n<meta property=\"og:title\" content=\"Erneuerbare Energien: China dreht am gro\u00dfen Rad | 21 grad\" \/>\n<meta property=\"og:description\" content=\"Als \u201eWerkbank der Welt\u201c hat China einen wachsenden Energiebedarf. Um diesen zu stillen, werden im Reich der Mitte gerade so viele Kohlekraftwerke gebaut wie nie zuvor \u2013 und die gr\u00f6\u00dften Windkraft- und Photovoltaikanlagen in die W\u00fcste oder die See gesetzt.\" \/>\n<meta property=\"og:url\" content=\"https:\/\/www.vaillant.de\/21-grad\/technik-und-trends\/erneuerbare-energien-china-dreht-am-grossen-rad\/\" \/>\n<meta property=\"og:site_name\" content=\"21 grad\" \/>\n<meta property=\"article:publisher\" content=\"https:\/\/www.facebook.com\/21grad\/\" \/>\n<meta property=\"article:published_time\" content=\"2023-10-26T13:43:21+00:00\" \/>\n<meta property=\"og:image\" content=\"https:\/\/www.vaillant.de\/21-grad\/wp-content\/uploads\/2023\/10\/Header_1200x630_c-Mingyang-Smart-Energy.jpg\" \/>\n\t<meta property=\"og:image:width\" content=\"1200\" \/>\n\t<meta property=\"og:image:height\" content=\"630\" \/>\n\t<meta property=\"og:image:type\" content=\"image\/jpeg\" \/>\n<meta name=\"author\" content=\"Tim\" \/>\n<meta name=\"twitter:card\" content=\"summary_large_image\" \/>\n<meta name=\"twitter:creator\" content=\"@vaillant_de\" \/>\n<meta name=\"twitter:site\" content=\"@vaillant_de\" \/>\n<meta name=\"twitter:label1\" content=\"Verfasst von\" \/>\n\t<meta name=\"twitter:data1\" content=\"Tim\" \/>\n\t<meta name=\"twitter:label2\" content=\"Gesch\u00e4tzte Lesezeit\" \/>\n\t<meta name=\"twitter:data2\" content=\"4\u00a0Minuten\" \/>\n\t<meta name=\"twitter:label3\" content=\"Written by\" \/>\n\t<meta name=\"twitter:data3\" content=\"Tim\" \/>\n<script type=\"application\/ld+json\" class=\"yoast-schema-graph\">{\"@context\":\"https:\\\/\\\/schema.org\",\"@graph\":[{\"@type\":\"Article\",\"@id\":\"https:\\\/\\\/www.vaillant.de\\\/21-grad\\\/technik-und-trends\\\/erneuerbare-energien-china-dreht-am-grossen-rad\\\/#article\",\"isPartOf\":{\"@id\":\"https:\\\/\\\/www.vaillant.de\\\/21-grad\\\/technik-und-trends\\\/erneuerbare-energien-china-dreht-am-grossen-rad\\\/\"},\"author\":{\"name\":\"Tim\",\"@id\":\"https:\\\/\\\/www.vaillant.de\\\/21-grad\\\/#\\\/schema\\\/person\\\/6c5f5a4071f0c7be145a9df11dac0709\"},\"headline\":\"Erneuerbare Energien: China dreht am gro\u00dfen Rad\",\"datePublished\":\"2023-10-26T13:43:21+00:00\",\"mainEntityOfPage\":{\"@id\":\"https:\\\/\\\/www.vaillant.de\\\/21-grad\\\/technik-und-trends\\\/erneuerbare-energien-china-dreht-am-grossen-rad\\\/\"},\"wordCount\":520,\"commentCount\":0,\"image\":{\"@id\":\"https:\\\/\\\/www.vaillant.de\\\/21-grad\\\/technik-und-trends\\\/erneuerbare-energien-china-dreht-am-grossen-rad\\\/#primaryimage\"},\"thumbnailUrl\":\"https:\\\/\\\/www.vaillant.de\\\/21-grad\\\/wp-content\\\/uploads\\\/2023\\\/10\\\/Header_1200x630_c-Mingyang-Smart-Energy.jpg\",\"keywords\":[\"Energiewende\",\"Klimaschutz\",\"Nachhaltigkeit\"],\"articleSection\":[\"Technik &amp; Trends\"],\"inLanguage\":\"de\",\"potentialAction\":[{\"@type\":\"CommentAction\",\"name\":\"Comment\",\"target\":[\"https:\\\/\\\/www.vaillant.de\\\/21-grad\\\/technik-und-trends\\\/erneuerbare-energien-china-dreht-am-grossen-rad\\\/#respond\"]}]},{\"@type\":\"WebPage\",\"@id\":\"https:\\\/\\\/www.vaillant.de\\\/21-grad\\\/technik-und-trends\\\/erneuerbare-energien-china-dreht-am-grossen-rad\\\/\",\"url\":\"https:\\\/\\\/www.vaillant.de\\\/21-grad\\\/technik-und-trends\\\/erneuerbare-energien-china-dreht-am-grossen-rad\\\/\",\"name\":\"Erneuerbare Energien: China dreht am gro\u00dfen Rad | 21 grad\",\"isPartOf\":{\"@id\":\"https:\\\/\\\/www.vaillant.de\\\/21-grad\\\/#website\"},\"primaryImageOfPage\":{\"@id\":\"https:\\\/\\\/www.vaillant.de\\\/21-grad\\\/technik-und-trends\\\/erneuerbare-energien-china-dreht-am-grossen-rad\\\/#primaryimage\"},\"image\":{\"@id\":\"https:\\\/\\\/www.vaillant.de\\\/21-grad\\\/technik-und-trends\\\/erneuerbare-energien-china-dreht-am-grossen-rad\\\/#primaryimage\"},\"thumbnailUrl\":\"https:\\\/\\\/www.vaillant.de\\\/21-grad\\\/wp-content\\\/uploads\\\/2023\\\/10\\\/Header_1200x630_c-Mingyang-Smart-Energy.jpg\",\"datePublished\":\"2023-10-26T13:43:21+00:00\",\"author\":{\"@id\":\"https:\\\/\\\/www.vaillant.de\\\/21-grad\\\/#\\\/schema\\\/person\\\/6c5f5a4071f0c7be145a9df11dac0709\"},\"breadcrumb\":{\"@id\":\"https:\\\/\\\/www.vaillant.de\\\/21-grad\\\/technik-und-trends\\\/erneuerbare-energien-china-dreht-am-grossen-rad\\\/#breadcrumb\"},\"inLanguage\":\"de\",\"potentialAction\":[{\"@type\":\"ReadAction\",\"target\":[\"https:\\\/\\\/www.vaillant.de\\\/21-grad\\\/technik-und-trends\\\/erneuerbare-energien-china-dreht-am-grossen-rad\\\/\"]}]},{\"@type\":\"ImageObject\",\"inLanguage\":\"de\",\"@id\":\"https:\\\/\\\/www.vaillant.de\\\/21-grad\\\/technik-und-trends\\\/erneuerbare-energien-china-dreht-am-grossen-rad\\\/#primaryimage\",\"url\":\"https:\\\/\\\/www.vaillant.de\\\/21-grad\\\/wp-content\\\/uploads\\\/2023\\\/10\\\/Header_1200x630_c-Mingyang-Smart-Energy.jpg\",\"contentUrl\":\"https:\\\/\\\/www.vaillant.de\\\/21-grad\\\/wp-content\\\/uploads\\\/2023\\\/10\\\/Header_1200x630_c-Mingyang-Smart-Energy.jpg\",\"width\":1200,\"height\":630,\"caption\":\"Windrad\"},{\"@type\":\"BreadcrumbList\",\"@id\":\"https:\\\/\\\/www.vaillant.de\\\/21-grad\\\/technik-und-trends\\\/erneuerbare-energien-china-dreht-am-grossen-rad\\\/#breadcrumb\",\"itemListElement\":[{\"@type\":\"ListItem\",\"position\":1,\"name\":\"Startseite\",\"item\":\"https:\\\/\\\/www.vaillant.de\\\/21-grad\\\/\"},{\"@type\":\"ListItem\",\"position\":2,\"name\":\"Erneuerbare Energien: China dreht am gro\u00dfen Rad\"}]},{\"@type\":\"WebSite\",\"@id\":\"https:\\\/\\\/www.vaillant.de\\\/21-grad\\\/#website\",\"url\":\"https:\\\/\\\/www.vaillant.de\\\/21-grad\\\/\",\"name\":\"21 grad\",\"description\":\"Der Blog f\u00fcr Menschen, die weiterdenken\",\"potentialAction\":[{\"@type\":\"SearchAction\",\"target\":{\"@type\":\"EntryPoint\",\"urlTemplate\":\"https:\\\/\\\/www.vaillant.de\\\/21-grad\\\/?s={search_term_string}\"},\"query-input\":{\"@type\":\"PropertyValueSpecification\",\"valueRequired\":true,\"valueName\":\"search_term_string\"}}],\"inLanguage\":\"de\"},{\"@type\":\"Person\",\"@id\":\"https:\\\/\\\/www.vaillant.de\\\/21-grad\\\/#\\\/schema\\\/person\\\/6c5f5a4071f0c7be145a9df11dac0709\",\"name\":\"Tim\",\"image\":{\"@type\":\"ImageObject\",\"inLanguage\":\"de\",\"@id\":\"https:\\\/\\\/www.vaillant.de\\\/21-grad\\\/wp-content\\\/uploads\\\/2025\\\/04\\\/20230516_Vaillant-Mitarbeitershooting-Lennep_0005_MKP-1-125x125.jpg9c05c6497faaba75d1eddfe0b2afcc63\",\"url\":\"https:\\\/\\\/www.vaillant.de\\\/21-grad\\\/wp-content\\\/uploads\\\/2025\\\/04\\\/20230516_Vaillant-Mitarbeitershooting-Lennep_0005_MKP-1-125x125.jpg\",\"contentUrl\":\"https:\\\/\\\/www.vaillant.de\\\/21-grad\\\/wp-content\\\/uploads\\\/2025\\\/04\\\/20230516_Vaillant-Mitarbeitershooting-Lennep_0005_MKP-1-125x125.jpg\",\"caption\":\"Tim\"},\"description\":\"Ob Facebook oder Twitter, ob # oder @, ob Like oder Share \u2013 in meinem Arbeitsalltag dreht sich alles um Social Media. Ich sorge daf\u00fcr, dass unsere Zielgruppen sowohl informative als auch unterhaltsame und interaktive Inhalte mit Mehrwert auf unseren Kan\u00e4len finden. Nachhaltigkeit Nachhaltigkeit spielt vor allem in meiner Bewegung eine Rolle, da ich so viele Wege wie m\u00f6glich mit dem Rad zur\u00fccklege, u.a. den Weg zur Arbeit. Meiner Meinung nach wird viel zu oft auf das Auto zur\u00fcckgegriffen, vor allem f\u00fcr unn\u00f6tige Kurzstrecken unter 10 oder sogar weniger Minuten. Interessen Fu\u00dfball, Skifahren, Fitness, Unternehmungen in der Natur, Musik. Was w\u00fcrdest du mit auf eine einsame Insel nehmen? Einen Plattenspieler, ein gutes Buch und einen erfrischenden Drink. Wenn du eine Superkraft h\u00e4ttest, welche w\u00e4re das und warum? Ich w\u00fcrde mit meiner Superkraft gerne den Klimawandel aufhalten, da wir zwar viel reden, aber noch viel zu wenig daf\u00fcr tun.\",\"url\":\"https:\\\/\\\/www.vaillant.de\\\/21-grad\\\/autor\\\/tim\\\/\"}]}<\/script>\n<!-- \/ Yoast SEO plugin. -->","yoast_head_json":{"title":"Erneuerbare Energien: China dreht am gro\u00dfen Rad | 21 grad","robots":{"index":"index","follow":"follow","max-snippet":"max-snippet:-1","max-image-preview":"max-image-preview:large","max-video-preview":"max-video-preview:-1"},"canonical":"https:\/\/www.vaillant.de\/21-grad\/technik-und-trends\/erneuerbare-energien-china-dreht-am-grossen-rad\/","og_locale":"de_DE","og_type":"article","og_title":"Erneuerbare Energien: China dreht am gro\u00dfen Rad | 21 grad","og_description":"Als \u201eWerkbank der Welt\u201c hat China einen wachsenden Energiebedarf. Um diesen zu stillen, werden im Reich der Mitte gerade so viele Kohlekraftwerke gebaut wie nie zuvor \u2013 und die gr\u00f6\u00dften Windkraft- und Photovoltaikanlagen in die W\u00fcste oder die See gesetzt.","og_url":"https:\/\/www.vaillant.de\/21-grad\/technik-und-trends\/erneuerbare-energien-china-dreht-am-grossen-rad\/","og_site_name":"21 grad","article_publisher":"https:\/\/www.facebook.com\/21grad\/","article_published_time":"2023-10-26T13:43:21+00:00","og_image":[{"width":1200,"height":630,"url":"https:\/\/www.vaillant.de\/21-grad\/wp-content\/uploads\/2023\/10\/Header_1200x630_c-Mingyang-Smart-Energy.jpg","type":"image\/jpeg"}],"author":"Tim","twitter_card":"summary_large_image","twitter_creator":"@vaillant_de","twitter_site":"@vaillant_de","twitter_misc":{"Verfasst von":"Tim","Gesch\u00e4tzte Lesezeit":"4\u00a0Minuten","Written by":"Tim"},"schema":{"@context":"https:\/\/schema.org","@graph":[{"@type":"Article","@id":"https:\/\/www.vaillant.de\/21-grad\/technik-und-trends\/erneuerbare-energien-china-dreht-am-grossen-rad\/#article","isPartOf":{"@id":"https:\/\/www.vaillant.de\/21-grad\/technik-und-trends\/erneuerbare-energien-china-dreht-am-grossen-rad\/"},"author":{"name":"Tim","@id":"https:\/\/www.vaillant.de\/21-grad\/#\/schema\/person\/6c5f5a4071f0c7be145a9df11dac0709"},"headline":"Erneuerbare Energien: China dreht am gro\u00dfen Rad","datePublished":"2023-10-26T13:43:21+00:00","mainEntityOfPage":{"@id":"https:\/\/www.vaillant.de\/21-grad\/technik-und-trends\/erneuerbare-energien-china-dreht-am-grossen-rad\/"},"wordCount":520,"commentCount":0,"image":{"@id":"https:\/\/www.vaillant.de\/21-grad\/technik-und-trends\/erneuerbare-energien-china-dreht-am-grossen-rad\/#primaryimage"},"thumbnailUrl":"https:\/\/www.vaillant.de\/21-grad\/wp-content\/uploads\/2023\/10\/Header_1200x630_c-Mingyang-Smart-Energy.jpg","keywords":["Energiewende","Klimaschutz","Nachhaltigkeit"],"articleSection":["Technik &amp; Trends"],"inLanguage":"de","potentialAction":[{"@type":"CommentAction","name":"Comment","target":["https:\/\/www.vaillant.de\/21-grad\/technik-und-trends\/erneuerbare-energien-china-dreht-am-grossen-rad\/#respond"]}]},{"@type":"WebPage","@id":"https:\/\/www.vaillant.de\/21-grad\/technik-und-trends\/erneuerbare-energien-china-dreht-am-grossen-rad\/","url":"https:\/\/www.vaillant.de\/21-grad\/technik-und-trends\/erneuerbare-energien-china-dreht-am-grossen-rad\/","name":"Erneuerbare Energien: China dreht am gro\u00dfen Rad | 21 grad","isPartOf":{"@id":"https:\/\/www.vaillant.de\/21-grad\/#website"},"primaryImageOfPage":{"@id":"https:\/\/www.vaillant.de\/21-grad\/technik-und-trends\/erneuerbare-energien-china-dreht-am-grossen-rad\/#primaryimage"},"image":{"@id":"https:\/\/www.vaillant.de\/21-grad\/technik-und-trends\/erneuerbare-energien-china-dreht-am-grossen-rad\/#primaryimage"},"thumbnailUrl":"https:\/\/www.vaillant.de\/21-grad\/wp-content\/uploads\/2023\/10\/Header_1200x630_c-Mingyang-Smart-Energy.jpg","datePublished":"2023-10-26T13:43:21+00:00","author":{"@id":"https:\/\/www.vaillant.de\/21-grad\/#\/schema\/person\/6c5f5a4071f0c7be145a9df11dac0709"},"breadcrumb":{"@id":"https:\/\/www.vaillant.de\/21-grad\/technik-und-trends\/erneuerbare-energien-china-dreht-am-grossen-rad\/#breadcrumb"},"inLanguage":"de","potentialAction":[{"@type":"ReadAction","target":["https:\/\/www.vaillant.de\/21-grad\/technik-und-trends\/erneuerbare-energien-china-dreht-am-grossen-rad\/"]}]},{"@type":"ImageObject","inLanguage":"de","@id":"https:\/\/www.vaillant.de\/21-grad\/technik-und-trends\/erneuerbare-energien-china-dreht-am-grossen-rad\/#primaryimage","url":"https:\/\/www.vaillant.de\/21-grad\/wp-content\/uploads\/2023\/10\/Header_1200x630_c-Mingyang-Smart-Energy.jpg","contentUrl":"https:\/\/www.vaillant.de\/21-grad\/wp-content\/uploads\/2023\/10\/Header_1200x630_c-Mingyang-Smart-Energy.jpg","width":1200,"height":630,"caption":"Windrad"},{"@type":"BreadcrumbList","@id":"https:\/\/www.vaillant.de\/21-grad\/technik-und-trends\/erneuerbare-energien-china-dreht-am-grossen-rad\/#breadcrumb","itemListElement":[{"@type":"ListItem","position":1,"name":"Startseite","item":"https:\/\/www.vaillant.de\/21-grad\/"},{"@type":"ListItem","position":2,"name":"Erneuerbare Energien: China dreht am gro\u00dfen Rad"}]},{"@type":"WebSite","@id":"https:\/\/www.vaillant.de\/21-grad\/#website","url":"https:\/\/www.vaillant.de\/21-grad\/","name":"21 grad","description":"Der Blog f\u00fcr Menschen, die weiterdenken","potentialAction":[{"@type":"SearchAction","target":{"@type":"EntryPoint","urlTemplate":"https:\/\/www.vaillant.de\/21-grad\/?s={search_term_string}"},"query-input":{"@type":"PropertyValueSpecification","valueRequired":true,"valueName":"search_term_string"}}],"inLanguage":"de"},{"@type":"Person","@id":"https:\/\/www.vaillant.de\/21-grad\/#\/schema\/person\/6c5f5a4071f0c7be145a9df11dac0709","name":"Tim","image":{"@type":"ImageObject","inLanguage":"de","@id":"https:\/\/www.vaillant.de\/21-grad\/wp-content\/uploads\/2025\/04\/20230516_Vaillant-Mitarbeitershooting-Lennep_0005_MKP-1-125x125.jpg9c05c6497faaba75d1eddfe0b2afcc63","url":"https:\/\/www.vaillant.de\/21-grad\/wp-content\/uploads\/2025\/04\/20230516_Vaillant-Mitarbeitershooting-Lennep_0005_MKP-1-125x125.jpg","contentUrl":"https:\/\/www.vaillant.de\/21-grad\/wp-content\/uploads\/2025\/04\/20230516_Vaillant-Mitarbeitershooting-Lennep_0005_MKP-1-125x125.jpg","caption":"Tim"},"description":"Ob Facebook oder Twitter, ob # oder @, ob Like oder Share \u2013 in meinem Arbeitsalltag dreht sich alles um Social Media. Ich sorge daf\u00fcr, dass unsere Zielgruppen sowohl informative als auch unterhaltsame und interaktive Inhalte mit Mehrwert auf unseren Kan\u00e4len finden. Nachhaltigkeit Nachhaltigkeit spielt vor allem in meiner Bewegung eine Rolle, da ich so viele Wege wie m\u00f6glich mit dem Rad zur\u00fccklege, u.a. den Weg zur Arbeit. Meiner Meinung nach wird viel zu oft auf das Auto zur\u00fcckgegriffen, vor allem f\u00fcr unn\u00f6tige Kurzstrecken unter 10 oder sogar weniger Minuten. Interessen Fu\u00dfball, Skifahren, Fitness, Unternehmungen in der Natur, Musik. Was w\u00fcrdest du mit auf eine einsame Insel nehmen? Einen Plattenspieler, ein gutes Buch und einen erfrischenden Drink. Wenn du eine Superkraft h\u00e4ttest, welche w\u00e4re das und warum? Ich w\u00fcrde mit meiner Superkraft gerne den Klimawandel aufhalten, da wir zwar viel reden, aber noch viel zu wenig daf\u00fcr tun.","url":"https:\/\/www.vaillant.de\/21-grad\/autor\/tim\/"}]}},"_links":{"self":[{"href":"https:\/\/www.vaillant.de\/21-grad\/wp-json\/wp\/v2\/posts\/7932","targetHints":{"allow":["GET"]}}],"collection":[{"href":"https:\/\/www.vaillant.de\/21-grad\/wp-json\/wp\/v2\/posts"}],"about":[{"href":"https:\/\/www.vaillant.de\/21-grad\/wp-json\/wp\/v2\/types\/post"}],"author":[{"embeddable":true,"href":"https:\/\/www.vaillant.de\/21-grad\/wp-json\/wp\/v2\/users\/19"}],"replies":[{"embeddable":true,"href":"https:\/\/www.vaillant.de\/21-grad\/wp-json\/wp\/v2\/comments?post=7932"}],"version-history":[{"count":6,"href":"https:\/\/www.vaillant.de\/21-grad\/wp-json\/wp\/v2\/posts\/7932\/revisions"}],"predecessor-version":[{"id":7935,"href":"https:\/\/www.vaillant.de\/21-grad\/wp-json\/wp\/v2\/posts\/7932\/revisions\/7935"}],"wp:featuredmedia":[{"embeddable":true,"href":"https:\/\/www.vaillant.de\/21-grad\/wp-json\/wp\/v2\/media\/7933"}],"wp:attachment":[{"href":"https:\/\/www.vaillant.de\/21-grad\/wp-json\/wp\/v2\/media?parent=7932"}],"wp:term":[{"taxonomy":"category","embeddable":true,"href":"https:\/\/www.vaillant.de\/21-grad\/wp-json\/wp\/v2\/categories?post=7932"},{"taxonomy":"post_tag","embeddable":true,"href":"https:\/\/www.vaillant.de\/21-grad\/wp-json\/wp\/v2\/tags?post=7932"},{"taxonomy":"author","embeddable":true,"href":"https:\/\/www.vaillant.de\/21-grad\/wp-json\/wp\/v2\/coauthors?post=7932"}],"curies":[{"name":"wp","href":"https:\/\/api.w.org\/{rel}","templated":true}]}}