{"id":8012,"date":"2024-01-12T10:29:14","date_gmt":"2024-01-12T09:29:14","guid":{"rendered":"https:\/\/www.vaillant.de\/21-grad\/?p=8012"},"modified":"2024-01-12T10:29:38","modified_gmt":"2024-01-12T09:29:38","slug":"mieterhoehung-nach-modernisierung-was-gilt-2024","status":"publish","type":"post","link":"https:\/\/www.vaillant.de\/21-grad\/partner-beitraege\/mieterhoehung-nach-modernisierung-was-gilt-2024\/","title":{"rendered":"Mieterh\u00f6hung nach Modernisierung: Was gilt 2024?"},"content":{"rendered":"<p>Folgende Bedingungen gelten f\u00fcr die Umlage von Modernisierungskosten auf Wohnungsmieter im Vergleich zum Jahr 2023:<\/p>\n<table>\n<tbody>\n<tr>\n<td width=\"201\"><strong>Umlage<\/strong><\/td>\n<td width=\"201\"><strong>2023<\/strong><\/td>\n<td width=\"201\"><strong>2024<\/strong><\/td>\n<\/tr>\n<tr>\n<td width=\"201\">Anteil an Sanierungskosten, der auf die Miete umgelegt werden kann (in % pro Jahr)<\/td>\n<td width=\"201\">8 % f\u00fcr D\u00e4mmung, Fenster, Solar, Heizung<\/td>\n<td width=\"201\">8 % D\u00e4mmung, Fenster, Solar<br \/>\n10 % Heizung<\/td>\n<\/tr>\n<tr>\n<td width=\"201\">Obergrenze f\u00fcr Mieterh\u00f6hung (Euro\/m<sup>2<\/sup> und Monat)<\/td>\n<td width=\"201\">3,00 Euro f\u00fcr D\u00e4mmung, Fenster, Solar, Heizung<\/td>\n<td width=\"201\">2,50 Euro f\u00fcr D\u00e4mmung, Fenster, Solar<br \/>\n0,50 Euro f\u00fcr Heizung<\/td>\n<\/tr>\n<\/tbody>\n<\/table>\n<p>Quelle: BMWK<\/p>\n<p><a href=\"https:\/\/www.vaillant.de\/21-grad\/wp-content\/uploads\/2024\/01\/Mieterhoehung-nach-sanierung-2.jpg\"><img loading=\"lazy\" decoding=\"async\" class=\"alignright size-medium wp-image-8020\" src=\"https:\/\/www.vaillant.de\/21-grad\/wp-content\/uploads\/2024\/01\/Mieterhoehung-nach-sanierung-2-348x232.jpg\" alt=\"Mehrfamilienhaus\" width=\"348\" height=\"232\" srcset=\"https:\/\/www.vaillant.de\/21-grad\/wp-content\/uploads\/2024\/01\/Mieterhoehung-nach-sanierung-2-348x232.jpg 348w, https:\/\/www.vaillant.de\/21-grad\/wp-content\/uploads\/2024\/01\/Mieterhoehung-nach-sanierung-2.jpg 640w\" sizes=\"auto, (max-width: 348px) 100vw, 348px\" \/><\/a>Die schlechte Nachricht gleich vorweg: Nach einer energetischen Wohnungssanierung kann die Miete um bis zu 8 % erh\u00f6ht werden. Und die Gute gleich hinter: Maximal zul\u00e4ssig sind 2,50 Euro pro Quadratmeter und Monat. Bauen Vermieterinnen oder Vermieter eine neue <a href=\"https:\/\/www.vaillant.de\/heizung\/heizung-verstehen\/gesetze-verordnungen\/geg2020\/\" target=\"_blank\" rel=\"noopener\">GEG-konforme Heizung<\/a> ein, d\u00fcrfen sie 10 % der Kosten ungelegen, wenn die Heizung gef\u00f6rdert wurde. Verzichten Vermieterinnen und Vermieter auf \u00f6ffentliche <a href=\"https:\/\/www.vaillant.de\/heizung\/klima-foerderung\/foerderung-finanzierung\/\" target=\"_blank\" rel=\"noopener\">F\u00f6rderung<\/a>, k\u00f6nnen sie 8 Prozent der Kosten umlegen. In beiden F\u00e4llen darf die Miete nach dem Heizungstausch maximal 0,50 Euro pro Quadratmeter und Monat steigen. Diese Deckelung gilt f\u00fcr sechs Jahre. Erhalten Vermieterinnen oder Vermieter dagegen \u00f6ffentliche F\u00f6rdermittel, m\u00fcssen sie diese auf die Modernisierungsumlage anrechnen. Au\u00dferdem m\u00fcssen sie die Kosten, die bei ohnehin notwendigen Erhaltungsma\u00dfnahmen gewesen w\u00e4ren, pauschal in H\u00f6he von 15 Prozent abziehen. Dieser Grundsatz gilt auch bei anderen Ma\u00dfnahmen.<\/p>\n<h2>Instandhaltungskosten d\u00fcrfen nicht umgelegt werden<\/h2>\n<p><a href=\"https:\/\/www.vaillant.de\/21-grad\/wp-content\/uploads\/2024\/01\/Mieterhoehung-nach-sanierung-4.jpg\"><img loading=\"lazy\" decoding=\"async\" class=\"alignleft size-medium wp-image-8021\" src=\"https:\/\/www.vaillant.de\/21-grad\/wp-content\/uploads\/2024\/01\/Mieterhoehung-nach-sanierung-4-348x232.jpg\" alt=\"Euro-Scheine und M\u00fcnzen\" width=\"348\" height=\"232\" srcset=\"https:\/\/www.vaillant.de\/21-grad\/wp-content\/uploads\/2024\/01\/Mieterhoehung-nach-sanierung-4-348x232.jpg 348w, https:\/\/www.vaillant.de\/21-grad\/wp-content\/uploads\/2024\/01\/Mieterhoehung-nach-sanierung-4.jpg 640w\" sizes=\"auto, (max-width: 348px) 100vw, 348px\" \/><\/a>Bei umfassender energetischer Sanierung werden oft automatisch Instandhaltungsma\u00dfnahmen ausgef\u00fchrt. Deren Kosten d\u00fcrfen nicht auf die Mieterinnen und Mieter umgelegt werden. Vielmehr m\u00fcssen Vermieterinnen und Vermieter bei der Ank\u00fcndigung eines Sanierungsvorhabens die damit verbundenen Kosten hochrechnen und den umlegbaren Anteil getrennt ausweisen. Einzelne Gewerke m\u00fcssen sie aber nicht aufschl\u00fcsseln: Laut Bundesgerichtshof (BGH) gen\u00fcgt es, wenn den Mieterinnen und Mietern eine nachvollziehbare Quote f\u00fcr Instandhaltung an den Gesamtkosten der energetischen Sanierung angegeben wird. Also zum Beispiel die Gesamtkosten einer Fassadend\u00e4mmung samt Instandhaltungsanteil.<\/p>\n<div class=\"infobox hint\"><\/p>\n<h2>Instandhaltung vs. Sanierung: Was ist der Unterschied?<\/h2>\n<p>Wenn zum Beispiel bei einem Heizsystem Teile ausgetauscht werden m\u00fcssen, handelt es sich um eine Instandhaltung \u2013 auch wenn sie noch funktionieren und nur verschlissen sind. Kosten dieser Art m\u00fcssen Vermieterinnen und Vermieter allein tragen.<br \/>\nBei Sanierungen oder Modernisierungen werden dagegen Geb\u00e4udeteile neu gebaut oder installiert, was in der Regel zu einer nachhaltigen Verbesserung der Wohnverh\u00e4ltnisse sorgt. Die Kosten daf\u00fcr d\u00fcrfen gem\u00e4\u00df BGB (B\u00fcrgerliches Gesetzbuch) und GEG (Geb\u00e4udeenergiegesetz) anteilig auf die Mieterinnen und Mieter umgelegt werden.<\/p>\n<p><\/div>\n<h2>Neue GEG-Regelung sch\u00fctzt Mieter bei W\u00e4rmepumpen-Einbau<\/h2>\n<p>Ein wenig kompliziert wird es bei der Modernisierung einer Heizungsanlage mit einer W\u00e4rmepumpe: Gem\u00e4\u00df \u00a7 71o Abs. 1 Geb\u00e4udeenergiegesetz (GEG) k\u00f6nnen Vermieterinnen und Vermieter hierbei eine Mieterh\u00f6hung nur dann in voller H\u00f6he verlangen, wenn sie nachweisen, dass die Jahresarbeitszahl (JAZ) der neuen W\u00e4rmepumpe \u00fcber 2,5 liegt. Diese Jahresarbeitszahl zeigt die Effizienz der W\u00e4rmepumpe an und wird aus dem Verh\u00e4ltnis von Stromverbrauch und abgegebener Heizw\u00e4rme ermittelt. Ohne Nachweis darf der Mieterh\u00f6hung nur die H\u00e4lfte der Kosten zugrunde gelegt werden &#8211; es sei denn, das Haus wurde nach 1996 errichtet, mindestens auf Effizienzhaus-Niveau 115 oder 100 saniert oder wird einer Vorlauftemperatur bis maximal 55 \u00b0C beheizt. Gleiches gilt, wenn Vermieterinnen und Vermieter nachweisen k\u00f6nnen, dass das Haus gem\u00e4\u00df den Vorgaben der W\u00e4rmeschutzverordnung vom 16. August 1994 (in der bis Ende Januar 2002 geltenden Fassung) erbaut wurde oder der seinerzeit g\u00fcltige Jahres-Heizw\u00e4rmebedarf nicht \u00fcberschritten wird.<\/p>\n<h2>Sanierung und Mieterh\u00f6hung m\u00fcssen fristgerecht angek\u00fcndigt werden<\/h2>\n<p><a href=\"https:\/\/www.vaillant.de\/21-grad\/wp-content\/uploads\/2024\/01\/Mieterhoehung-nach-sanierung-3.jpg\"><img loading=\"lazy\" decoding=\"async\" class=\"alignright size-medium wp-image-8022\" src=\"https:\/\/www.vaillant.de\/21-grad\/wp-content\/uploads\/2024\/01\/Mieterhoehung-nach-sanierung-3-349x232.jpg\" alt=\"Unterschrift f\u00fcr Mietvertrag\" width=\"349\" height=\"232\" srcset=\"https:\/\/www.vaillant.de\/21-grad\/wp-content\/uploads\/2024\/01\/Mieterhoehung-nach-sanierung-3-349x232.jpg 349w, https:\/\/www.vaillant.de\/21-grad\/wp-content\/uploads\/2024\/01\/Mieterhoehung-nach-sanierung-3.jpg 640w\" sizes=\"auto, (max-width: 349px) 100vw, 349px\" \/><\/a>Vermieterinnen und Vermieter m\u00fcssen eine Sanierung ihren Mietern sp\u00e4testens drei Monate vor Beginn ank\u00fcndigen. Diese Frist gilt auch f\u00fcr die anschlie\u00dfende Mieterh\u00f6hung. Wenn Vermieterinnen und Vermieter die Miete st\u00e4rker als gesetzlich zul\u00e4ssig erh\u00f6hen m\u00f6chten, m\u00fcssen die Mieter zustimmen. Eine solche Mieterh\u00f6hungsvereinbarung kann es zum Beispiel dann geben, wenn die Sanierung mit Energieersparnissen verbunden ist, die sich f\u00fcr die Mieter rechnen. Allerdings m\u00fcssen einer solchen Vereinbarung alle Mieterinnen und Mieter eines Objekts zustimmen.<\/p>\n<h2>Nach Kernsanierung gelten die Mietregeln f\u00fcr Neubauten<\/h2>\n<p>Nach einer Kernsanierung, deren Kosten mindestens dem Drittel eines vergleichen Neubaus entsprechen, d\u00fcrfen Vermieter die erste Miete frei festlegen. Um kernsanieren zu k\u00f6nnen, m\u00fcssen H\u00e4user allerdings meist leer stehen. Unabh\u00e4ngig davon gilt auch hier, dass Instandhaltungskosten nicht in die neuen Mieten einflie\u00dfen d\u00fcrfen.<\/p>\n","protected":false},"excerpt":{"rendered":"<p>Das neue Geb\u00e4udeenergiegesetz (GEG 2024) setzt auf erneuerbare Energien. Energieeffiziente Heiztechnik und energetisch sanierte Geb\u00e4ude spielen dabei eine Schl\u00fcsselrolle. Das kostet. Die Umlage der entstehenden Kosten f\u00fchrt nicht selten zu Spannungen zwischen Vermietern und Mietern. Um hier Klarheit zu schaffen, haben wir die essenziellen Informationen zusammengetragen.<\/p>\n","protected":false},"author":6,"featured_media":8013,"comment_status":"open","ping_status":"open","sticky":false,"template":"","format":"standard","meta":{"footnotes":""},"categories":[3,183],"tags":[172,174],"coauthors":[70],"class_list":["post-8012","post","type-post","status-publish","format-standard","has-post-thumbnail","hentry","category-wissen-und-wert","category-partner-beitraege","tag-bauen-und-wohnen","tag-marktinfos"],"yoast_head":"<!-- This site is optimized with the Yoast SEO plugin v27.4 - https:\/\/yoast.com\/product\/yoast-seo-wordpress\/ -->\n<title>Mieterh\u00f6hung nach Modernisierung: Was gilt 2024? | 21 grad<\/title>\n<meta name=\"description\" content=\"Die Umlage von Modernisierungskosten f\u00fchrt nicht selten zu Spannungen zwischen Vermietern und Mietern. Diese Infos schaffen Klarheit! Jetzt erfahren\" \/>\n<meta name=\"robots\" content=\"index, follow, max-snippet:-1, max-image-preview:large, max-video-preview:-1\" \/>\n<link rel=\"canonical\" href=\"https:\/\/www.vaillant.de\/21-grad\/partner-beitraege\/mieterhoehung-nach-modernisierung-was-gilt-2024\/\" \/>\n<meta property=\"og:locale\" content=\"de_DE\" \/>\n<meta property=\"og:type\" content=\"article\" \/>\n<meta property=\"og:title\" content=\"Mieterh\u00f6hung nach Modernisierung: Was gilt 2024? | 21 grad\" \/>\n<meta property=\"og:description\" content=\"Die Umlage von Modernisierungskosten f\u00fchrt nicht selten zu Spannungen zwischen Vermietern und Mietern. Diese Infos schaffen Klarheit! Jetzt erfahren\" \/>\n<meta property=\"og:url\" content=\"https:\/\/www.vaillant.de\/21-grad\/partner-beitraege\/mieterhoehung-nach-modernisierung-was-gilt-2024\/\" \/>\n<meta property=\"og:site_name\" content=\"21 grad\" \/>\n<meta property=\"article:publisher\" content=\"https:\/\/www.facebook.com\/21grad\/\" \/>\n<meta property=\"article:published_time\" content=\"2024-01-12T09:29:14+00:00\" \/>\n<meta property=\"article:modified_time\" content=\"2024-01-12T09:29:38+00:00\" \/>\n<meta property=\"og:image\" content=\"https:\/\/www.vaillant.de\/21-grad\/wp-content\/uploads\/2024\/01\/Mieterhoehung-nach-sanierung-1.jpg\" \/>\n\t<meta property=\"og:image:width\" content=\"1386\" \/>\n\t<meta property=\"og:image:height\" content=\"780\" \/>\n\t<meta property=\"og:image:type\" content=\"image\/jpeg\" \/>\n<meta name=\"author\" content=\"Marcus\" \/>\n<meta name=\"twitter:card\" content=\"summary_large_image\" \/>\n<meta name=\"twitter:creator\" content=\"@vaillant_de\" \/>\n<meta name=\"twitter:site\" content=\"@vaillant_de\" \/>\n<meta name=\"twitter:label1\" content=\"Verfasst von\" \/>\n\t<meta name=\"twitter:data1\" content=\"Marcus\" \/>\n\t<meta name=\"twitter:label2\" content=\"Gesch\u00e4tzte Lesezeit\" \/>\n\t<meta name=\"twitter:data2\" content=\"5\u00a0Minuten\" \/>\n\t<meta name=\"twitter:label3\" content=\"Written by\" \/>\n\t<meta name=\"twitter:data3\" content=\"Marcus\" \/>\n<script type=\"application\/ld+json\" class=\"yoast-schema-graph\">{\"@context\":\"https:\\\/\\\/schema.org\",\"@graph\":[{\"@type\":\"Article\",\"@id\":\"https:\\\/\\\/www.vaillant.de\\\/21-grad\\\/partner-beitraege\\\/mieterhoehung-nach-modernisierung-was-gilt-2024\\\/#article\",\"isPartOf\":{\"@id\":\"https:\\\/\\\/www.vaillant.de\\\/21-grad\\\/partner-beitraege\\\/mieterhoehung-nach-modernisierung-was-gilt-2024\\\/\"},\"author\":{\"name\":\"Marcus\",\"@id\":\"https:\\\/\\\/www.vaillant.de\\\/21-grad\\\/#\\\/schema\\\/person\\\/d79d2ba98cd3da7ae5877706050352da\"},\"headline\":\"Mieterh\u00f6hung nach Modernisierung: Was gilt 2024?\",\"datePublished\":\"2024-01-12T09:29:14+00:00\",\"dateModified\":\"2024-01-12T09:29:38+00:00\",\"mainEntityOfPage\":{\"@id\":\"https:\\\/\\\/www.vaillant.de\\\/21-grad\\\/partner-beitraege\\\/mieterhoehung-nach-modernisierung-was-gilt-2024\\\/\"},\"wordCount\":715,\"commentCount\":3,\"image\":{\"@id\":\"https:\\\/\\\/www.vaillant.de\\\/21-grad\\\/partner-beitraege\\\/mieterhoehung-nach-modernisierung-was-gilt-2024\\\/#primaryimage\"},\"thumbnailUrl\":\"https:\\\/\\\/www.vaillant.de\\\/21-grad\\\/wp-content\\\/uploads\\\/2024\\\/01\\\/Mieterhoehung-nach-sanierung-1.jpg\",\"keywords\":[\"Bauen und Wohnen\",\"Marktinfos\"],\"articleSection\":[\"Wissen &amp; Wert\",\"X-Partner-Beitr\u00e4ge\"],\"inLanguage\":\"de\",\"potentialAction\":[{\"@type\":\"CommentAction\",\"name\":\"Comment\",\"target\":[\"https:\\\/\\\/www.vaillant.de\\\/21-grad\\\/partner-beitraege\\\/mieterhoehung-nach-modernisierung-was-gilt-2024\\\/#respond\"]}]},{\"@type\":\"WebPage\",\"@id\":\"https:\\\/\\\/www.vaillant.de\\\/21-grad\\\/partner-beitraege\\\/mieterhoehung-nach-modernisierung-was-gilt-2024\\\/\",\"url\":\"https:\\\/\\\/www.vaillant.de\\\/21-grad\\\/partner-beitraege\\\/mieterhoehung-nach-modernisierung-was-gilt-2024\\\/\",\"name\":\"Mieterh\u00f6hung nach Modernisierung: Was gilt 2024? | 21 grad\",\"isPartOf\":{\"@id\":\"https:\\\/\\\/www.vaillant.de\\\/21-grad\\\/#website\"},\"primaryImageOfPage\":{\"@id\":\"https:\\\/\\\/www.vaillant.de\\\/21-grad\\\/partner-beitraege\\\/mieterhoehung-nach-modernisierung-was-gilt-2024\\\/#primaryimage\"},\"image\":{\"@id\":\"https:\\\/\\\/www.vaillant.de\\\/21-grad\\\/partner-beitraege\\\/mieterhoehung-nach-modernisierung-was-gilt-2024\\\/#primaryimage\"},\"thumbnailUrl\":\"https:\\\/\\\/www.vaillant.de\\\/21-grad\\\/wp-content\\\/uploads\\\/2024\\\/01\\\/Mieterhoehung-nach-sanierung-1.jpg\",\"datePublished\":\"2024-01-12T09:29:14+00:00\",\"dateModified\":\"2024-01-12T09:29:38+00:00\",\"author\":{\"@id\":\"https:\\\/\\\/www.vaillant.de\\\/21-grad\\\/#\\\/schema\\\/person\\\/d79d2ba98cd3da7ae5877706050352da\"},\"description\":\"Die Umlage von Modernisierungskosten f\u00fchrt nicht selten zu Spannungen zwischen Vermietern und Mietern. Diese Infos schaffen Klarheit! Jetzt erfahren\",\"breadcrumb\":{\"@id\":\"https:\\\/\\\/www.vaillant.de\\\/21-grad\\\/partner-beitraege\\\/mieterhoehung-nach-modernisierung-was-gilt-2024\\\/#breadcrumb\"},\"inLanguage\":\"de\",\"potentialAction\":[{\"@type\":\"ReadAction\",\"target\":[\"https:\\\/\\\/www.vaillant.de\\\/21-grad\\\/partner-beitraege\\\/mieterhoehung-nach-modernisierung-was-gilt-2024\\\/\"]}]},{\"@type\":\"ImageObject\",\"inLanguage\":\"de\",\"@id\":\"https:\\\/\\\/www.vaillant.de\\\/21-grad\\\/partner-beitraege\\\/mieterhoehung-nach-modernisierung-was-gilt-2024\\\/#primaryimage\",\"url\":\"https:\\\/\\\/www.vaillant.de\\\/21-grad\\\/wp-content\\\/uploads\\\/2024\\\/01\\\/Mieterhoehung-nach-sanierung-1.jpg\",\"contentUrl\":\"https:\\\/\\\/www.vaillant.de\\\/21-grad\\\/wp-content\\\/uploads\\\/2024\\\/01\\\/Mieterhoehung-nach-sanierung-1.jpg\",\"width\":1386,\"height\":780,\"caption\":\"Dachdecker bei Messung\"},{\"@type\":\"BreadcrumbList\",\"@id\":\"https:\\\/\\\/www.vaillant.de\\\/21-grad\\\/partner-beitraege\\\/mieterhoehung-nach-modernisierung-was-gilt-2024\\\/#breadcrumb\",\"itemListElement\":[{\"@type\":\"ListItem\",\"position\":1,\"name\":\"Startseite\",\"item\":\"https:\\\/\\\/www.vaillant.de\\\/21-grad\\\/\"},{\"@type\":\"ListItem\",\"position\":2,\"name\":\"Mieterh\u00f6hung nach Modernisierung: Was gilt 2024?\"}]},{\"@type\":\"WebSite\",\"@id\":\"https:\\\/\\\/www.vaillant.de\\\/21-grad\\\/#website\",\"url\":\"https:\\\/\\\/www.vaillant.de\\\/21-grad\\\/\",\"name\":\"21 grad\",\"description\":\"Der Blog f\u00fcr Menschen, die weiterdenken\",\"potentialAction\":[{\"@type\":\"SearchAction\",\"target\":{\"@type\":\"EntryPoint\",\"urlTemplate\":\"https:\\\/\\\/www.vaillant.de\\\/21-grad\\\/?s={search_term_string}\"},\"query-input\":{\"@type\":\"PropertyValueSpecification\",\"valueRequired\":true,\"valueName\":\"search_term_string\"}}],\"inLanguage\":\"de\"},{\"@type\":\"Person\",\"@id\":\"https:\\\/\\\/www.vaillant.de\\\/21-grad\\\/#\\\/schema\\\/person\\\/d79d2ba98cd3da7ae5877706050352da\",\"name\":\"Marcus\",\"image\":{\"@type\":\"ImageObject\",\"inLanguage\":\"de\",\"@id\":\"https:\\\/\\\/www.vaillant.de\\\/21-grad\\\/wp-content\\\/uploads\\\/2026\\\/01\\\/Marcus-125x125.jpg9d3430f1bc55d5a5d47a1162a14ae1af\",\"url\":\"https:\\\/\\\/www.vaillant.de\\\/21-grad\\\/wp-content\\\/uploads\\\/2026\\\/01\\\/Marcus-125x125.jpg\",\"contentUrl\":\"https:\\\/\\\/www.vaillant.de\\\/21-grad\\\/wp-content\\\/uploads\\\/2026\\\/01\\\/Marcus-125x125.jpg\",\"caption\":\"Marcus\"},\"description\":\"Willkommen in der wunderbaren Welt des 21grad Blogs. Als Medien- und Kooperationsmanager bin ich bei Vaillant Deutschland u.a. f\u00fcr unsere Fach- und Branchenkommunikation zust\u00e4ndig. Ich freue mich auf den Dialog mit Euch. :-) Nachhaltigkeit Bewusster Konsum und soziales Engagement liegen mir sehr am Herzen. Zuhause nutze ich \u00d6kostrom und Biogas, bei Lebensmitteln sind mir Labels wie Fair-Trade oder Bio sehr wichtig. Ich bin Sportwart beim Tennisclub Gr\u00fcn-Wei\u00df Lennep und engagiere mich auch f\u00fcr Aktion Mensch oder SOS-Kinderdorf. Interessen Unternehmungen mit Familie und Freunden, Tennis, Rock-Konzerte, Kino, B\u00fccher (z.B. Hornby, Eschbach, Uschmann) Was wolltest du als Kind gerne werden? Um es mit den \u00c4rzten zu sagen: Popstar, Bademeister oder Astronaut Was bringt dich auf die Palme? Menschen, die Schuld immer bei anderen suchen oder auch nat\u00fcrlich eine leckere Kokosnuss Was war der beste Rat, den du jemals erhalten hast? \u201eDenke in L\u00f6sungen, nicht in Problemen.\u201c\",\"url\":\"https:\\\/\\\/www.vaillant.de\\\/21-grad\\\/autor\\\/marcus\\\/\"}]}<\/script>\n<!-- \/ Yoast SEO plugin. -->","yoast_head_json":{"title":"Mieterh\u00f6hung nach Modernisierung: Was gilt 2024? | 21 grad","description":"Die Umlage von Modernisierungskosten f\u00fchrt nicht selten zu Spannungen zwischen Vermietern und Mietern. Diese Infos schaffen Klarheit! Jetzt erfahren","robots":{"index":"index","follow":"follow","max-snippet":"max-snippet:-1","max-image-preview":"max-image-preview:large","max-video-preview":"max-video-preview:-1"},"canonical":"https:\/\/www.vaillant.de\/21-grad\/partner-beitraege\/mieterhoehung-nach-modernisierung-was-gilt-2024\/","og_locale":"de_DE","og_type":"article","og_title":"Mieterh\u00f6hung nach Modernisierung: Was gilt 2024? | 21 grad","og_description":"Die Umlage von Modernisierungskosten f\u00fchrt nicht selten zu Spannungen zwischen Vermietern und Mietern. Diese Infos schaffen Klarheit! Jetzt erfahren","og_url":"https:\/\/www.vaillant.de\/21-grad\/partner-beitraege\/mieterhoehung-nach-modernisierung-was-gilt-2024\/","og_site_name":"21 grad","article_publisher":"https:\/\/www.facebook.com\/21grad\/","article_published_time":"2024-01-12T09:29:14+00:00","article_modified_time":"2024-01-12T09:29:38+00:00","og_image":[{"width":1386,"height":780,"url":"https:\/\/www.vaillant.de\/21-grad\/wp-content\/uploads\/2024\/01\/Mieterhoehung-nach-sanierung-1.jpg","type":"image\/jpeg"}],"author":"Marcus","twitter_card":"summary_large_image","twitter_creator":"@vaillant_de","twitter_site":"@vaillant_de","twitter_misc":{"Verfasst von":"Marcus","Gesch\u00e4tzte Lesezeit":"5\u00a0Minuten","Written by":"Marcus"},"schema":{"@context":"https:\/\/schema.org","@graph":[{"@type":"Article","@id":"https:\/\/www.vaillant.de\/21-grad\/partner-beitraege\/mieterhoehung-nach-modernisierung-was-gilt-2024\/#article","isPartOf":{"@id":"https:\/\/www.vaillant.de\/21-grad\/partner-beitraege\/mieterhoehung-nach-modernisierung-was-gilt-2024\/"},"author":{"name":"Marcus","@id":"https:\/\/www.vaillant.de\/21-grad\/#\/schema\/person\/d79d2ba98cd3da7ae5877706050352da"},"headline":"Mieterh\u00f6hung nach Modernisierung: Was gilt 2024?","datePublished":"2024-01-12T09:29:14+00:00","dateModified":"2024-01-12T09:29:38+00:00","mainEntityOfPage":{"@id":"https:\/\/www.vaillant.de\/21-grad\/partner-beitraege\/mieterhoehung-nach-modernisierung-was-gilt-2024\/"},"wordCount":715,"commentCount":3,"image":{"@id":"https:\/\/www.vaillant.de\/21-grad\/partner-beitraege\/mieterhoehung-nach-modernisierung-was-gilt-2024\/#primaryimage"},"thumbnailUrl":"https:\/\/www.vaillant.de\/21-grad\/wp-content\/uploads\/2024\/01\/Mieterhoehung-nach-sanierung-1.jpg","keywords":["Bauen und Wohnen","Marktinfos"],"articleSection":["Wissen &amp; Wert","X-Partner-Beitr\u00e4ge"],"inLanguage":"de","potentialAction":[{"@type":"CommentAction","name":"Comment","target":["https:\/\/www.vaillant.de\/21-grad\/partner-beitraege\/mieterhoehung-nach-modernisierung-was-gilt-2024\/#respond"]}]},{"@type":"WebPage","@id":"https:\/\/www.vaillant.de\/21-grad\/partner-beitraege\/mieterhoehung-nach-modernisierung-was-gilt-2024\/","url":"https:\/\/www.vaillant.de\/21-grad\/partner-beitraege\/mieterhoehung-nach-modernisierung-was-gilt-2024\/","name":"Mieterh\u00f6hung nach Modernisierung: Was gilt 2024? | 21 grad","isPartOf":{"@id":"https:\/\/www.vaillant.de\/21-grad\/#website"},"primaryImageOfPage":{"@id":"https:\/\/www.vaillant.de\/21-grad\/partner-beitraege\/mieterhoehung-nach-modernisierung-was-gilt-2024\/#primaryimage"},"image":{"@id":"https:\/\/www.vaillant.de\/21-grad\/partner-beitraege\/mieterhoehung-nach-modernisierung-was-gilt-2024\/#primaryimage"},"thumbnailUrl":"https:\/\/www.vaillant.de\/21-grad\/wp-content\/uploads\/2024\/01\/Mieterhoehung-nach-sanierung-1.jpg","datePublished":"2024-01-12T09:29:14+00:00","dateModified":"2024-01-12T09:29:38+00:00","author":{"@id":"https:\/\/www.vaillant.de\/21-grad\/#\/schema\/person\/d79d2ba98cd3da7ae5877706050352da"},"description":"Die Umlage von Modernisierungskosten f\u00fchrt nicht selten zu Spannungen zwischen Vermietern und Mietern. Diese Infos schaffen Klarheit! Jetzt erfahren","breadcrumb":{"@id":"https:\/\/www.vaillant.de\/21-grad\/partner-beitraege\/mieterhoehung-nach-modernisierung-was-gilt-2024\/#breadcrumb"},"inLanguage":"de","potentialAction":[{"@type":"ReadAction","target":["https:\/\/www.vaillant.de\/21-grad\/partner-beitraege\/mieterhoehung-nach-modernisierung-was-gilt-2024\/"]}]},{"@type":"ImageObject","inLanguage":"de","@id":"https:\/\/www.vaillant.de\/21-grad\/partner-beitraege\/mieterhoehung-nach-modernisierung-was-gilt-2024\/#primaryimage","url":"https:\/\/www.vaillant.de\/21-grad\/wp-content\/uploads\/2024\/01\/Mieterhoehung-nach-sanierung-1.jpg","contentUrl":"https:\/\/www.vaillant.de\/21-grad\/wp-content\/uploads\/2024\/01\/Mieterhoehung-nach-sanierung-1.jpg","width":1386,"height":780,"caption":"Dachdecker bei Messung"},{"@type":"BreadcrumbList","@id":"https:\/\/www.vaillant.de\/21-grad\/partner-beitraege\/mieterhoehung-nach-modernisierung-was-gilt-2024\/#breadcrumb","itemListElement":[{"@type":"ListItem","position":1,"name":"Startseite","item":"https:\/\/www.vaillant.de\/21-grad\/"},{"@type":"ListItem","position":2,"name":"Mieterh\u00f6hung nach Modernisierung: Was gilt 2024?"}]},{"@type":"WebSite","@id":"https:\/\/www.vaillant.de\/21-grad\/#website","url":"https:\/\/www.vaillant.de\/21-grad\/","name":"21 grad","description":"Der Blog f\u00fcr Menschen, die weiterdenken","potentialAction":[{"@type":"SearchAction","target":{"@type":"EntryPoint","urlTemplate":"https:\/\/www.vaillant.de\/21-grad\/?s={search_term_string}"},"query-input":{"@type":"PropertyValueSpecification","valueRequired":true,"valueName":"search_term_string"}}],"inLanguage":"de"},{"@type":"Person","@id":"https:\/\/www.vaillant.de\/21-grad\/#\/schema\/person\/d79d2ba98cd3da7ae5877706050352da","name":"Marcus","image":{"@type":"ImageObject","inLanguage":"de","@id":"https:\/\/www.vaillant.de\/21-grad\/wp-content\/uploads\/2026\/01\/Marcus-125x125.jpg9d3430f1bc55d5a5d47a1162a14ae1af","url":"https:\/\/www.vaillant.de\/21-grad\/wp-content\/uploads\/2026\/01\/Marcus-125x125.jpg","contentUrl":"https:\/\/www.vaillant.de\/21-grad\/wp-content\/uploads\/2026\/01\/Marcus-125x125.jpg","caption":"Marcus"},"description":"Willkommen in der wunderbaren Welt des 21grad Blogs. Als Medien- und Kooperationsmanager bin ich bei Vaillant Deutschland u.a. f\u00fcr unsere Fach- und Branchenkommunikation zust\u00e4ndig. Ich freue mich auf den Dialog mit Euch. :-) Nachhaltigkeit Bewusster Konsum und soziales Engagement liegen mir sehr am Herzen. Zuhause nutze ich \u00d6kostrom und Biogas, bei Lebensmitteln sind mir Labels wie Fair-Trade oder Bio sehr wichtig. Ich bin Sportwart beim Tennisclub Gr\u00fcn-Wei\u00df Lennep und engagiere mich auch f\u00fcr Aktion Mensch oder SOS-Kinderdorf. Interessen Unternehmungen mit Familie und Freunden, Tennis, Rock-Konzerte, Kino, B\u00fccher (z.B. Hornby, Eschbach, Uschmann) Was wolltest du als Kind gerne werden? Um es mit den \u00c4rzten zu sagen: Popstar, Bademeister oder Astronaut Was bringt dich auf die Palme? Menschen, die Schuld immer bei anderen suchen oder auch nat\u00fcrlich eine leckere Kokosnuss Was war der beste Rat, den du jemals erhalten hast? \u201eDenke in L\u00f6sungen, nicht in Problemen.\u201c","url":"https:\/\/www.vaillant.de\/21-grad\/autor\/marcus\/"}]}},"_links":{"self":[{"href":"https:\/\/www.vaillant.de\/21-grad\/wp-json\/wp\/v2\/posts\/8012","targetHints":{"allow":["GET"]}}],"collection":[{"href":"https:\/\/www.vaillant.de\/21-grad\/wp-json\/wp\/v2\/posts"}],"about":[{"href":"https:\/\/www.vaillant.de\/21-grad\/wp-json\/wp\/v2\/types\/post"}],"author":[{"embeddable":true,"href":"https:\/\/www.vaillant.de\/21-grad\/wp-json\/wp\/v2\/users\/6"}],"replies":[{"embeddable":true,"href":"https:\/\/www.vaillant.de\/21-grad\/wp-json\/wp\/v2\/comments?post=8012"}],"version-history":[{"count":8,"href":"https:\/\/www.vaillant.de\/21-grad\/wp-json\/wp\/v2\/posts\/8012\/revisions"}],"predecessor-version":[{"id":8025,"href":"https:\/\/www.vaillant.de\/21-grad\/wp-json\/wp\/v2\/posts\/8012\/revisions\/8025"}],"wp:featuredmedia":[{"embeddable":true,"href":"https:\/\/www.vaillant.de\/21-grad\/wp-json\/wp\/v2\/media\/8013"}],"wp:attachment":[{"href":"https:\/\/www.vaillant.de\/21-grad\/wp-json\/wp\/v2\/media?parent=8012"}],"wp:term":[{"taxonomy":"category","embeddable":true,"href":"https:\/\/www.vaillant.de\/21-grad\/wp-json\/wp\/v2\/categories?post=8012"},{"taxonomy":"post_tag","embeddable":true,"href":"https:\/\/www.vaillant.de\/21-grad\/wp-json\/wp\/v2\/tags?post=8012"},{"taxonomy":"author","embeddable":true,"href":"https:\/\/www.vaillant.de\/21-grad\/wp-json\/wp\/v2\/coauthors?post=8012"}],"curies":[{"name":"wp","href":"https:\/\/api.w.org\/{rel}","templated":true}]}}