{"id":8118,"date":"2024-04-11T15:35:57","date_gmt":"2024-04-11T13:35:57","guid":{"rendered":"https:\/\/www.vaillant.de\/21-grad\/?p=8118"},"modified":"2024-07-31T14:41:38","modified_gmt":"2024-07-31T12:41:38","slug":"neue-studienergebnisse-die-meisten-deutschen-unterschaetzen-foerdermoeglichkeiten-fuer-eine-neue-waermepumpe","status":"publish","type":"post","link":"https:\/\/www.vaillant.de\/21-grad\/wissen-und-wert\/neue-studienergebnisse-die-meisten-deutschen-unterschaetzen-foerdermoeglichkeiten-fuer-eine-neue-waermepumpe\/","title":{"rendered":"F\u00f6rderm\u00f6glichkeiten f\u00fcr W\u00e4rmepumpe werden untersch\u00e4tzt"},"content":{"rendered":"<h2>Zu wenig Wissen \u00fcber F\u00f6rderm\u00f6glichkeiten<\/h2>\n<p>Viele Immobilienbesitzer scheuen den Umstieg auf klimafreundliche Heiztechnik, obwohl sich bis zu 70 Prozent der Wohngeb\u00e4ude in Deutschland sich ohne gr\u00f6\u00dfere Umbauma\u00dfnahmen f\u00fcr den Einbau einer W\u00e4rmepumpe eignen. Der Grund: Zahlreiche Eigent\u00fcmer kennen weder die staatlichen F\u00f6rderm\u00f6glichkeiten noch die Vorgaben des seit 1. Januar 2024 geltenden Geb\u00e4udeenergiegesetzes (GEG) und wissen damit zu wenig, \u00fcber die attraktiven finanziellen Anreize beim Heizungstausch. Zu diesem Ergebnis kommt eine repr\u00e4sentative Befragung des Marktforschungsinstituts Civey im Auftrag von Vaillant, an der \u00fcber 5.000 deutsche Immobilienbesitzer teilgenommen haben.<\/p>\n<h2>Milliarden f\u00fcr die Heizungserneuerung<\/h2>\n<p><a href=\"https:\/\/www.vaillant.de\/21-grad\/wp-content\/uploads\/2024\/04\/240325_Vaillant_factsheet_Civey_Grafik_1.jpg\"><img loading=\"lazy\" decoding=\"async\" class=\"alignright wp-image-8130 size-medium\" src=\"https:\/\/www.vaillant.de\/21-grad\/wp-content\/uploads\/2024\/04\/240325_Vaillant_factsheet_Civey_Grafik_1-398x232.jpg\" alt=\"\" width=\"398\" height=\"232\" srcset=\"https:\/\/www.vaillant.de\/21-grad\/wp-content\/uploads\/2024\/04\/240325_Vaillant_factsheet_Civey_Grafik_1-398x232.jpg 398w, https:\/\/www.vaillant.de\/21-grad\/wp-content\/uploads\/2024\/04\/240325_Vaillant_factsheet_Civey_Grafik_1-822x480.jpg 822w, https:\/\/www.vaillant.de\/21-grad\/wp-content\/uploads\/2024\/04\/240325_Vaillant_factsheet_Civey_Grafik_1-768x448.jpg 768w, https:\/\/www.vaillant.de\/21-grad\/wp-content\/uploads\/2024\/04\/240325_Vaillant_factsheet_Civey_Grafik_1.jpg 1417w\" sizes=\"auto, (max-width: 398px) 100vw, 398px\" \/><\/a>Dabei sind die aktuellen F\u00f6rderm\u00f6glichkeiten in Deutschland sehr attraktiv. Insgesamt 16,7 Milliarden Euro stellt der Bund im Jahr 2024 zur F\u00f6rderung der energetischen Geb\u00e4udesanierung zur Verf\u00fcgung, um Hausbesitzern den Umstieg auf Heizsysteme auf Basis von erneuerbaren Energien zu erleichtern.<br \/>\nMehr als jedem dritten Befragten (37,4 Prozent) ist nicht bekannt, dass der Einbau einer W\u00e4rmepumpe \u00fcberhaupt staatlich gef\u00f6rdert wird.<\/p>\n<p><a href=\"https:\/\/www.vaillant.de\/21-grad\/wp-content\/uploads\/2024\/04\/240325_Vaillant_factsheet_Civey_Grafik_3.jpg\"><img loading=\"lazy\" decoding=\"async\" class=\"wp-image-8131 size-medium alignleft\" src=\"https:\/\/www.vaillant.de\/21-grad\/wp-content\/uploads\/2024\/04\/240325_Vaillant_factsheet_Civey_Grafik_3-398x232.jpg\" alt=\"\" width=\"398\" height=\"232\" srcset=\"https:\/\/www.vaillant.de\/21-grad\/wp-content\/uploads\/2024\/04\/240325_Vaillant_factsheet_Civey_Grafik_3-398x232.jpg 398w, https:\/\/www.vaillant.de\/21-grad\/wp-content\/uploads\/2024\/04\/240325_Vaillant_factsheet_Civey_Grafik_3-822x480.jpg 822w, https:\/\/www.vaillant.de\/21-grad\/wp-content\/uploads\/2024\/04\/240325_Vaillant_factsheet_Civey_Grafik_3-768x448.jpg 768w, https:\/\/www.vaillant.de\/21-grad\/wp-content\/uploads\/2024\/04\/240325_Vaillant_factsheet_Civey_Grafik_3.jpg 1417w\" sizes=\"auto, (max-width: 398px) 100vw, 398px\" \/><\/a>Noch gr\u00f6\u00dfere Informationsl\u00fccken existieren bez\u00fcglich des Umfangs des F\u00f6rdergelds: Knapp 9 von 10 Immobilienbesitzern (86 Prozent) ist nicht bewusst, dass der Staat bis zu 70 Prozent der f\u00f6rderf\u00e4higen Investitionskosten beim Einbau einer W\u00e4rmepumpe im Bestand \u00fcbernimmt. Der maximale F\u00f6rdersatz setzt sich aus einer Grundf\u00f6rderung und verschiedenen Boni zusammen. Insgesamt sind bis zu 21.000 Euro F\u00f6rderung f\u00fcr eine klimafreundliche Heizungsanlage m\u00f6glich.<\/p>\n<p><a href=\"https:\/\/www.vaillant.de\/21-grad\/wp-content\/uploads\/2024\/04\/240325_Vaillant_factsheet_Civey_Grafik_9.jpg\"><img loading=\"lazy\" decoding=\"async\" class=\"size-medium wp-image-8129 alignright\" src=\"https:\/\/www.vaillant.de\/21-grad\/wp-content\/uploads\/2024\/04\/240325_Vaillant_factsheet_Civey_Grafik_9-398x232.jpg\" alt=\"\" width=\"398\" height=\"232\" srcset=\"https:\/\/www.vaillant.de\/21-grad\/wp-content\/uploads\/2024\/04\/240325_Vaillant_factsheet_Civey_Grafik_9-398x232.jpg 398w, https:\/\/www.vaillant.de\/21-grad\/wp-content\/uploads\/2024\/04\/240325_Vaillant_factsheet_Civey_Grafik_9-822x480.jpg 822w, https:\/\/www.vaillant.de\/21-grad\/wp-content\/uploads\/2024\/04\/240325_Vaillant_factsheet_Civey_Grafik_9-768x448.jpg 768w, https:\/\/www.vaillant.de\/21-grad\/wp-content\/uploads\/2024\/04\/240325_Vaillant_factsheet_Civey_Grafik_9.jpg 1417w\" sizes=\"auto, (max-width: 398px) 100vw, 398px\" \/><\/a>Fast die H\u00e4lfte der Befragten (49,5 Prozent) gibt an, nicht zu wissen, welche Heizsysteme sie nach dem Geb\u00e4udeenergiegesetz k\u00fcnftig in ihre Immobilie einbauen d\u00fcrfen.<\/p>\n<div style=\"clear: both;\"><\/div>\n<h2>Warten auf kommunale W\u00e4rmeplanung: Immobilienbesitzer riskieren maximale F\u00f6rderung<\/h2>\n<p><a href=\"https:\/\/www.vaillant.de\/21-grad\/wp-content\/uploads\/2024\/04\/240325_Vaillant_factsheet_Civey_Grafik_5.jpg\"><img loading=\"lazy\" decoding=\"async\" class=\"alignleft size-medium wp-image-8132\" src=\"https:\/\/www.vaillant.de\/21-grad\/wp-content\/uploads\/2024\/04\/240325_Vaillant_factsheet_Civey_Grafik_5-398x232.jpg\" alt=\"\" width=\"398\" height=\"232\" srcset=\"https:\/\/www.vaillant.de\/21-grad\/wp-content\/uploads\/2024\/04\/240325_Vaillant_factsheet_Civey_Grafik_5-398x232.jpg 398w, https:\/\/www.vaillant.de\/21-grad\/wp-content\/uploads\/2024\/04\/240325_Vaillant_factsheet_Civey_Grafik_5-822x480.jpg 822w, https:\/\/www.vaillant.de\/21-grad\/wp-content\/uploads\/2024\/04\/240325_Vaillant_factsheet_Civey_Grafik_5-768x448.jpg 768w, https:\/\/www.vaillant.de\/21-grad\/wp-content\/uploads\/2024\/04\/240325_Vaillant_factsheet_Civey_Grafik_5.jpg 1417w\" sizes=\"auto, (max-width: 398px) 100vw, 398px\" \/><\/a>Dar\u00fcber hinaus untersch\u00e4tzt die gro\u00dfe Mehrheit der Immobilienbesitzer den breiten Einsatzbereich von W\u00e4rmepumpen: Nur 15,8 Prozent der Befragten sch\u00e4tzen richtig ein, dass ein effizienter Betrieb von W\u00e4rmepumpen schon heute in rund 70 Prozent der Wohngeb\u00e4ude ohne gr\u00f6\u00dfere Umbauma\u00dfnahmen m\u00f6glich ist.<\/p>\n<div style=\"clear: both;\"><\/div>\n<p><a href=\"https:\/\/www.vaillant.de\/21-grad\/wp-content\/uploads\/2024\/04\/240325_Vaillant_factsheet_Civey_Grafik_7.jpg\"><img loading=\"lazy\" decoding=\"async\" class=\"wp-image-8133 size-medium alignright\" src=\"https:\/\/www.vaillant.de\/21-grad\/wp-content\/uploads\/2024\/04\/240325_Vaillant_factsheet_Civey_Grafik_7-398x232.jpg\" alt=\"\" width=\"398\" height=\"232\" srcset=\"https:\/\/www.vaillant.de\/21-grad\/wp-content\/uploads\/2024\/04\/240325_Vaillant_factsheet_Civey_Grafik_7-398x232.jpg 398w, https:\/\/www.vaillant.de\/21-grad\/wp-content\/uploads\/2024\/04\/240325_Vaillant_factsheet_Civey_Grafik_7-822x480.jpg 822w, https:\/\/www.vaillant.de\/21-grad\/wp-content\/uploads\/2024\/04\/240325_Vaillant_factsheet_Civey_Grafik_7-768x448.jpg 768w, https:\/\/www.vaillant.de\/21-grad\/wp-content\/uploads\/2024\/04\/240325_Vaillant_factsheet_Civey_Grafik_7.jpg 1417w\" sizes=\"auto, (max-width: 398px) 100vw, 398px\" \/><\/a>Rund zwei Drittel der Befragten (64,3 Prozent) wollen mit dem Heizungstausch warten, bis die Kommunen ihre W\u00e4rmeplanungen abgeschlossen haben. 9,6 Prozent sind noch unentschlossen. Dabei laufen Immobilienbesitzer, die den Heizungstausch zu lange aufschieben, Gefahr, sich einen Teil des Klimageschwindigkeitsbonus entgehen zu lassen. Dieser kann nur noch bis 2028 umfassend genutzt werden und reduziert sich danach schrittweise.<\/p>\n<h2>Zur Methodik<\/h2>\n<p>Das Meinungsforschungsinstitut Civey hat im Auftrag von Vaillant zwischen dem 30. Januar und 22. Februar 2024 rund 5.000 deutsche Immobilienbesitzer zu den neuen Regelungen des Geb\u00e4udeenergiegesetzes und der Bundesf\u00f6rderung online befragt. Die Einzelfrage \u201eWissen Sie, welche Heiztechnologien Sie nach den gesetzlichen Vorgaben des Geb\u00e4udeenergiegesetzes in Zukunft in Ihre Immobilie(n) einbauen d\u00fcrfen?\u201c wurde \u00fcber 1.000 Befragten gestellt. Alle Daten wurden im Civey-eigenen Panel mit verifizierten Teilnehmern erhoben. Die Ergebnisse sind repr\u00e4sentativ f\u00fcr die Zielgruppe, die statistische Fehlerquote liegt zwischen 2,5 und 4,6 Prozent. Weitere Informationen zur Civey-Methodik: <a href=\"https:\/\/civey.com\/ueber-civey\/unsere-methode\" target=\"_blank\" rel=\"noopener\">https:\/\/civey.com\/ueber-civey\/unsere-methode<\/a> .<\/p>\n","protected":false},"excerpt":{"rendered":"<p>Beim Einbau einer neuen Heizung auf Basis erneuerbarer Energien sind W\u00e4rmepumpen nahezu alternativlos. Zugleich schrecken zahlreiche Hauseigent\u00fcmer nicht zuletzt aus Kostengr\u00fcnden vor einer W\u00e4rmepumpe zur\u00fcck. Eine repr\u00e4sentative Umfrage zeigt, dass die meisten Deutschen nicht hinreichend \u00fcber die F\u00f6rderm\u00f6glichkeiten beim Einbau einer umweltfreundlichen W\u00e4rmepumpe Bescheid wissen und deshalb den Heizungstausch f\u00fcr teurer halten als er tats\u00e4chlich ist.<\/p>\n","protected":false},"author":6,"featured_media":8146,"comment_status":"open","ping_status":"open","sticky":false,"template":"","format":"standard","meta":{"footnotes":""},"categories":[3,183],"tags":[172,208,174],"coauthors":[70],"class_list":["post-8118","post","type-post","status-publish","format-standard","has-post-thumbnail","hentry","category-wissen-und-wert","category-partner-beitraege","tag-bauen-und-wohnen","tag-heizen","tag-marktinfos"],"yoast_head":"<!-- This site is optimized with the Yoast SEO plugin v27.4 - https:\/\/yoast.com\/product\/yoast-seo-wordpress\/ -->\n<title>Studienergebnisse: F\u00f6rderm\u00f6glichkeiten W\u00e4rmepumpe | 21 grad<\/title>\n<meta name=\"description\" content=\"Eine Studie zeigt, dass die meisten Deutschen nicht hinreichend \u00fcber die F\u00f6rderm\u00f6glichkeiten beim Einbau einer W\u00e4rmepumpe Bescheid wissen.\" \/>\n<meta name=\"robots\" content=\"index, follow, max-snippet:-1, max-image-preview:large, max-video-preview:-1\" \/>\n<link rel=\"canonical\" href=\"https:\/\/www.vaillant.de\/21-grad\/wissen-und-wert\/neue-studienergebnisse-die-meisten-deutschen-unterschaetzen-foerdermoeglichkeiten-fuer-eine-neue-waermepumpe\/\" \/>\n<meta property=\"og:locale\" content=\"de_DE\" \/>\n<meta property=\"og:type\" content=\"article\" \/>\n<meta property=\"og:title\" content=\"Studienergebnisse: F\u00f6rderm\u00f6glichkeiten W\u00e4rmepumpe | 21 grad\" \/>\n<meta property=\"og:description\" content=\"Eine Studie zeigt, dass die meisten Deutschen nicht hinreichend \u00fcber die F\u00f6rderm\u00f6glichkeiten beim Einbau einer W\u00e4rmepumpe Bescheid wissen.\" \/>\n<meta property=\"og:url\" content=\"https:\/\/www.vaillant.de\/21-grad\/wissen-und-wert\/neue-studienergebnisse-die-meisten-deutschen-unterschaetzen-foerdermoeglichkeiten-fuer-eine-neue-waermepumpe\/\" \/>\n<meta property=\"og:site_name\" content=\"21 grad\" \/>\n<meta property=\"article:publisher\" content=\"https:\/\/www.facebook.com\/21grad\/\" \/>\n<meta property=\"article:published_time\" content=\"2024-04-11T13:35:57+00:00\" \/>\n<meta property=\"article:modified_time\" content=\"2024-07-31T12:41:38+00:00\" \/>\n<meta property=\"og:image\" content=\"https:\/\/www.vaillant.de\/21-grad\/wp-content\/uploads\/2024\/04\/HP23-313326_01-940x480-2.jpg\" \/>\n\t<meta property=\"og:image:width\" content=\"940\" \/>\n\t<meta property=\"og:image:height\" content=\"480\" \/>\n\t<meta property=\"og:image:type\" content=\"image\/jpeg\" \/>\n<meta name=\"author\" content=\"Marcus\" \/>\n<meta name=\"twitter:card\" content=\"summary_large_image\" \/>\n<meta name=\"twitter:creator\" content=\"@vaillant_de\" \/>\n<meta name=\"twitter:site\" content=\"@vaillant_de\" \/>\n<meta name=\"twitter:label1\" content=\"Verfasst von\" \/>\n\t<meta name=\"twitter:data1\" content=\"Marcus\" \/>\n\t<meta name=\"twitter:label2\" content=\"Gesch\u00e4tzte Lesezeit\" \/>\n\t<meta name=\"twitter:data2\" content=\"4\u00a0Minuten\" \/>\n\t<meta name=\"twitter:label3\" content=\"Written by\" \/>\n\t<meta name=\"twitter:data3\" content=\"Marcus\" \/>\n<script type=\"application\/ld+json\" class=\"yoast-schema-graph\">{\"@context\":\"https:\\\/\\\/schema.org\",\"@graph\":[{\"@type\":\"Article\",\"@id\":\"https:\\\/\\\/www.vaillant.de\\\/21-grad\\\/wissen-und-wert\\\/neue-studienergebnisse-die-meisten-deutschen-unterschaetzen-foerdermoeglichkeiten-fuer-eine-neue-waermepumpe\\\/#article\",\"isPartOf\":{\"@id\":\"https:\\\/\\\/www.vaillant.de\\\/21-grad\\\/wissen-und-wert\\\/neue-studienergebnisse-die-meisten-deutschen-unterschaetzen-foerdermoeglichkeiten-fuer-eine-neue-waermepumpe\\\/\"},\"author\":{\"name\":\"Marcus\",\"@id\":\"https:\\\/\\\/www.vaillant.de\\\/21-grad\\\/#\\\/schema\\\/person\\\/d79d2ba98cd3da7ae5877706050352da\"},\"headline\":\"F\u00f6rderm\u00f6glichkeiten f\u00fcr W\u00e4rmepumpe werden untersch\u00e4tzt\",\"datePublished\":\"2024-04-11T13:35:57+00:00\",\"dateModified\":\"2024-07-31T12:41:38+00:00\",\"mainEntityOfPage\":{\"@id\":\"https:\\\/\\\/www.vaillant.de\\\/21-grad\\\/wissen-und-wert\\\/neue-studienergebnisse-die-meisten-deutschen-unterschaetzen-foerdermoeglichkeiten-fuer-eine-neue-waermepumpe\\\/\"},\"wordCount\":471,\"commentCount\":0,\"image\":{\"@id\":\"https:\\\/\\\/www.vaillant.de\\\/21-grad\\\/wissen-und-wert\\\/neue-studienergebnisse-die-meisten-deutschen-unterschaetzen-foerdermoeglichkeiten-fuer-eine-neue-waermepumpe\\\/#primaryimage\"},\"thumbnailUrl\":\"https:\\\/\\\/www.vaillant.de\\\/21-grad\\\/wp-content\\\/uploads\\\/2024\\\/04\\\/HP23-313326_01-940x480-2.jpg\",\"keywords\":[\"Bauen und Wohnen\",\"Heizen\",\"Marktinfos\"],\"articleSection\":[\"Wissen &amp; Wert\",\"X-Partner-Beitr\u00e4ge\"],\"inLanguage\":\"de\",\"potentialAction\":[{\"@type\":\"CommentAction\",\"name\":\"Comment\",\"target\":[\"https:\\\/\\\/www.vaillant.de\\\/21-grad\\\/wissen-und-wert\\\/neue-studienergebnisse-die-meisten-deutschen-unterschaetzen-foerdermoeglichkeiten-fuer-eine-neue-waermepumpe\\\/#respond\"]}]},{\"@type\":\"WebPage\",\"@id\":\"https:\\\/\\\/www.vaillant.de\\\/21-grad\\\/wissen-und-wert\\\/neue-studienergebnisse-die-meisten-deutschen-unterschaetzen-foerdermoeglichkeiten-fuer-eine-neue-waermepumpe\\\/\",\"url\":\"https:\\\/\\\/www.vaillant.de\\\/21-grad\\\/wissen-und-wert\\\/neue-studienergebnisse-die-meisten-deutschen-unterschaetzen-foerdermoeglichkeiten-fuer-eine-neue-waermepumpe\\\/\",\"name\":\"Studienergebnisse: F\u00f6rderm\u00f6glichkeiten W\u00e4rmepumpe | 21 grad\",\"isPartOf\":{\"@id\":\"https:\\\/\\\/www.vaillant.de\\\/21-grad\\\/#website\"},\"primaryImageOfPage\":{\"@id\":\"https:\\\/\\\/www.vaillant.de\\\/21-grad\\\/wissen-und-wert\\\/neue-studienergebnisse-die-meisten-deutschen-unterschaetzen-foerdermoeglichkeiten-fuer-eine-neue-waermepumpe\\\/#primaryimage\"},\"image\":{\"@id\":\"https:\\\/\\\/www.vaillant.de\\\/21-grad\\\/wissen-und-wert\\\/neue-studienergebnisse-die-meisten-deutschen-unterschaetzen-foerdermoeglichkeiten-fuer-eine-neue-waermepumpe\\\/#primaryimage\"},\"thumbnailUrl\":\"https:\\\/\\\/www.vaillant.de\\\/21-grad\\\/wp-content\\\/uploads\\\/2024\\\/04\\\/HP23-313326_01-940x480-2.jpg\",\"datePublished\":\"2024-04-11T13:35:57+00:00\",\"dateModified\":\"2024-07-31T12:41:38+00:00\",\"author\":{\"@id\":\"https:\\\/\\\/www.vaillant.de\\\/21-grad\\\/#\\\/schema\\\/person\\\/d79d2ba98cd3da7ae5877706050352da\"},\"description\":\"Eine Studie zeigt, dass die meisten Deutschen nicht hinreichend \u00fcber die F\u00f6rderm\u00f6glichkeiten beim Einbau einer W\u00e4rmepumpe Bescheid wissen.\",\"breadcrumb\":{\"@id\":\"https:\\\/\\\/www.vaillant.de\\\/21-grad\\\/wissen-und-wert\\\/neue-studienergebnisse-die-meisten-deutschen-unterschaetzen-foerdermoeglichkeiten-fuer-eine-neue-waermepumpe\\\/#breadcrumb\"},\"inLanguage\":\"de\",\"potentialAction\":[{\"@type\":\"ReadAction\",\"target\":[\"https:\\\/\\\/www.vaillant.de\\\/21-grad\\\/wissen-und-wert\\\/neue-studienergebnisse-die-meisten-deutschen-unterschaetzen-foerdermoeglichkeiten-fuer-eine-neue-waermepumpe\\\/\"]}]},{\"@type\":\"ImageObject\",\"inLanguage\":\"de\",\"@id\":\"https:\\\/\\\/www.vaillant.de\\\/21-grad\\\/wissen-und-wert\\\/neue-studienergebnisse-die-meisten-deutschen-unterschaetzen-foerdermoeglichkeiten-fuer-eine-neue-waermepumpe\\\/#primaryimage\",\"url\":\"https:\\\/\\\/www.vaillant.de\\\/21-grad\\\/wp-content\\\/uploads\\\/2024\\\/04\\\/HP23-313326_01-940x480-2.jpg\",\"contentUrl\":\"https:\\\/\\\/www.vaillant.de\\\/21-grad\\\/wp-content\\\/uploads\\\/2024\\\/04\\\/HP23-313326_01-940x480-2.jpg\",\"width\":940,\"height\":480,\"caption\":\"Zwei Frauen diskutieren am Tisch\"},{\"@type\":\"BreadcrumbList\",\"@id\":\"https:\\\/\\\/www.vaillant.de\\\/21-grad\\\/wissen-und-wert\\\/neue-studienergebnisse-die-meisten-deutschen-unterschaetzen-foerdermoeglichkeiten-fuer-eine-neue-waermepumpe\\\/#breadcrumb\",\"itemListElement\":[{\"@type\":\"ListItem\",\"position\":1,\"name\":\"Startseite\",\"item\":\"https:\\\/\\\/www.vaillant.de\\\/21-grad\\\/\"},{\"@type\":\"ListItem\",\"position\":2,\"name\":\"F\u00f6rderm\u00f6glichkeiten f\u00fcr W\u00e4rmepumpe werden untersch\u00e4tzt\"}]},{\"@type\":\"WebSite\",\"@id\":\"https:\\\/\\\/www.vaillant.de\\\/21-grad\\\/#website\",\"url\":\"https:\\\/\\\/www.vaillant.de\\\/21-grad\\\/\",\"name\":\"21 grad\",\"description\":\"Der Blog f\u00fcr Menschen, die weiterdenken\",\"potentialAction\":[{\"@type\":\"SearchAction\",\"target\":{\"@type\":\"EntryPoint\",\"urlTemplate\":\"https:\\\/\\\/www.vaillant.de\\\/21-grad\\\/?s={search_term_string}\"},\"query-input\":{\"@type\":\"PropertyValueSpecification\",\"valueRequired\":true,\"valueName\":\"search_term_string\"}}],\"inLanguage\":\"de\"},{\"@type\":\"Person\",\"@id\":\"https:\\\/\\\/www.vaillant.de\\\/21-grad\\\/#\\\/schema\\\/person\\\/d79d2ba98cd3da7ae5877706050352da\",\"name\":\"Marcus\",\"image\":{\"@type\":\"ImageObject\",\"inLanguage\":\"de\",\"@id\":\"https:\\\/\\\/www.vaillant.de\\\/21-grad\\\/wp-content\\\/uploads\\\/2026\\\/01\\\/Marcus-125x125.jpg9d3430f1bc55d5a5d47a1162a14ae1af\",\"url\":\"https:\\\/\\\/www.vaillant.de\\\/21-grad\\\/wp-content\\\/uploads\\\/2026\\\/01\\\/Marcus-125x125.jpg\",\"contentUrl\":\"https:\\\/\\\/www.vaillant.de\\\/21-grad\\\/wp-content\\\/uploads\\\/2026\\\/01\\\/Marcus-125x125.jpg\",\"caption\":\"Marcus\"},\"description\":\"Willkommen in der wunderbaren Welt des 21grad Blogs. Als Medien- und Kooperationsmanager bin ich bei Vaillant Deutschland u.a. f\u00fcr unsere Fach- und Branchenkommunikation zust\u00e4ndig. Ich freue mich auf den Dialog mit Euch. :-) Nachhaltigkeit Bewusster Konsum und soziales Engagement liegen mir sehr am Herzen. Zuhause nutze ich \u00d6kostrom und Biogas, bei Lebensmitteln sind mir Labels wie Fair-Trade oder Bio sehr wichtig. Ich bin Sportwart beim Tennisclub Gr\u00fcn-Wei\u00df Lennep und engagiere mich auch f\u00fcr Aktion Mensch oder SOS-Kinderdorf. Interessen Unternehmungen mit Familie und Freunden, Tennis, Rock-Konzerte, Kino, B\u00fccher (z.B. Hornby, Eschbach, Uschmann) Was wolltest du als Kind gerne werden? Um es mit den \u00c4rzten zu sagen: Popstar, Bademeister oder Astronaut Was bringt dich auf die Palme? Menschen, die Schuld immer bei anderen suchen oder auch nat\u00fcrlich eine leckere Kokosnuss Was war der beste Rat, den du jemals erhalten hast? \u201eDenke in L\u00f6sungen, nicht in Problemen.\u201c\",\"url\":\"https:\\\/\\\/www.vaillant.de\\\/21-grad\\\/autor\\\/marcus\\\/\"}]}<\/script>\n<!-- \/ Yoast SEO plugin. -->","yoast_head_json":{"title":"Studienergebnisse: F\u00f6rderm\u00f6glichkeiten W\u00e4rmepumpe | 21 grad","description":"Eine Studie zeigt, dass die meisten Deutschen nicht hinreichend \u00fcber die F\u00f6rderm\u00f6glichkeiten beim Einbau einer W\u00e4rmepumpe Bescheid wissen.","robots":{"index":"index","follow":"follow","max-snippet":"max-snippet:-1","max-image-preview":"max-image-preview:large","max-video-preview":"max-video-preview:-1"},"canonical":"https:\/\/www.vaillant.de\/21-grad\/wissen-und-wert\/neue-studienergebnisse-die-meisten-deutschen-unterschaetzen-foerdermoeglichkeiten-fuer-eine-neue-waermepumpe\/","og_locale":"de_DE","og_type":"article","og_title":"Studienergebnisse: F\u00f6rderm\u00f6glichkeiten W\u00e4rmepumpe | 21 grad","og_description":"Eine Studie zeigt, dass die meisten Deutschen nicht hinreichend \u00fcber die F\u00f6rderm\u00f6glichkeiten beim Einbau einer W\u00e4rmepumpe Bescheid wissen.","og_url":"https:\/\/www.vaillant.de\/21-grad\/wissen-und-wert\/neue-studienergebnisse-die-meisten-deutschen-unterschaetzen-foerdermoeglichkeiten-fuer-eine-neue-waermepumpe\/","og_site_name":"21 grad","article_publisher":"https:\/\/www.facebook.com\/21grad\/","article_published_time":"2024-04-11T13:35:57+00:00","article_modified_time":"2024-07-31T12:41:38+00:00","og_image":[{"width":940,"height":480,"url":"https:\/\/www.vaillant.de\/21-grad\/wp-content\/uploads\/2024\/04\/HP23-313326_01-940x480-2.jpg","type":"image\/jpeg"}],"author":"Marcus","twitter_card":"summary_large_image","twitter_creator":"@vaillant_de","twitter_site":"@vaillant_de","twitter_misc":{"Verfasst von":"Marcus","Gesch\u00e4tzte Lesezeit":"4\u00a0Minuten","Written by":"Marcus"},"schema":{"@context":"https:\/\/schema.org","@graph":[{"@type":"Article","@id":"https:\/\/www.vaillant.de\/21-grad\/wissen-und-wert\/neue-studienergebnisse-die-meisten-deutschen-unterschaetzen-foerdermoeglichkeiten-fuer-eine-neue-waermepumpe\/#article","isPartOf":{"@id":"https:\/\/www.vaillant.de\/21-grad\/wissen-und-wert\/neue-studienergebnisse-die-meisten-deutschen-unterschaetzen-foerdermoeglichkeiten-fuer-eine-neue-waermepumpe\/"},"author":{"name":"Marcus","@id":"https:\/\/www.vaillant.de\/21-grad\/#\/schema\/person\/d79d2ba98cd3da7ae5877706050352da"},"headline":"F\u00f6rderm\u00f6glichkeiten f\u00fcr W\u00e4rmepumpe werden untersch\u00e4tzt","datePublished":"2024-04-11T13:35:57+00:00","dateModified":"2024-07-31T12:41:38+00:00","mainEntityOfPage":{"@id":"https:\/\/www.vaillant.de\/21-grad\/wissen-und-wert\/neue-studienergebnisse-die-meisten-deutschen-unterschaetzen-foerdermoeglichkeiten-fuer-eine-neue-waermepumpe\/"},"wordCount":471,"commentCount":0,"image":{"@id":"https:\/\/www.vaillant.de\/21-grad\/wissen-und-wert\/neue-studienergebnisse-die-meisten-deutschen-unterschaetzen-foerdermoeglichkeiten-fuer-eine-neue-waermepumpe\/#primaryimage"},"thumbnailUrl":"https:\/\/www.vaillant.de\/21-grad\/wp-content\/uploads\/2024\/04\/HP23-313326_01-940x480-2.jpg","keywords":["Bauen und Wohnen","Heizen","Marktinfos"],"articleSection":["Wissen &amp; Wert","X-Partner-Beitr\u00e4ge"],"inLanguage":"de","potentialAction":[{"@type":"CommentAction","name":"Comment","target":["https:\/\/www.vaillant.de\/21-grad\/wissen-und-wert\/neue-studienergebnisse-die-meisten-deutschen-unterschaetzen-foerdermoeglichkeiten-fuer-eine-neue-waermepumpe\/#respond"]}]},{"@type":"WebPage","@id":"https:\/\/www.vaillant.de\/21-grad\/wissen-und-wert\/neue-studienergebnisse-die-meisten-deutschen-unterschaetzen-foerdermoeglichkeiten-fuer-eine-neue-waermepumpe\/","url":"https:\/\/www.vaillant.de\/21-grad\/wissen-und-wert\/neue-studienergebnisse-die-meisten-deutschen-unterschaetzen-foerdermoeglichkeiten-fuer-eine-neue-waermepumpe\/","name":"Studienergebnisse: F\u00f6rderm\u00f6glichkeiten W\u00e4rmepumpe | 21 grad","isPartOf":{"@id":"https:\/\/www.vaillant.de\/21-grad\/#website"},"primaryImageOfPage":{"@id":"https:\/\/www.vaillant.de\/21-grad\/wissen-und-wert\/neue-studienergebnisse-die-meisten-deutschen-unterschaetzen-foerdermoeglichkeiten-fuer-eine-neue-waermepumpe\/#primaryimage"},"image":{"@id":"https:\/\/www.vaillant.de\/21-grad\/wissen-und-wert\/neue-studienergebnisse-die-meisten-deutschen-unterschaetzen-foerdermoeglichkeiten-fuer-eine-neue-waermepumpe\/#primaryimage"},"thumbnailUrl":"https:\/\/www.vaillant.de\/21-grad\/wp-content\/uploads\/2024\/04\/HP23-313326_01-940x480-2.jpg","datePublished":"2024-04-11T13:35:57+00:00","dateModified":"2024-07-31T12:41:38+00:00","author":{"@id":"https:\/\/www.vaillant.de\/21-grad\/#\/schema\/person\/d79d2ba98cd3da7ae5877706050352da"},"description":"Eine Studie zeigt, dass die meisten Deutschen nicht hinreichend \u00fcber die F\u00f6rderm\u00f6glichkeiten beim Einbau einer W\u00e4rmepumpe Bescheid wissen.","breadcrumb":{"@id":"https:\/\/www.vaillant.de\/21-grad\/wissen-und-wert\/neue-studienergebnisse-die-meisten-deutschen-unterschaetzen-foerdermoeglichkeiten-fuer-eine-neue-waermepumpe\/#breadcrumb"},"inLanguage":"de","potentialAction":[{"@type":"ReadAction","target":["https:\/\/www.vaillant.de\/21-grad\/wissen-und-wert\/neue-studienergebnisse-die-meisten-deutschen-unterschaetzen-foerdermoeglichkeiten-fuer-eine-neue-waermepumpe\/"]}]},{"@type":"ImageObject","inLanguage":"de","@id":"https:\/\/www.vaillant.de\/21-grad\/wissen-und-wert\/neue-studienergebnisse-die-meisten-deutschen-unterschaetzen-foerdermoeglichkeiten-fuer-eine-neue-waermepumpe\/#primaryimage","url":"https:\/\/www.vaillant.de\/21-grad\/wp-content\/uploads\/2024\/04\/HP23-313326_01-940x480-2.jpg","contentUrl":"https:\/\/www.vaillant.de\/21-grad\/wp-content\/uploads\/2024\/04\/HP23-313326_01-940x480-2.jpg","width":940,"height":480,"caption":"Zwei Frauen diskutieren am Tisch"},{"@type":"BreadcrumbList","@id":"https:\/\/www.vaillant.de\/21-grad\/wissen-und-wert\/neue-studienergebnisse-die-meisten-deutschen-unterschaetzen-foerdermoeglichkeiten-fuer-eine-neue-waermepumpe\/#breadcrumb","itemListElement":[{"@type":"ListItem","position":1,"name":"Startseite","item":"https:\/\/www.vaillant.de\/21-grad\/"},{"@type":"ListItem","position":2,"name":"F\u00f6rderm\u00f6glichkeiten f\u00fcr W\u00e4rmepumpe werden untersch\u00e4tzt"}]},{"@type":"WebSite","@id":"https:\/\/www.vaillant.de\/21-grad\/#website","url":"https:\/\/www.vaillant.de\/21-grad\/","name":"21 grad","description":"Der Blog f\u00fcr Menschen, die weiterdenken","potentialAction":[{"@type":"SearchAction","target":{"@type":"EntryPoint","urlTemplate":"https:\/\/www.vaillant.de\/21-grad\/?s={search_term_string}"},"query-input":{"@type":"PropertyValueSpecification","valueRequired":true,"valueName":"search_term_string"}}],"inLanguage":"de"},{"@type":"Person","@id":"https:\/\/www.vaillant.de\/21-grad\/#\/schema\/person\/d79d2ba98cd3da7ae5877706050352da","name":"Marcus","image":{"@type":"ImageObject","inLanguage":"de","@id":"https:\/\/www.vaillant.de\/21-grad\/wp-content\/uploads\/2026\/01\/Marcus-125x125.jpg9d3430f1bc55d5a5d47a1162a14ae1af","url":"https:\/\/www.vaillant.de\/21-grad\/wp-content\/uploads\/2026\/01\/Marcus-125x125.jpg","contentUrl":"https:\/\/www.vaillant.de\/21-grad\/wp-content\/uploads\/2026\/01\/Marcus-125x125.jpg","caption":"Marcus"},"description":"Willkommen in der wunderbaren Welt des 21grad Blogs. Als Medien- und Kooperationsmanager bin ich bei Vaillant Deutschland u.a. f\u00fcr unsere Fach- und Branchenkommunikation zust\u00e4ndig. Ich freue mich auf den Dialog mit Euch. :-) Nachhaltigkeit Bewusster Konsum und soziales Engagement liegen mir sehr am Herzen. Zuhause nutze ich \u00d6kostrom und Biogas, bei Lebensmitteln sind mir Labels wie Fair-Trade oder Bio sehr wichtig. Ich bin Sportwart beim Tennisclub Gr\u00fcn-Wei\u00df Lennep und engagiere mich auch f\u00fcr Aktion Mensch oder SOS-Kinderdorf. Interessen Unternehmungen mit Familie und Freunden, Tennis, Rock-Konzerte, Kino, B\u00fccher (z.B. Hornby, Eschbach, Uschmann) Was wolltest du als Kind gerne werden? Um es mit den \u00c4rzten zu sagen: Popstar, Bademeister oder Astronaut Was bringt dich auf die Palme? Menschen, die Schuld immer bei anderen suchen oder auch nat\u00fcrlich eine leckere Kokosnuss Was war der beste Rat, den du jemals erhalten hast? \u201eDenke in L\u00f6sungen, nicht in Problemen.\u201c","url":"https:\/\/www.vaillant.de\/21-grad\/autor\/marcus\/"}]}},"_links":{"self":[{"href":"https:\/\/www.vaillant.de\/21-grad\/wp-json\/wp\/v2\/posts\/8118","targetHints":{"allow":["GET"]}}],"collection":[{"href":"https:\/\/www.vaillant.de\/21-grad\/wp-json\/wp\/v2\/posts"}],"about":[{"href":"https:\/\/www.vaillant.de\/21-grad\/wp-json\/wp\/v2\/types\/post"}],"author":[{"embeddable":true,"href":"https:\/\/www.vaillant.de\/21-grad\/wp-json\/wp\/v2\/users\/6"}],"replies":[{"embeddable":true,"href":"https:\/\/www.vaillant.de\/21-grad\/wp-json\/wp\/v2\/comments?post=8118"}],"version-history":[{"count":15,"href":"https:\/\/www.vaillant.de\/21-grad\/wp-json\/wp\/v2\/posts\/8118\/revisions"}],"predecessor-version":[{"id":8148,"href":"https:\/\/www.vaillant.de\/21-grad\/wp-json\/wp\/v2\/posts\/8118\/revisions\/8148"}],"wp:featuredmedia":[{"embeddable":true,"href":"https:\/\/www.vaillant.de\/21-grad\/wp-json\/wp\/v2\/media\/8146"}],"wp:attachment":[{"href":"https:\/\/www.vaillant.de\/21-grad\/wp-json\/wp\/v2\/media?parent=8118"}],"wp:term":[{"taxonomy":"category","embeddable":true,"href":"https:\/\/www.vaillant.de\/21-grad\/wp-json\/wp\/v2\/categories?post=8118"},{"taxonomy":"post_tag","embeddable":true,"href":"https:\/\/www.vaillant.de\/21-grad\/wp-json\/wp\/v2\/tags?post=8118"},{"taxonomy":"author","embeddable":true,"href":"https:\/\/www.vaillant.de\/21-grad\/wp-json\/wp\/v2\/coauthors?post=8118"}],"curies":[{"name":"wp","href":"https:\/\/api.w.org\/{rel}","templated":true}]}}