{"id":8184,"date":"2024-05-15T08:49:22","date_gmt":"2024-05-15T06:49:22","guid":{"rendered":"https:\/\/www.vaillant.de\/21-grad\/?p=8184"},"modified":"2024-07-31T14:32:50","modified_gmt":"2024-07-31T12:32:50","slug":"so-wohnt-deutschland-und-so-beeinflusst-es-die-sektorziele","status":"publish","type":"post","link":"https:\/\/www.vaillant.de\/21-grad\/partner-beitraege\/so-wohnt-deutschland-und-so-beeinflusst-es-die-sektorziele\/","title":{"rendered":"So wohnt Deutschland \u2013 und so beeinflusst es die Sektorziele"},"content":{"rendered":"<p>Wie viel Handlungsbedarf hier besteht, zeigt der dena Geb\u00e4udereport 2024. Er gibt einen umfassenden \u00dcberblick \u00fcber den Geb\u00e4udebestand in Deutschland. Und l\u00e4sst anhand statistischer Daten wichtige R\u00fcckschl\u00fcsse zu. Zum Beispiel, warum der generelle Energiebedarf zwar zur\u00fcckgeht \u2013 n\u00e4mlich beispielsweise durch effizientere Heizungen und die st\u00e4rkere Nutzung Erneuerbarer Energien. Aber der Trend zu h\u00f6heren Wohnfl\u00e4chen pro Person macht diese Einsparungen gleich wieder zunichte. Wie \u00fcbrigens auch die immer bessere Ausstattung der privaten Haushalte. Es lohnt sich also, einmal genauer hinzuschauen, wie es weitergeht auf dem Weg in eine klimaneutralere Wohn-Zukunft &#8230;<\/p>\n<h2>Wie sieht der Geb\u00e4udebestand in Deutschland aus?<\/h2>\n<div id=\"attachment_8201\" style=\"width: 358px\" class=\"wp-caption alignright\"><a href=\"https:\/\/www.vaillant.de\/21-grad\/wp-content\/uploads\/2024\/05\/200910_0689_k.jpg\"><img loading=\"lazy\" decoding=\"async\" aria-describedby=\"caption-attachment-8201\" class=\"size-medium wp-image-8201\" src=\"https:\/\/www.vaillant.de\/21-grad\/wp-content\/uploads\/2024\/05\/200910_0689_k-348x232.jpg\" alt=\"In einer Wohnsiedlung stehen sanierte oder unsanierte Ein- und Zweifamilienh\u00e4user neben Mehrfamilienh\u00e4usern.\" width=\"348\" height=\"232\" srcset=\"https:\/\/www.vaillant.de\/21-grad\/wp-content\/uploads\/2024\/05\/200910_0689_k-348x232.jpg 348w, https:\/\/www.vaillant.de\/21-grad\/wp-content\/uploads\/2024\/05\/200910_0689_k-720x480.jpg 720w, https:\/\/www.vaillant.de\/21-grad\/wp-content\/uploads\/2024\/05\/200910_0689_k-768x512.jpg 768w, https:\/\/www.vaillant.de\/21-grad\/wp-content\/uploads\/2024\/05\/200910_0689_k.jpg 1000w\" sizes=\"auto, (max-width: 348px) 100vw, 348px\" \/><\/a><p id=\"caption-attachment-8201\" class=\"wp-caption-text\">Um die CO2-Ziele im Geb\u00e4udesektor zu erreichen, m\u00fcssen mehr H\u00e4user saniert und Heizungen schneller auf Erneuerbare Energien umgestellt werden.<\/p><\/div>\n<p>Die Br\u00fcckensperrungen beispielsweise auf verschiedenen Autobahnen oder die jetzt gestarteten Milliardeninvestitionen haben ein Schlaglicht auf das Alter der Infrastruktur in Deutschland geworfen. Aber wie sieht es eigentlich im Geb\u00e4udebestand, auf dem Wohnungsmarkt mit seinen rund 43,4 Millionen Wohneinheiten aus? Da haben wir, zeigt der dena Geb\u00e4udereport 2024, auf jeden Fall eine ganze Menge Altbauten: Rund ein Viertel der H\u00e4user (24 Prozent) wurde vor 1946 errichtet, weitere 36 Prozent sind fast 50 Jahre alt, weil vor 1978 gebaut. Das hei\u00dft: Mehr als jedes zweite Haus steht schon seit einem halben Jahrhundert &#8230;<\/p>\n<p>Zur Einordnung: 1974 kam der Golf 1 auf den Markt, der eine ganze Fahrzeugklasse pr\u00e4gte. Einem vergleichbaren Niveau entspricht in etwa auch die Energieeffizienz der Geb\u00e4ude aus dieser Zeit. Rund 66 Prozent aller H\u00e4user geh\u00f6ren in die schlechtesten Energieklasse F, G oder H (Quelle: MacMakler) \u2013 brauchen also zwischen 160 und \u00fcber 250 kWh Energie pro Quadratmeter und Jahr. Das entspricht Heizkosten in H\u00f6he von mindestens 11 Euro bis deutlich mehr als 15 Euro pro Quadratmeter und Jahr, bei einer 80 m\u00b2 gro\u00dfen Wohnung also zwischen 880 und 1.200 Euro (Quelle: enpal; Stand 4.24)<\/p>\n<p>Bezahlt werden \u2013 auch das weist der dena Geb\u00e4udereport 2024 aus \u2013 diese hohen Verbrauchskosten vor allem von Mietern mit vergleichsweise niedrigerem Einkommen: \u201eDer Vergleich von Einkommen und Baualtersklassen zeigt, dass mit steigendem Einkommen der Anteil der Haushalte, die in neueren Baualtersklassen wohnen, zunimmt.\u201c<\/p>\n<h2>Wer wohnt wie in Deutschland?<\/h2>\n<div id=\"attachment_8202\" style=\"width: 358px\" class=\"wp-caption alignleft\"><a href=\"https:\/\/www.vaillant.de\/21-grad\/wp-content\/uploads\/2024\/05\/190529_0693_k.jpg\"><img loading=\"lazy\" decoding=\"async\" aria-describedby=\"caption-attachment-8202\" class=\"wp-image-8202 size-medium\" src=\"https:\/\/www.vaillant.de\/21-grad\/wp-content\/uploads\/2024\/05\/190529_0693_k-348x232.jpg\" alt=\"Strahlend blauer Himmel und Sonne \u00fcber einem Mehrfamilienhaus mit einer gro\u00dfen Gr\u00fcnfl\u00e4che davor.\" width=\"348\" height=\"232\" srcset=\"https:\/\/www.vaillant.de\/21-grad\/wp-content\/uploads\/2024\/05\/190529_0693_k-348x232.jpg 348w, https:\/\/www.vaillant.de\/21-grad\/wp-content\/uploads\/2024\/05\/190529_0693_k-720x480.jpg 720w, https:\/\/www.vaillant.de\/21-grad\/wp-content\/uploads\/2024\/05\/190529_0693_k-768x512.jpg 768w, https:\/\/www.vaillant.de\/21-grad\/wp-content\/uploads\/2024\/05\/190529_0693_k.jpg 1000w\" sizes=\"auto, (max-width: 348px) 100vw, 348px\" \/><\/a><p id=\"caption-attachment-8202\" class=\"wp-caption-text\">Im Durchschnitt steigt die Wohnfl\u00e4che pro Person. Das ist mit ein Grund, warum Energieeinsparungen im Geb\u00e4udesektor sich nicht vollst\u00e4ndig auf das Erreichen der Sektorziele auswirken.<\/p><\/div>\n<p>Die 2022 gez\u00e4hlten, rund 43,4 Millionen Wohneinheiten im Wohngeb\u00e4udebestand teilen sich in 13 Millionen Wohnungen in Einfamilienh\u00e4usern (EFH), 6,4 Millionen in Zweifamilienh\u00e4usern (ZFH) und 22,6 Millionen Wohnungen in Mehrfamilienh\u00e4usern (MFH) auf. Hinzu kommen 1,4 Millionen Wohnungen in Nichtwohngeb\u00e4uden (NWG), zum Beispiel Betriebswohnungen. Die durchschnittliche Gr\u00f6\u00dfe lag dabei in Einfamilienh\u00e4usern bei rund 130 m\u00b2, in Zweifamilienh\u00e4usern bei 97 m\u00b2, und bei 70 m\u00b2 in Mehrfamilienh\u00e4usern. Das ist im groben Durchschnitt etwa zehn Prozent mehr als im Vergleich zu 1995, wobei davon vor allem die Wohnungen in Ein- und Zweifamilienh\u00e4usern profitieren.<\/p>\n<p>In Mehrfamilienh\u00e4usern hingegen ist der Trend hin zu kleinen Wohnungen auff\u00e4llig. Rund 5,7 Millionen Wohneinheiten wurden 2022 als Ein- und Zweiraumwohnungen gez\u00e4hlt. Das entspricht einem Anteil von 13 Prozent am Gesamtbestand \u2013 und einer Zunahme von ca. 80.000 Wohneinheiten im Vergleich zum Vorjahr! Damit verzeichneten die Ein- und Zweiraumwohnungen den h\u00f6chsten Zuwachs im Jahr 2022. Auch hier zum Vergleich: Der prozentuale Zuwachs von Vier-Zimmer-Wohnungen, fr\u00fcher prototypisch f\u00fcr Familien, lag im Vergleich zum Vorjahresbestand bei schlichten 0,4 Prozent. Das entspricht insgesamt rund 47 Prozent des Wohnungsbestandes. Wohnungen mit sieben oder mehr R\u00e4umen machen 12 Prozent aus.<\/p>\n<p>Dass in den vielr\u00e4umigen Wohnungen zugleich immer gro\u00dfe Haushalte leben, ist damit allerdings nicht gesagt. Denn 41 Prozent aller Haushalte in Deutschland sind laut dena-Studie nur Ein-Personen-Haushalte. Der Anteil der Haushalte mit f\u00fcnf und mehr Personen betrage hingegen nur rund 4 Prozent.<\/p>\n<h2>Wie klimafreundlich wird in Deutschland neu gebaut?<\/h2>\n<div id=\"attachment_8188\" style=\"width: 358px\" class=\"wp-caption alignright\"><a href=\"https:\/\/www.vaillant.de\/21-grad\/wp-content\/uploads\/2024\/05\/221125-0035-2711547.jpg\"><img loading=\"lazy\" decoding=\"async\" aria-describedby=\"caption-attachment-8188\" class=\"size-medium wp-image-8188\" src=\"https:\/\/www.vaillant.de\/21-grad\/wp-content\/uploads\/2024\/05\/221125-0035-2711547-348x232.jpg\" alt=\"Auf dem Dach eines neuen Mehrfamilienhauses sind zwei W\u00e4rmepumpen und viele PV-Elemente installiert.\" width=\"348\" height=\"232\" srcset=\"https:\/\/www.vaillant.de\/21-grad\/wp-content\/uploads\/2024\/05\/221125-0035-2711547-348x232.jpg 348w, https:\/\/www.vaillant.de\/21-grad\/wp-content\/uploads\/2024\/05\/221125-0035-2711547-720x480.jpg 720w, https:\/\/www.vaillant.de\/21-grad\/wp-content\/uploads\/2024\/05\/221125-0035-2711547-768x512.jpg 768w, https:\/\/www.vaillant.de\/21-grad\/wp-content\/uploads\/2024\/05\/221125-0035-2711547.jpg 1500w\" sizes=\"auto, (max-width: 348px) 100vw, 348px\" \/><\/a><p id=\"caption-attachment-8188\" class=\"wp-caption-text\">W\u00e4rmepumpen leisten einen entscheidenden Beitrag, den CO2-Aussto\u00df im Geb\u00e4udesektor zu senken. Der Marktanteil steigt zwar, aber das Potenzial wird gerade im Geb\u00e4udebestand der Mehrfamilienh\u00e4user noch zu wenig genutzt.<\/p><\/div>\n<p>Laut dena-Report 2024 gab es 2022 rund 19,5 Millionen Wohngeb\u00e4ude in Deutschland, etwa 100.000 (0,5 Prozent) mehr als im Vorjahr. 13 Millionen davon sind Einfamilienh\u00e4user, 3,2 Millionen Zweifamilienh\u00e4user und 3,3 Millionen Mehrfamilienh\u00e4user. Zumindest im Berichtszeitraum hat sich diese Verteilung kaum ver\u00e4ndert, denn neu gebaut wurde mit 0,5 Prozent (EF\/ZFH) bzw. 0,6 Prozent (MFH) in allen Geb\u00e4udeklassen etwa gleich viel \u2013 oder gleich wenig, je nach Betrachtungswinkel. So oder so steht der Neubau f\u00fcr etwa 30 Millionen m\u00b2 zus\u00e4tzliche Wohnfl\u00e4che an. Abgerissen wurden 2022 \u00fcbrigens nur etwa 4.700 Wohngeb\u00e4ude mit etwa 16.000 Wohneinheiten. Vor allem, um an gleicher Stelle Ersatz zu schaffen (69 Prozent). Auf Platz zwei folgen mit 13 Prozent Nutzungs\u00e4nderungen, und sechs Prozent aller abgerissenen Geb\u00e4ude sind heute Freifl\u00e4che.<\/p>\n<p>Dem Altersbestand der Wohngeb\u00e4ude entsprechend machen nach wie vor die klassischen fossilen Energietr\u00e4ger Gas und \u00d6l den L\u00f6wenanteil bei den Beheizungsvarianten aus: Von den knapp 25 Millionen W\u00e4rmeerzeugern im Bestand waren demnach 7,9 Millionen <a href=\"https:\/\/www.vaillant.de\/heizung\/heizung-verstehen\/aktuelles-zum-heizungstausch\/\" target=\"_blank\" rel=\"noopener\">Gas-Brennwertger\u00e4te<\/a>, 6,4 Millionen Gas-Heizwertger\u00e4te, gut f\u00fcnf Millionen \u00d6lheizungen und immerhin noch 84.000 Kohleheizungen. Aufaddiert entspricht das einem Marktanteil von rund 78 Prozent.<\/p>\n<p>Der Wandel hin zu den Erneuerbaren Energien ist aber deutlich zu sp\u00fcren. Erstmals seit 1993 sank 2022 beispielsweise der Anteil der Gasheizungen im Wohnungsbestand, bei \u00d6l gibt es diesen R\u00fcckgang schon seit 1995! Stattdessen stieg der Anteil der mit <a href=\"https:\/\/www.vaillant.de\/heizung\/heizung-verstehen\/technologie-verstehen\/waermepumpe\/\" target=\"_blank\" rel=\"noopener\">W\u00e4rmepumpen<\/a> beheizten Wohnungen seit 2003 kontinuierlich an, erreichte 2022 einen H\u00f6chstwert von drei Prozent. Generelle Zuwachsraten gibt es au\u00dferdem bei der <a href=\"https:\/\/www.vaillant.de\/heizung\/heizung-verstehen\/tipps-rund-um-ihre-heizung\/fernwaerme\/\" target=\"_blank\" rel=\"noopener\">Fernw\u00e4rme<\/a>. Die Zahl der angeschlossenen Wohnungen steigt seit 1995, blieb 2022 aber bei rund 14 Prozent stehen.<\/p>\n<p>Dabei ist allerdings eine klare Unterscheidung zwischen Ein- und Zweifamilienh\u00e4usern und Mehrfamilienh\u00e4usern zu erkennen: Mehrfamilienh\u00e4user und Wohnheime wurden mit einem Anteil von etwa 35 Prozent deutlich seltener mit einer W\u00e4rmepumpe ausgestattet als Ein- und Zweifamilienh\u00e4user. Bei der Fernw\u00e4rme sieht es genau anders aus. Hier stellt der Geschosswohnungsbau mit einer Anschlussquote von 22 Prozent die Spitze, w\u00e4hrend es bei Ein- und Zweifamilienh\u00e4usern nur rund 6 Prozent waren.<\/p>\n<p>Wenn neu gebaut wird, geschieht das im \u00dcbrigen am h\u00e4ufigsten mit Baustoff-Klassikern, n\u00e4mlich mit Ziegel und Porenbeton. Etwa jeder zweite Neubau wird so errichtet. Aber: Holz holt auf! Seit 2009 w\u00e4chst der prozentuale Anteil der Holzh\u00e4user, vor allem im Ein- und Zweifamilienhaus-Bereich. Wurden 2014 erst 15 Prozent aller Neubauten aus Holz errichtet, waren es 2022 schon 20 Prozent. Das geht wohl vor allem zu Lasten von H\u00e4usern aus Ziegelsteinen. Deren Marktanteil sank von 40 Prozent in 2003 auf nur noch 30 Prozent im Jahre 2022.<\/p>\n<p>Soweit der erste Teil zum dena-Geb\u00e4udereport 2024. Den ihr \u00fcbrigens <a href=\"https:\/\/www.dena.de\/newsroom\/publikationsdetailansicht\/pub\/dena-gebaeudereport-2024\/\" target=\"_blank\" rel=\"noopener\">hier<\/a> herunterladen k\u00f6nnt. Die Zahlen helfen zu verstehen, warum sich der Geb\u00e4udebestand beim Erreichen der Sektorziele so schwertut. Aber weil alle Theorie ja bekanntlich grau ist: Wie lebt ihr denn eigentlich so? Im Altbau oder im smarten Penthouse, heiztechnisch schon \u201eganz gr\u00fcn\u201c oder vielleicht sogar noch mit Einzelraumofen? Schreibt uns doch einfach mal und gebt uns einen kleinen Einblick, wie das Leben \u201eda drau\u00dfen\u201c tats\u00e4chlich aussieht \u2013 fernab von jeder Statistik des Bundes &#8230;<\/p>\n","protected":false},"excerpt":{"rendered":"<p>Der Geb\u00e4udesektor ist in Deutschland f\u00fcr etwa ein Drittel der CO2-Emissionen verantwortlich. Jedes Jahr verursacht allein die Erzeugung von Raumw\u00e4rme und Warmwasser nach Berechnungen des Umweltbundesamtes mehr als 120 Millionen Tonnen dieses klimasch\u00e4dlichen Treibhausgases. Hinzu kommen weitere gut 70 Millionen Tonnen indirekte Emissionen. Die entstehen vor allem bei der Erzeugung von Strom und Fernw\u00e4rme in den (Heiz-)Kraftwerken. Doch laut Klimaschutzgesetz muss der Geb\u00e4udebestand den Aussto\u00df klimasch\u00e4dlicher Treibhausgase deutlich senken. Das Sektorziel f\u00fcr 2030 ist auf 66 Tonnen CO2-\u00c4quivalent festgelegt. Warum die CO2-Reduktion im Geb\u00e4udesektor so schwierig und schleppend ist, verr\u00e4t ein Blick auf die Zahlen des neusten dena Geb\u00e4udereports.<\/p>\n","protected":false},"author":14,"featured_media":8187,"comment_status":"open","ping_status":"open","sticky":false,"template":"","format":"standard","meta":{"footnotes":""},"categories":[3,183],"tags":[172,51,174],"coauthors":[68],"class_list":["post-8184","post","type-post","status-publish","format-standard","has-post-thumbnail","hentry","category-wissen-und-wert","category-partner-beitraege","tag-bauen-und-wohnen","tag-energie-sparen","tag-marktinfos"],"yoast_head":"<!-- This site is optimized with the Yoast SEO plugin v27.4 - https:\/\/yoast.com\/product\/yoast-seo-wordpress\/ -->\n<title>So wohnt Deutschland \u2013 dena Geb\u00e4udereport 2024 | 21 grad<\/title>\n<meta name=\"description\" content=\"Der Geb\u00e4udesektor ist in Deutschland f\u00fcr etwa ein Drittel der CO2-Emissionen verantwortlich. Der Geb\u00e4udereport zeigt den Handlungsbedarf auf.\" \/>\n<meta name=\"robots\" content=\"index, follow, max-snippet:-1, max-image-preview:large, max-video-preview:-1\" \/>\n<link rel=\"canonical\" href=\"https:\/\/www.vaillant.de\/21-grad\/partner-beitraege\/so-wohnt-deutschland-und-so-beeinflusst-es-die-sektorziele\/\" \/>\n<meta property=\"og:locale\" content=\"de_DE\" \/>\n<meta property=\"og:type\" content=\"article\" \/>\n<meta property=\"og:title\" content=\"So wohnt Deutschland \u2013 dena Geb\u00e4udereport 2024 | 21 grad\" \/>\n<meta property=\"og:description\" content=\"Der Geb\u00e4udesektor ist in Deutschland f\u00fcr etwa ein Drittel der CO2-Emissionen verantwortlich. Der Geb\u00e4udereport zeigt den Handlungsbedarf auf.\" \/>\n<meta property=\"og:url\" content=\"https:\/\/www.vaillant.de\/21-grad\/partner-beitraege\/so-wohnt-deutschland-und-so-beeinflusst-es-die-sektorziele\/\" \/>\n<meta property=\"og:site_name\" content=\"21 grad\" \/>\n<meta property=\"article:publisher\" content=\"https:\/\/www.facebook.com\/21grad\/\" \/>\n<meta property=\"article:published_time\" content=\"2024-05-15T06:49:22+00:00\" \/>\n<meta property=\"article:modified_time\" content=\"2024-07-31T12:32:50+00:00\" \/>\n<meta property=\"og:image\" content=\"https:\/\/www.vaillant.de\/21-grad\/wp-content\/uploads\/2024\/05\/20220524-vaillant-or-dogewo-0002-mkp-2610435.jpg\" \/>\n\t<meta property=\"og:image:width\" content=\"1000\" \/>\n\t<meta property=\"og:image:height\" content=\"666\" \/>\n\t<meta property=\"og:image:type\" content=\"image\/jpeg\" \/>\n<meta name=\"author\" content=\"Jacqueline\" \/>\n<meta name=\"twitter:card\" content=\"summary_large_image\" \/>\n<meta name=\"twitter:creator\" content=\"@vaillant_de\" \/>\n<meta name=\"twitter:site\" content=\"@vaillant_de\" \/>\n<meta name=\"twitter:label1\" content=\"Verfasst von\" \/>\n\t<meta name=\"twitter:data1\" content=\"Jacqueline\" \/>\n\t<meta name=\"twitter:label2\" content=\"Gesch\u00e4tzte Lesezeit\" \/>\n\t<meta name=\"twitter:data2\" content=\"7\u00a0Minuten\" \/>\n\t<meta name=\"twitter:label3\" content=\"Written by\" \/>\n\t<meta name=\"twitter:data3\" content=\"Jacqueline\" \/>\n<script type=\"application\/ld+json\" class=\"yoast-schema-graph\">{\"@context\":\"https:\\\/\\\/schema.org\",\"@graph\":[{\"@type\":\"Article\",\"@id\":\"https:\\\/\\\/www.vaillant.de\\\/21-grad\\\/partner-beitraege\\\/so-wohnt-deutschland-und-so-beeinflusst-es-die-sektorziele\\\/#article\",\"isPartOf\":{\"@id\":\"https:\\\/\\\/www.vaillant.de\\\/21-grad\\\/partner-beitraege\\\/so-wohnt-deutschland-und-so-beeinflusst-es-die-sektorziele\\\/\"},\"author\":{\"name\":\"Jacqueline\",\"@id\":\"https:\\\/\\\/www.vaillant.de\\\/21-grad\\\/#\\\/schema\\\/person\\\/75a8b4aa6c2491a38cf9116850869d58\"},\"headline\":\"So wohnt Deutschland \u2013 und so beeinflusst es die Sektorziele\",\"datePublished\":\"2024-05-15T06:49:22+00:00\",\"dateModified\":\"2024-07-31T12:32:50+00:00\",\"mainEntityOfPage\":{\"@id\":\"https:\\\/\\\/www.vaillant.de\\\/21-grad\\\/partner-beitraege\\\/so-wohnt-deutschland-und-so-beeinflusst-es-die-sektorziele\\\/\"},\"wordCount\":1164,\"commentCount\":0,\"image\":{\"@id\":\"https:\\\/\\\/www.vaillant.de\\\/21-grad\\\/partner-beitraege\\\/so-wohnt-deutschland-und-so-beeinflusst-es-die-sektorziele\\\/#primaryimage\"},\"thumbnailUrl\":\"https:\\\/\\\/www.vaillant.de\\\/21-grad\\\/wp-content\\\/uploads\\\/2024\\\/05\\\/20220524-vaillant-or-dogewo-0002-mkp-2610435.jpg\",\"keywords\":[\"Bauen und Wohnen\",\"Energie sparen\",\"Marktinfos\"],\"articleSection\":[\"Wissen &amp; Wert\",\"X-Partner-Beitr\u00e4ge\"],\"inLanguage\":\"de\",\"potentialAction\":[{\"@type\":\"CommentAction\",\"name\":\"Comment\",\"target\":[\"https:\\\/\\\/www.vaillant.de\\\/21-grad\\\/partner-beitraege\\\/so-wohnt-deutschland-und-so-beeinflusst-es-die-sektorziele\\\/#respond\"]}]},{\"@type\":\"WebPage\",\"@id\":\"https:\\\/\\\/www.vaillant.de\\\/21-grad\\\/partner-beitraege\\\/so-wohnt-deutschland-und-so-beeinflusst-es-die-sektorziele\\\/\",\"url\":\"https:\\\/\\\/www.vaillant.de\\\/21-grad\\\/partner-beitraege\\\/so-wohnt-deutschland-und-so-beeinflusst-es-die-sektorziele\\\/\",\"name\":\"So wohnt Deutschland \u2013 dena Geb\u00e4udereport 2024 | 21 grad\",\"isPartOf\":{\"@id\":\"https:\\\/\\\/www.vaillant.de\\\/21-grad\\\/#website\"},\"primaryImageOfPage\":{\"@id\":\"https:\\\/\\\/www.vaillant.de\\\/21-grad\\\/partner-beitraege\\\/so-wohnt-deutschland-und-so-beeinflusst-es-die-sektorziele\\\/#primaryimage\"},\"image\":{\"@id\":\"https:\\\/\\\/www.vaillant.de\\\/21-grad\\\/partner-beitraege\\\/so-wohnt-deutschland-und-so-beeinflusst-es-die-sektorziele\\\/#primaryimage\"},\"thumbnailUrl\":\"https:\\\/\\\/www.vaillant.de\\\/21-grad\\\/wp-content\\\/uploads\\\/2024\\\/05\\\/20220524-vaillant-or-dogewo-0002-mkp-2610435.jpg\",\"datePublished\":\"2024-05-15T06:49:22+00:00\",\"dateModified\":\"2024-07-31T12:32:50+00:00\",\"author\":{\"@id\":\"https:\\\/\\\/www.vaillant.de\\\/21-grad\\\/#\\\/schema\\\/person\\\/75a8b4aa6c2491a38cf9116850869d58\"},\"description\":\"Der Geb\u00e4udesektor ist in Deutschland f\u00fcr etwa ein Drittel der CO2-Emissionen verantwortlich. Der Geb\u00e4udereport zeigt den Handlungsbedarf auf.\",\"breadcrumb\":{\"@id\":\"https:\\\/\\\/www.vaillant.de\\\/21-grad\\\/partner-beitraege\\\/so-wohnt-deutschland-und-so-beeinflusst-es-die-sektorziele\\\/#breadcrumb\"},\"inLanguage\":\"de\",\"potentialAction\":[{\"@type\":\"ReadAction\",\"target\":[\"https:\\\/\\\/www.vaillant.de\\\/21-grad\\\/partner-beitraege\\\/so-wohnt-deutschland-und-so-beeinflusst-es-die-sektorziele\\\/\"]}]},{\"@type\":\"ImageObject\",\"inLanguage\":\"de\",\"@id\":\"https:\\\/\\\/www.vaillant.de\\\/21-grad\\\/partner-beitraege\\\/so-wohnt-deutschland-und-so-beeinflusst-es-die-sektorziele\\\/#primaryimage\",\"url\":\"https:\\\/\\\/www.vaillant.de\\\/21-grad\\\/wp-content\\\/uploads\\\/2024\\\/05\\\/20220524-vaillant-or-dogewo-0002-mkp-2610435.jpg\",\"contentUrl\":\"https:\\\/\\\/www.vaillant.de\\\/21-grad\\\/wp-content\\\/uploads\\\/2024\\\/05\\\/20220524-vaillant-or-dogewo-0002-mkp-2610435.jpg\",\"width\":1000,\"height\":666,\"caption\":\"Das Bild zeigt aus der Vogelperspektive eine Wohnsiedlung aus den 60er und 70er Jahren mit zahlreichen Hochh\u00e4usern und Geschosswohnungsbauten.\"},{\"@type\":\"BreadcrumbList\",\"@id\":\"https:\\\/\\\/www.vaillant.de\\\/21-grad\\\/partner-beitraege\\\/so-wohnt-deutschland-und-so-beeinflusst-es-die-sektorziele\\\/#breadcrumb\",\"itemListElement\":[{\"@type\":\"ListItem\",\"position\":1,\"name\":\"Startseite\",\"item\":\"https:\\\/\\\/www.vaillant.de\\\/21-grad\\\/\"},{\"@type\":\"ListItem\",\"position\":2,\"name\":\"So wohnt Deutschland \u2013 und so beeinflusst es die Sektorziele\"}]},{\"@type\":\"WebSite\",\"@id\":\"https:\\\/\\\/www.vaillant.de\\\/21-grad\\\/#website\",\"url\":\"https:\\\/\\\/www.vaillant.de\\\/21-grad\\\/\",\"name\":\"21 grad\",\"description\":\"Der Blog f\u00fcr Menschen, die weiterdenken\",\"potentialAction\":[{\"@type\":\"SearchAction\",\"target\":{\"@type\":\"EntryPoint\",\"urlTemplate\":\"https:\\\/\\\/www.vaillant.de\\\/21-grad\\\/?s={search_term_string}\"},\"query-input\":{\"@type\":\"PropertyValueSpecification\",\"valueRequired\":true,\"valueName\":\"search_term_string\"}}],\"inLanguage\":\"de\"},{\"@type\":\"Person\",\"@id\":\"https:\\\/\\\/www.vaillant.de\\\/21-grad\\\/#\\\/schema\\\/person\\\/75a8b4aa6c2491a38cf9116850869d58\",\"name\":\"Jacqueline\",\"image\":{\"@type\":\"ImageObject\",\"inLanguage\":\"de\",\"@id\":\"https:\\\/\\\/www.vaillant.de\\\/21-grad\\\/wp-content\\\/uploads\\\/2018\\\/06\\\/Portrait-250-125x125.jpgfc8ce6b31ae0347d9e261097d2ccecbb\",\"url\":\"https:\\\/\\\/www.vaillant.de\\\/21-grad\\\/wp-content\\\/uploads\\\/2018\\\/06\\\/Portrait-250-125x125.jpg\",\"contentUrl\":\"https:\\\/\\\/www.vaillant.de\\\/21-grad\\\/wp-content\\\/uploads\\\/2018\\\/06\\\/Portrait-250-125x125.jpg\",\"caption\":\"Jacqueline\"},\"description\":\"In meinem Arbeitsalltag dreht sich alles rund um digitale Themen. Ich sorge f\u00fcr die Auffindbarkeit des Unternehmens im Web, indem ich unsere Webseite immer wieder mit neuen und relevanten Inhalten best\u00fccke. Dabei ist mir besonders wichtig, dass Ihr schnell und einfach an gew\u00fcnschte Informationen gelangt. Nachhaltigkeit F\u00fcr mich bedeutet Nachhaltigkeit, auch im Alltag die Umwelt durch kleine Dinge zu entlasten. Ich fahre deswegen morgens mit dem Bus zur Arbeit, nehme zum Einkaufen meine Baumwollbeutel mit und kaufe bevorzugt Bioprodukte. Interessen In meiner Freizeit verbringe ich gerne viel Zeit mit Freuden, liebe meinen Tanzsport und spiele gerne Brettspiele. Zudem reise ich sehr gerne. Was w\u00fcrdest du tun, wenn du noch einen Tag zu leben h\u00e4ttest? Ich w\u00fcrde etwas Verr\u00fccktes wie einen Fallschirmsprung machen. Und anschlie\u00dfend eine gro\u00dfe Party mit Freunden. Wenn du eine Superkraft h\u00e4ttest, welche w\u00e4re das und warum? Ich w\u00fcrde gerne unter Wasser atmen k\u00f6nnen. Ich liebe die endlosen Weiten des Meeres und k\u00f6nnte den ganzen Tag im und unter Wasser verbringen. Was bringt dich zum l\u00e4cheln? Ein warmer Sommertag mit viel Sonne.\",\"url\":\"https:\\\/\\\/www.vaillant.de\\\/21-grad\\\/autor\\\/jacqueline\\\/\"}]}<\/script>\n<!-- \/ Yoast SEO plugin. -->","yoast_head_json":{"title":"So wohnt Deutschland \u2013 dena Geb\u00e4udereport 2024 | 21 grad","description":"Der Geb\u00e4udesektor ist in Deutschland f\u00fcr etwa ein Drittel der CO2-Emissionen verantwortlich. Der Geb\u00e4udereport zeigt den Handlungsbedarf auf.","robots":{"index":"index","follow":"follow","max-snippet":"max-snippet:-1","max-image-preview":"max-image-preview:large","max-video-preview":"max-video-preview:-1"},"canonical":"https:\/\/www.vaillant.de\/21-grad\/partner-beitraege\/so-wohnt-deutschland-und-so-beeinflusst-es-die-sektorziele\/","og_locale":"de_DE","og_type":"article","og_title":"So wohnt Deutschland \u2013 dena Geb\u00e4udereport 2024 | 21 grad","og_description":"Der Geb\u00e4udesektor ist in Deutschland f\u00fcr etwa ein Drittel der CO2-Emissionen verantwortlich. Der Geb\u00e4udereport zeigt den Handlungsbedarf auf.","og_url":"https:\/\/www.vaillant.de\/21-grad\/partner-beitraege\/so-wohnt-deutschland-und-so-beeinflusst-es-die-sektorziele\/","og_site_name":"21 grad","article_publisher":"https:\/\/www.facebook.com\/21grad\/","article_published_time":"2024-05-15T06:49:22+00:00","article_modified_time":"2024-07-31T12:32:50+00:00","og_image":[{"width":1000,"height":666,"url":"https:\/\/www.vaillant.de\/21-grad\/wp-content\/uploads\/2024\/05\/20220524-vaillant-or-dogewo-0002-mkp-2610435.jpg","type":"image\/jpeg"}],"author":"Jacqueline","twitter_card":"summary_large_image","twitter_creator":"@vaillant_de","twitter_site":"@vaillant_de","twitter_misc":{"Verfasst von":"Jacqueline","Gesch\u00e4tzte Lesezeit":"7\u00a0Minuten","Written by":"Jacqueline"},"schema":{"@context":"https:\/\/schema.org","@graph":[{"@type":"Article","@id":"https:\/\/www.vaillant.de\/21-grad\/partner-beitraege\/so-wohnt-deutschland-und-so-beeinflusst-es-die-sektorziele\/#article","isPartOf":{"@id":"https:\/\/www.vaillant.de\/21-grad\/partner-beitraege\/so-wohnt-deutschland-und-so-beeinflusst-es-die-sektorziele\/"},"author":{"name":"Jacqueline","@id":"https:\/\/www.vaillant.de\/21-grad\/#\/schema\/person\/75a8b4aa6c2491a38cf9116850869d58"},"headline":"So wohnt Deutschland \u2013 und so beeinflusst es die Sektorziele","datePublished":"2024-05-15T06:49:22+00:00","dateModified":"2024-07-31T12:32:50+00:00","mainEntityOfPage":{"@id":"https:\/\/www.vaillant.de\/21-grad\/partner-beitraege\/so-wohnt-deutschland-und-so-beeinflusst-es-die-sektorziele\/"},"wordCount":1164,"commentCount":0,"image":{"@id":"https:\/\/www.vaillant.de\/21-grad\/partner-beitraege\/so-wohnt-deutschland-und-so-beeinflusst-es-die-sektorziele\/#primaryimage"},"thumbnailUrl":"https:\/\/www.vaillant.de\/21-grad\/wp-content\/uploads\/2024\/05\/20220524-vaillant-or-dogewo-0002-mkp-2610435.jpg","keywords":["Bauen und Wohnen","Energie sparen","Marktinfos"],"articleSection":["Wissen &amp; Wert","X-Partner-Beitr\u00e4ge"],"inLanguage":"de","potentialAction":[{"@type":"CommentAction","name":"Comment","target":["https:\/\/www.vaillant.de\/21-grad\/partner-beitraege\/so-wohnt-deutschland-und-so-beeinflusst-es-die-sektorziele\/#respond"]}]},{"@type":"WebPage","@id":"https:\/\/www.vaillant.de\/21-grad\/partner-beitraege\/so-wohnt-deutschland-und-so-beeinflusst-es-die-sektorziele\/","url":"https:\/\/www.vaillant.de\/21-grad\/partner-beitraege\/so-wohnt-deutschland-und-so-beeinflusst-es-die-sektorziele\/","name":"So wohnt Deutschland \u2013 dena Geb\u00e4udereport 2024 | 21 grad","isPartOf":{"@id":"https:\/\/www.vaillant.de\/21-grad\/#website"},"primaryImageOfPage":{"@id":"https:\/\/www.vaillant.de\/21-grad\/partner-beitraege\/so-wohnt-deutschland-und-so-beeinflusst-es-die-sektorziele\/#primaryimage"},"image":{"@id":"https:\/\/www.vaillant.de\/21-grad\/partner-beitraege\/so-wohnt-deutschland-und-so-beeinflusst-es-die-sektorziele\/#primaryimage"},"thumbnailUrl":"https:\/\/www.vaillant.de\/21-grad\/wp-content\/uploads\/2024\/05\/20220524-vaillant-or-dogewo-0002-mkp-2610435.jpg","datePublished":"2024-05-15T06:49:22+00:00","dateModified":"2024-07-31T12:32:50+00:00","author":{"@id":"https:\/\/www.vaillant.de\/21-grad\/#\/schema\/person\/75a8b4aa6c2491a38cf9116850869d58"},"description":"Der Geb\u00e4udesektor ist in Deutschland f\u00fcr etwa ein Drittel der CO2-Emissionen verantwortlich. Der Geb\u00e4udereport zeigt den Handlungsbedarf auf.","breadcrumb":{"@id":"https:\/\/www.vaillant.de\/21-grad\/partner-beitraege\/so-wohnt-deutschland-und-so-beeinflusst-es-die-sektorziele\/#breadcrumb"},"inLanguage":"de","potentialAction":[{"@type":"ReadAction","target":["https:\/\/www.vaillant.de\/21-grad\/partner-beitraege\/so-wohnt-deutschland-und-so-beeinflusst-es-die-sektorziele\/"]}]},{"@type":"ImageObject","inLanguage":"de","@id":"https:\/\/www.vaillant.de\/21-grad\/partner-beitraege\/so-wohnt-deutschland-und-so-beeinflusst-es-die-sektorziele\/#primaryimage","url":"https:\/\/www.vaillant.de\/21-grad\/wp-content\/uploads\/2024\/05\/20220524-vaillant-or-dogewo-0002-mkp-2610435.jpg","contentUrl":"https:\/\/www.vaillant.de\/21-grad\/wp-content\/uploads\/2024\/05\/20220524-vaillant-or-dogewo-0002-mkp-2610435.jpg","width":1000,"height":666,"caption":"Das Bild zeigt aus der Vogelperspektive eine Wohnsiedlung aus den 60er und 70er Jahren mit zahlreichen Hochh\u00e4usern und Geschosswohnungsbauten."},{"@type":"BreadcrumbList","@id":"https:\/\/www.vaillant.de\/21-grad\/partner-beitraege\/so-wohnt-deutschland-und-so-beeinflusst-es-die-sektorziele\/#breadcrumb","itemListElement":[{"@type":"ListItem","position":1,"name":"Startseite","item":"https:\/\/www.vaillant.de\/21-grad\/"},{"@type":"ListItem","position":2,"name":"So wohnt Deutschland \u2013 und so beeinflusst es die Sektorziele"}]},{"@type":"WebSite","@id":"https:\/\/www.vaillant.de\/21-grad\/#website","url":"https:\/\/www.vaillant.de\/21-grad\/","name":"21 grad","description":"Der Blog f\u00fcr Menschen, die weiterdenken","potentialAction":[{"@type":"SearchAction","target":{"@type":"EntryPoint","urlTemplate":"https:\/\/www.vaillant.de\/21-grad\/?s={search_term_string}"},"query-input":{"@type":"PropertyValueSpecification","valueRequired":true,"valueName":"search_term_string"}}],"inLanguage":"de"},{"@type":"Person","@id":"https:\/\/www.vaillant.de\/21-grad\/#\/schema\/person\/75a8b4aa6c2491a38cf9116850869d58","name":"Jacqueline","image":{"@type":"ImageObject","inLanguage":"de","@id":"https:\/\/www.vaillant.de\/21-grad\/wp-content\/uploads\/2018\/06\/Portrait-250-125x125.jpgfc8ce6b31ae0347d9e261097d2ccecbb","url":"https:\/\/www.vaillant.de\/21-grad\/wp-content\/uploads\/2018\/06\/Portrait-250-125x125.jpg","contentUrl":"https:\/\/www.vaillant.de\/21-grad\/wp-content\/uploads\/2018\/06\/Portrait-250-125x125.jpg","caption":"Jacqueline"},"description":"In meinem Arbeitsalltag dreht sich alles rund um digitale Themen. Ich sorge f\u00fcr die Auffindbarkeit des Unternehmens im Web, indem ich unsere Webseite immer wieder mit neuen und relevanten Inhalten best\u00fccke. Dabei ist mir besonders wichtig, dass Ihr schnell und einfach an gew\u00fcnschte Informationen gelangt. Nachhaltigkeit F\u00fcr mich bedeutet Nachhaltigkeit, auch im Alltag die Umwelt durch kleine Dinge zu entlasten. Ich fahre deswegen morgens mit dem Bus zur Arbeit, nehme zum Einkaufen meine Baumwollbeutel mit und kaufe bevorzugt Bioprodukte. Interessen In meiner Freizeit verbringe ich gerne viel Zeit mit Freuden, liebe meinen Tanzsport und spiele gerne Brettspiele. Zudem reise ich sehr gerne. Was w\u00fcrdest du tun, wenn du noch einen Tag zu leben h\u00e4ttest? Ich w\u00fcrde etwas Verr\u00fccktes wie einen Fallschirmsprung machen. Und anschlie\u00dfend eine gro\u00dfe Party mit Freunden. Wenn du eine Superkraft h\u00e4ttest, welche w\u00e4re das und warum? Ich w\u00fcrde gerne unter Wasser atmen k\u00f6nnen. Ich liebe die endlosen Weiten des Meeres und k\u00f6nnte den ganzen Tag im und unter Wasser verbringen. Was bringt dich zum l\u00e4cheln? Ein warmer Sommertag mit viel Sonne.","url":"https:\/\/www.vaillant.de\/21-grad\/autor\/jacqueline\/"}]}},"_links":{"self":[{"href":"https:\/\/www.vaillant.de\/21-grad\/wp-json\/wp\/v2\/posts\/8184","targetHints":{"allow":["GET"]}}],"collection":[{"href":"https:\/\/www.vaillant.de\/21-grad\/wp-json\/wp\/v2\/posts"}],"about":[{"href":"https:\/\/www.vaillant.de\/21-grad\/wp-json\/wp\/v2\/types\/post"}],"author":[{"embeddable":true,"href":"https:\/\/www.vaillant.de\/21-grad\/wp-json\/wp\/v2\/users\/14"}],"replies":[{"embeddable":true,"href":"https:\/\/www.vaillant.de\/21-grad\/wp-json\/wp\/v2\/comments?post=8184"}],"version-history":[{"count":4,"href":"https:\/\/www.vaillant.de\/21-grad\/wp-json\/wp\/v2\/posts\/8184\/revisions"}],"predecessor-version":[{"id":8204,"href":"https:\/\/www.vaillant.de\/21-grad\/wp-json\/wp\/v2\/posts\/8184\/revisions\/8204"}],"wp:featuredmedia":[{"embeddable":true,"href":"https:\/\/www.vaillant.de\/21-grad\/wp-json\/wp\/v2\/media\/8187"}],"wp:attachment":[{"href":"https:\/\/www.vaillant.de\/21-grad\/wp-json\/wp\/v2\/media?parent=8184"}],"wp:term":[{"taxonomy":"category","embeddable":true,"href":"https:\/\/www.vaillant.de\/21-grad\/wp-json\/wp\/v2\/categories?post=8184"},{"taxonomy":"post_tag","embeddable":true,"href":"https:\/\/www.vaillant.de\/21-grad\/wp-json\/wp\/v2\/tags?post=8184"},{"taxonomy":"author","embeddable":true,"href":"https:\/\/www.vaillant.de\/21-grad\/wp-json\/wp\/v2\/coauthors?post=8184"}],"curies":[{"name":"wp","href":"https:\/\/api.w.org\/{rel}","templated":true}]}}