{"id":8248,"date":"2024-06-26T14:22:17","date_gmt":"2024-06-26T12:22:17","guid":{"rendered":"https:\/\/www.vaillant.de\/21-grad\/?p=8248"},"modified":"2024-07-31T14:03:34","modified_gmt":"2024-07-31T12:03:34","slug":"fair-fashion-statt-fast-fashion-tipps-fuer-nachhaltige-kleidung","status":"publish","type":"post","link":"https:\/\/www.vaillant.de\/21-grad\/bewusst-und-sein\/fair-fashion-statt-fast-fashion-tipps-fuer-nachhaltige-kleidung\/","title":{"rendered":"Fair Fashion statt Fast Fashion: Tipps f\u00fcr nachhaltige Kleidung"},"content":{"rendered":"<h2><a href=\"https:\/\/www.vaillant.de\/21-grad\/wp-content\/uploads\/2024\/06\/iStock-536682994.jpg\"><img loading=\"lazy\" decoding=\"async\" class=\"alignright size-medium wp-image-8252\" src=\"https:\/\/www.vaillant.de\/21-grad\/wp-content\/uploads\/2024\/06\/iStock-536682994-348x232.jpg\" alt=\"Ein Haufen unsortierter Kleidung mit verschiedenen Jacken, Hosen und Hemden in diversen Farben und Materialien\" width=\"348\" height=\"232\" srcset=\"https:\/\/www.vaillant.de\/21-grad\/wp-content\/uploads\/2024\/06\/iStock-536682994-348x232.jpg 348w, https:\/\/www.vaillant.de\/21-grad\/wp-content\/uploads\/2024\/06\/iStock-536682994-720x480.jpg 720w, https:\/\/www.vaillant.de\/21-grad\/wp-content\/uploads\/2024\/06\/iStock-536682994-768x512.jpg 768w, https:\/\/www.vaillant.de\/21-grad\/wp-content\/uploads\/2024\/06\/iStock-536682994.jpg 1200w\" sizes=\"auto, (max-width: 348px) 100vw, 348px\" \/><\/a>Was ist Fast Fashion?<\/h2>\n<p>Fast Fashion ist die rasante Produktion neuer Kleidung, die nur einen kurzen Lebenszyklus hat. Zugleich beschreibt der Begriff die globalen Tendenzen nicht-nachhaltiger Mode. Die Kleidung wird h\u00e4ufig minderwertig produziert und g\u00fcnstig angeboten. Denn sie folgt schnellen Trends und muss nicht lange halten. Dieses hohe und best\u00e4ndig wachsende Produktionsvolumen von Kleidung schadet der Umwelt gleich auf mehreren Ebenen:<\/p>\n<ul>\n<li><strong>Verbrauch nat\u00fcrlicher Ressourcen:<\/strong> Textilien herzustellen ben\u00f6tigt gro\u00dfe Mengen Wasser, Land und Rohstoffe. Im Jahr 2020 hat laut <a href=\"https:\/\/www.europarl.europa.eu\/pdfs\/news\/expert\/2020\/12\/story\/20201208STO93327\/20201208STO93327_de.pdf\" target=\"_blank\" rel=\"noopener\">Europ\u00e4ischer Umweltagentur<\/a> im Durchschnitt jede Person in der EU f\u00fcr ihre Textilien 400 Quadratmeter Land, 9 Kubikliter Wasser und 391 Kilogramm Rohstoffe verbraucht.<\/li>\n<li><strong>Wasserverschmutzung:<\/strong> Kleidung zu f\u00e4rben und zu veredeln verschmutzt das Wasser. Au\u00dferdem landen beim Waschen von Kleidung aus synthetischen Materialien Mikroplastikfasern in unsere Nahrungskette und den Ozean.<\/li>\n<li><strong>Treibhausgasemissionen:<\/strong> Die Modebranche verursacht in der Produktion mehr CO<sub>2<\/sub>-Emissionen als die internationale Luft- und Seeschifffahrt zusammen.<\/li>\n<li><strong>Textilabf\u00e4lle:<\/strong> Aussortierte Kleidung kommt zu 90 Prozent in den Abfall, um schlie\u00dflich verbrannt zu werden oder auf M\u00fclldeponien zu enden. Nur ein Bruchteil von einem Prozent wird zu neuer Kleidung recycelt.<\/li>\n<\/ul>\n<h2><a href=\"https:\/\/www.vaillant.de\/21-grad\/wp-content\/uploads\/2024\/06\/iStock-1440184433.jpg\"><img loading=\"lazy\" decoding=\"async\" class=\"alignleft size-medium wp-image-8253\" src=\"https:\/\/www.vaillant.de\/21-grad\/wp-content\/uploads\/2024\/06\/iStock-1440184433-348x232.jpg\" alt=\"Mit Nadel und Faden vern\u00e4ht jemand ein Loch in einer Jeans\" width=\"348\" height=\"232\" srcset=\"https:\/\/www.vaillant.de\/21-grad\/wp-content\/uploads\/2024\/06\/iStock-1440184433-348x232.jpg 348w, https:\/\/www.vaillant.de\/21-grad\/wp-content\/uploads\/2024\/06\/iStock-1440184433-720x480.jpg 720w, https:\/\/www.vaillant.de\/21-grad\/wp-content\/uploads\/2024\/06\/iStock-1440184433-768x512.jpg 768w, https:\/\/www.vaillant.de\/21-grad\/wp-content\/uploads\/2024\/06\/iStock-1440184433.jpg 1200w\" sizes=\"auto, (max-width: 348px) 100vw, 348px\" \/><\/a>Die L\u00f6sung: nachhaltige Kleidung und bewusster Konsum<\/h2>\n<p>Um dieser Entwicklung entgegenzuwirken und die negativen Umweltauswirkungen zu verringern, arbeitet die EU an Strategien f\u00fcr nachhaltige und kreislauff\u00e4hige Mode. Die Lieferkettensorgfaltspflicht und die \u00d6kodesign-Verordnungen zur umweltgerechten Gestaltung von Produkten sind Beispiele f\u00fcr Ma\u00dfnahmen. Vereinzelt wollen L\u00e4nder wie Frankreich noch st\u00e4rker und gezielter gegen Fast Fashion vorgehen. Unabh\u00e4ngig von gesetzlichen Regelungen kann jeder etwas gegen Fast Fashion tun:<\/p>\n<ol>\n<li><strong>Fair Fashion, Slow Fashion und Co. kaufen<\/strong><br \/>\nWer g\u00e4nzlich auf Fast Fashion verzichten m\u00f6chte, setzt einfach auf das Gegenteil: Slow Fashion. Sie steht f\u00fcr bewussten und langsameren Konsum von Kleidung. Auch Fair Fashion und Green Fashion grenzen sich mit fairen und nachhaltigen Produktionsbedingungen von Fast Fashion ab. Orientierung geben verschiedene Siegel: Das <a href=\"https:\/\/www.vaillant.de\/21-grad\/bewusst-und-sein\/fair-trade-was-hinter-den-siegeln-steckt\/).\" target=\"_blank\" rel=\"noopener\">Fair Trade Siegel<\/a> kennzeichnet Kleidung, die unter sozialvertr\u00e4glichen Bedingungen produziert wurde, \u00d6ko-Siegel findet man auf Kleidung, die umweltfreundlich produziert wurde. Andere bewerten die Lieferketten von Unternehmen, ihre Transparenz oder Glaubw\u00fcrdigkeit. Auf den Seiten der <a href=\"https:\/\/www.verbraucherzentrale.de\/wissen\/umwelt-haushalt\/nachhaltigkeit\/faire-kleidung-das-bedeuten-die-siegel-7072#:~:text=G%C3%BCnstige%20Mode%20ist%20meist%20weder,einmal%20besonders%20schonend%20zum%20Geldbeutel\" target=\"_blank\" rel=\"noopener\">Verbraucherzentrale<\/a> und von <a href=\"https:\/\/www.siegelklarheit.de\/siegelverzeichnis#\/textilien;sort:rating_desc\" target=\"_blank\" rel=\"noopener\">Siegelklarheit<\/a> gibt es die Details zum Nachlesen.<\/li>\n<li><strong>Das Leben von Kleidung verl\u00e4ngern<\/strong><br \/>\nSecondhand kaufen \u2013 online zum Beispiel bei Vinted, Vestiaire oder Zalando Preowned oder nat\u00fcrlich im Laden vor Ort \u2013 und nicht mehr genutzte Sachen aus dem eigenen Kleiderschrank verkaufen oder tauschen \u2013 es gibt viele M\u00f6glichkeiten, das Leben von Kleidung zu verl\u00e4ngern. Aber auch das Loch im T-Shirt oder der Riss in der Hose m\u00fcssen nicht das Ende einl\u00e4uten. Alte T-Shirts eigenen sich prima als Lappen und l\u00f6chrige Socken zum Schuheputzen. H\u00e4ufig lohnt sich auch der Griff zum N\u00e4hzeug oder man l\u00e4sst den Profi ran. Das ist oft g\u00fcnstiger und definitiv nachhaltiger, als neu zu kaufen.<\/li>\n<li><strong>Bewusst Kleidung kaufen<\/strong><br \/>\nBraucht es das neue Top wirklich? Deutsche kaufen durchschnittlich 60 neue Kleidungsst\u00fccke im Jahr. Aber 20 Prozent der Kleidung in deutschen Kleiderschr\u00e4nken wird seltener als viermal im Jahr getragen. Also vor dem Kauf genau \u00fcberlegen und bewusst konsumieren.<\/li>\n<li><strong>Auf Qualit\u00e4t achten<\/strong><br \/>\nWer billig kauf, kauft zweimal: Fast Fashion wird minderwertig produziert, denn die Kleidung soll nicht lange halten. Daf\u00fcr ist sie verh\u00e4ltnism\u00e4\u00dfig g\u00fcnstig zu haben. Aber um bei den kurzen Trends mitzuhalten, muss st\u00e4ndig etwas Neues her. Das zeigt sich schlie\u00dflich doch am Kontostand. Qualitativ hochwertigere Kleidung ist zwar manchmal teurer, h\u00e4lt aber l\u00e4nger und verkraftet mehr. So sitzt die Jeans drei Jahre gut und nicht nur drei Tage \u2013 gut f\u00fcr die Umwelt und f\u00fcr den Geldbeutel.<\/li>\n<\/ol>\n<h2>Kleiderschrank voller Lieblingsst\u00fccke<\/h2>\n<p>Wer sein Verhalten hinterfragt und bewusst kauft, spart also Geld und schont die Umwelt. Und schafft sich nach und nach einen Kleiderschrank voller Lieblingsteile, die viele Jahre halten und gut aussehen.<\/p>\n<p>&nbsp;<\/p>\n","protected":false},"excerpt":{"rendered":"<p>Vier Milliarden Tonnen CO<sub>2<\/sub> \u2013 das ist die j\u00e4hrliche Bilanz der Textilbranche und damit ist sie die drittschmutzigste Industrie weltweit. Ein ma\u00dfgeblicher Verursacher ist Fast Fashion.<\/p>\n","protected":false},"author":23,"featured_media":8251,"comment_status":"open","ping_status":"open","sticky":false,"template":"","format":"standard","meta":{"footnotes":""},"categories":[5],"tags":[106,86,23],"coauthors":[247],"class_list":["post-8248","post","type-post","status-publish","format-standard","has-post-thumbnail","hentry","category-bewusst-und-sein","tag-konsum","tag-leben","tag-nachhaltigkeit"],"yoast_head":"<!-- This site is optimized with the Yoast SEO plugin v27.4 - https:\/\/yoast.com\/product\/yoast-seo-wordpress\/ -->\n<title>Fast Fashion vermeiden: Tipps f\u00fcr Nachhaltigkeit | 21 grad<\/title>\n<meta name=\"description\" content=\"Fair Fashion, Slow Fashion und Co. \u2013 nachhaltige Kleidung als Alternative zu Fast Fashion. Wir zeigen Euch, was Ihr tun k\u00f6nnt.\" \/>\n<meta name=\"robots\" content=\"index, follow, max-snippet:-1, max-image-preview:large, max-video-preview:-1\" \/>\n<link rel=\"canonical\" href=\"https:\/\/www.vaillant.de\/21-grad\/bewusst-und-sein\/fair-fashion-statt-fast-fashion-tipps-fuer-nachhaltige-kleidung\/\" \/>\n<meta property=\"og:locale\" content=\"de_DE\" \/>\n<meta property=\"og:type\" content=\"article\" \/>\n<meta property=\"og:title\" content=\"Fast Fashion vermeiden: Tipps f\u00fcr Nachhaltigkeit | 21 grad\" \/>\n<meta property=\"og:description\" content=\"Fair Fashion, Slow Fashion und Co. \u2013 nachhaltige Kleidung als Alternative zu Fast Fashion. Wir zeigen Euch, was Ihr tun k\u00f6nnt.\" \/>\n<meta property=\"og:url\" content=\"https:\/\/www.vaillant.de\/21-grad\/bewusst-und-sein\/fair-fashion-statt-fast-fashion-tipps-fuer-nachhaltige-kleidung\/\" \/>\n<meta property=\"og:site_name\" content=\"21 grad\" \/>\n<meta property=\"article:publisher\" content=\"https:\/\/www.facebook.com\/21grad\/\" \/>\n<meta property=\"article:published_time\" content=\"2024-06-26T12:22:17+00:00\" \/>\n<meta property=\"article:modified_time\" content=\"2024-07-31T12:03:34+00:00\" \/>\n<meta property=\"og:image\" content=\"https:\/\/www.vaillant.de\/21-grad\/wp-content\/uploads\/2024\/06\/iStock-501046381.jpg\" \/>\n\t<meta property=\"og:image:width\" content=\"1200\" \/>\n\t<meta property=\"og:image:height\" content=\"800\" \/>\n\t<meta property=\"og:image:type\" content=\"image\/jpeg\" \/>\n<meta name=\"author\" content=\"Michelle\" \/>\n<meta name=\"twitter:card\" content=\"summary_large_image\" \/>\n<meta name=\"twitter:creator\" content=\"@vaillant_de\" \/>\n<meta name=\"twitter:site\" content=\"@vaillant_de\" \/>\n<meta name=\"twitter:label1\" content=\"Verfasst von\" \/>\n\t<meta name=\"twitter:data1\" content=\"Michelle\" \/>\n\t<meta name=\"twitter:label2\" content=\"Gesch\u00e4tzte Lesezeit\" \/>\n\t<meta name=\"twitter:data2\" content=\"4\u00a0Minuten\" \/>\n\t<meta name=\"twitter:label3\" content=\"Written by\" \/>\n\t<meta name=\"twitter:data3\" content=\"Michelle\" \/>\n<script type=\"application\/ld+json\" class=\"yoast-schema-graph\">{\"@context\":\"https:\\\/\\\/schema.org\",\"@graph\":[{\"@type\":\"Article\",\"@id\":\"https:\\\/\\\/www.vaillant.de\\\/21-grad\\\/bewusst-und-sein\\\/fair-fashion-statt-fast-fashion-tipps-fuer-nachhaltige-kleidung\\\/#article\",\"isPartOf\":{\"@id\":\"https:\\\/\\\/www.vaillant.de\\\/21-grad\\\/bewusst-und-sein\\\/fair-fashion-statt-fast-fashion-tipps-fuer-nachhaltige-kleidung\\\/\"},\"author\":{\"name\":\"Michelle\",\"@id\":\"https:\\\/\\\/www.vaillant.de\\\/21-grad\\\/#\\\/schema\\\/person\\\/59dade2831f8948753cd2b0f04ca4e24\"},\"headline\":\"Fair Fashion statt Fast Fashion: Tipps f\u00fcr nachhaltige Kleidung\",\"datePublished\":\"2024-06-26T12:22:17+00:00\",\"dateModified\":\"2024-07-31T12:03:34+00:00\",\"mainEntityOfPage\":{\"@id\":\"https:\\\/\\\/www.vaillant.de\\\/21-grad\\\/bewusst-und-sein\\\/fair-fashion-statt-fast-fashion-tipps-fuer-nachhaltige-kleidung\\\/\"},\"wordCount\":643,\"commentCount\":0,\"image\":{\"@id\":\"https:\\\/\\\/www.vaillant.de\\\/21-grad\\\/bewusst-und-sein\\\/fair-fashion-statt-fast-fashion-tipps-fuer-nachhaltige-kleidung\\\/#primaryimage\"},\"thumbnailUrl\":\"https:\\\/\\\/www.vaillant.de\\\/21-grad\\\/wp-content\\\/uploads\\\/2024\\\/06\\\/iStock-501046381.jpg\",\"keywords\":[\"Konsum\",\"Leben\",\"Nachhaltigkeit\"],\"articleSection\":[\"Bewusst &amp; Sein\"],\"inLanguage\":\"de\",\"potentialAction\":[{\"@type\":\"CommentAction\",\"name\":\"Comment\",\"target\":[\"https:\\\/\\\/www.vaillant.de\\\/21-grad\\\/bewusst-und-sein\\\/fair-fashion-statt-fast-fashion-tipps-fuer-nachhaltige-kleidung\\\/#respond\"]}]},{\"@type\":\"WebPage\",\"@id\":\"https:\\\/\\\/www.vaillant.de\\\/21-grad\\\/bewusst-und-sein\\\/fair-fashion-statt-fast-fashion-tipps-fuer-nachhaltige-kleidung\\\/\",\"url\":\"https:\\\/\\\/www.vaillant.de\\\/21-grad\\\/bewusst-und-sein\\\/fair-fashion-statt-fast-fashion-tipps-fuer-nachhaltige-kleidung\\\/\",\"name\":\"Fast Fashion vermeiden: Tipps f\u00fcr Nachhaltigkeit | 21 grad\",\"isPartOf\":{\"@id\":\"https:\\\/\\\/www.vaillant.de\\\/21-grad\\\/#website\"},\"primaryImageOfPage\":{\"@id\":\"https:\\\/\\\/www.vaillant.de\\\/21-grad\\\/bewusst-und-sein\\\/fair-fashion-statt-fast-fashion-tipps-fuer-nachhaltige-kleidung\\\/#primaryimage\"},\"image\":{\"@id\":\"https:\\\/\\\/www.vaillant.de\\\/21-grad\\\/bewusst-und-sein\\\/fair-fashion-statt-fast-fashion-tipps-fuer-nachhaltige-kleidung\\\/#primaryimage\"},\"thumbnailUrl\":\"https:\\\/\\\/www.vaillant.de\\\/21-grad\\\/wp-content\\\/uploads\\\/2024\\\/06\\\/iStock-501046381.jpg\",\"datePublished\":\"2024-06-26T12:22:17+00:00\",\"dateModified\":\"2024-07-31T12:03:34+00:00\",\"author\":{\"@id\":\"https:\\\/\\\/www.vaillant.de\\\/21-grad\\\/#\\\/schema\\\/person\\\/59dade2831f8948753cd2b0f04ca4e24\"},\"description\":\"Fair Fashion, Slow Fashion und Co. \u2013 nachhaltige Kleidung als Alternative zu Fast Fashion. Wir zeigen Euch, was Ihr tun k\u00f6nnt.\",\"breadcrumb\":{\"@id\":\"https:\\\/\\\/www.vaillant.de\\\/21-grad\\\/bewusst-und-sein\\\/fair-fashion-statt-fast-fashion-tipps-fuer-nachhaltige-kleidung\\\/#breadcrumb\"},\"inLanguage\":\"de\",\"potentialAction\":[{\"@type\":\"ReadAction\",\"target\":[\"https:\\\/\\\/www.vaillant.de\\\/21-grad\\\/bewusst-und-sein\\\/fair-fashion-statt-fast-fashion-tipps-fuer-nachhaltige-kleidung\\\/\"]}]},{\"@type\":\"ImageObject\",\"inLanguage\":\"de\",\"@id\":\"https:\\\/\\\/www.vaillant.de\\\/21-grad\\\/bewusst-und-sein\\\/fair-fashion-statt-fast-fashion-tipps-fuer-nachhaltige-kleidung\\\/#primaryimage\",\"url\":\"https:\\\/\\\/www.vaillant.de\\\/21-grad\\\/wp-content\\\/uploads\\\/2024\\\/06\\\/iStock-501046381.jpg\",\"contentUrl\":\"https:\\\/\\\/www.vaillant.de\\\/21-grad\\\/wp-content\\\/uploads\\\/2024\\\/06\\\/iStock-501046381.jpg\",\"width\":1200,\"height\":800,\"caption\":\"Verschiedene bunte Kleidungsst\u00fccke h\u00e4ngen auf einer Kleiderstange\"},{\"@type\":\"BreadcrumbList\",\"@id\":\"https:\\\/\\\/www.vaillant.de\\\/21-grad\\\/bewusst-und-sein\\\/fair-fashion-statt-fast-fashion-tipps-fuer-nachhaltige-kleidung\\\/#breadcrumb\",\"itemListElement\":[{\"@type\":\"ListItem\",\"position\":1,\"name\":\"Startseite\",\"item\":\"https:\\\/\\\/www.vaillant.de\\\/21-grad\\\/\"},{\"@type\":\"ListItem\",\"position\":2,\"name\":\"Fair Fashion statt Fast Fashion: Tipps f\u00fcr nachhaltige Kleidung\"}]},{\"@type\":\"WebSite\",\"@id\":\"https:\\\/\\\/www.vaillant.de\\\/21-grad\\\/#website\",\"url\":\"https:\\\/\\\/www.vaillant.de\\\/21-grad\\\/\",\"name\":\"21 grad\",\"description\":\"Der Blog f\u00fcr Menschen, die weiterdenken\",\"potentialAction\":[{\"@type\":\"SearchAction\",\"target\":{\"@type\":\"EntryPoint\",\"urlTemplate\":\"https:\\\/\\\/www.vaillant.de\\\/21-grad\\\/?s={search_term_string}\"},\"query-input\":{\"@type\":\"PropertyValueSpecification\",\"valueRequired\":true,\"valueName\":\"search_term_string\"}}],\"inLanguage\":\"de\"},{\"@type\":\"Person\",\"@id\":\"https:\\\/\\\/www.vaillant.de\\\/21-grad\\\/#\\\/schema\\\/person\\\/59dade2831f8948753cd2b0f04ca4e24\",\"name\":\"Michelle\",\"image\":{\"@type\":\"ImageObject\",\"inLanguage\":\"de\",\"@id\":\"https:\\\/\\\/www.vaillant.de\\\/21-grad\\\/wp-content\\\/uploads\\\/2022\\\/09\\\/Michelle-125x125.jpg5cb77cea14f51d99624ecb272fba6bb0\",\"url\":\"https:\\\/\\\/www.vaillant.de\\\/21-grad\\\/wp-content\\\/uploads\\\/2022\\\/09\\\/Michelle-125x125.jpg\",\"contentUrl\":\"https:\\\/\\\/www.vaillant.de\\\/21-grad\\\/wp-content\\\/uploads\\\/2022\\\/09\\\/Michelle-125x125.jpg\",\"caption\":\"Michelle\"},\"description\":\"In meiner t\u00e4glichen Arbeit k\u00fcmmere ich mich haupts\u00e4chlich um Nutzeranfragen auf Social Media. Dabei sorge ich daf\u00fcr, dass diese Fragen und Anliegen bearbeitet werden. Nachhaltigkeit F\u00fcr mich bedeutet Nachhaltigkeit, m\u00f6glichst viele kurze Strecken zu Fu\u00df oder mit dem Fahrrad zur\u00fcckzulegen. Au\u00dferdem versuche ich durch kleine Dinge auf die Umwelt zu achten, indem ich z.B. meine eigenen Taschen zum Einkaufen mitnehme, statt bei jedem Einkauf neue T\u00fcten zu kaufen. Interessen In meiner Freizeit interessiert mich alles rund um Sport, ob selbst Handball spielen oder am Wochenende Fu\u00dfball schauen. Weiterhin reise ich sehr gerne und unternehme gerne viel mit meinen Freunden. Was wolltest du als Kind gerne werden? Als Kind wollte ich lange Zeit Tier\u00e4rztin werden. Was w\u00fcrdest du mit auf eine einsame Insel nehmen? Solange die richtigen Personen dabei sind, w\u00fcrde ich nichts mitnehmen, was \u00fcber die Standardversorgung hinaus geht. Was bringt dich zum L\u00e4cheln? Die gemeinsamen Momente mit meiner Familie und meinen Freunden bringen mich zum L\u00e4cheln. Ganz besonders die vielen flachen Witze, die von ihnen gemacht werden.\",\"url\":\"https:\\\/\\\/www.vaillant.de\\\/21-grad\\\/autor\\\/michelle\\\/\"}]}<\/script>\n<!-- \/ Yoast SEO plugin. -->","yoast_head_json":{"title":"Fast Fashion vermeiden: Tipps f\u00fcr Nachhaltigkeit | 21 grad","description":"Fair Fashion, Slow Fashion und Co. \u2013 nachhaltige Kleidung als Alternative zu Fast Fashion. Wir zeigen Euch, was Ihr tun k\u00f6nnt.","robots":{"index":"index","follow":"follow","max-snippet":"max-snippet:-1","max-image-preview":"max-image-preview:large","max-video-preview":"max-video-preview:-1"},"canonical":"https:\/\/www.vaillant.de\/21-grad\/bewusst-und-sein\/fair-fashion-statt-fast-fashion-tipps-fuer-nachhaltige-kleidung\/","og_locale":"de_DE","og_type":"article","og_title":"Fast Fashion vermeiden: Tipps f\u00fcr Nachhaltigkeit | 21 grad","og_description":"Fair Fashion, Slow Fashion und Co. \u2013 nachhaltige Kleidung als Alternative zu Fast Fashion. Wir zeigen Euch, was Ihr tun k\u00f6nnt.","og_url":"https:\/\/www.vaillant.de\/21-grad\/bewusst-und-sein\/fair-fashion-statt-fast-fashion-tipps-fuer-nachhaltige-kleidung\/","og_site_name":"21 grad","article_publisher":"https:\/\/www.facebook.com\/21grad\/","article_published_time":"2024-06-26T12:22:17+00:00","article_modified_time":"2024-07-31T12:03:34+00:00","og_image":[{"width":1200,"height":800,"url":"https:\/\/www.vaillant.de\/21-grad\/wp-content\/uploads\/2024\/06\/iStock-501046381.jpg","type":"image\/jpeg"}],"author":"Michelle","twitter_card":"summary_large_image","twitter_creator":"@vaillant_de","twitter_site":"@vaillant_de","twitter_misc":{"Verfasst von":"Michelle","Gesch\u00e4tzte Lesezeit":"4\u00a0Minuten","Written by":"Michelle"},"schema":{"@context":"https:\/\/schema.org","@graph":[{"@type":"Article","@id":"https:\/\/www.vaillant.de\/21-grad\/bewusst-und-sein\/fair-fashion-statt-fast-fashion-tipps-fuer-nachhaltige-kleidung\/#article","isPartOf":{"@id":"https:\/\/www.vaillant.de\/21-grad\/bewusst-und-sein\/fair-fashion-statt-fast-fashion-tipps-fuer-nachhaltige-kleidung\/"},"author":{"name":"Michelle","@id":"https:\/\/www.vaillant.de\/21-grad\/#\/schema\/person\/59dade2831f8948753cd2b0f04ca4e24"},"headline":"Fair Fashion statt Fast Fashion: Tipps f\u00fcr nachhaltige Kleidung","datePublished":"2024-06-26T12:22:17+00:00","dateModified":"2024-07-31T12:03:34+00:00","mainEntityOfPage":{"@id":"https:\/\/www.vaillant.de\/21-grad\/bewusst-und-sein\/fair-fashion-statt-fast-fashion-tipps-fuer-nachhaltige-kleidung\/"},"wordCount":643,"commentCount":0,"image":{"@id":"https:\/\/www.vaillant.de\/21-grad\/bewusst-und-sein\/fair-fashion-statt-fast-fashion-tipps-fuer-nachhaltige-kleidung\/#primaryimage"},"thumbnailUrl":"https:\/\/www.vaillant.de\/21-grad\/wp-content\/uploads\/2024\/06\/iStock-501046381.jpg","keywords":["Konsum","Leben","Nachhaltigkeit"],"articleSection":["Bewusst &amp; Sein"],"inLanguage":"de","potentialAction":[{"@type":"CommentAction","name":"Comment","target":["https:\/\/www.vaillant.de\/21-grad\/bewusst-und-sein\/fair-fashion-statt-fast-fashion-tipps-fuer-nachhaltige-kleidung\/#respond"]}]},{"@type":"WebPage","@id":"https:\/\/www.vaillant.de\/21-grad\/bewusst-und-sein\/fair-fashion-statt-fast-fashion-tipps-fuer-nachhaltige-kleidung\/","url":"https:\/\/www.vaillant.de\/21-grad\/bewusst-und-sein\/fair-fashion-statt-fast-fashion-tipps-fuer-nachhaltige-kleidung\/","name":"Fast Fashion vermeiden: Tipps f\u00fcr Nachhaltigkeit | 21 grad","isPartOf":{"@id":"https:\/\/www.vaillant.de\/21-grad\/#website"},"primaryImageOfPage":{"@id":"https:\/\/www.vaillant.de\/21-grad\/bewusst-und-sein\/fair-fashion-statt-fast-fashion-tipps-fuer-nachhaltige-kleidung\/#primaryimage"},"image":{"@id":"https:\/\/www.vaillant.de\/21-grad\/bewusst-und-sein\/fair-fashion-statt-fast-fashion-tipps-fuer-nachhaltige-kleidung\/#primaryimage"},"thumbnailUrl":"https:\/\/www.vaillant.de\/21-grad\/wp-content\/uploads\/2024\/06\/iStock-501046381.jpg","datePublished":"2024-06-26T12:22:17+00:00","dateModified":"2024-07-31T12:03:34+00:00","author":{"@id":"https:\/\/www.vaillant.de\/21-grad\/#\/schema\/person\/59dade2831f8948753cd2b0f04ca4e24"},"description":"Fair Fashion, Slow Fashion und Co. \u2013 nachhaltige Kleidung als Alternative zu Fast Fashion. Wir zeigen Euch, was Ihr tun k\u00f6nnt.","breadcrumb":{"@id":"https:\/\/www.vaillant.de\/21-grad\/bewusst-und-sein\/fair-fashion-statt-fast-fashion-tipps-fuer-nachhaltige-kleidung\/#breadcrumb"},"inLanguage":"de","potentialAction":[{"@type":"ReadAction","target":["https:\/\/www.vaillant.de\/21-grad\/bewusst-und-sein\/fair-fashion-statt-fast-fashion-tipps-fuer-nachhaltige-kleidung\/"]}]},{"@type":"ImageObject","inLanguage":"de","@id":"https:\/\/www.vaillant.de\/21-grad\/bewusst-und-sein\/fair-fashion-statt-fast-fashion-tipps-fuer-nachhaltige-kleidung\/#primaryimage","url":"https:\/\/www.vaillant.de\/21-grad\/wp-content\/uploads\/2024\/06\/iStock-501046381.jpg","contentUrl":"https:\/\/www.vaillant.de\/21-grad\/wp-content\/uploads\/2024\/06\/iStock-501046381.jpg","width":1200,"height":800,"caption":"Verschiedene bunte Kleidungsst\u00fccke h\u00e4ngen auf einer Kleiderstange"},{"@type":"BreadcrumbList","@id":"https:\/\/www.vaillant.de\/21-grad\/bewusst-und-sein\/fair-fashion-statt-fast-fashion-tipps-fuer-nachhaltige-kleidung\/#breadcrumb","itemListElement":[{"@type":"ListItem","position":1,"name":"Startseite","item":"https:\/\/www.vaillant.de\/21-grad\/"},{"@type":"ListItem","position":2,"name":"Fair Fashion statt Fast Fashion: Tipps f\u00fcr nachhaltige Kleidung"}]},{"@type":"WebSite","@id":"https:\/\/www.vaillant.de\/21-grad\/#website","url":"https:\/\/www.vaillant.de\/21-grad\/","name":"21 grad","description":"Der Blog f\u00fcr Menschen, die weiterdenken","potentialAction":[{"@type":"SearchAction","target":{"@type":"EntryPoint","urlTemplate":"https:\/\/www.vaillant.de\/21-grad\/?s={search_term_string}"},"query-input":{"@type":"PropertyValueSpecification","valueRequired":true,"valueName":"search_term_string"}}],"inLanguage":"de"},{"@type":"Person","@id":"https:\/\/www.vaillant.de\/21-grad\/#\/schema\/person\/59dade2831f8948753cd2b0f04ca4e24","name":"Michelle","image":{"@type":"ImageObject","inLanguage":"de","@id":"https:\/\/www.vaillant.de\/21-grad\/wp-content\/uploads\/2022\/09\/Michelle-125x125.jpg5cb77cea14f51d99624ecb272fba6bb0","url":"https:\/\/www.vaillant.de\/21-grad\/wp-content\/uploads\/2022\/09\/Michelle-125x125.jpg","contentUrl":"https:\/\/www.vaillant.de\/21-grad\/wp-content\/uploads\/2022\/09\/Michelle-125x125.jpg","caption":"Michelle"},"description":"In meiner t\u00e4glichen Arbeit k\u00fcmmere ich mich haupts\u00e4chlich um Nutzeranfragen auf Social Media. Dabei sorge ich daf\u00fcr, dass diese Fragen und Anliegen bearbeitet werden. Nachhaltigkeit F\u00fcr mich bedeutet Nachhaltigkeit, m\u00f6glichst viele kurze Strecken zu Fu\u00df oder mit dem Fahrrad zur\u00fcckzulegen. Au\u00dferdem versuche ich durch kleine Dinge auf die Umwelt zu achten, indem ich z.B. meine eigenen Taschen zum Einkaufen mitnehme, statt bei jedem Einkauf neue T\u00fcten zu kaufen. Interessen In meiner Freizeit interessiert mich alles rund um Sport, ob selbst Handball spielen oder am Wochenende Fu\u00dfball schauen. Weiterhin reise ich sehr gerne und unternehme gerne viel mit meinen Freunden. Was wolltest du als Kind gerne werden? Als Kind wollte ich lange Zeit Tier\u00e4rztin werden. Was w\u00fcrdest du mit auf eine einsame Insel nehmen? Solange die richtigen Personen dabei sind, w\u00fcrde ich nichts mitnehmen, was \u00fcber die Standardversorgung hinaus geht. Was bringt dich zum L\u00e4cheln? Die gemeinsamen Momente mit meiner Familie und meinen Freunden bringen mich zum L\u00e4cheln. Ganz besonders die vielen flachen Witze, die von ihnen gemacht werden.","url":"https:\/\/www.vaillant.de\/21-grad\/autor\/michelle\/"}]}},"_links":{"self":[{"href":"https:\/\/www.vaillant.de\/21-grad\/wp-json\/wp\/v2\/posts\/8248","targetHints":{"allow":["GET"]}}],"collection":[{"href":"https:\/\/www.vaillant.de\/21-grad\/wp-json\/wp\/v2\/posts"}],"about":[{"href":"https:\/\/www.vaillant.de\/21-grad\/wp-json\/wp\/v2\/types\/post"}],"author":[{"embeddable":true,"href":"https:\/\/www.vaillant.de\/21-grad\/wp-json\/wp\/v2\/users\/23"}],"replies":[{"embeddable":true,"href":"https:\/\/www.vaillant.de\/21-grad\/wp-json\/wp\/v2\/comments?post=8248"}],"version-history":[{"count":5,"href":"https:\/\/www.vaillant.de\/21-grad\/wp-json\/wp\/v2\/posts\/8248\/revisions"}],"predecessor-version":[{"id":8250,"href":"https:\/\/www.vaillant.de\/21-grad\/wp-json\/wp\/v2\/posts\/8248\/revisions\/8250"}],"wp:featuredmedia":[{"embeddable":true,"href":"https:\/\/www.vaillant.de\/21-grad\/wp-json\/wp\/v2\/media\/8251"}],"wp:attachment":[{"href":"https:\/\/www.vaillant.de\/21-grad\/wp-json\/wp\/v2\/media?parent=8248"}],"wp:term":[{"taxonomy":"category","embeddable":true,"href":"https:\/\/www.vaillant.de\/21-grad\/wp-json\/wp\/v2\/categories?post=8248"},{"taxonomy":"post_tag","embeddable":true,"href":"https:\/\/www.vaillant.de\/21-grad\/wp-json\/wp\/v2\/tags?post=8248"},{"taxonomy":"author","embeddable":true,"href":"https:\/\/www.vaillant.de\/21-grad\/wp-json\/wp\/v2\/coauthors?post=8248"}],"curies":[{"name":"wp","href":"https:\/\/api.w.org\/{rel}","templated":true}]}}