{"id":8521,"date":"2025-04-10T07:55:08","date_gmt":"2025-04-10T05:55:08","guid":{"rendered":"https:\/\/www.vaillant.de\/21-grad\/?p=8521"},"modified":"2026-08-07T11:24:17","modified_gmt":"2026-08-07T09:24:17","slug":"schutz-gegen-pollen-nachhaltige-loesungen-fuer-allergiker","status":"publish","type":"post","link":"https:\/\/www.vaillant.de\/21-grad\/rat-und-tat\/schutz-gegen-pollen-nachhaltige-loesungen-fuer-allergiker\/","title":{"rendered":"Pollenfilter als Schutz gegen Pollen: So bleibt der Bl\u00fctenstaub drau\u00dfen"},"content":{"rendered":"<h2>Wie kommen Pollen ins Haus und wie lange bleiben sie d<strong>ort?<\/strong><\/h2>\n<p>Pollen k\u00f6nnen sich kilometerweit durch die Luft bewegen. Sie haften an Kleidung, Schuhen, Haaren oder gelangen beim L\u00fcften direkt ins Haus. Einmal drinnen, setzen sie sich auf M\u00f6beln, Teppichen oder Vorh\u00e4ngen ab und k\u00f6nnen dort \u00fcber mehrere Stunden bis Tage aktiv bleiben. Die Herausforderung f\u00fcr Allergiker k\u00f6nnte in Zukunft sogar noch gr\u00f6\u00dfer werden. Fachleute gehen davon aus, dass der Klimawandel die Pollensaison in vielen Regionen verl\u00e4ngert und die Pollenbelastung erh\u00f6hen kann. Mildere Winter, fr\u00fchere Bl\u00fctezeiten und l\u00e4ngere Vegetationsperioden f\u00fchren dazu, dass manche Pflanzen fr\u00fcher und l\u00e4nger Pollen freisetzen. Umso wichtiger werden Ma\u00dfnahmen, die dabei helfen, die Belastung in Innenr\u00e4umen m\u00f6glichst gering zu halten.<\/p>\n<h2>Pollenfilter: So verbesserst Du Raumluft und Wohnkomfort<\/h2>\n<p><a href=\"https:\/\/www.vaillant.de\/21-grad\/wp-content\/uploads\/2025\/04\/Pollen-2.jpg\"><img loading=\"lazy\" decoding=\"async\" class=\"size-medium wp-image-8527 alignright\" src=\"https:\/\/www.vaillant.de\/21-grad\/wp-content\/uploads\/2025\/04\/Pollen-2-348x232.jpg\" alt=\"Vergleich von neuem und verschmutztem Luftfilter \u2013 sauberer wei\u00dfer Luftfilter neben stark verstaubtem, grauem Filterelement, Symbolbild f\u00fcr Luftreinhaltung, Filterwechsel und Wartung von Klimaanlagen oder L\u00fcftungssystemen.\" width=\"348\" height=\"232\" srcset=\"https:\/\/www.vaillant.de\/21-grad\/wp-content\/uploads\/2025\/04\/Pollen-2-348x232.jpg 348w, https:\/\/www.vaillant.de\/21-grad\/wp-content\/uploads\/2025\/04\/Pollen-2-720x480.jpg 720w, https:\/\/www.vaillant.de\/21-grad\/wp-content\/uploads\/2025\/04\/Pollen-2-768x512.jpg 768w, https:\/\/www.vaillant.de\/21-grad\/wp-content\/uploads\/2025\/04\/Pollen-2.jpg 995w\" sizes=\"auto, (max-width: 348px) 100vw, 348px\" \/><\/a>Eine der wirksamsten Ma\u00dfnahmen gegen Pollen in Innenr\u00e4umen sind spezielle Pollenfiltern, etwa in Luftreinigern oder L\u00fcftungssystemen. Sie entfernen nicht nur Allergene aus der Raumluft, sondern oft auch Feinstaub und andere Partikeln, wodurch das Raumklima sp\u00fcrbar verbessert wird. Moderne Filter arbeiten zudem besonders energieeffizient und tragen somit zur Gesundheit als auch zum Umweltschutz bei. Im Gegensatz zu klassischen Innenraumfiltern, wie sie etwa in Autos zum Einsatz kommen, sind Pollenfilter f\u00fcr Wohnr\u00e4ume speziell auf feinste Partikel abgestimmt. Gerade in Schlaf- und Wohnr\u00e4umen schaffen gefilterte Innenr\u00e4ume f\u00fcr viele Allergiker w\u00e4hrend der Pollensaison f\u00fcr sp\u00fcrbare Erleichterung.<\/p>\n<h2>Pollenschutzgitter f\u00fcr Fenster: Wie halten sie Pollen drau\u00dfen?<\/h2>\n<p>Wer auch w\u00e4hrend der Pollensaison regelm\u00e4\u00dfig l\u00fcften m\u00f6chte, kann auf spezielle Pollenschutzgitter f\u00fcr Fenster setzen. Die feinmaschigen Gewebe lassen Frischluft in den Raum, halten jedoch einen Gro\u00dfteil der Pollen zur\u00fcck. Damit bieten sie eine einfache M\u00f6glichkeit, die Pollenbelastung in Innenr\u00e4umen zu reduzieren, ohne dauerhaft auf ge\u00f6ffnete Fenster verzichten zu m\u00fcssen. Pollenschutzgitter lassen sich in vielen F\u00e4llen \u00e4hnlich wie klassische Fliegengitter nachr\u00fcsten und k\u00f6nnen besonders in Schlaf- und Wohnr\u00e4umen f\u00fcr mehr Komfort sorgen. Sie ersetzen zwar keine Pollenfilter, k\u00f6nnen diese aber sinnvoll erg\u00e4nzen. Zus\u00e4tzlich kann die richtige Begr\u00fcnung im Innenraum helfen: Pflanzen wie Einblatt, Efeutute oder Areca-Palme binden Staubpartikel, erh\u00f6hen die Luftfeuchtigkeit und verbessern das Raumklima und das ganz ohne Strom oder Filterwechsel.<\/p>\n<h2><strong>Stadtgr\u00fcn \u2013 allergiefreundliche Konzepte<\/strong><\/h2>\n<p>Begr\u00fcnte St\u00e4dte sind essenziell f\u00fcr die Umwelt: Sie filtern und k\u00fchlen die Luft und f\u00f6rdern so die Biodiversit\u00e4t. Doch f\u00fcr Allergiker kann ein Spaziergang durch den Park unangenehm werden. Viele Kommunen arbeiten daher eng mit Landschaftsplanern, Umwelt\u00e4mtern und Gesundheitsbeh\u00f6rden zusammen, um allergikerfreundliche Gr\u00fcnanlagen zu gestalten.<\/p>\n<div class=\"infobox alert\"><\/p>\n<h3><strong>Zentrale Kriterien f\u00fcr allergiefreundliche Stadtbegr\u00fcnung:<\/strong><\/h3>\n<ul>\n<li>Verzicht auf windbest\u00e4ubte, stark pollenproduzierende Pflanzen<br \/>\nz.\u202fB. Birke, Zypresse oder Gr\u00e4ser<\/li>\n<li>F\u00f6rderung von multispezifischen Pflanzengemeinschaften<br \/>\nstatt Monokulturen st\u00e4rkt Biodiversit\u00e4t und senkt Einzelsortenbelastung<\/li>\n<li>Ausgewogenes Verh\u00e4ltnis von m\u00e4nnlichen und weiblichen Pflanzen, denn<br \/>\nm\u00e4nnliche Pflanzen setzen meist deutlich mehr Pollen frei<\/li>\n<\/ul>\n<p>Projekte wie die zertifizierte <a href=\"https:\/\/www.borkum.de\/allgemein\/ecarf\/borkum-erste-allergikerfreundliche-insel\/\">\u201eallergikerfreundliche Insel\u201c Borkum<\/a> zeigen, wie sich Gr\u00fcnr\u00e4ume und touristische Angebote gezielt auf die Bed\u00fcrfnisse von Allergikern ausrichten lassen. Die Europ\u00e4ische Stiftung f\u00fcr Allergieforschung (ECARF) vergibt das Qualit\u00e4tssiegel f\u00fcr allergikerfreundliche Produkte und Dienstleistungen \u2013 auf Borkum sind inzwischen \u00fcber 100 Ferienunterk\u00fcnfte, Hotels und Betriebe entsprechend zertifiziert.<\/p>\n<p><\/div>\n<h2><strong>Digitale Helfer: Welche Pollen fliegen heute?<\/strong><\/h2>\n<p>Dank digitaler Tools k\u00f6nnen sich Allergiker tagesaktuell \u00fcber die Pollenbelastung informieren. Der\u00a0<a href=\"https:\/\/www.dwd.de\/DE\/leistungen\/gefahrenindizespollen\/gefahrenindexpollen.html\">Pollenflug-Gefahrenindex des Deutschen Wetterdienstes<\/a>, Prognosen von Portalen wie\u00a0<a href=\"https:\/\/www.wetteronline.de\/pollenflug-vorhersage\">wetteronline<\/a> sowie verschiedene <a href=\"https:\/\/www.pollenstiftung.de\/pollenvorhersage\/pollenapps.html\">Apps<\/a> informieren tagesaktuell \u00fcber die Belastung in der Umgebung. So l\u00e4sst sich gezielt l\u00fcften oder der Alltag besser planen \u2013 etwa bei Spazierg\u00e4ngen oder dem Aufh\u00e4ngen von W\u00e4sche. Viele dieser Anwendungen nutzen nachhaltige Prognosemodelle, die ohne \u00fcberm\u00e4\u00dfigen Datenverbrauch auskommen.<\/p>\n<h2><strong>K\u00f6nnen L\u00fcftungssysteme und W\u00e4rmepumpen beim Pollenschutz helfen?<\/strong><\/h2>\n<p>F\u00fcr viele Allergiker wird die Pollensaison zur Gratwanderung: Einerseits ist regelm\u00e4\u00dfiges L\u00fcften wichtig f\u00fcr ein angenehmes Raumklima, andererseits gelangen dabei oft unerw\u00fcnschte Allergene ins Haus. Moderne Geb\u00e4udetechnologien k\u00f6nnen hier unterst\u00fctzen. Kontrollierte Wohnrauml\u00fcftungen sorgen f\u00fcr einen kontinuierlichen Luftaustausch, ohne dass Fenster dauerhaft ge\u00f6ffnet werden m\u00fcssen. In Kombination mit geeigneten Filtersystemen kann die Belastung durch Pollen in Innenr\u00e4umen deutlich reduziert werden. Gleichzeitig bleibt die Luftqualit\u00e4t auch an Tagen mit hoher Pollenkonzentration konstant.<\/p>\n<p>Auch <a href=\"https:\/\/www.vaillant.de\/produkte\/waermepumpen\/\">W\u00e4rmepumpen<\/a> k\u00f6nnen w\u00e4hrend der Pollensaison zum Wohnkomfort beitragen. Modelle mit K\u00fchlfunktion erm\u00f6glichen angenehme Raumtemperaturen an warmen Fr\u00fchjahrs- und Sommertagen, sodass seltener \u00fcber l\u00e4ngere Zeit gel\u00fcftet werden muss. Das kann insbesondere in Regionen mit starkem Pollenflug von Vorteil sein. Alles Wichtige Rund um die K\u00fchlfunktion von W\u00e4rmepumpen findest Du <a href=\"https:\/\/www.vaillant.de\/ratgeber\/technologie-verstehen\/waermepumpe\/kuehlen-mit-waermepumpe\/\">hier<\/a>! Ein zus\u00e4tzlicher Vorteil: W\u00e4rmepumpen arbeiten h\u00e4ufig in Kombination mit Luftumw\u00e4lzungssystemen. Dabei wird die vorhandene Raumluft zirkuliert und, je nach System, durch Filter geleitet, die Schwebstoffe wie Staub und teilweise auch Pollen reduzieren k\u00f6nnen. Zwar ersetzen sie keine spezialisierten Luftreiniger, tragen aber dazu bei, die Gesamtbelastung im Raum zu senken.<\/p>\n<p>Besonders interessant wird es, wenn W\u00e4rmepumpe und L\u00fcftungsanlage aufeinander abgestimmt sind. In solchen Systeml\u00f6sungen lassen sich Temperatur, Luftfeuchtigkeit und Luftqualit\u00e4t gezielt steuern. Eine stabile, leicht k\u00fchlere Innenraumtemperatur kann zudem verhindern, dass sich Pollen in der Luft st\u00e4rker aufwirbeln sie bleiben eher gebunden und setzen sich schneller ab.<\/p>\n<div class=\"infobox hint\"><\/p>\n<h2>Gut zu wissen: Pollen und Technik<\/h2>\n<p>W\u00e4hrend der Pollensaison lagern sich Bl\u00fctenstaub und andere Partikel nicht nur auf Gartenm\u00f6beln oder Fensterb\u00e4nken ab, sondern auch an technischen Anlagen im Au\u00dfenbereich. Deshalb sollten W\u00e4rmepumpen und L\u00fcftungssysteme regelm\u00e4\u00dfig <a href=\"https:\/\/www.vaillant.de\/21-grad\/partner-beitraege\/waermepumpe-reinigen-tipps-fuer-die-richtige-pflege\/\">gereinigt<\/a> und gem\u00e4\u00df den Herstellerempfehlungen <a href=\"https:\/\/www.vaillant.de\/service\/wartung\/wartungsvertrag-waermepumpe\/\">gewartet<\/a> werden. Saubere Komponenten tragen dazu bei, dass die Systeme effizient arbeiten und dauerhaft f\u00fcr ein angenehmes Raumklima sorgen.<\/p>\n<p><\/div>\n<h2><strong>Was ist der beste Schutz gegen Pollen unterwegs?<\/strong><\/h2>\n<p><strong><a href=\"https:\/\/www.vaillant.de\/21-grad\/wp-content\/uploads\/2025\/04\/Pollen-3.jpg\"><img loading=\"lazy\" decoding=\"async\" class=\"size-medium wp-image-8528 alignleft\" src=\"https:\/\/www.vaillant.de\/21-grad\/wp-content\/uploads\/2025\/04\/Pollen-3-345x232.jpg\" alt=\"Bl\u00fchende Haselzweige mit gelben K\u00e4tzchen, aus denen feiner Bl\u00fctenstaub in die Luft abgegeben wird.\" width=\"345\" height=\"232\" srcset=\"https:\/\/www.vaillant.de\/21-grad\/wp-content\/uploads\/2025\/04\/Pollen-3-345x232.jpg 345w, https:\/\/www.vaillant.de\/21-grad\/wp-content\/uploads\/2025\/04\/Pollen-3-713x480.jpg 713w, https:\/\/www.vaillant.de\/21-grad\/wp-content\/uploads\/2025\/04\/Pollen-3-768x517.jpg 768w, https:\/\/www.vaillant.de\/21-grad\/wp-content\/uploads\/2025\/04\/Pollen-3.jpg 1053w\" sizes=\"auto, (max-width: 345px) 100vw, 345px\" \/><\/a><\/strong>Wer w\u00e4hrend der Pollensaison viel Zeit im Freien verbringt, kann die Belastung durch Pollen zus\u00e4tzlich reduzieren. Besonders an Tagen mit hoher Pollenkonzentration helfen Schutzma\u00dfnahmen dabei, Allergene nicht direkt einzuatmen. Wiederverwendbare Pollenschutzmasken aus Bio-Baumwolle oder mit Aktivkohlefiltern bieten zus\u00e4tzlichen Schutz, ohne unn\u00f6tigen M\u00fcll zu erzeugen. Gerade in stark belasteten Umgebungen oder an Hochsaisontagen sind sie eine sinnvolle Erg\u00e4nzung zu Schutzma\u00dfnahmen gegen Pollen in Innenr\u00e4umen. Auch FFP2-Masken und vergleichbare Atemschutzmasken k\u00f6nnen die Pollenbelastung deutlich verringern, da sie selbst feinste Partikel zuverl\u00e4ssig aus der Atemluft filtern.<\/p>\n<h2><strong>Fazit: Pollenfilter als Baustein f<\/strong><strong>\u00fcr mehr<\/strong><strong> Wohnqualit\u00e4t<\/strong><\/h2>\n<p>Pollenallergien lassen sich zwar nicht verhindern, ihre Auswirkungen im Alltag jedoch deutlich reduzieren. Von Pollenschutzgittern \u00fcber digitale Pollenflugvorhersagen bis hin zu modernen Pollenfiltern gibt es heute zahlreiche M\u00f6glichkeiten, die Belastung in Innenr\u00e4umen zu verringern. Gerade vor dem Hintergrund l\u00e4ngerer Pollensaisons gewinnen solche Ma\u00dfnahmen zunehmend an Bedeutung. Besonders Pollenfilter k\u00f6nnen dazu beitragen, Allergene aus der Raumluft fernzuhalten und Wohnr\u00e4ume auch w\u00e4hrend starker Pollenflugphasen angenehmer zu machen. In Kombination mit weiteren Schutzma\u00dfnahmen entsteht so ein Umfeld, in dem sich Allergiker zuhause wohler f\u00fchlen k\u00f6nnen. Welche L\u00f6sungen habt ihr bei euch zuhause schon umgesetzt ausprobiert? Wir freuen uns auf eure Kommentare!<\/p>\n","protected":false},"excerpt":{"rendered":"<p>Der Fr\u00fchling bringt nicht nur bl\u00fchende Landschaften und sonnige Tage, sondern f\u00fcr viele Menschen auch tr\u00e4nende Augen, Niesanf\u00e4lle und eine laufende Nase. Sch\u00e4tzungen zufolge leidet mittlerweile rund jeder f\u00fcnfte Erwachsene in Deutschland [LH4.1]unter einer Pollenallergie. Umso wichtiger wird die Frage, wie sich die Belastung in den eigenen vier W\u00e4nden reduzieren l\u00e4sst. Von Pollenschutzgittern \u00fcber Pollenfilter bis hin zu modernen L\u00fcftungs- und Klimatisierungsl\u00f6sungen gibt es heute zahlreiche M\u00f6glichkeiten, Pollen aus Innenr\u00e4umen fernzuhalten und das Raumklima sp\u00fcrbar zu verbessern.<\/p>\n","protected":false},"author":26,"featured_media":8526,"comment_status":"open","ping_status":"open","sticky":false,"template":"","format":"standard","meta":{"footnotes":""},"categories":[2],"tags":[151,86],"coauthors":[253],"class_list":["post-8521","post","type-post","status-publish","format-standard","has-post-thumbnail","hentry","category-rat-und-tat","tag-gesundheit","tag-leben"],"yoast_head":"<!-- This site is optimized with the Yoast SEO plugin v28.2 - https:\/\/yoast.com\/product\/yoast-seo-wordpress\/ -->\n<title>Pollenfilter: Nachhaltige L\u00f6sungen f\u00fcr Allergiker | 21 grad<\/title>\n<meta name=\"description\" content=\"Was hilft gegen Pollen im Zimmer? Erfahre, wie Pollenfilter, Pollenschutzgitter bis hin zu W\u00e4rmepumpen die Raumluft verbessern und Allergiker entlasten k\u00f6nnen.\" \/>\n<meta name=\"robots\" content=\"index, follow, max-snippet:-1, max-image-preview:large, max-video-preview:-1\" \/>\n<link rel=\"canonical\" href=\"https:\/\/www.vaillant.de\/21-grad\/rat-und-tat\/schutz-gegen-pollen-nachhaltige-loesungen-fuer-allergiker\/\" \/>\n<meta property=\"og:locale\" content=\"de_DE\" \/>\n<meta property=\"og:type\" content=\"article\" \/>\n<meta property=\"og:title\" content=\"Pollenfilter: Nachhaltige L\u00f6sungen f\u00fcr Allergiker | 21 grad\" \/>\n<meta property=\"og:description\" content=\"Was hilft gegen Pollen im Zimmer? Erfahre, wie Pollenfilter, Pollenschutzgitter bis hin zu W\u00e4rmepumpen die Raumluft verbessern und Allergiker entlasten k\u00f6nnen.\" \/>\n<meta property=\"og:url\" content=\"https:\/\/www.vaillant.de\/21-grad\/rat-und-tat\/schutz-gegen-pollen-nachhaltige-loesungen-fuer-allergiker\/\" \/>\n<meta property=\"og:site_name\" content=\"21 grad\" \/>\n<meta property=\"article:publisher\" content=\"https:\/\/www.facebook.com\/21grad\/\" \/>\n<meta property=\"article:published_time\" content=\"2025-04-10T05:55:08+00:00\" \/>\n<meta property=\"article:modified_time\" content=\"2026-08-07T09:24:17+00:00\" \/>\n<meta property=\"og:image\" content=\"https:\/\/www.vaillant.de\/21-grad\/wp-content\/uploads\/2025\/04\/Pollen-1.jpg\" \/>\n\t<meta property=\"og:image:width\" content=\"1067\" \/>\n\t<meta property=\"og:image:height\" content=\"711\" \/>\n\t<meta property=\"og:image:type\" content=\"image\/jpeg\" \/>\n<meta name=\"author\" content=\"Lorena\" \/>\n<meta name=\"twitter:card\" content=\"summary_large_image\" \/>\n<meta name=\"twitter:creator\" content=\"@vaillant_de\" \/>\n<meta name=\"twitter:site\" content=\"@vaillant_de\" \/>\n<meta name=\"twitter:label1\" content=\"Verfasst von\" \/>\n\t<meta name=\"twitter:data1\" content=\"Lorena\" \/>\n\t<meta name=\"twitter:label2\" content=\"Gesch\u00e4tzte Lesezeit\" \/>\n\t<meta name=\"twitter:data2\" content=\"7\u00a0Minuten\" \/>\n\t<meta name=\"twitter:label3\" content=\"Written by\" \/>\n\t<meta name=\"twitter:data3\" content=\"Lorena\" \/>\n<script type=\"application\/ld+json\" class=\"yoast-schema-graph\">{\"@context\":\"https:\\\/\\\/schema.org\",\"@graph\":[{\"@type\":\"Article\",\"@id\":\"https:\\\/\\\/www.vaillant.de\\\/21-grad\\\/rat-und-tat\\\/schutz-gegen-pollen-nachhaltige-loesungen-fuer-allergiker\\\/#article\",\"isPartOf\":{\"@id\":\"https:\\\/\\\/www.vaillant.de\\\/21-grad\\\/rat-und-tat\\\/schutz-gegen-pollen-nachhaltige-loesungen-fuer-allergiker\\\/\"},\"author\":{\"name\":\"Lorena\",\"@id\":\"https:\\\/\\\/www.vaillant.de\\\/21-grad\\\/#\\\/schema\\\/person\\\/64bb3ed01d8d62d6fc3b965454e1d031\"},\"headline\":\"Pollenfilter als Schutz gegen Pollen: So bleibt der Bl\u00fctenstaub drau\u00dfen\",\"datePublished\":\"2025-04-10T05:55:08+00:00\",\"dateModified\":\"2026-08-07T09:24:17+00:00\",\"mainEntityOfPage\":{\"@id\":\"https:\\\/\\\/www.vaillant.de\\\/21-grad\\\/rat-und-tat\\\/schutz-gegen-pollen-nachhaltige-loesungen-fuer-allergiker\\\/\"},\"wordCount\":1199,\"commentCount\":0,\"image\":{\"@id\":\"https:\\\/\\\/www.vaillant.de\\\/21-grad\\\/rat-und-tat\\\/schutz-gegen-pollen-nachhaltige-loesungen-fuer-allergiker\\\/#primaryimage\"},\"thumbnailUrl\":\"https:\\\/\\\/www.vaillant.de\\\/21-grad\\\/wp-content\\\/uploads\\\/2025\\\/04\\\/Pollen-1.jpg\",\"keywords\":[\"Gesundheit\",\"Leben\"],\"articleSection\":[\"Rat &amp; Tat\"],\"inLanguage\":\"de\",\"potentialAction\":[{\"@type\":\"CommentAction\",\"name\":\"Comment\",\"target\":[\"https:\\\/\\\/www.vaillant.de\\\/21-grad\\\/rat-und-tat\\\/schutz-gegen-pollen-nachhaltige-loesungen-fuer-allergiker\\\/#respond\"]}]},{\"@type\":\"WebPage\",\"@id\":\"https:\\\/\\\/www.vaillant.de\\\/21-grad\\\/rat-und-tat\\\/schutz-gegen-pollen-nachhaltige-loesungen-fuer-allergiker\\\/\",\"url\":\"https:\\\/\\\/www.vaillant.de\\\/21-grad\\\/rat-und-tat\\\/schutz-gegen-pollen-nachhaltige-loesungen-fuer-allergiker\\\/\",\"name\":\"Pollenfilter: Nachhaltige L\u00f6sungen f\u00fcr Allergiker | 21 grad\",\"isPartOf\":{\"@id\":\"https:\\\/\\\/www.vaillant.de\\\/21-grad\\\/#website\"},\"primaryImageOfPage\":{\"@id\":\"https:\\\/\\\/www.vaillant.de\\\/21-grad\\\/rat-und-tat\\\/schutz-gegen-pollen-nachhaltige-loesungen-fuer-allergiker\\\/#primaryimage\"},\"image\":{\"@id\":\"https:\\\/\\\/www.vaillant.de\\\/21-grad\\\/rat-und-tat\\\/schutz-gegen-pollen-nachhaltige-loesungen-fuer-allergiker\\\/#primaryimage\"},\"thumbnailUrl\":\"https:\\\/\\\/www.vaillant.de\\\/21-grad\\\/wp-content\\\/uploads\\\/2025\\\/04\\\/Pollen-1.jpg\",\"datePublished\":\"2025-04-10T05:55:08+00:00\",\"dateModified\":\"2026-08-07T09:24:17+00:00\",\"author\":{\"@id\":\"https:\\\/\\\/www.vaillant.de\\\/21-grad\\\/#\\\/schema\\\/person\\\/64bb3ed01d8d62d6fc3b965454e1d031\"},\"description\":\"Was hilft gegen Pollen im Zimmer? Erfahre, wie Pollenfilter, Pollenschutzgitter bis hin zu W\u00e4rmepumpen die Raumluft verbessern und Allergiker entlasten k\u00f6nnen.\",\"breadcrumb\":{\"@id\":\"https:\\\/\\\/www.vaillant.de\\\/21-grad\\\/rat-und-tat\\\/schutz-gegen-pollen-nachhaltige-loesungen-fuer-allergiker\\\/#breadcrumb\"},\"inLanguage\":\"de\",\"potentialAction\":[{\"@type\":\"ReadAction\",\"target\":[\"https:\\\/\\\/www.vaillant.de\\\/21-grad\\\/rat-und-tat\\\/schutz-gegen-pollen-nachhaltige-loesungen-fuer-allergiker\\\/\"]}]},{\"@type\":\"ImageObject\",\"inLanguage\":\"de\",\"@id\":\"https:\\\/\\\/www.vaillant.de\\\/21-grad\\\/rat-und-tat\\\/schutz-gegen-pollen-nachhaltige-loesungen-fuer-allergiker\\\/#primaryimage\",\"url\":\"https:\\\/\\\/www.vaillant.de\\\/21-grad\\\/wp-content\\\/uploads\\\/2025\\\/04\\\/Pollen-1.jpg\",\"contentUrl\":\"https:\\\/\\\/www.vaillant.de\\\/21-grad\\\/wp-content\\\/uploads\\\/2025\\\/04\\\/Pollen-1.jpg\",\"width\":1067,\"height\":711,\"caption\":\"Pollenflug im Fr\u00fchling \u2013 bl\u00fchender Baum mit gr\u00fcnem Laub unter blauem Himmel, umgeben von fliegenden Pollenpartikeln in der Luft, Symbolbild f\u00fcr Heuschnupfen und Allergiezeit\"},{\"@type\":\"BreadcrumbList\",\"@id\":\"https:\\\/\\\/www.vaillant.de\\\/21-grad\\\/rat-und-tat\\\/schutz-gegen-pollen-nachhaltige-loesungen-fuer-allergiker\\\/#breadcrumb\",\"itemListElement\":[{\"@type\":\"ListItem\",\"position\":1,\"name\":\"Startseite\",\"item\":\"https:\\\/\\\/www.vaillant.de\\\/21-grad\\\/\"},{\"@type\":\"ListItem\",\"position\":2,\"name\":\"Pollenfilter als Schutz gegen Pollen: So bleibt der Bl\u00fctenstaub drau\u00dfen\"}]},{\"@type\":\"WebSite\",\"@id\":\"https:\\\/\\\/www.vaillant.de\\\/21-grad\\\/#website\",\"url\":\"https:\\\/\\\/www.vaillant.de\\\/21-grad\\\/\",\"name\":\"21 grad\",\"description\":\"Der Blog f\u00fcr Menschen, die weiterdenken\",\"potentialAction\":[{\"@type\":\"SearchAction\",\"target\":{\"@type\":\"EntryPoint\",\"urlTemplate\":\"https:\\\/\\\/www.vaillant.de\\\/21-grad\\\/?s={search_term_string}\"},\"query-input\":{\"@type\":\"PropertyValueSpecification\",\"valueRequired\":true,\"valueName\":\"search_term_string\"}}],\"inLanguage\":\"de\"},{\"@type\":\"Person\",\"@id\":\"https:\\\/\\\/www.vaillant.de\\\/21-grad\\\/#\\\/schema\\\/person\\\/64bb3ed01d8d62d6fc3b965454e1d031\",\"name\":\"Lorena\",\"image\":{\"@type\":\"ImageObject\",\"inLanguage\":\"de\",\"@id\":\"https:\\\/\\\/www.vaillant.de\\\/21-grad\\\/wp-content\\\/uploads\\\/2025\\\/04\\\/20230502_Vaillant-Mitarbeitershooting-Lennep_0045_MKP_100-125x125.jpg3845af5a66923cc212a0c6c57ae1c3a4\",\"url\":\"https:\\\/\\\/www.vaillant.de\\\/21-grad\\\/wp-content\\\/uploads\\\/2025\\\/04\\\/20230502_Vaillant-Mitarbeitershooting-Lennep_0045_MKP_100-125x125.jpg\",\"contentUrl\":\"https:\\\/\\\/www.vaillant.de\\\/21-grad\\\/wp-content\\\/uploads\\\/2025\\\/04\\\/20230502_Vaillant-Mitarbeitershooting-Lennep_0045_MKP_100-125x125.jpg\",\"caption\":\"Lorena\"},\"description\":\"In meiner Rolle als E-Mail-Marketing-Manager B2C liegt mein Fokus darauf, eine effektive und ansprechende E-Mail-Kommunikation mit unseren Kunden zu gestalten. Von der sorgf\u00e4ltigen Auswahl der relevanten Daten bis hin zur kreativen Erstellung und dem pr\u00e4zisen Versand der E-Mails sorge ich daf\u00fcr, dass unsere Botschaften genau dort ankommen, wo sie sollen. Nachhaltigkeit Nachhaltigkeit ist mir wichtig, und ich versuche, in meinem Alltag bewusst darauf zu achten. Zum Beispiel benutze ich Jutebeutel, wenn ich einkaufen gehe. Au\u00dferdem erledige ich so viel wie m\u00f6glich zu Fu\u00df. Das schont nicht nur die Umwelt, sondern tut auch meiner Gesundheit gut. Beim Einkaufen achte ich darauf, nur die Lebensmittel zu kaufen, die ich tats\u00e4chlich verbrauchen kann. Interessen Ich liebe es, mit Freunden beim Fu\u00dfball unterwegs zu sein, um unsere Mannschaft zu unterst\u00fctzen. In den Bergen f\u00fchle ich mich besonders wohl, sei es beim Skifahren, beim Wandern oder einfach beim Genie\u00dfen der beeindruckenden Aussicht. Dar\u00fcber hinaus finde ich gro\u00dfe Freude am Basteln, wo ich meiner Kreativit\u00e4t freien Lauf lasse, und am Backen, bei dem ich gerne meine Lieblingsrezepte aber auch neue ausprobiere. Was bringt dich auf die Palme? Tickende Uhren k\u00f6nnen mich wahnsinnig machen. Dieses konstante Ger\u00e4usch im Hintergrund, st\u00f6rt meine Konzentration und bringt mich aus der Ruhe.\",\"url\":\"https:\\\/\\\/www.vaillant.de\\\/21-grad\\\/autor\\\/lorena\\\/\"}]}<\/script>\n<!-- \/ Yoast SEO plugin. -->","yoast_head_json":{"title":"Pollenfilter: Nachhaltige L\u00f6sungen f\u00fcr Allergiker | 21 grad","description":"Was hilft gegen Pollen im Zimmer? Erfahre, wie Pollenfilter, Pollenschutzgitter bis hin zu W\u00e4rmepumpen die Raumluft verbessern und Allergiker entlasten k\u00f6nnen.","robots":{"index":"index","follow":"follow","max-snippet":"max-snippet:-1","max-image-preview":"max-image-preview:large","max-video-preview":"max-video-preview:-1"},"canonical":"https:\/\/www.vaillant.de\/21-grad\/rat-und-tat\/schutz-gegen-pollen-nachhaltige-loesungen-fuer-allergiker\/","og_locale":"de_DE","og_type":"article","og_title":"Pollenfilter: Nachhaltige L\u00f6sungen f\u00fcr Allergiker | 21 grad","og_description":"Was hilft gegen Pollen im Zimmer? Erfahre, wie Pollenfilter, Pollenschutzgitter bis hin zu W\u00e4rmepumpen die Raumluft verbessern und Allergiker entlasten k\u00f6nnen.","og_url":"https:\/\/www.vaillant.de\/21-grad\/rat-und-tat\/schutz-gegen-pollen-nachhaltige-loesungen-fuer-allergiker\/","og_site_name":"21 grad","article_publisher":"https:\/\/www.facebook.com\/21grad\/","article_published_time":"2025-04-10T05:55:08+00:00","article_modified_time":"2026-08-07T09:24:17+00:00","og_image":[{"width":1067,"height":711,"url":"https:\/\/www.vaillant.de\/21-grad\/wp-content\/uploads\/2025\/04\/Pollen-1.jpg","type":"image\/jpeg"}],"author":"Lorena","twitter_card":"summary_large_image","twitter_creator":"@vaillant_de","twitter_site":"@vaillant_de","twitter_misc":{"Verfasst von":"Lorena","Gesch\u00e4tzte Lesezeit":"7\u00a0Minuten","Written by":"Lorena"},"schema":{"@context":"https:\/\/schema.org","@graph":[{"@type":"Article","@id":"https:\/\/www.vaillant.de\/21-grad\/rat-und-tat\/schutz-gegen-pollen-nachhaltige-loesungen-fuer-allergiker\/#article","isPartOf":{"@id":"https:\/\/www.vaillant.de\/21-grad\/rat-und-tat\/schutz-gegen-pollen-nachhaltige-loesungen-fuer-allergiker\/"},"author":{"name":"Lorena","@id":"https:\/\/www.vaillant.de\/21-grad\/#\/schema\/person\/64bb3ed01d8d62d6fc3b965454e1d031"},"headline":"Pollenfilter als Schutz gegen Pollen: So bleibt der Bl\u00fctenstaub drau\u00dfen","datePublished":"2025-04-10T05:55:08+00:00","dateModified":"2026-08-07T09:24:17+00:00","mainEntityOfPage":{"@id":"https:\/\/www.vaillant.de\/21-grad\/rat-und-tat\/schutz-gegen-pollen-nachhaltige-loesungen-fuer-allergiker\/"},"wordCount":1199,"commentCount":0,"image":{"@id":"https:\/\/www.vaillant.de\/21-grad\/rat-und-tat\/schutz-gegen-pollen-nachhaltige-loesungen-fuer-allergiker\/#primaryimage"},"thumbnailUrl":"https:\/\/www.vaillant.de\/21-grad\/wp-content\/uploads\/2025\/04\/Pollen-1.jpg","keywords":["Gesundheit","Leben"],"articleSection":["Rat &amp; Tat"],"inLanguage":"de","potentialAction":[{"@type":"CommentAction","name":"Comment","target":["https:\/\/www.vaillant.de\/21-grad\/rat-und-tat\/schutz-gegen-pollen-nachhaltige-loesungen-fuer-allergiker\/#respond"]}]},{"@type":"WebPage","@id":"https:\/\/www.vaillant.de\/21-grad\/rat-und-tat\/schutz-gegen-pollen-nachhaltige-loesungen-fuer-allergiker\/","url":"https:\/\/www.vaillant.de\/21-grad\/rat-und-tat\/schutz-gegen-pollen-nachhaltige-loesungen-fuer-allergiker\/","name":"Pollenfilter: Nachhaltige L\u00f6sungen f\u00fcr Allergiker | 21 grad","isPartOf":{"@id":"https:\/\/www.vaillant.de\/21-grad\/#website"},"primaryImageOfPage":{"@id":"https:\/\/www.vaillant.de\/21-grad\/rat-und-tat\/schutz-gegen-pollen-nachhaltige-loesungen-fuer-allergiker\/#primaryimage"},"image":{"@id":"https:\/\/www.vaillant.de\/21-grad\/rat-und-tat\/schutz-gegen-pollen-nachhaltige-loesungen-fuer-allergiker\/#primaryimage"},"thumbnailUrl":"https:\/\/www.vaillant.de\/21-grad\/wp-content\/uploads\/2025\/04\/Pollen-1.jpg","datePublished":"2025-04-10T05:55:08+00:00","dateModified":"2026-08-07T09:24:17+00:00","author":{"@id":"https:\/\/www.vaillant.de\/21-grad\/#\/schema\/person\/64bb3ed01d8d62d6fc3b965454e1d031"},"description":"Was hilft gegen Pollen im Zimmer? Erfahre, wie Pollenfilter, Pollenschutzgitter bis hin zu W\u00e4rmepumpen die Raumluft verbessern und Allergiker entlasten k\u00f6nnen.","breadcrumb":{"@id":"https:\/\/www.vaillant.de\/21-grad\/rat-und-tat\/schutz-gegen-pollen-nachhaltige-loesungen-fuer-allergiker\/#breadcrumb"},"inLanguage":"de","potentialAction":[{"@type":"ReadAction","target":["https:\/\/www.vaillant.de\/21-grad\/rat-und-tat\/schutz-gegen-pollen-nachhaltige-loesungen-fuer-allergiker\/"]}]},{"@type":"ImageObject","inLanguage":"de","@id":"https:\/\/www.vaillant.de\/21-grad\/rat-und-tat\/schutz-gegen-pollen-nachhaltige-loesungen-fuer-allergiker\/#primaryimage","url":"https:\/\/www.vaillant.de\/21-grad\/wp-content\/uploads\/2025\/04\/Pollen-1.jpg","contentUrl":"https:\/\/www.vaillant.de\/21-grad\/wp-content\/uploads\/2025\/04\/Pollen-1.jpg","width":1067,"height":711,"caption":"Pollenflug im Fr\u00fchling \u2013 bl\u00fchender Baum mit gr\u00fcnem Laub unter blauem Himmel, umgeben von fliegenden Pollenpartikeln in der Luft, Symbolbild f\u00fcr Heuschnupfen und Allergiezeit"},{"@type":"BreadcrumbList","@id":"https:\/\/www.vaillant.de\/21-grad\/rat-und-tat\/schutz-gegen-pollen-nachhaltige-loesungen-fuer-allergiker\/#breadcrumb","itemListElement":[{"@type":"ListItem","position":1,"name":"Startseite","item":"https:\/\/www.vaillant.de\/21-grad\/"},{"@type":"ListItem","position":2,"name":"Pollenfilter als Schutz gegen Pollen: So bleibt der Bl\u00fctenstaub drau\u00dfen"}]},{"@type":"WebSite","@id":"https:\/\/www.vaillant.de\/21-grad\/#website","url":"https:\/\/www.vaillant.de\/21-grad\/","name":"21 grad","description":"Der Blog f\u00fcr Menschen, die weiterdenken","potentialAction":[{"@type":"SearchAction","target":{"@type":"EntryPoint","urlTemplate":"https:\/\/www.vaillant.de\/21-grad\/?s={search_term_string}"},"query-input":{"@type":"PropertyValueSpecification","valueRequired":true,"valueName":"search_term_string"}}],"inLanguage":"de"},{"@type":"Person","@id":"https:\/\/www.vaillant.de\/21-grad\/#\/schema\/person\/64bb3ed01d8d62d6fc3b965454e1d031","name":"Lorena","image":{"@type":"ImageObject","inLanguage":"de","@id":"https:\/\/www.vaillant.de\/21-grad\/wp-content\/uploads\/2025\/04\/20230502_Vaillant-Mitarbeitershooting-Lennep_0045_MKP_100-125x125.jpg3845af5a66923cc212a0c6c57ae1c3a4","url":"https:\/\/www.vaillant.de\/21-grad\/wp-content\/uploads\/2025\/04\/20230502_Vaillant-Mitarbeitershooting-Lennep_0045_MKP_100-125x125.jpg","contentUrl":"https:\/\/www.vaillant.de\/21-grad\/wp-content\/uploads\/2025\/04\/20230502_Vaillant-Mitarbeitershooting-Lennep_0045_MKP_100-125x125.jpg","caption":"Lorena"},"description":"In meiner Rolle als E-Mail-Marketing-Manager B2C liegt mein Fokus darauf, eine effektive und ansprechende E-Mail-Kommunikation mit unseren Kunden zu gestalten. Von der sorgf\u00e4ltigen Auswahl der relevanten Daten bis hin zur kreativen Erstellung und dem pr\u00e4zisen Versand der E-Mails sorge ich daf\u00fcr, dass unsere Botschaften genau dort ankommen, wo sie sollen. Nachhaltigkeit Nachhaltigkeit ist mir wichtig, und ich versuche, in meinem Alltag bewusst darauf zu achten. Zum Beispiel benutze ich Jutebeutel, wenn ich einkaufen gehe. Au\u00dferdem erledige ich so viel wie m\u00f6glich zu Fu\u00df. Das schont nicht nur die Umwelt, sondern tut auch meiner Gesundheit gut. Beim Einkaufen achte ich darauf, nur die Lebensmittel zu kaufen, die ich tats\u00e4chlich verbrauchen kann. Interessen Ich liebe es, mit Freunden beim Fu\u00dfball unterwegs zu sein, um unsere Mannschaft zu unterst\u00fctzen. In den Bergen f\u00fchle ich mich besonders wohl, sei es beim Skifahren, beim Wandern oder einfach beim Genie\u00dfen der beeindruckenden Aussicht. Dar\u00fcber hinaus finde ich gro\u00dfe Freude am Basteln, wo ich meiner Kreativit\u00e4t freien Lauf lasse, und am Backen, bei dem ich gerne meine Lieblingsrezepte aber auch neue ausprobiere. Was bringt dich auf die Palme? Tickende Uhren k\u00f6nnen mich wahnsinnig machen. Dieses konstante Ger\u00e4usch im Hintergrund, st\u00f6rt meine Konzentration und bringt mich aus der Ruhe.","url":"https:\/\/www.vaillant.de\/21-grad\/autor\/lorena\/"}]}},"_links":{"self":[{"href":"https:\/\/www.vaillant.de\/21-grad\/wp-json\/wp\/v2\/posts\/8521","targetHints":{"allow":["GET"]}}],"collection":[{"href":"https:\/\/www.vaillant.de\/21-grad\/wp-json\/wp\/v2\/posts"}],"about":[{"href":"https:\/\/www.vaillant.de\/21-grad\/wp-json\/wp\/v2\/types\/post"}],"author":[{"embeddable":true,"href":"https:\/\/www.vaillant.de\/21-grad\/wp-json\/wp\/v2\/users\/26"}],"replies":[{"embeddable":true,"href":"https:\/\/www.vaillant.de\/21-grad\/wp-json\/wp\/v2\/comments?post=8521"}],"version-history":[{"count":4,"href":"https:\/\/www.vaillant.de\/21-grad\/wp-json\/wp\/v2\/posts\/8521\/revisions"}],"predecessor-version":[{"id":9148,"href":"https:\/\/www.vaillant.de\/21-grad\/wp-json\/wp\/v2\/posts\/8521\/revisions\/9148"}],"wp:featuredmedia":[{"embeddable":true,"href":"https:\/\/www.vaillant.de\/21-grad\/wp-json\/wp\/v2\/media\/8526"}],"wp:attachment":[{"href":"https:\/\/www.vaillant.de\/21-grad\/wp-json\/wp\/v2\/media?parent=8521"}],"wp:term":[{"taxonomy":"category","embeddable":true,"href":"https:\/\/www.vaillant.de\/21-grad\/wp-json\/wp\/v2\/categories?post=8521"},{"taxonomy":"post_tag","embeddable":true,"href":"https:\/\/www.vaillant.de\/21-grad\/wp-json\/wp\/v2\/tags?post=8521"},{"taxonomy":"author","embeddable":true,"href":"https:\/\/www.vaillant.de\/21-grad\/wp-json\/wp\/v2\/coauthors?post=8521"}],"curies":[{"name":"wp","href":"https:\/\/api.w.org\/{rel}","templated":true}]}}