{"id":8656,"date":"2025-06-30T14:32:10","date_gmt":"2025-06-30T12:32:10","guid":{"rendered":"https:\/\/www.vaillant.de\/21-grad\/?p=8656"},"modified":"2025-06-30T15:08:10","modified_gmt":"2025-06-30T13:08:10","slug":"smart-home-wie-sich-mit-intelligenter-technik-energie-sparen-laesst","status":"publish","type":"post","link":"https:\/\/www.vaillant.de\/21-grad\/technik-und-trends\/smart-home-wie-sich-mit-intelligenter-technik-energie-sparen-laesst\/","title":{"rendered":"Smart Home: Wie sich mit intelligenter Technik Energie sparen l\u00e4sst"},"content":{"rendered":"<p>Sie nutzen Energie dann, wenn sie am kosteng\u00fcnstigsten ist &#8211; etwa bei sonnenreichen Stunden, in denen die Waschmaschine mit PV-Energie gestartet oder das E-Auto geladen werden kann. So l\u00e4sst sich selbsterzeugte Energie effizient nutzen und Kosten sparen. Und das nicht nur im Neubau, sondern auch im Altbau l\u00e4sst sich mit wenigen Anpassungen viel erreichen.<\/p>\n<div class=\"infobox hint\"><\/p>\n<p><strong>Was ist ein Smart Home?<\/strong><\/p>\n<p>Ein Smart Home vernetzt Ger\u00e4te und Systeme im Haushalt, etwa Heizung, Beleuchtung, Rolll\u00e4den, oder auch Ladeinfrastruktur f\u00fcr E-Autos. Die Steuerung erfolgt zentral \u2013 per App, Sprachassistent oder automatisiert \u00fcber Zeitpl\u00e4ne und Sensoren. Technisch m\u00f6glich ist das per WLAN, Funkstandards wie Zigbee oder Z-Wave, Bluetooth oder kabelgebundene Systeme wie KNX. Viele Systeme lernen mit und passen sich an Gewohnheiten oder Umwelteinfl\u00fcsse wie Temperatur, Lichtverh\u00e4ltnisse oder Wetterdaten an. So entstehen nicht nur neue Komfortfunktionen, sondern auch echte Einsparpotenziale beim Energieverbrauch.<\/p>\n<p><\/div>\n<h2><strong>Smarte Haushaltsger\u00e4te im vernetzten Zuhause<\/strong><\/h2>\n<p>Auch klassische Haushaltsger\u00e4te werden im Smart Home zu intelligenten Helfern. Ob Waschmaschine, Geschirrsp\u00fcler, K\u00fchlschrank oder Backofen \u2013 viele Modelle lassen sich heute vernetzen und bequem per App oder Sprachsteuerung bedienen. So warnt der K\u00fchlschrank, wenn die T\u00fcr offensteht oder Back\u00f6fen heizen vor, noch bevor man die K\u00fcche betritt. Die Ger\u00e4te kommunizieren mit dem Energiesystem im Haus, nutzen Strom effizienter, helfen, Energie zu sparen und den \u00dcberblick \u00fcber den Verbrauch zu behalten.<\/p>\n<h2><strong>Smart Home Beleuchtung: Nur dann, wenn sie gebraucht wird<\/strong><\/h2>\n<p>Licht nach Bedarf statt Dauerbeleuchtung: Smarte Leuchten reagieren auf Bewegung oder <a href=\"https:\/\/www.vaillant.de\/21-grad\/wissen-und-wert\/gut-zu-wissen-warum-licht-so-wichtig-ist\/\">Tageslicht<\/a> und helfen so, Strom zu sparen. Besonders in selten genutzten R\u00e4umen wie Fluren, G\u00e4ste-WCs oder Abstellkammern ergibt sich durch den Einsatz von Bewegungsmeldern ein sp\u00fcrbarer Mehrwert. Moderne Sensoren erkennen zudem die Helligkeit im Raum und dimmen k\u00fcnstliches Licht, wenn ausreichend Tageslicht vorhanden ist.<\/p>\n<p>F\u00fcr den Einstieg gen\u00fcgt oft schon der Austausch herk\u00f6mmlicher Gl\u00fchbirnen durch smarte LED-Leuchtmittel. Diese lassen sich per App oder Sprachassistent steuern und nach Bedarf dimmen. Wer vorhandene Lampen weiter nutzen m\u00f6chte, kann auch auf smarte Lichtschalter setzen, die sich in bestehende Systeme integrieren lassen. Die Verbindung l\u00e4uft je nach Modell \u00fcber WLAN, Bluetooth oder Funkstandards wie Zigbee. F\u00fcr umfangreichere Anwendungen, etwa die Einbindung mehrerer R\u00e4ume oder die Kombination mit Bewegungs- und Lichtsensoren, ist oft eine Steuerzentrale (Bridge oder Gateway) erforderlich. Wichtig bei der Auswahl: Die Systeme sollten untereinander kompatibel sein und sich idealerweise in bestehende Smart-Home-L\u00f6sungen integrieren lassen.<\/p>\n<h2><strong>Intelligente Beschattung: K\u00fchle R\u00e4ume dank smarter Steuerung<\/strong><\/h2>\n<p><a href=\"https:\/\/www.vaillant.de\/21-grad\/wp-content\/uploads\/2025\/06\/iStock-2208111831.jpg\"><img loading=\"lazy\" decoding=\"async\" class=\"wp-image-8661 size-medium alignright\" src=\"https:\/\/www.vaillant.de\/21-grad\/wp-content\/uploads\/2025\/06\/iStock-2208111831-348x232.jpg\" alt=\"Im Hintergrund Holzjalousien, im Vordergrund eine Hand mit einer Fernbedienung\" width=\"348\" height=\"232\" srcset=\"https:\/\/www.vaillant.de\/21-grad\/wp-content\/uploads\/2025\/06\/iStock-2208111831-348x232.jpg 348w, https:\/\/www.vaillant.de\/21-grad\/wp-content\/uploads\/2025\/06\/iStock-2208111831-720x480.jpg 720w, https:\/\/www.vaillant.de\/21-grad\/wp-content\/uploads\/2025\/06\/iStock-2208111831-768x512.jpg 768w, https:\/\/www.vaillant.de\/21-grad\/wp-content\/uploads\/2025\/06\/iStock-2208111831-1536x1024.jpg 1536w, https:\/\/www.vaillant.de\/21-grad\/wp-content\/uploads\/2025\/06\/iStock-2208111831.jpg 2000w\" sizes=\"auto, (max-width: 348px) 100vw, 348px\" \/><\/a>Gro\u00dfe Fensterfronten sorgen f\u00fcr Tageslicht, aber auch f\u00fcr schnelle Aufheizung im Sommer. Hier helfen intelligente Beschattungsl\u00f6sungen wie automatische Rolll\u00e4den, Jalousien oder Markisen. Sie reagieren auf Sonnenstand, Lichtintensit\u00e4t und Au\u00dfentemperatur per Sensor und schlie\u00dfen sich von selbst, lange bevor sich die R\u00e4ume aufheizen. Das spart K\u00fchlenergie und macht den Einsatz von Ventilatoren oder Klimaanlagen oft \u00fcberfl\u00fcssig. Erg\u00e4nzend helfen thermisch optimierte Fenster mit spezieller Folierung oder Beschichtung dabei, Hitze drau\u00dfen zu halten. In Altbauten lassen sich Rolll\u00e4den h\u00e4ufig einfach nachr\u00fcsten, entweder elektrisch oder mit solarbetriebenen Modellen, die keine aufw\u00e4ndigen Leitungen ben\u00f6tigen.<\/p>\n<div class=\"infobox alert\"><\/p>\n<p><strong>myVAILLANT<\/strong>\u00a0<strong> App: Die Heizung intelligent steuern<\/strong>\u00a0<strong><br \/>\n<\/strong><\/p>\n<p>Die <a href=\"https:\/\/www.vaillant.de\/heizung\/produkte\/mobile-apps\/myvaillant-app\/\">myVAILLANT App<\/a> \u00a0bietet eine zentrale Oberfl\u00e4che zur Steuerung und \u00dcberwachung von internetf\u00e4higen Vaillant W\u00e4rmeerzeugern, wie Heizungen und W\u00e4rmepumpen.\u00a0 Sie erm\u00f6glicht den optimierten Betrieb durch:<\/p>\n<ul>\n<li>Temperaturregelung f\u00fcr einzelne R\u00e4ume oder das gesamte Geb\u00e4ude<\/li>\n<li>Verwaltung von Heizprogrammen<\/li>\n<li>Anzeige von Energieverbrauch und Systemstatus<\/li>\n<li>St\u00f6rungsmeldungen in Echtzeit<\/li>\n<li>Optionale Fernwartung durch Fachpartner<\/li>\n<\/ul>\n<p><\/div>\n<h2>Energiemanagement: W\u00e4rmepumpe trifft Photovoltaik<\/h2>\n<p>Wenn das Zuhause mit einer Photovoltaikanlage selbst Strom erzeugt, lohnt es sich, diesen m\u00f6glichst effizient zu nutzen. Eine zentrale Rolle spielt dabei die <a href=\"https:\/\/www.vaillant.de\/heizung\/produkte\/heizung-im-smart-home\/smarte-warmepumpe\/\">W\u00e4rmepumpe<\/a> \u2013 vor allem in Kombination mit einer PV-Anlage ergeben sich hier gro\u00dfe Einsparpotenziale. Damit sie besonders wirtschaftlich arbeitet, sollte der Betrieb bevorzugt dann stattfinden, wenn Strom g\u00fcnstig oder selbst verf\u00fcgbar ist. Hier intelligentes Energiemanagement an: Es verkn\u00fcpft Verbrauch, Erzeugung und Wetterdaten, um die W\u00e4rmepumpe vorausschauend und kostenoptimiert zu steuern.<\/p>\n<p>Mit <a href=\"https:\/\/energymanagement.myvaillant.com\/welcome\">EnergiePLUS<\/a> bietet Vaillant eine digitale L\u00f6sung, die genau das erm\u00f6glicht, ganz ohne zus\u00e4tzliche Hardware oder Installationsaufwand. Der Service ist f\u00fcr internetf\u00e4hige W\u00e4rmepumpen von Vaillant verf\u00fcgbar und l\u00e4sst sich direkt \u00fcber das myVAILLANT Portal aktivieren. EnergiePLUS nutzt Wetterprognosen und smarte Algorithmen, um beispielsweise die Warmwasserbereitung gezielt in Zeiten hoher Sonneneinstrahlung zu verschieben. So wird der Eigenverbrauch von Solarstrom erh\u00f6ht, w\u00e4hrend die Energiekosten sinken. Aber auch ohne PV-Anlage kann EnergiePLUS Vorteile bringen, denn <a href=\"https:\/\/www.vaillant.de\/heizung\/heizung-verstehen\/tipps-rund-um-ihre-heizung\/dynamische-stromtarife\/\">dynamische Stromtarife<\/a> werden ebenfalls ber\u00fccksichtigt. Dadurch wird der W\u00e4rmepumpenbetrieb automatisch in Phasen verlagert, in denen der Strom besonders g\u00fcnstig ist. K\u00fcnftig ist au\u00dferdem die Ber\u00fccksichtigung dynamischer Netzentgelte in Planung.<\/p>\n<p>Wie eine intelligente Kombination aus W\u00e4rmepumpe, Photovoltaik und Energiemanagement im Alltag aussieht, zeigt die Vaillant Objektreportage \u00fcber ein <a href=\"https:\/\/www.vaillant.de\/heizung\/produkte\/referenzen\/einfamilienhauser\/einfamilienhaus-kaufungen\/\">modernisiertes Einfamilienhaus in Kaufungen<\/a>.<\/p>\n<div class=\"infobox hint\"><\/p>\n<p><strong>Gut zu wissen:<\/strong><\/p>\n<p>Wer noch keine Photovoltaikanlage hat, kann mit der Komplettl\u00f6sung von Vaillant und SolarEdge ein optimal abgestimmtes Gesamtpaket nutzen \u2013 bestehend aus PV-Anlage, Batteriespeicher, W\u00e4rmepumpe, Wallbox und intelligenter Vernetzung. Alle Komponenten arbeiten nahtlos zusammen und sorgen f\u00fcr maximale Energieeffizienz im vernetzten Zuhause.<\/p>\n<p><\/div>\n<h2><strong>Bidirektionales Laden: Wird das E-Auto bald zum flexiblen <\/strong><strong>?<\/strong><\/h2>\n<p>In einigen Haushalten ist das E-Auto l\u00e4ngst mehr als nur Fortbewegungsmittel \u2013 es kann Teil des Energiemanagements werden. Beim sogenannten bidirektionalen Laden \u00fcbernimmt der Fahrzeugakku eine Doppelfunktion: Er speichert \u00fcbersch\u00fcssige Energie \u2013 etwa aus der eigenen Photovoltaikanlage \u2013 und gibt sie bei Bedarf wieder ins Hausnetz zur\u00fcck. So l\u00e4sst sich selbst erzeugter Strom besser nutzen, der Zukauf aus dem Netz reduzieren und die Stromkosten sinken. Voraussetzung ist eine kompatible Ladeinfrastruktur, insbesondere eine bidirektionale Wallbox sowie ein E-Auto, das die R\u00fcckspeisung unterst\u00fctzt.<\/p>\n<p><a href=\"https:\/\/www.vaillant.de\/21-grad\/wp-content\/uploads\/2025\/06\/iStock-1494245074.jpg\"><img loading=\"lazy\" decoding=\"async\" class=\"alignleft wp-image-8662 size-medium\" src=\"https:\/\/www.vaillant.de\/21-grad\/wp-content\/uploads\/2025\/06\/iStock-1494245074-421x232.jpg\" alt=\"\" width=\"421\" height=\"232\" srcset=\"https:\/\/www.vaillant.de\/21-grad\/wp-content\/uploads\/2025\/06\/iStock-1494245074-421x232.jpg 421w, https:\/\/www.vaillant.de\/21-grad\/wp-content\/uploads\/2025\/06\/iStock-1494245074-872x480.jpg 872w, https:\/\/www.vaillant.de\/21-grad\/wp-content\/uploads\/2025\/06\/iStock-1494245074-768x423.jpg 768w, https:\/\/www.vaillant.de\/21-grad\/wp-content\/uploads\/2025\/06\/iStock-1494245074-1536x846.jpg 1536w, https:\/\/www.vaillant.de\/21-grad\/wp-content\/uploads\/2025\/06\/iStock-1494245074.jpg 2000w\" sizes=\"auto, (max-width: 421px) 100vw, 421px\" \/><\/a>Aktuell ist die Auswahl an geeigneten Fahrzeugmodellen und Wallboxen noch begrenzt, doch der Markt entwickelt sich rasant. Erste Systeme erm\u00f6glichen bereits, Strom gezielt zu g\u00fcnstigen Zeiten zu laden, etwa nachts, und ihn tags\u00fcber zu nutzen &#8211; etwa wenn Strom teurer ist oder im Haushalt besonders viel verbraucht wird. Rechtlich bestehen aktuell noch H\u00fcrden: Fragen zur Einspeiseverg\u00fctung, zur steuerlichen Behandlung oder zur Garantie beim h\u00e4ufigen Be- und Entladen sind noch nicht abschlie\u00dfend gekl\u00e4rt. Trotzdem zeigt das bidirektionale Laden, wie das Smart Home k\u00fcnftig noch st\u00e4rker mit der Mobilit\u00e4t verzahnt wird.<\/p>\n","protected":false},"excerpt":{"rendered":"<p>Licht, das sich selbst ausschaltet. Heizungen, die wissen, wann jemand zu Hause ist. Und ein Blick aufs Smartphone reicht, um den Stromverbrauch im Blick zu behalten. Smart-Home-Technologien machen das Wohnen nicht nur bequemer, sondern auch nachhaltiger.<\/p>\n","protected":false},"author":19,"featured_media":8660,"comment_status":"open","ping_status":"open","sticky":false,"template":"","format":"standard","meta":{"footnotes":""},"categories":[4],"tags":[172,167,51],"coauthors":[243],"class_list":["post-8656","post","type-post","status-publish","format-standard","has-post-thumbnail","hentry","category-technik-und-trends","tag-bauen-und-wohnen","tag-digitale-trends","tag-energie-sparen"],"yoast_head":"<!-- This site is optimized with the Yoast SEO plugin v27.4 - https:\/\/yoast.com\/product\/yoast-seo-wordpress\/ -->\n<title>Intelligent Energie sparen mit Smart Home | 21 grad<\/title>\n<meta name=\"description\" content=\"Smart Home clever nutzen: Von smarter Beleuchtung \u00fcber automatisierte Beschattung bis zu bidirektionalem Laden \u2013 so optimieren Sie Ihren Energieverbrauch.\" \/>\n<meta name=\"robots\" content=\"index, follow, max-snippet:-1, max-image-preview:large, max-video-preview:-1\" \/>\n<link rel=\"canonical\" href=\"https:\/\/www.vaillant.de\/21-grad\/technik-und-trends\/smart-home-wie-sich-mit-intelligenter-technik-energie-sparen-laesst\/\" \/>\n<meta property=\"og:locale\" content=\"de_DE\" \/>\n<meta property=\"og:type\" content=\"article\" \/>\n<meta property=\"og:title\" content=\"Intelligent Energie sparen mit Smart Home | 21 grad\" \/>\n<meta property=\"og:description\" content=\"Smart Home clever nutzen: Von smarter Beleuchtung \u00fcber automatisierte Beschattung bis zu bidirektionalem Laden \u2013 so optimieren Sie Ihren Energieverbrauch.\" \/>\n<meta property=\"og:url\" content=\"https:\/\/www.vaillant.de\/21-grad\/technik-und-trends\/smart-home-wie-sich-mit-intelligenter-technik-energie-sparen-laesst\/\" \/>\n<meta property=\"og:site_name\" content=\"21 grad\" \/>\n<meta property=\"article:publisher\" content=\"https:\/\/www.facebook.com\/21grad\/\" \/>\n<meta property=\"article:published_time\" content=\"2025-06-30T12:32:10+00:00\" \/>\n<meta property=\"article:modified_time\" content=\"2025-06-30T13:08:10+00:00\" \/>\n<meta property=\"og:image\" content=\"https:\/\/www.vaillant.de\/21-grad\/wp-content\/uploads\/2025\/06\/iStock-1647580878.jpg\" \/>\n\t<meta property=\"og:image:width\" content=\"2000\" \/>\n\t<meta property=\"og:image:height\" content=\"1211\" \/>\n\t<meta property=\"og:image:type\" content=\"image\/jpeg\" \/>\n<meta name=\"author\" content=\"Tim\" \/>\n<meta name=\"twitter:card\" content=\"summary_large_image\" \/>\n<meta name=\"twitter:creator\" content=\"@vaillant_de\" \/>\n<meta name=\"twitter:site\" content=\"@vaillant_de\" \/>\n<meta name=\"twitter:label1\" content=\"Verfasst von\" \/>\n\t<meta name=\"twitter:data1\" content=\"Tim\" \/>\n\t<meta name=\"twitter:label2\" content=\"Gesch\u00e4tzte Lesezeit\" \/>\n\t<meta name=\"twitter:data2\" content=\"6\u00a0Minuten\" \/>\n\t<meta name=\"twitter:label3\" content=\"Written by\" \/>\n\t<meta name=\"twitter:data3\" content=\"Tim\" \/>\n<script type=\"application\/ld+json\" class=\"yoast-schema-graph\">{\"@context\":\"https:\\\/\\\/schema.org\",\"@graph\":[{\"@type\":\"Article\",\"@id\":\"https:\\\/\\\/www.vaillant.de\\\/21-grad\\\/technik-und-trends\\\/smart-home-wie-sich-mit-intelligenter-technik-energie-sparen-laesst\\\/#article\",\"isPartOf\":{\"@id\":\"https:\\\/\\\/www.vaillant.de\\\/21-grad\\\/technik-und-trends\\\/smart-home-wie-sich-mit-intelligenter-technik-energie-sparen-laesst\\\/\"},\"author\":{\"name\":\"Tim\",\"@id\":\"https:\\\/\\\/www.vaillant.de\\\/21-grad\\\/#\\\/schema\\\/person\\\/6c5f5a4071f0c7be145a9df11dac0709\"},\"headline\":\"Smart Home: Wie sich mit intelligenter Technik Energie sparen l\u00e4sst\",\"datePublished\":\"2025-06-30T12:32:10+00:00\",\"dateModified\":\"2025-06-30T13:08:10+00:00\",\"mainEntityOfPage\":{\"@id\":\"https:\\\/\\\/www.vaillant.de\\\/21-grad\\\/technik-und-trends\\\/smart-home-wie-sich-mit-intelligenter-technik-energie-sparen-laesst\\\/\"},\"wordCount\":1069,\"commentCount\":0,\"image\":{\"@id\":\"https:\\\/\\\/www.vaillant.de\\\/21-grad\\\/technik-und-trends\\\/smart-home-wie-sich-mit-intelligenter-technik-energie-sparen-laesst\\\/#primaryimage\"},\"thumbnailUrl\":\"https:\\\/\\\/www.vaillant.de\\\/21-grad\\\/wp-content\\\/uploads\\\/2025\\\/06\\\/iStock-1647580878.jpg\",\"keywords\":[\"Bauen und Wohnen\",\"digitale Trends\",\"Energie sparen\"],\"articleSection\":[\"Technik &amp; Trends\"],\"inLanguage\":\"de\",\"potentialAction\":[{\"@type\":\"CommentAction\",\"name\":\"Comment\",\"target\":[\"https:\\\/\\\/www.vaillant.de\\\/21-grad\\\/technik-und-trends\\\/smart-home-wie-sich-mit-intelligenter-technik-energie-sparen-laesst\\\/#respond\"]}]},{\"@type\":\"WebPage\",\"@id\":\"https:\\\/\\\/www.vaillant.de\\\/21-grad\\\/technik-und-trends\\\/smart-home-wie-sich-mit-intelligenter-technik-energie-sparen-laesst\\\/\",\"url\":\"https:\\\/\\\/www.vaillant.de\\\/21-grad\\\/technik-und-trends\\\/smart-home-wie-sich-mit-intelligenter-technik-energie-sparen-laesst\\\/\",\"name\":\"Intelligent Energie sparen mit Smart Home | 21 grad\",\"isPartOf\":{\"@id\":\"https:\\\/\\\/www.vaillant.de\\\/21-grad\\\/#website\"},\"primaryImageOfPage\":{\"@id\":\"https:\\\/\\\/www.vaillant.de\\\/21-grad\\\/technik-und-trends\\\/smart-home-wie-sich-mit-intelligenter-technik-energie-sparen-laesst\\\/#primaryimage\"},\"image\":{\"@id\":\"https:\\\/\\\/www.vaillant.de\\\/21-grad\\\/technik-und-trends\\\/smart-home-wie-sich-mit-intelligenter-technik-energie-sparen-laesst\\\/#primaryimage\"},\"thumbnailUrl\":\"https:\\\/\\\/www.vaillant.de\\\/21-grad\\\/wp-content\\\/uploads\\\/2025\\\/06\\\/iStock-1647580878.jpg\",\"datePublished\":\"2025-06-30T12:32:10+00:00\",\"dateModified\":\"2025-06-30T13:08:10+00:00\",\"author\":{\"@id\":\"https:\\\/\\\/www.vaillant.de\\\/21-grad\\\/#\\\/schema\\\/person\\\/6c5f5a4071f0c7be145a9df11dac0709\"},\"description\":\"Smart Home clever nutzen: Von smarter Beleuchtung \u00fcber automatisierte Beschattung bis zu bidirektionalem Laden \u2013 so optimieren Sie Ihren Energieverbrauch.\",\"breadcrumb\":{\"@id\":\"https:\\\/\\\/www.vaillant.de\\\/21-grad\\\/technik-und-trends\\\/smart-home-wie-sich-mit-intelligenter-technik-energie-sparen-laesst\\\/#breadcrumb\"},\"inLanguage\":\"de\",\"potentialAction\":[{\"@type\":\"ReadAction\",\"target\":[\"https:\\\/\\\/www.vaillant.de\\\/21-grad\\\/technik-und-trends\\\/smart-home-wie-sich-mit-intelligenter-technik-energie-sparen-laesst\\\/\"]}]},{\"@type\":\"ImageObject\",\"inLanguage\":\"de\",\"@id\":\"https:\\\/\\\/www.vaillant.de\\\/21-grad\\\/technik-und-trends\\\/smart-home-wie-sich-mit-intelligenter-technik-energie-sparen-laesst\\\/#primaryimage\",\"url\":\"https:\\\/\\\/www.vaillant.de\\\/21-grad\\\/wp-content\\\/uploads\\\/2025\\\/06\\\/iStock-1647580878.jpg\",\"contentUrl\":\"https:\\\/\\\/www.vaillant.de\\\/21-grad\\\/wp-content\\\/uploads\\\/2025\\\/06\\\/iStock-1647580878.jpg\",\"width\":2000,\"height\":1211,\"caption\":\"Eine Hand bedient ein Smartphone, in Kreisen ringsherum verschiedene Smart-Home-Symbole\"},{\"@type\":\"BreadcrumbList\",\"@id\":\"https:\\\/\\\/www.vaillant.de\\\/21-grad\\\/technik-und-trends\\\/smart-home-wie-sich-mit-intelligenter-technik-energie-sparen-laesst\\\/#breadcrumb\",\"itemListElement\":[{\"@type\":\"ListItem\",\"position\":1,\"name\":\"Startseite\",\"item\":\"https:\\\/\\\/www.vaillant.de\\\/21-grad\\\/\"},{\"@type\":\"ListItem\",\"position\":2,\"name\":\"Smart Home: Wie sich mit intelligenter Technik Energie sparen l\u00e4sst\"}]},{\"@type\":\"WebSite\",\"@id\":\"https:\\\/\\\/www.vaillant.de\\\/21-grad\\\/#website\",\"url\":\"https:\\\/\\\/www.vaillant.de\\\/21-grad\\\/\",\"name\":\"21 grad\",\"description\":\"Der Blog f\u00fcr Menschen, die weiterdenken\",\"potentialAction\":[{\"@type\":\"SearchAction\",\"target\":{\"@type\":\"EntryPoint\",\"urlTemplate\":\"https:\\\/\\\/www.vaillant.de\\\/21-grad\\\/?s={search_term_string}\"},\"query-input\":{\"@type\":\"PropertyValueSpecification\",\"valueRequired\":true,\"valueName\":\"search_term_string\"}}],\"inLanguage\":\"de\"},{\"@type\":\"Person\",\"@id\":\"https:\\\/\\\/www.vaillant.de\\\/21-grad\\\/#\\\/schema\\\/person\\\/6c5f5a4071f0c7be145a9df11dac0709\",\"name\":\"Tim\",\"image\":{\"@type\":\"ImageObject\",\"inLanguage\":\"de\",\"@id\":\"https:\\\/\\\/www.vaillant.de\\\/21-grad\\\/wp-content\\\/uploads\\\/2025\\\/04\\\/20230516_Vaillant-Mitarbeitershooting-Lennep_0005_MKP-1-125x125.jpg9c05c6497faaba75d1eddfe0b2afcc63\",\"url\":\"https:\\\/\\\/www.vaillant.de\\\/21-grad\\\/wp-content\\\/uploads\\\/2025\\\/04\\\/20230516_Vaillant-Mitarbeitershooting-Lennep_0005_MKP-1-125x125.jpg\",\"contentUrl\":\"https:\\\/\\\/www.vaillant.de\\\/21-grad\\\/wp-content\\\/uploads\\\/2025\\\/04\\\/20230516_Vaillant-Mitarbeitershooting-Lennep_0005_MKP-1-125x125.jpg\",\"caption\":\"Tim\"},\"description\":\"Ob Facebook oder Twitter, ob # oder @, ob Like oder Share \u2013 in meinem Arbeitsalltag dreht sich alles um Social Media. Ich sorge daf\u00fcr, dass unsere Zielgruppen sowohl informative als auch unterhaltsame und interaktive Inhalte mit Mehrwert auf unseren Kan\u00e4len finden. Nachhaltigkeit Nachhaltigkeit spielt vor allem in meiner Bewegung eine Rolle, da ich so viele Wege wie m\u00f6glich mit dem Rad zur\u00fccklege, u.a. den Weg zur Arbeit. Meiner Meinung nach wird viel zu oft auf das Auto zur\u00fcckgegriffen, vor allem f\u00fcr unn\u00f6tige Kurzstrecken unter 10 oder sogar weniger Minuten. Interessen Fu\u00dfball, Skifahren, Fitness, Unternehmungen in der Natur, Musik. Was w\u00fcrdest du mit auf eine einsame Insel nehmen? Einen Plattenspieler, ein gutes Buch und einen erfrischenden Drink. Wenn du eine Superkraft h\u00e4ttest, welche w\u00e4re das und warum? Ich w\u00fcrde mit meiner Superkraft gerne den Klimawandel aufhalten, da wir zwar viel reden, aber noch viel zu wenig daf\u00fcr tun.\",\"url\":\"https:\\\/\\\/www.vaillant.de\\\/21-grad\\\/autor\\\/tim\\\/\"}]}<\/script>\n<!-- \/ Yoast SEO plugin. -->","yoast_head_json":{"title":"Intelligent Energie sparen mit Smart Home | 21 grad","description":"Smart Home clever nutzen: Von smarter Beleuchtung \u00fcber automatisierte Beschattung bis zu bidirektionalem Laden \u2013 so optimieren Sie Ihren Energieverbrauch.","robots":{"index":"index","follow":"follow","max-snippet":"max-snippet:-1","max-image-preview":"max-image-preview:large","max-video-preview":"max-video-preview:-1"},"canonical":"https:\/\/www.vaillant.de\/21-grad\/technik-und-trends\/smart-home-wie-sich-mit-intelligenter-technik-energie-sparen-laesst\/","og_locale":"de_DE","og_type":"article","og_title":"Intelligent Energie sparen mit Smart Home | 21 grad","og_description":"Smart Home clever nutzen: Von smarter Beleuchtung \u00fcber automatisierte Beschattung bis zu bidirektionalem Laden \u2013 so optimieren Sie Ihren Energieverbrauch.","og_url":"https:\/\/www.vaillant.de\/21-grad\/technik-und-trends\/smart-home-wie-sich-mit-intelligenter-technik-energie-sparen-laesst\/","og_site_name":"21 grad","article_publisher":"https:\/\/www.facebook.com\/21grad\/","article_published_time":"2025-06-30T12:32:10+00:00","article_modified_time":"2025-06-30T13:08:10+00:00","og_image":[{"width":2000,"height":1211,"url":"https:\/\/www.vaillant.de\/21-grad\/wp-content\/uploads\/2025\/06\/iStock-1647580878.jpg","type":"image\/jpeg"}],"author":"Tim","twitter_card":"summary_large_image","twitter_creator":"@vaillant_de","twitter_site":"@vaillant_de","twitter_misc":{"Verfasst von":"Tim","Gesch\u00e4tzte Lesezeit":"6\u00a0Minuten","Written by":"Tim"},"schema":{"@context":"https:\/\/schema.org","@graph":[{"@type":"Article","@id":"https:\/\/www.vaillant.de\/21-grad\/technik-und-trends\/smart-home-wie-sich-mit-intelligenter-technik-energie-sparen-laesst\/#article","isPartOf":{"@id":"https:\/\/www.vaillant.de\/21-grad\/technik-und-trends\/smart-home-wie-sich-mit-intelligenter-technik-energie-sparen-laesst\/"},"author":{"name":"Tim","@id":"https:\/\/www.vaillant.de\/21-grad\/#\/schema\/person\/6c5f5a4071f0c7be145a9df11dac0709"},"headline":"Smart Home: Wie sich mit intelligenter Technik Energie sparen l\u00e4sst","datePublished":"2025-06-30T12:32:10+00:00","dateModified":"2025-06-30T13:08:10+00:00","mainEntityOfPage":{"@id":"https:\/\/www.vaillant.de\/21-grad\/technik-und-trends\/smart-home-wie-sich-mit-intelligenter-technik-energie-sparen-laesst\/"},"wordCount":1069,"commentCount":0,"image":{"@id":"https:\/\/www.vaillant.de\/21-grad\/technik-und-trends\/smart-home-wie-sich-mit-intelligenter-technik-energie-sparen-laesst\/#primaryimage"},"thumbnailUrl":"https:\/\/www.vaillant.de\/21-grad\/wp-content\/uploads\/2025\/06\/iStock-1647580878.jpg","keywords":["Bauen und Wohnen","digitale Trends","Energie sparen"],"articleSection":["Technik &amp; Trends"],"inLanguage":"de","potentialAction":[{"@type":"CommentAction","name":"Comment","target":["https:\/\/www.vaillant.de\/21-grad\/technik-und-trends\/smart-home-wie-sich-mit-intelligenter-technik-energie-sparen-laesst\/#respond"]}]},{"@type":"WebPage","@id":"https:\/\/www.vaillant.de\/21-grad\/technik-und-trends\/smart-home-wie-sich-mit-intelligenter-technik-energie-sparen-laesst\/","url":"https:\/\/www.vaillant.de\/21-grad\/technik-und-trends\/smart-home-wie-sich-mit-intelligenter-technik-energie-sparen-laesst\/","name":"Intelligent Energie sparen mit Smart Home | 21 grad","isPartOf":{"@id":"https:\/\/www.vaillant.de\/21-grad\/#website"},"primaryImageOfPage":{"@id":"https:\/\/www.vaillant.de\/21-grad\/technik-und-trends\/smart-home-wie-sich-mit-intelligenter-technik-energie-sparen-laesst\/#primaryimage"},"image":{"@id":"https:\/\/www.vaillant.de\/21-grad\/technik-und-trends\/smart-home-wie-sich-mit-intelligenter-technik-energie-sparen-laesst\/#primaryimage"},"thumbnailUrl":"https:\/\/www.vaillant.de\/21-grad\/wp-content\/uploads\/2025\/06\/iStock-1647580878.jpg","datePublished":"2025-06-30T12:32:10+00:00","dateModified":"2025-06-30T13:08:10+00:00","author":{"@id":"https:\/\/www.vaillant.de\/21-grad\/#\/schema\/person\/6c5f5a4071f0c7be145a9df11dac0709"},"description":"Smart Home clever nutzen: Von smarter Beleuchtung \u00fcber automatisierte Beschattung bis zu bidirektionalem Laden \u2013 so optimieren Sie Ihren Energieverbrauch.","breadcrumb":{"@id":"https:\/\/www.vaillant.de\/21-grad\/technik-und-trends\/smart-home-wie-sich-mit-intelligenter-technik-energie-sparen-laesst\/#breadcrumb"},"inLanguage":"de","potentialAction":[{"@type":"ReadAction","target":["https:\/\/www.vaillant.de\/21-grad\/technik-und-trends\/smart-home-wie-sich-mit-intelligenter-technik-energie-sparen-laesst\/"]}]},{"@type":"ImageObject","inLanguage":"de","@id":"https:\/\/www.vaillant.de\/21-grad\/technik-und-trends\/smart-home-wie-sich-mit-intelligenter-technik-energie-sparen-laesst\/#primaryimage","url":"https:\/\/www.vaillant.de\/21-grad\/wp-content\/uploads\/2025\/06\/iStock-1647580878.jpg","contentUrl":"https:\/\/www.vaillant.de\/21-grad\/wp-content\/uploads\/2025\/06\/iStock-1647580878.jpg","width":2000,"height":1211,"caption":"Eine Hand bedient ein Smartphone, in Kreisen ringsherum verschiedene Smart-Home-Symbole"},{"@type":"BreadcrumbList","@id":"https:\/\/www.vaillant.de\/21-grad\/technik-und-trends\/smart-home-wie-sich-mit-intelligenter-technik-energie-sparen-laesst\/#breadcrumb","itemListElement":[{"@type":"ListItem","position":1,"name":"Startseite","item":"https:\/\/www.vaillant.de\/21-grad\/"},{"@type":"ListItem","position":2,"name":"Smart Home: Wie sich mit intelligenter Technik Energie sparen l\u00e4sst"}]},{"@type":"WebSite","@id":"https:\/\/www.vaillant.de\/21-grad\/#website","url":"https:\/\/www.vaillant.de\/21-grad\/","name":"21 grad","description":"Der Blog f\u00fcr Menschen, die weiterdenken","potentialAction":[{"@type":"SearchAction","target":{"@type":"EntryPoint","urlTemplate":"https:\/\/www.vaillant.de\/21-grad\/?s={search_term_string}"},"query-input":{"@type":"PropertyValueSpecification","valueRequired":true,"valueName":"search_term_string"}}],"inLanguage":"de"},{"@type":"Person","@id":"https:\/\/www.vaillant.de\/21-grad\/#\/schema\/person\/6c5f5a4071f0c7be145a9df11dac0709","name":"Tim","image":{"@type":"ImageObject","inLanguage":"de","@id":"https:\/\/www.vaillant.de\/21-grad\/wp-content\/uploads\/2025\/04\/20230516_Vaillant-Mitarbeitershooting-Lennep_0005_MKP-1-125x125.jpg9c05c6497faaba75d1eddfe0b2afcc63","url":"https:\/\/www.vaillant.de\/21-grad\/wp-content\/uploads\/2025\/04\/20230516_Vaillant-Mitarbeitershooting-Lennep_0005_MKP-1-125x125.jpg","contentUrl":"https:\/\/www.vaillant.de\/21-grad\/wp-content\/uploads\/2025\/04\/20230516_Vaillant-Mitarbeitershooting-Lennep_0005_MKP-1-125x125.jpg","caption":"Tim"},"description":"Ob Facebook oder Twitter, ob # oder @, ob Like oder Share \u2013 in meinem Arbeitsalltag dreht sich alles um Social Media. Ich sorge daf\u00fcr, dass unsere Zielgruppen sowohl informative als auch unterhaltsame und interaktive Inhalte mit Mehrwert auf unseren Kan\u00e4len finden. Nachhaltigkeit Nachhaltigkeit spielt vor allem in meiner Bewegung eine Rolle, da ich so viele Wege wie m\u00f6glich mit dem Rad zur\u00fccklege, u.a. den Weg zur Arbeit. Meiner Meinung nach wird viel zu oft auf das Auto zur\u00fcckgegriffen, vor allem f\u00fcr unn\u00f6tige Kurzstrecken unter 10 oder sogar weniger Minuten. Interessen Fu\u00dfball, Skifahren, Fitness, Unternehmungen in der Natur, Musik. Was w\u00fcrdest du mit auf eine einsame Insel nehmen? Einen Plattenspieler, ein gutes Buch und einen erfrischenden Drink. Wenn du eine Superkraft h\u00e4ttest, welche w\u00e4re das und warum? Ich w\u00fcrde mit meiner Superkraft gerne den Klimawandel aufhalten, da wir zwar viel reden, aber noch viel zu wenig daf\u00fcr tun.","url":"https:\/\/www.vaillant.de\/21-grad\/autor\/tim\/"}]}},"_links":{"self":[{"href":"https:\/\/www.vaillant.de\/21-grad\/wp-json\/wp\/v2\/posts\/8656","targetHints":{"allow":["GET"]}}],"collection":[{"href":"https:\/\/www.vaillant.de\/21-grad\/wp-json\/wp\/v2\/posts"}],"about":[{"href":"https:\/\/www.vaillant.de\/21-grad\/wp-json\/wp\/v2\/types\/post"}],"author":[{"embeddable":true,"href":"https:\/\/www.vaillant.de\/21-grad\/wp-json\/wp\/v2\/users\/19"}],"replies":[{"embeddable":true,"href":"https:\/\/www.vaillant.de\/21-grad\/wp-json\/wp\/v2\/comments?post=8656"}],"version-history":[{"count":3,"href":"https:\/\/www.vaillant.de\/21-grad\/wp-json\/wp\/v2\/posts\/8656\/revisions"}],"predecessor-version":[{"id":8658,"href":"https:\/\/www.vaillant.de\/21-grad\/wp-json\/wp\/v2\/posts\/8656\/revisions\/8658"}],"wp:featuredmedia":[{"embeddable":true,"href":"https:\/\/www.vaillant.de\/21-grad\/wp-json\/wp\/v2\/media\/8660"}],"wp:attachment":[{"href":"https:\/\/www.vaillant.de\/21-grad\/wp-json\/wp\/v2\/media?parent=8656"}],"wp:term":[{"taxonomy":"category","embeddable":true,"href":"https:\/\/www.vaillant.de\/21-grad\/wp-json\/wp\/v2\/categories?post=8656"},{"taxonomy":"post_tag","embeddable":true,"href":"https:\/\/www.vaillant.de\/21-grad\/wp-json\/wp\/v2\/tags?post=8656"},{"taxonomy":"author","embeddable":true,"href":"https:\/\/www.vaillant.de\/21-grad\/wp-json\/wp\/v2\/coauthors?post=8656"}],"curies":[{"name":"wp","href":"https:\/\/api.w.org\/{rel}","templated":true}]}}