{"id":8746,"date":"2025-09-11T10:16:48","date_gmt":"2025-09-11T08:16:48","guid":{"rendered":"https:\/\/www.vaillant.de\/21-grad\/?p=8746"},"modified":"2026-02-11T15:01:32","modified_gmt":"2026-02-11T14:01:32","slug":"sanierungssprint-in-4-wochen-zum-effizienzhaus-55-ee","status":"publish","type":"post","link":"https:\/\/www.vaillant.de\/21-grad\/rat-und-tat\/sanierungssprint-in-4-wochen-zum-effizienzhaus-55-ee\/","title":{"rendered":"\u201eSanierungssprint\u201c: In 4 Wochen vom Worst-Performing-Building zum \u201eEffizienzhaus 55 EE\u201c"},"content":{"rendered":"<p class=\"Text\">Erster Gewinner ist das Ingenieur- und Sachverst\u00e4ndigenb\u00fcro <a href=\"https:\/\/indicamus.de\/referenzen\/new-content-9\">INDICAMUS<\/a> aus K\u00f6ln \u2013 mit einem ausgesprochen ambitionierten Projekt: Binnen vier Wochen soll ein energetisch unsaniertes Einfamilienhaus (Reihenendhaus, 127 m\u00b2 Wohnfl\u00e4che, Baujahr 1965), also ein Worst-Performing-Building, zum \u201eEffizienzhaus 55 EE\u201c werden.<\/p>\n<p class=\"Text\">Der hohe Nutzanteil erneuerbarer Energien wird dabei unter anderem durch eine Luft\/Wasser-W\u00e4rmepumpe vom Typ <a href=\"https:\/\/www.vaillant.de\/heizung\/produkte\/luft-wasser-warmepumpe-arotherm-plus-194816.html\">Vaillant aroTHERM plus<\/a> (VWL 55\/6; 5,4 kW Leistung) erreicht. Hinzu kommen eine dezentrale Wohnrauml\u00fcftung mit W\u00e4rmer\u00fcckgewinnung und eine PV-Anlage. Die liefert auch einen Teil des Betriebsstroms f\u00fcr die W\u00e4rmepumpe. Der selbst erzeugte Strom wird also optimal direkt vor Ort genutzt.<\/p>\n<div id=\"attachment_8751\" style=\"width: 319px\" class=\"wp-caption alignleft\"><a href=\"https:\/\/www.vaillant.de\/21-grad\/wp-content\/uploads\/2025\/09\/csm_einfamilienhaus-_vor-_sanierungssprint-cr-indicamus_13ba4c1f52.png\"><img loading=\"lazy\" decoding=\"async\" aria-describedby=\"caption-attachment-8751\" class=\"size-medium wp-image-8751\" src=\"https:\/\/www.vaillant.de\/21-grad\/wp-content\/uploads\/2025\/09\/csm_einfamilienhaus-_vor-_sanierungssprint-cr-indicamus_13ba4c1f52-309x232.png\" alt=\"Das Bild zeigt ein unsaniertes, zweigeschossiges Reihenendhaus in K\u00f6ln aus dem Jahre 1965\" width=\"309\" height=\"232\" srcset=\"https:\/\/www.vaillant.de\/21-grad\/wp-content\/uploads\/2025\/09\/csm_einfamilienhaus-_vor-_sanierungssprint-cr-indicamus_13ba4c1f52-309x232.png 309w, https:\/\/www.vaillant.de\/21-grad\/wp-content\/uploads\/2025\/09\/csm_einfamilienhaus-_vor-_sanierungssprint-cr-indicamus_13ba4c1f52-640x480.png 640w, https:\/\/www.vaillant.de\/21-grad\/wp-content\/uploads\/2025\/09\/csm_einfamilienhaus-_vor-_sanierungssprint-cr-indicamus_13ba4c1f52-768x576.png 768w, https:\/\/www.vaillant.de\/21-grad\/wp-content\/uploads\/2025\/09\/csm_einfamilienhaus-_vor-_sanierungssprint-cr-indicamus_13ba4c1f52.png 1466w\" sizes=\"auto, (max-width: 309px) 100vw, 309px\" \/><\/a><p id=\"caption-attachment-8751\" class=\"wp-caption-text\">Quelle: INDICAMUS<\/p><\/div>\n<h2 class=\"Zwischentitel\">Warum einen Sanierungssprint?<\/h2>\n<p class=\"Text\">Der Wettbewerb \u201eSanierungssprint\u201c aus NRW legt den Finger auf eine Wunde, die es in jedem Bundesland gibt: Der Geb\u00e4udebestand ist energetisch in einem katastrophalen Zustand. 63 Prozent aller Geb\u00e4ude wurden vor 1980 gebaut (Quelle: statista), den h\u00f6chsten Energieverbrauch davon haben mit \u00fcber 200 kWh\/m\u00b2a die rund sieben Millionen Objekte aus den Jahren zwischen 1949 und 1978 (Quelle: Bundesministerium f\u00fcr Wirtschaft und Energie). Das unsanierte \u201eGewinnerobjekt\u201c aus K\u00f6ln ist also wirklich prototypisch.<\/p>\n<p class=\"Text\">F\u00fcr Geb\u00e4ude mit einem derart hohen Energieverbrauch gibt es seit Ende 2022 im Rahmen der <a href=\"https:\/\/www.vaillant.de\/heizung\/klima-foerderung\/bundesforderung-effiziente-gebaude\/\">Bundes\u00adf\u00f6rderung f\u00fcr effiziente Geb\u00e4ude (BEG)<\/a> eine neue Geb\u00e4ude\u00adkategorie: Es sind Worst-Performing-Buildings. Sie geh\u00f6ren zu den energetisch schlechtesten 25 % aller H\u00e4user in Deutschland. Aber wer sich traut, sie <a href=\"https:\/\/www.vaillant.de\/heizung\/heizung-verstehen\/haus-sanieren\/\">zu sanieren<\/a>, wird daf\u00fcr mit einem Extra-(Tilgungs-)Zuschuss von 10 % durch die <a href=\"https:\/\/www.vaillant.de\/heizung\/klima-foerderung\/foerderung-finanzierung\/kfw-foerderung\/\">KfW-Bank<\/a> belohnt.<\/p>\n<h2 class=\"Zwischentitel\">Was ist das Sanierungskonzept?<\/h2>\n<p class=\"Text\">Das Konzept, um bei dem Reihenendhaus den Energieverbrauch um mehr als 80 % zu senken, setzt sowohl bei der Geb\u00e4udeh\u00fclle wie auch bei der Anlagentechnik an. Der Fensteraustausch, die Dach- und die Fassadend\u00e4mmung sowie die D\u00e4mmung der Kellerdecke sind einfach notwendig, um die Transmissionsw\u00e4rmeverluste nach unten zu bringen: Jede Kilowattstunde Energie, die nicht verloren geht, muss auch nicht erzeugt werden\u2026<\/p>\n<p class=\"Text\"><a href=\"https:\/\/www.vaillant.de\/21-grad\/wp-content\/uploads\/2025\/09\/archiv_250508-120013.jpg\"><img loading=\"lazy\" decoding=\"async\" class=\"alignright size-medium wp-image-8754\" src=\"https:\/\/www.vaillant.de\/21-grad\/wp-content\/uploads\/2025\/09\/archiv_250508-120013-348x232.jpg\" alt=\"Vor der Hauswand eines Reihenhauses steht eine Vaillant Luft\/Wasserw\u00e4rmepumpe\" width=\"348\" height=\"232\" srcset=\"https:\/\/www.vaillant.de\/21-grad\/wp-content\/uploads\/2025\/09\/archiv_250508-120013-348x232.jpg 348w, https:\/\/www.vaillant.de\/21-grad\/wp-content\/uploads\/2025\/09\/archiv_250508-120013-720x480.jpg 720w, https:\/\/www.vaillant.de\/21-grad\/wp-content\/uploads\/2025\/09\/archiv_250508-120013-768x512.jpg 768w, https:\/\/www.vaillant.de\/21-grad\/wp-content\/uploads\/2025\/09\/archiv_250508-120013-1536x1024.jpg 1536w, https:\/\/www.vaillant.de\/21-grad\/wp-content\/uploads\/2025\/09\/archiv_250508-120013.jpg 2000w\" sizes=\"auto, (max-width: 348px) 100vw, 348px\" \/><\/a>Im zweiten Schritt, nach der Geb\u00e4udeh\u00fclle, stand der Austausch der Anlagentechnik im Fokus. Statt der alten \u00d6lheizung gibt es jetzt eine aroTHERM plus <a href=\"https:\/\/www.vaillant.de\/heizung\/heizung-verstehen\/technologie-verstehen\/waermepumpe\/luft-wasser-waermepumpe\/\">Luft\/Wasser-W\u00e4rmepumpe<\/a>, die auch das Warmwasser erzeugt. Der hoch effiziente Heizbetrieb wird durch die ebenfalls neue Fu\u00dfbodenheizung unterst\u00fctzt, die mit einer <a href=\"https:\/\/www.vaillant.de\/heizung\/heizung-verstehen\/tipps-rund-um-ihre-heizung\/vorlauf-rucklauftemperatur\/\">Vorlauftemperatur<\/a> von lediglich 35 \u00b0C auskommt.<\/p>\n<p class=\"Text\">Um trotz der dichten Geb\u00e4udeh\u00fclle den notwendigen Luftaustausch abzusichern, wurde zudem eine dezentrale Wohnrauml\u00fcftung installiert \u2013 und auch hier ebenfalls auf einen m\u00f6glichst hohen Wirkungsgrad geachtet. Etwa 88 % der Abluftw\u00e4rme wird in den Push\/Pull-L\u00fcftern zur\u00fcckgewonnen, um die zugef\u00fchrte Frischluft bei Bedarf direkt aufzuheizen. Eine solche raumweise L\u00fcftung hat gerade bei Bestandsgeb\u00e4uden den entscheidenden Vorteil, dass keine L\u00fcftungskan\u00e4le verlegt werden m\u00fcssen. Die Installation ist also mit wesentlich geringerem Aufwand verbunden.<\/p>\n<p class=\"Text\">Komplettiert wird das Anlagenkonzept schlie\u00dflich durch eine 22 Module gro\u00dfe <a href=\"https:\/\/www.vaillant.de\/heizung\/heizung-verstehen\/technologie-verstehen\/photovoltaik\/\">PV-Anlage<\/a> mit 10 kWp Leistung auf dem eigenen Hausdach. Das Ziel dahinter: \u00dcber den 5,1 kW gro\u00dfen Batteriespeicher m\u00f6glichst viel des eigenen Strombedarfs selbst abzudecken.<\/p>\n<p class=\"Text\"><div class=\"infobox hint\"> <strong>Das Ergebnis <\/strong><\/p>\n<p class=\"Text\">In der Summe wird durch das Sanierungskonzept in dem Reihenendhaus der Prim\u00e4renergiebedarf von 375 auf 37 kWh\/m\u00b2a gesenkt, der Endenergiebedarf von 351 auf k\u00fcnftig nur noch 21 kWh\/m\u00b2a. Das entspricht Brennstoffeinsparungen (bezogen auf den Brennwert) von etwa 94 %!<\/div><\/p>\n<h2 class=\"Zwischentitel\">Wie gelingt das in 4 Wochen?<\/h2>\n<p class=\"Text\">F\u00fcr das Hausbesitzerpaar war aber nicht allein diese enorme Energieeinsparung der Grund, sich an dem Projekt \u201eSanierungssprint\u201c zu beteiligen: Genauso wichtig war ihnen die ambitionierte Zeitachse von lediglich vier Wochen. Um den entsprechend eng getakteten Bauzeitenplan einzuhalten, lie\u00df das Planungsb\u00fcro die verschiedenen Gewerke prozessoptimiert parallel auf der Baustelle arbeiten und sorgte zudem f\u00fcr eine ausgefeilte Baustellenlogistik. Die Materialien waren also just-in-time auf der Baustelle, so dass Leerlaufzeiten es keine Stillstandzeiten gab.<\/p>\n<div class=\"video-container\"><iframe src=\"https:\/\/www.youtube.com\/embed\/LoO750GjIwc\" frameborder=\"0\" allowfullscreen=\"allowfullscreen\"><span data-mce-type=\"bookmark\" style=\"display: inline-block; width: 0px; overflow: hidden; line-height: 0;\" class=\"mce_SELRES_start\">\ufeff<\/span><\/iframe><\/div>\n<p>&nbsp;<\/p>\n<p class=\"Text\">Weil das Konzept leicht auf alle Ein- und Zweifamilienh\u00e4user aus den 50er-bis 80er-Jahren \u00fcbertragbar ist, will die NRW-Landesgesellschaft <a href=\"https:\/\/www.energy4climate.nrw\/\">NRW.Energy4Climate<\/a> k\u00fcnftig weitere Angebote f\u00fcr Sanierungssprints machen. Auf diese Weise sollen bei Qualit\u00e4t und Kosten zus\u00e4tzliche Lern- und Skaleneffekte erzeugt werden, um Bestandsobjekte k\u00fcnftig generell schneller und kosteneffizienter energetisch zu sanieren als bisher.<\/p>\n","protected":false},"excerpt":{"rendered":"<p>Wenn die Energiewende gelingen soll, um zum Klimaschutz den CO2-Aussto\u00df wirkungsvoll zu senken, muss vor allem der Geb\u00e4udebestand saniert werden. Aber da hapert es: Die Quote lag in Deutschland letztes Jahr nur bei 0,69 Prozent. Gem\u00e4\u00df einer Studie der Deutschen Energie-Agentur (dena; 2022) m\u00fcssten j\u00e4hrlich aber 1,7 bis 1,9 Prozent der Wohngeb\u00e4ude energetisch saniert werden, um bis 2045 klimaneutral zu sein. Damit dieses Ziel schneller erreicht wird, hat Nordrhein-Westfalen den Wettbewerb \u201eSanierungssprint\u201c gestartet.<\/p>\n","protected":false},"author":19,"featured_media":8752,"comment_status":"open","ping_status":"open","sticky":false,"template":"","format":"standard","meta":{"footnotes":""},"categories":[2],"tags":[172,170,166],"coauthors":[243],"class_list":["post-8746","post","type-post","status-publish","format-standard","has-post-thumbnail","hentry","category-rat-und-tat","tag-bauen-und-wohnen","tag-energiewende","tag-heiztechnik"],"yoast_head":"<!-- This site is optimized with the Yoast SEO plugin v27.4 - https:\/\/yoast.com\/product\/yoast-seo-wordpress\/ -->\n<title>\u201eSanierungssprint\u201c: In 4 Wochen zum \u201eEffizienzhaus 55 EE\u201c | 21 grad<\/title>\n<meta name=\"description\" content=\"Kann mit dem Sanierungssprint der Bestand an energetisch schwierigen Bestandsgeb\u00e4uden schneller saniert werden?\" \/>\n<meta name=\"robots\" content=\"index, follow, max-snippet:-1, max-image-preview:large, max-video-preview:-1\" \/>\n<link rel=\"canonical\" href=\"https:\/\/www.vaillant.de\/21-grad\/rat-und-tat\/sanierungssprint-in-4-wochen-zum-effizienzhaus-55-ee\/\" \/>\n<meta property=\"og:locale\" content=\"de_DE\" \/>\n<meta property=\"og:type\" content=\"article\" \/>\n<meta property=\"og:title\" content=\"\u201eSanierungssprint\u201c: In 4 Wochen zum \u201eEffizienzhaus 55 EE\u201c | 21 grad\" \/>\n<meta property=\"og:description\" content=\"Kann mit dem Sanierungssprint der Bestand an energetisch schwierigen Bestandsgeb\u00e4uden schneller saniert werden?\" \/>\n<meta property=\"og:url\" content=\"https:\/\/www.vaillant.de\/21-grad\/rat-und-tat\/sanierungssprint-in-4-wochen-zum-effizienzhaus-55-ee\/\" \/>\n<meta property=\"og:site_name\" content=\"21 grad\" \/>\n<meta property=\"article:publisher\" content=\"https:\/\/www.facebook.com\/21grad\/\" \/>\n<meta property=\"article:published_time\" content=\"2025-09-11T08:16:48+00:00\" \/>\n<meta property=\"article:modified_time\" content=\"2026-02-11T14:01:32+00:00\" \/>\n<meta property=\"og:image\" content=\"https:\/\/www.vaillant.de\/21-grad\/wp-content\/uploads\/2025\/09\/csm_sanierungssprint-erfolgreich2-cr-indicamus_314fc61883-scaled.jpg\" \/>\n\t<meta property=\"og:image:width\" content=\"2560\" \/>\n\t<meta property=\"og:image:height\" content=\"1920\" \/>\n\t<meta property=\"og:image:type\" content=\"image\/jpeg\" \/>\n<meta name=\"author\" content=\"Tim\" \/>\n<meta name=\"twitter:card\" content=\"summary_large_image\" \/>\n<meta name=\"twitter:creator\" content=\"@vaillant_de\" \/>\n<meta name=\"twitter:site\" content=\"@vaillant_de\" \/>\n<meta name=\"twitter:label1\" content=\"Verfasst von\" \/>\n\t<meta name=\"twitter:data1\" content=\"Tim\" \/>\n\t<meta name=\"twitter:label2\" content=\"Gesch\u00e4tzte Lesezeit\" \/>\n\t<meta name=\"twitter:data2\" content=\"5\u00a0Minuten\" \/>\n\t<meta name=\"twitter:label3\" content=\"Written by\" \/>\n\t<meta name=\"twitter:data3\" content=\"Tim\" \/>\n<script type=\"application\/ld+json\" class=\"yoast-schema-graph\">{\"@context\":\"https:\\\/\\\/schema.org\",\"@graph\":[{\"@type\":\"Article\",\"@id\":\"https:\\\/\\\/www.vaillant.de\\\/21-grad\\\/rat-und-tat\\\/sanierungssprint-in-4-wochen-zum-effizienzhaus-55-ee\\\/#article\",\"isPartOf\":{\"@id\":\"https:\\\/\\\/www.vaillant.de\\\/21-grad\\\/rat-und-tat\\\/sanierungssprint-in-4-wochen-zum-effizienzhaus-55-ee\\\/\"},\"author\":{\"name\":\"Tim\",\"@id\":\"https:\\\/\\\/www.vaillant.de\\\/21-grad\\\/#\\\/schema\\\/person\\\/6c5f5a4071f0c7be145a9df11dac0709\"},\"headline\":\"\u201eSanierungssprint\u201c: In 4 Wochen vom Worst-Performing-Building zum \u201eEffizienzhaus 55 EE\u201c\",\"datePublished\":\"2025-09-11T08:16:48+00:00\",\"dateModified\":\"2026-02-11T14:01:32+00:00\",\"mainEntityOfPage\":{\"@id\":\"https:\\\/\\\/www.vaillant.de\\\/21-grad\\\/rat-und-tat\\\/sanierungssprint-in-4-wochen-zum-effizienzhaus-55-ee\\\/\"},\"wordCount\":677,\"commentCount\":0,\"image\":{\"@id\":\"https:\\\/\\\/www.vaillant.de\\\/21-grad\\\/rat-und-tat\\\/sanierungssprint-in-4-wochen-zum-effizienzhaus-55-ee\\\/#primaryimage\"},\"thumbnailUrl\":\"https:\\\/\\\/www.vaillant.de\\\/21-grad\\\/wp-content\\\/uploads\\\/2025\\\/09\\\/csm_sanierungssprint-erfolgreich2-cr-indicamus_314fc61883-scaled.jpg\",\"keywords\":[\"Bauen und Wohnen\",\"Energiewende\",\"Heiztechnik\"],\"articleSection\":[\"Rat &amp; Tat\"],\"inLanguage\":\"de\",\"potentialAction\":[{\"@type\":\"CommentAction\",\"name\":\"Comment\",\"target\":[\"https:\\\/\\\/www.vaillant.de\\\/21-grad\\\/rat-und-tat\\\/sanierungssprint-in-4-wochen-zum-effizienzhaus-55-ee\\\/#respond\"]}]},{\"@type\":\"WebPage\",\"@id\":\"https:\\\/\\\/www.vaillant.de\\\/21-grad\\\/rat-und-tat\\\/sanierungssprint-in-4-wochen-zum-effizienzhaus-55-ee\\\/\",\"url\":\"https:\\\/\\\/www.vaillant.de\\\/21-grad\\\/rat-und-tat\\\/sanierungssprint-in-4-wochen-zum-effizienzhaus-55-ee\\\/\",\"name\":\"\u201eSanierungssprint\u201c: In 4 Wochen zum \u201eEffizienzhaus 55 EE\u201c | 21 grad\",\"isPartOf\":{\"@id\":\"https:\\\/\\\/www.vaillant.de\\\/21-grad\\\/#website\"},\"primaryImageOfPage\":{\"@id\":\"https:\\\/\\\/www.vaillant.de\\\/21-grad\\\/rat-und-tat\\\/sanierungssprint-in-4-wochen-zum-effizienzhaus-55-ee\\\/#primaryimage\"},\"image\":{\"@id\":\"https:\\\/\\\/www.vaillant.de\\\/21-grad\\\/rat-und-tat\\\/sanierungssprint-in-4-wochen-zum-effizienzhaus-55-ee\\\/#primaryimage\"},\"thumbnailUrl\":\"https:\\\/\\\/www.vaillant.de\\\/21-grad\\\/wp-content\\\/uploads\\\/2025\\\/09\\\/csm_sanierungssprint-erfolgreich2-cr-indicamus_314fc61883-scaled.jpg\",\"datePublished\":\"2025-09-11T08:16:48+00:00\",\"dateModified\":\"2026-02-11T14:01:32+00:00\",\"author\":{\"@id\":\"https:\\\/\\\/www.vaillant.de\\\/21-grad\\\/#\\\/schema\\\/person\\\/6c5f5a4071f0c7be145a9df11dac0709\"},\"description\":\"Kann mit dem Sanierungssprint der Bestand an energetisch schwierigen Bestandsgeb\u00e4uden schneller saniert werden?\",\"breadcrumb\":{\"@id\":\"https:\\\/\\\/www.vaillant.de\\\/21-grad\\\/rat-und-tat\\\/sanierungssprint-in-4-wochen-zum-effizienzhaus-55-ee\\\/#breadcrumb\"},\"inLanguage\":\"de\",\"potentialAction\":[{\"@type\":\"ReadAction\",\"target\":[\"https:\\\/\\\/www.vaillant.de\\\/21-grad\\\/rat-und-tat\\\/sanierungssprint-in-4-wochen-zum-effizienzhaus-55-ee\\\/\"]}]},{\"@type\":\"ImageObject\",\"inLanguage\":\"de\",\"@id\":\"https:\\\/\\\/www.vaillant.de\\\/21-grad\\\/rat-und-tat\\\/sanierungssprint-in-4-wochen-zum-effizienzhaus-55-ee\\\/#primaryimage\",\"url\":\"https:\\\/\\\/www.vaillant.de\\\/21-grad\\\/wp-content\\\/uploads\\\/2025\\\/09\\\/csm_sanierungssprint-erfolgreich2-cr-indicamus_314fc61883-scaled.jpg\",\"contentUrl\":\"https:\\\/\\\/www.vaillant.de\\\/21-grad\\\/wp-content\\\/uploads\\\/2025\\\/09\\\/csm_sanierungssprint-erfolgreich2-cr-indicamus_314fc61883-scaled.jpg\",\"width\":2560,\"height\":1920,\"caption\":\"Quelle: INDICAMUS\"},{\"@type\":\"BreadcrumbList\",\"@id\":\"https:\\\/\\\/www.vaillant.de\\\/21-grad\\\/rat-und-tat\\\/sanierungssprint-in-4-wochen-zum-effizienzhaus-55-ee\\\/#breadcrumb\",\"itemListElement\":[{\"@type\":\"ListItem\",\"position\":1,\"name\":\"Startseite\",\"item\":\"https:\\\/\\\/www.vaillant.de\\\/21-grad\\\/\"},{\"@type\":\"ListItem\",\"position\":2,\"name\":\"\u201eSanierungssprint\u201c: In 4 Wochen vom Worst-Performing-Building zum \u201eEffizienzhaus 55 EE\u201c\"}]},{\"@type\":\"WebSite\",\"@id\":\"https:\\\/\\\/www.vaillant.de\\\/21-grad\\\/#website\",\"url\":\"https:\\\/\\\/www.vaillant.de\\\/21-grad\\\/\",\"name\":\"21 grad\",\"description\":\"Der Blog f\u00fcr Menschen, die weiterdenken\",\"potentialAction\":[{\"@type\":\"SearchAction\",\"target\":{\"@type\":\"EntryPoint\",\"urlTemplate\":\"https:\\\/\\\/www.vaillant.de\\\/21-grad\\\/?s={search_term_string}\"},\"query-input\":{\"@type\":\"PropertyValueSpecification\",\"valueRequired\":true,\"valueName\":\"search_term_string\"}}],\"inLanguage\":\"de\"},{\"@type\":\"Person\",\"@id\":\"https:\\\/\\\/www.vaillant.de\\\/21-grad\\\/#\\\/schema\\\/person\\\/6c5f5a4071f0c7be145a9df11dac0709\",\"name\":\"Tim\",\"image\":{\"@type\":\"ImageObject\",\"inLanguage\":\"de\",\"@id\":\"https:\\\/\\\/www.vaillant.de\\\/21-grad\\\/wp-content\\\/uploads\\\/2025\\\/04\\\/20230516_Vaillant-Mitarbeitershooting-Lennep_0005_MKP-1-125x125.jpg9c05c6497faaba75d1eddfe0b2afcc63\",\"url\":\"https:\\\/\\\/www.vaillant.de\\\/21-grad\\\/wp-content\\\/uploads\\\/2025\\\/04\\\/20230516_Vaillant-Mitarbeitershooting-Lennep_0005_MKP-1-125x125.jpg\",\"contentUrl\":\"https:\\\/\\\/www.vaillant.de\\\/21-grad\\\/wp-content\\\/uploads\\\/2025\\\/04\\\/20230516_Vaillant-Mitarbeitershooting-Lennep_0005_MKP-1-125x125.jpg\",\"caption\":\"Tim\"},\"description\":\"Ob Facebook oder Twitter, ob # oder @, ob Like oder Share \u2013 in meinem Arbeitsalltag dreht sich alles um Social Media. Ich sorge daf\u00fcr, dass unsere Zielgruppen sowohl informative als auch unterhaltsame und interaktive Inhalte mit Mehrwert auf unseren Kan\u00e4len finden. Nachhaltigkeit Nachhaltigkeit spielt vor allem in meiner Bewegung eine Rolle, da ich so viele Wege wie m\u00f6glich mit dem Rad zur\u00fccklege, u.a. den Weg zur Arbeit. Meiner Meinung nach wird viel zu oft auf das Auto zur\u00fcckgegriffen, vor allem f\u00fcr unn\u00f6tige Kurzstrecken unter 10 oder sogar weniger Minuten. Interessen Fu\u00dfball, Skifahren, Fitness, Unternehmungen in der Natur, Musik. Was w\u00fcrdest du mit auf eine einsame Insel nehmen? Einen Plattenspieler, ein gutes Buch und einen erfrischenden Drink. Wenn du eine Superkraft h\u00e4ttest, welche w\u00e4re das und warum? Ich w\u00fcrde mit meiner Superkraft gerne den Klimawandel aufhalten, da wir zwar viel reden, aber noch viel zu wenig daf\u00fcr tun.\",\"url\":\"https:\\\/\\\/www.vaillant.de\\\/21-grad\\\/autor\\\/tim\\\/\"}]}<\/script>\n<!-- \/ Yoast SEO plugin. -->","yoast_head_json":{"title":"\u201eSanierungssprint\u201c: In 4 Wochen zum \u201eEffizienzhaus 55 EE\u201c | 21 grad","description":"Kann mit dem Sanierungssprint der Bestand an energetisch schwierigen Bestandsgeb\u00e4uden schneller saniert werden?","robots":{"index":"index","follow":"follow","max-snippet":"max-snippet:-1","max-image-preview":"max-image-preview:large","max-video-preview":"max-video-preview:-1"},"canonical":"https:\/\/www.vaillant.de\/21-grad\/rat-und-tat\/sanierungssprint-in-4-wochen-zum-effizienzhaus-55-ee\/","og_locale":"de_DE","og_type":"article","og_title":"\u201eSanierungssprint\u201c: In 4 Wochen zum \u201eEffizienzhaus 55 EE\u201c | 21 grad","og_description":"Kann mit dem Sanierungssprint der Bestand an energetisch schwierigen Bestandsgeb\u00e4uden schneller saniert werden?","og_url":"https:\/\/www.vaillant.de\/21-grad\/rat-und-tat\/sanierungssprint-in-4-wochen-zum-effizienzhaus-55-ee\/","og_site_name":"21 grad","article_publisher":"https:\/\/www.facebook.com\/21grad\/","article_published_time":"2025-09-11T08:16:48+00:00","article_modified_time":"2026-02-11T14:01:32+00:00","og_image":[{"width":2560,"height":1920,"url":"https:\/\/www.vaillant.de\/21-grad\/wp-content\/uploads\/2025\/09\/csm_sanierungssprint-erfolgreich2-cr-indicamus_314fc61883-scaled.jpg","type":"image\/jpeg"}],"author":"Tim","twitter_card":"summary_large_image","twitter_creator":"@vaillant_de","twitter_site":"@vaillant_de","twitter_misc":{"Verfasst von":"Tim","Gesch\u00e4tzte Lesezeit":"5\u00a0Minuten","Written by":"Tim"},"schema":{"@context":"https:\/\/schema.org","@graph":[{"@type":"Article","@id":"https:\/\/www.vaillant.de\/21-grad\/rat-und-tat\/sanierungssprint-in-4-wochen-zum-effizienzhaus-55-ee\/#article","isPartOf":{"@id":"https:\/\/www.vaillant.de\/21-grad\/rat-und-tat\/sanierungssprint-in-4-wochen-zum-effizienzhaus-55-ee\/"},"author":{"name":"Tim","@id":"https:\/\/www.vaillant.de\/21-grad\/#\/schema\/person\/6c5f5a4071f0c7be145a9df11dac0709"},"headline":"\u201eSanierungssprint\u201c: In 4 Wochen vom Worst-Performing-Building zum \u201eEffizienzhaus 55 EE\u201c","datePublished":"2025-09-11T08:16:48+00:00","dateModified":"2026-02-11T14:01:32+00:00","mainEntityOfPage":{"@id":"https:\/\/www.vaillant.de\/21-grad\/rat-und-tat\/sanierungssprint-in-4-wochen-zum-effizienzhaus-55-ee\/"},"wordCount":677,"commentCount":0,"image":{"@id":"https:\/\/www.vaillant.de\/21-grad\/rat-und-tat\/sanierungssprint-in-4-wochen-zum-effizienzhaus-55-ee\/#primaryimage"},"thumbnailUrl":"https:\/\/www.vaillant.de\/21-grad\/wp-content\/uploads\/2025\/09\/csm_sanierungssprint-erfolgreich2-cr-indicamus_314fc61883-scaled.jpg","keywords":["Bauen und Wohnen","Energiewende","Heiztechnik"],"articleSection":["Rat &amp; Tat"],"inLanguage":"de","potentialAction":[{"@type":"CommentAction","name":"Comment","target":["https:\/\/www.vaillant.de\/21-grad\/rat-und-tat\/sanierungssprint-in-4-wochen-zum-effizienzhaus-55-ee\/#respond"]}]},{"@type":"WebPage","@id":"https:\/\/www.vaillant.de\/21-grad\/rat-und-tat\/sanierungssprint-in-4-wochen-zum-effizienzhaus-55-ee\/","url":"https:\/\/www.vaillant.de\/21-grad\/rat-und-tat\/sanierungssprint-in-4-wochen-zum-effizienzhaus-55-ee\/","name":"\u201eSanierungssprint\u201c: In 4 Wochen zum \u201eEffizienzhaus 55 EE\u201c | 21 grad","isPartOf":{"@id":"https:\/\/www.vaillant.de\/21-grad\/#website"},"primaryImageOfPage":{"@id":"https:\/\/www.vaillant.de\/21-grad\/rat-und-tat\/sanierungssprint-in-4-wochen-zum-effizienzhaus-55-ee\/#primaryimage"},"image":{"@id":"https:\/\/www.vaillant.de\/21-grad\/rat-und-tat\/sanierungssprint-in-4-wochen-zum-effizienzhaus-55-ee\/#primaryimage"},"thumbnailUrl":"https:\/\/www.vaillant.de\/21-grad\/wp-content\/uploads\/2025\/09\/csm_sanierungssprint-erfolgreich2-cr-indicamus_314fc61883-scaled.jpg","datePublished":"2025-09-11T08:16:48+00:00","dateModified":"2026-02-11T14:01:32+00:00","author":{"@id":"https:\/\/www.vaillant.de\/21-grad\/#\/schema\/person\/6c5f5a4071f0c7be145a9df11dac0709"},"description":"Kann mit dem Sanierungssprint der Bestand an energetisch schwierigen Bestandsgeb\u00e4uden schneller saniert werden?","breadcrumb":{"@id":"https:\/\/www.vaillant.de\/21-grad\/rat-und-tat\/sanierungssprint-in-4-wochen-zum-effizienzhaus-55-ee\/#breadcrumb"},"inLanguage":"de","potentialAction":[{"@type":"ReadAction","target":["https:\/\/www.vaillant.de\/21-grad\/rat-und-tat\/sanierungssprint-in-4-wochen-zum-effizienzhaus-55-ee\/"]}]},{"@type":"ImageObject","inLanguage":"de","@id":"https:\/\/www.vaillant.de\/21-grad\/rat-und-tat\/sanierungssprint-in-4-wochen-zum-effizienzhaus-55-ee\/#primaryimage","url":"https:\/\/www.vaillant.de\/21-grad\/wp-content\/uploads\/2025\/09\/csm_sanierungssprint-erfolgreich2-cr-indicamus_314fc61883-scaled.jpg","contentUrl":"https:\/\/www.vaillant.de\/21-grad\/wp-content\/uploads\/2025\/09\/csm_sanierungssprint-erfolgreich2-cr-indicamus_314fc61883-scaled.jpg","width":2560,"height":1920,"caption":"Quelle: INDICAMUS"},{"@type":"BreadcrumbList","@id":"https:\/\/www.vaillant.de\/21-grad\/rat-und-tat\/sanierungssprint-in-4-wochen-zum-effizienzhaus-55-ee\/#breadcrumb","itemListElement":[{"@type":"ListItem","position":1,"name":"Startseite","item":"https:\/\/www.vaillant.de\/21-grad\/"},{"@type":"ListItem","position":2,"name":"\u201eSanierungssprint\u201c: In 4 Wochen vom Worst-Performing-Building zum \u201eEffizienzhaus 55 EE\u201c"}]},{"@type":"WebSite","@id":"https:\/\/www.vaillant.de\/21-grad\/#website","url":"https:\/\/www.vaillant.de\/21-grad\/","name":"21 grad","description":"Der Blog f\u00fcr Menschen, die weiterdenken","potentialAction":[{"@type":"SearchAction","target":{"@type":"EntryPoint","urlTemplate":"https:\/\/www.vaillant.de\/21-grad\/?s={search_term_string}"},"query-input":{"@type":"PropertyValueSpecification","valueRequired":true,"valueName":"search_term_string"}}],"inLanguage":"de"},{"@type":"Person","@id":"https:\/\/www.vaillant.de\/21-grad\/#\/schema\/person\/6c5f5a4071f0c7be145a9df11dac0709","name":"Tim","image":{"@type":"ImageObject","inLanguage":"de","@id":"https:\/\/www.vaillant.de\/21-grad\/wp-content\/uploads\/2025\/04\/20230516_Vaillant-Mitarbeitershooting-Lennep_0005_MKP-1-125x125.jpg9c05c6497faaba75d1eddfe0b2afcc63","url":"https:\/\/www.vaillant.de\/21-grad\/wp-content\/uploads\/2025\/04\/20230516_Vaillant-Mitarbeitershooting-Lennep_0005_MKP-1-125x125.jpg","contentUrl":"https:\/\/www.vaillant.de\/21-grad\/wp-content\/uploads\/2025\/04\/20230516_Vaillant-Mitarbeitershooting-Lennep_0005_MKP-1-125x125.jpg","caption":"Tim"},"description":"Ob Facebook oder Twitter, ob # oder @, ob Like oder Share \u2013 in meinem Arbeitsalltag dreht sich alles um Social Media. Ich sorge daf\u00fcr, dass unsere Zielgruppen sowohl informative als auch unterhaltsame und interaktive Inhalte mit Mehrwert auf unseren Kan\u00e4len finden. Nachhaltigkeit Nachhaltigkeit spielt vor allem in meiner Bewegung eine Rolle, da ich so viele Wege wie m\u00f6glich mit dem Rad zur\u00fccklege, u.a. den Weg zur Arbeit. Meiner Meinung nach wird viel zu oft auf das Auto zur\u00fcckgegriffen, vor allem f\u00fcr unn\u00f6tige Kurzstrecken unter 10 oder sogar weniger Minuten. Interessen Fu\u00dfball, Skifahren, Fitness, Unternehmungen in der Natur, Musik. Was w\u00fcrdest du mit auf eine einsame Insel nehmen? Einen Plattenspieler, ein gutes Buch und einen erfrischenden Drink. Wenn du eine Superkraft h\u00e4ttest, welche w\u00e4re das und warum? Ich w\u00fcrde mit meiner Superkraft gerne den Klimawandel aufhalten, da wir zwar viel reden, aber noch viel zu wenig daf\u00fcr tun.","url":"https:\/\/www.vaillant.de\/21-grad\/autor\/tim\/"}]}},"_links":{"self":[{"href":"https:\/\/www.vaillant.de\/21-grad\/wp-json\/wp\/v2\/posts\/8746","targetHints":{"allow":["GET"]}}],"collection":[{"href":"https:\/\/www.vaillant.de\/21-grad\/wp-json\/wp\/v2\/posts"}],"about":[{"href":"https:\/\/www.vaillant.de\/21-grad\/wp-json\/wp\/v2\/types\/post"}],"author":[{"embeddable":true,"href":"https:\/\/www.vaillant.de\/21-grad\/wp-json\/wp\/v2\/users\/19"}],"replies":[{"embeddable":true,"href":"https:\/\/www.vaillant.de\/21-grad\/wp-json\/wp\/v2\/comments?post=8746"}],"version-history":[{"count":3,"href":"https:\/\/www.vaillant.de\/21-grad\/wp-json\/wp\/v2\/posts\/8746\/revisions"}],"predecessor-version":[{"id":8961,"href":"https:\/\/www.vaillant.de\/21-grad\/wp-json\/wp\/v2\/posts\/8746\/revisions\/8961"}],"wp:featuredmedia":[{"embeddable":true,"href":"https:\/\/www.vaillant.de\/21-grad\/wp-json\/wp\/v2\/media\/8752"}],"wp:attachment":[{"href":"https:\/\/www.vaillant.de\/21-grad\/wp-json\/wp\/v2\/media?parent=8746"}],"wp:term":[{"taxonomy":"category","embeddable":true,"href":"https:\/\/www.vaillant.de\/21-grad\/wp-json\/wp\/v2\/categories?post=8746"},{"taxonomy":"post_tag","embeddable":true,"href":"https:\/\/www.vaillant.de\/21-grad\/wp-json\/wp\/v2\/tags?post=8746"},{"taxonomy":"author","embeddable":true,"href":"https:\/\/www.vaillant.de\/21-grad\/wp-json\/wp\/v2\/coauthors?post=8746"}],"curies":[{"name":"wp","href":"https:\/\/api.w.org\/{rel}","templated":true}]}}