{"id":8899,"date":"2026-01-29T13:13:14","date_gmt":"2026-01-29T12:13:14","guid":{"rendered":"https:\/\/www.vaillant.de\/21-grad\/?p=8899"},"modified":"2026-01-30T09:31:55","modified_gmt":"2026-01-30T08:31:55","slug":"erfahrungsbericht-energieeffizienzklasse-d-beim-unsanierten-altbau","status":"publish","type":"post","link":"https:\/\/www.vaillant.de\/21-grad\/rat-und-tat\/erfahrungsbericht-energieeffizienzklasse-d-beim-unsanierten-altbau\/","title":{"rendered":"Erfahrungsbericht: Energieeffizienzklasse D beim unsanierten Altbau!?"},"content":{"rendered":"<p class=\"Kopftext\">Der Grund: Das Makler-Expos\u00e9, in dem das unsanierte Zweifamilienhaus (Baujahr 1969) zwar mit der mittleren <a href=\"https:\/\/www.effizienzhaus-online.de\/energieeffizienzklasse\/\">Energieeffizienzklasse<\/a> D ausgewiesen war. Tats\u00e4chlich h\u00e4tte das junge Paar aber beinahe eine \u201eEnergieschleuder\u201c mit einem Verbrauch von etwa 375 kWh\/m\u00b2a statt der angepriesenen 100 bis 130 kWh\/m\u00b2a gekauft, sch\u00e4tzte der gl\u00fccklicherweise rechtzeitig hinzugezogene Heizungsbauer: \u201eDurch den ,energetischen Originalzustand\u00b4 ist das Haus ganz klar nur Energieeffizienzklasse H!\u201c<\/p>\n<p class=\"Text\">F\u00fcr Jan-Luca und Constanze war der Kauf damit undenkbar, vor allem aus \u00f6kologischen Gr\u00fcnden:<\/p>\n<blockquote>\n<p class=\"Text\">Wir wollten die alte \u00d6lheizung am besten sofort gegen eine ressourcenschonende <a href=\"https:\/\/www.vaillant.de\/heizung\/heizung-verstehen\/technologie-verstehen\/waermepumpe\/waermepumpe-im-altbau\/\">W\u00e4rmepumpe<\/a> tauschen. Was bei ,Effizienzklasse D\u00b4 ja problemlos m\u00f6glich ist. Aber dass sich die \u00fcber einen <a href=\"https:\/\/www.vaillant.de\/ratgeber\/heizungstipps-und-faq\/energieausweis\/\">Energieverbrauchsausweis<\/a> ausgewiesene Effizienzklasse hier unseri\u00f6serweise nur auf drei genutzte R\u00e4ume bezog und der Rest seit Jahren leer stand, das hat uns vorher keiner gesagt.<\/p>\n<\/blockquote>\n<h2 class=\"Zwischentitel\">Die ganze Story<\/h2>\n<p class=\"Text\">Zur\u00fcck zum Anfang der Geschichte: Wie so viele potenzielle Hausk\u00e4ufer suchen auch Jan-Luca und Constanze M\u00fchlbauer schon seit mehr als einem Jahr in Bayern nach einer bezahlbaren Gebrauchtimmobilie:<\/p>\n<blockquote>\n<p class=\"Text\">Mit unseren beiden kleinen Kindern brauchen wir mehr Platz. Und wir wollen die Option haben, dass sp\u00e4ter auch ein Gro\u00dfelternteil mit einziehen kann, wenn das altersbedingt notwendig werden sollte.<\/p>\n<\/blockquote>\n<p class=\"Text\">Damit kam das Zweifamilienhaus am Ortsrand eines kleinen Dorfes nahe Regensburg gerade recht: 8 Zimmer auf zwei Ebenen, 175 m\u00b2 Wohnfl\u00e4che gesamt, voll unterkellert. F\u00fcr gut 350.000 \u20ac war zwar kein Schn\u00e4ppchen. Angesichts des \u00fcberhitzten Immobilienmarktes klang es aber durch die Lage trotzdem hoch interessant.<\/p>\n<p class=\"Text\">Schon nach der ersten Besichtigung war allerdings klar, dass ein gewisser Renovierungsbedarf bestand. Neue B\u00e4der kamen ganz oben auf den Wunschzettel. Dazu ein paar Umbauten im Inneren f\u00fcr zeitgem\u00e4\u00df gr\u00f6\u00dfere R\u00e4ume, die \u00fcblichen Malerarbeiten, und nat\u00fcrlich der <a href=\"https:\/\/www.vaillant.de\/ratgeber\/heizung-modernisieren\/oelheizung-austauschen\/\">Tausch der \u00d6lheizung<\/a> gegen eine neue Luft\/Wasser-<a href=\"https:\/\/www.vaillant.de\/heizung\/heizung-finden\/warmepumpe\/\">W\u00e4rmepumpe<\/a>. Schlie\u00dflich war ja die Energieeffizienz des Hauses mit Klasse D gar nicht schlecht, so die (irrige) Annahme &#8230;<\/p>\n<p class=\"Text\">Jan-Luca:<\/p>\n<blockquote>\n<p class=\"Text\">Gewundert hat uns die angeblich so gute Energieeffizienz des Hauses zwar schon ein wenig angesichts des alten Daches und der nicht ged\u00e4mmten Fassade. Aber der Makler hat uns beruhigt. Daf\u00fcr g\u00e4be es ja schlie\u00dflich den Energieausweis.<\/p>\n<\/blockquote>\n<p class=\"Text\">Aufgekl\u00e4rt wurde der Irrtum durch einen befreundeten Heizungsbauer, dem Jan-Luca und Constanze M\u00fchlbauer begeistert von ihrem Haus erz\u00e4hlten. Der schaute sich gl\u00fccklicherweise vor dem Notartermin die Immobilie an und f\u00e4llte ein vernichtendes Urteil: Fenster austauschen, Fassade und oberste Geschossdecken richtig d\u00e4mmen seien das Mindeste \u2013 und br\u00e4chten etwa 40 bis 50 Prozent Energieeinsparung. Dann werde auch der Heizungstausch gegen eine W\u00e4rmepumpe wieder realistisch, denn die <a href=\"https:\/\/www.vaillant.de\/heizung\/heizung-verstehen\/tipps-rund-um-ihre-heizung\/heizkoerper\/\">Heizk\u00f6rper<\/a> im Haus \u2013 die waren schon damals mit ganz viel Reserve ausgelegt worden. Sie k\u00e4men also locker mit der niedrigeren Vorlauftemperatur der W\u00e4rmepumpe klar, wenn es um wohlige Raumw\u00e4rme geht.<\/p>\n<p class=\"Text\">Nur: F\u00fcr so viel Sanierung fehlte dem sympathischen jungen Paar dann doch das Geld, der Kauf wurde abgesagt.<\/p>\n<h2 class=\"Zwischentitel\">Die wichtigsten Tipps<\/h2>\n<p class=\"Text\">F\u00fcr Jan-Luca und Constanze ist die Geschichte noch einmal gut ausgegangen. Gerade deswegen aber m\u00f6chten die beiden andere junge Paare vor derartigen Angeboten warnen. Ihr wichtigster Tipp:<\/p>\n<div class=\"infobox alert\"><\/p>\n<blockquote>\n<p class=\"Text\">Schaut extra genau hin, wenn das Immobilienangebot allzu verlockend wirkt.<\/p>\n<\/blockquote>\n<p><\/div>\n<p class=\"Text\">Worauf dann besonders zu achten ist, wei\u00df Energieberater Peter Bayer von der <a href=\"https:\/\/www.albert-bayer.de\/DE_index_1000.html\">Albert Bayer GmbH<\/a>:<\/p>\n<p>(1) Das Baujahr des Hauses ist ja in der Regel bekannt. Dann k\u00f6nnt ihr euch schon an gewissen Richtwerten (s. Grafik) orientieren, wie viel Energie das Haus ben\u00f6tigt, wenn es noch keine oder nur wenige energetische Sanierungsma\u00dfnahmen gab.<\/p>\n<div id=\"attachment_8910\" style=\"width: 690px\" class=\"wp-caption aligncenter\"><a href=\"https:\/\/www.vaillant.de\/21-grad\/wp-content\/uploads\/2026\/01\/Grafik-Energieverbrauch-Wohngebaeude-scaled.png\"><img loading=\"lazy\" decoding=\"async\" aria-describedby=\"caption-attachment-8910\" class=\"wp-image-8910 size-large\" src=\"https:\/\/www.vaillant.de\/21-grad\/wp-content\/uploads\/2026\/01\/Grafik-Energieverbrauch-Wohngebaeude-793x480.png\" alt=\"\" width=\"680\" height=\"412\" srcset=\"https:\/\/www.vaillant.de\/21-grad\/wp-content\/uploads\/2026\/01\/Grafik-Energieverbrauch-Wohngebaeude-793x480.png 793w, https:\/\/www.vaillant.de\/21-grad\/wp-content\/uploads\/2026\/01\/Grafik-Energieverbrauch-Wohngebaeude-383x232.png 383w, https:\/\/www.vaillant.de\/21-grad\/wp-content\/uploads\/2026\/01\/Grafik-Energieverbrauch-Wohngebaeude-768x465.png 768w, https:\/\/www.vaillant.de\/21-grad\/wp-content\/uploads\/2026\/01\/Grafik-Energieverbrauch-Wohngebaeude-1536x930.png 1536w, https:\/\/www.vaillant.de\/21-grad\/wp-content\/uploads\/2026\/01\/Grafik-Energieverbrauch-Wohngebaeude-2048x1239.png 2048w\" sizes=\"auto, (max-width: 680px) 100vw, 680px\" \/><\/a><p id=\"caption-attachment-8910\" class=\"wp-caption-text\">Wohngeb\u00e4ude: Baujahre 1949-1978 haben den h\u00f6chsten Energiebedarf (Quelle: Wohnen und Bauen in Zahlen (BMVI), Grafik: Vaillant)<\/p><\/div>\n<p>(2) Lasst euch au\u00dferdem die Vorlauftemperatur am Heizkessel anzeigen, wenn ihr das Haus besichtigt. Das ist die Heizwassertemperatur, die f\u00fcr etwa 20 \u00b0C in den Wohnr\u00e4umen notwendig ist. Liegt die <a href=\"https:\/\/www.vaillant.de\/ratgeber\/heizungstipps-und-faq\/vorlauftemperatur\/\">Vorlauftemperatur<\/a> deutlich jenseits von 65 \u00b0C, ist das ein klares Indiz f\u00fcr hohe Energieverbr\u00e4uche und damit nat\u00fcrlich auch Energiekosten. Au\u00dferdem wird der Umstieg vom fossilen auf einen regenerativen W\u00e4rmeerzeuger schwieriger.<\/p>\n<p>(3) Verlangt zudem eine genaue Auskunft, welche D\u00e4mmma\u00dfnahmen schon am Haus durchgef\u00fchrt wurden. Typisch daf\u00fcr ist die D\u00e4mmung der obersten Geschossdecke, also die zum Dachboden. Wenn selbst die nicht ged\u00e4mmt ist, ist das ein klares Indiz f\u00fcr einen ausgesprochen nachl\u00e4ssigen Umgang mit\u00a0Energie. Und: Gibt es Belege f\u00fcr die Ma\u00dfnahmen, also alte Rechnungen oder \u00e4hnliches?<\/p>\n<p><a href=\"https:\/\/www.vaillant.de\/21-grad\/wp-content\/uploads\/2026\/01\/Bild2.jpg\"><img loading=\"lazy\" decoding=\"async\" class=\"wp-image-8902 size-medium alignright\" src=\"https:\/\/www.vaillant.de\/21-grad\/wp-content\/uploads\/2026\/01\/Bild2-154x232.jpg\" alt=\"\" width=\"154\" height=\"232\" srcset=\"https:\/\/www.vaillant.de\/21-grad\/wp-content\/uploads\/2026\/01\/Bild2-154x232.jpg 154w, https:\/\/www.vaillant.de\/21-grad\/wp-content\/uploads\/2026\/01\/Bild2-319x480.jpg 319w, https:\/\/www.vaillant.de\/21-grad\/wp-content\/uploads\/2026\/01\/Bild2.jpg 514w\" sizes=\"auto, (max-width: 154px) 100vw, 154px\" \/><\/a>(4) Schaut euch an, welchen Zustand die Haustechnik generell hat; also die Rohrleitungen (ged\u00e4mmt?), die Absperrarmaturen oder die Ventile an den Heizk\u00f6rpern. Ein allgemein schlechter Zustand oder v\u00f6llig veraltete Absperrungen (s. Bild) sind ebenfalls ein Hinweis auf dringend notwendige Verbesserungsma\u00dfnahmen.<\/p>\n<p>(5) Und pr\u00fcft unbedingt, wer den Energieausweis ausgestellt hat! Ein Energieberater aus der Nachbarschaft oder der Schornsteinfeger, die das Haus und seine Nutzung kennen \u2013 das ist gut. Oder etwa irgendein Internetdienst, der das Dokument zum kleinen Tarif auf Basis der Angaben ausstellt, mit denen die Hausverk\u00e4ufer das Online-Formular f\u00fcttern? Das Ergebnis w\u00e4re dann kritischer zu hinterfragen, denn mittlerweile d\u00fcrfen nur noch Personen, die entsprechend \u00a788 des GEG qualifiziert sind, einen Energieausweis ausstellen.<\/p>\n<p>Energieberater Peter Bayer:<\/p>\n<div class=\"infobox alert\"><\/p>\n<blockquote><p>Wer die Tipps beherzigt, ist schon deutlich auf der sicheren Seite. Ansonsten vor dem Kauf\u00a0besser einen Fachmann, zum Beispiel einen <a href=\"https:\/\/kontakt.vaillant.de\/heizung\/heizung-finden\/partner-finden\/\">Heizungsbauer<\/a> oder eben einen <a href=\"https:\/\/www.vaillant.de\/21-grad\/rat-und-tat\/energieberater-das-lohnt-sich\/\">Energieberater<\/a>, dazu holen. Denn auch f\u00fcr Energieausweise gilt: Papier ist geduldig. Die fachkundige, pers\u00f6nliche Auskunft erspart euch jedoch garantiert teure Sanierungsma\u00dfnahmen, die sonst vielleicht notwendig werden.<\/p><\/blockquote>\n<p><\/div>\n<h2 class=\"Zwischentitel\">Bedarfs- oder Verbrauchsausweis?<\/h2>\n<p>Wann beim Verkauf eines Hauses ein <a href=\"https:\/\/www.vaillant.de\/heizung\/heizung-verstehen\/tipps-rund-um-ihre-heizung\/energieausweis\/\">Bedarfs- oder ein Verbrauchsausweis<\/a> vorgelegt werden muss, ist eigentlich klar geregelt (s. Grafik). Weil der Aufwand f\u00fcr einen Bedarfsausweis aber bei \u00e4lteren Geb\u00e4uden recht hoch ist, wird hier zumeist mit einem Verbrauchsausweis gearbeitet. Dem liegen die Heizkostenabrechnungen der letzten drei Jahre, inklusive dem Aufwand f\u00fcr Warmwasser, zugrunde. Das hei\u00dft aber auch: Wenn das Haus in dieser Zeit kaum oder nur teilweise genutzt wurde, ist der Wert trotz schlechter energetischer Eigenschaften besser als bei einer \u201ebestimmungsgem\u00e4\u00dfen Nutzung\u201c.<\/p>\n<div id=\"attachment_8918\" style=\"width: 690px\" class=\"wp-caption aligncenter\"><a href=\"https:\/\/www.vaillant.de\/21-grad\/wp-content\/uploads\/2026\/01\/Grafik-Energieausweis-2-scaled.png\"><img loading=\"lazy\" decoding=\"async\" aria-describedby=\"caption-attachment-8918\" class=\"wp-image-8918 size-large\" src=\"https:\/\/www.vaillant.de\/21-grad\/wp-content\/uploads\/2026\/01\/Grafik-Energieausweis-2-940x480.png\" alt=\"\" width=\"680\" height=\"347\" srcset=\"https:\/\/www.vaillant.de\/21-grad\/wp-content\/uploads\/2026\/01\/Grafik-Energieausweis-2-940x480.png 940w, https:\/\/www.vaillant.de\/21-grad\/wp-content\/uploads\/2026\/01\/Grafik-Energieausweis-2-456x232.png 456w, https:\/\/www.vaillant.de\/21-grad\/wp-content\/uploads\/2026\/01\/Grafik-Energieausweis-2-768x391.png 768w, https:\/\/www.vaillant.de\/21-grad\/wp-content\/uploads\/2026\/01\/Grafik-Energieausweis-2-1536x783.png 1536w, https:\/\/www.vaillant.de\/21-grad\/wp-content\/uploads\/2026\/01\/Grafik-Energieausweis-2-2048x1043.png 2048w, https:\/\/www.vaillant.de\/21-grad\/wp-content\/uploads\/2026\/01\/Grafik-Energieausweis-2-320x163.png 320w\" sizes=\"auto, (max-width: 680px) 100vw, 680px\" \/><\/a><p id=\"caption-attachment-8918\" class=\"wp-caption-text\">Welchen Energieausweis ben\u00f6tigt ein Geb\u00e4ude? (Quelle: Geb\u00e4udeforum klimaneutral, Grafik: Vaillant)<\/p><\/div>\n<p>Habt ihr mit diesem Unterschied auch schon (schlechte) Erfahrungen gemacht? Dann teilt sie gerne mit uns und helft anderen Hausk\u00e4ufern, solche Kaufrisiken zu vermeiden.<\/p>\n","protected":false},"excerpt":{"rendered":"<p>F\u00fcr Jan-Luca und Constanze M\u00fchlbauer (Name der Red. bekannt) ist ein Traum geplatzt. Mit einem gro\u00dfen Knall. Und das v\u00f6llig unerwartet: Denn von jetzt auf gleich hatte sich ihr Gl\u00fcck, endlich das Traumhaus gefunden zu haben, in Luft aufgel\u00f6st.<\/p>\n","protected":false},"author":19,"featured_media":8911,"comment_status":"open","ping_status":"open","sticky":false,"template":"","format":"standard","meta":{"footnotes":""},"categories":[2],"tags":[172,51],"coauthors":[243],"class_list":["post-8899","post","type-post","status-publish","format-standard","has-post-thumbnail","hentry","category-rat-und-tat","tag-bauen-und-wohnen","tag-energie-sparen"],"yoast_head":"<!-- This site is optimized with the Yoast SEO plugin v27.4 - https:\/\/yoast.com\/product\/yoast-seo-wordpress\/ -->\n<title>Erfahrungsbericht: Energieeffizienzklasse D beim unsanierten Altbau!? | 21 grad<\/title>\n<meta name=\"description\" content=\"Das Gl\u00fcck von Jan-Luca und Constanze M\u00fchlbauer, endlich ihr Traumhaus gefunden zu haben, hat sich von jetzt auf gleich in Luft aufgel\u00f6st.\" \/>\n<meta name=\"robots\" content=\"index, follow, max-snippet:-1, max-image-preview:large, max-video-preview:-1\" \/>\n<link rel=\"canonical\" href=\"https:\/\/www.vaillant.de\/21-grad\/rat-und-tat\/erfahrungsbericht-energieeffizienzklasse-d-beim-unsanierten-altbau\/\" \/>\n<meta property=\"og:locale\" content=\"de_DE\" \/>\n<meta property=\"og:type\" content=\"article\" \/>\n<meta property=\"og:title\" content=\"Erfahrungsbericht: Energieeffizienzklasse D beim unsanierten Altbau!? | 21 grad\" \/>\n<meta property=\"og:description\" content=\"Das Gl\u00fcck von Jan-Luca und Constanze M\u00fchlbauer, endlich ihr Traumhaus gefunden zu haben, hat sich von jetzt auf gleich in Luft aufgel\u00f6st.\" \/>\n<meta property=\"og:url\" content=\"https:\/\/www.vaillant.de\/21-grad\/rat-und-tat\/erfahrungsbericht-energieeffizienzklasse-d-beim-unsanierten-altbau\/\" \/>\n<meta property=\"og:site_name\" content=\"21 grad\" \/>\n<meta property=\"article:publisher\" content=\"https:\/\/www.facebook.com\/21grad\/\" \/>\n<meta property=\"article:published_time\" content=\"2026-01-29T12:13:14+00:00\" \/>\n<meta property=\"article:modified_time\" content=\"2026-01-30T08:31:55+00:00\" \/>\n<meta property=\"og:image\" content=\"https:\/\/www.vaillant.de\/21-grad\/wp-content\/uploads\/2026\/01\/GettyImages-1320229181_01-scaled.jpg\" \/>\n\t<meta property=\"og:image:width\" content=\"2560\" \/>\n\t<meta property=\"og:image:height\" content=\"1705\" \/>\n\t<meta property=\"og:image:type\" content=\"image\/jpeg\" \/>\n<meta name=\"author\" content=\"Tim\" \/>\n<meta name=\"twitter:card\" content=\"summary_large_image\" \/>\n<meta name=\"twitter:creator\" content=\"@vaillant_de\" \/>\n<meta name=\"twitter:site\" content=\"@vaillant_de\" \/>\n<meta name=\"twitter:label1\" content=\"Verfasst von\" \/>\n\t<meta name=\"twitter:data1\" content=\"Tim\" \/>\n\t<meta name=\"twitter:label2\" content=\"Gesch\u00e4tzte Lesezeit\" \/>\n\t<meta name=\"twitter:data2\" content=\"6\u00a0Minuten\" \/>\n\t<meta name=\"twitter:label3\" content=\"Written by\" \/>\n\t<meta name=\"twitter:data3\" content=\"Tim\" \/>\n<script type=\"application\/ld+json\" class=\"yoast-schema-graph\">{\"@context\":\"https:\\\/\\\/schema.org\",\"@graph\":[{\"@type\":\"Article\",\"@id\":\"https:\\\/\\\/www.vaillant.de\\\/21-grad\\\/rat-und-tat\\\/erfahrungsbericht-energieeffizienzklasse-d-beim-unsanierten-altbau\\\/#article\",\"isPartOf\":{\"@id\":\"https:\\\/\\\/www.vaillant.de\\\/21-grad\\\/rat-und-tat\\\/erfahrungsbericht-energieeffizienzklasse-d-beim-unsanierten-altbau\\\/\"},\"author\":{\"name\":\"Tim\",\"@id\":\"https:\\\/\\\/www.vaillant.de\\\/21-grad\\\/#\\\/schema\\\/person\\\/6c5f5a4071f0c7be145a9df11dac0709\"},\"headline\":\"Erfahrungsbericht: Energieeffizienzklasse D beim unsanierten Altbau!?\",\"datePublished\":\"2026-01-29T12:13:14+00:00\",\"dateModified\":\"2026-01-30T08:31:55+00:00\",\"mainEntityOfPage\":{\"@id\":\"https:\\\/\\\/www.vaillant.de\\\/21-grad\\\/rat-und-tat\\\/erfahrungsbericht-energieeffizienzklasse-d-beim-unsanierten-altbau\\\/\"},\"wordCount\":1053,\"commentCount\":0,\"image\":{\"@id\":\"https:\\\/\\\/www.vaillant.de\\\/21-grad\\\/rat-und-tat\\\/erfahrungsbericht-energieeffizienzklasse-d-beim-unsanierten-altbau\\\/#primaryimage\"},\"thumbnailUrl\":\"https:\\\/\\\/www.vaillant.de\\\/21-grad\\\/wp-content\\\/uploads\\\/2026\\\/01\\\/GettyImages-1320229181_01-scaled.jpg\",\"keywords\":[\"Bauen und Wohnen\",\"Energie sparen\"],\"articleSection\":[\"Rat &amp; Tat\"],\"inLanguage\":\"de\",\"potentialAction\":[{\"@type\":\"CommentAction\",\"name\":\"Comment\",\"target\":[\"https:\\\/\\\/www.vaillant.de\\\/21-grad\\\/rat-und-tat\\\/erfahrungsbericht-energieeffizienzklasse-d-beim-unsanierten-altbau\\\/#respond\"]}]},{\"@type\":\"WebPage\",\"@id\":\"https:\\\/\\\/www.vaillant.de\\\/21-grad\\\/rat-und-tat\\\/erfahrungsbericht-energieeffizienzklasse-d-beim-unsanierten-altbau\\\/\",\"url\":\"https:\\\/\\\/www.vaillant.de\\\/21-grad\\\/rat-und-tat\\\/erfahrungsbericht-energieeffizienzklasse-d-beim-unsanierten-altbau\\\/\",\"name\":\"Erfahrungsbericht: Energieeffizienzklasse D beim unsanierten Altbau!? | 21 grad\",\"isPartOf\":{\"@id\":\"https:\\\/\\\/www.vaillant.de\\\/21-grad\\\/#website\"},\"primaryImageOfPage\":{\"@id\":\"https:\\\/\\\/www.vaillant.de\\\/21-grad\\\/rat-und-tat\\\/erfahrungsbericht-energieeffizienzklasse-d-beim-unsanierten-altbau\\\/#primaryimage\"},\"image\":{\"@id\":\"https:\\\/\\\/www.vaillant.de\\\/21-grad\\\/rat-und-tat\\\/erfahrungsbericht-energieeffizienzklasse-d-beim-unsanierten-altbau\\\/#primaryimage\"},\"thumbnailUrl\":\"https:\\\/\\\/www.vaillant.de\\\/21-grad\\\/wp-content\\\/uploads\\\/2026\\\/01\\\/GettyImages-1320229181_01-scaled.jpg\",\"datePublished\":\"2026-01-29T12:13:14+00:00\",\"dateModified\":\"2026-01-30T08:31:55+00:00\",\"author\":{\"@id\":\"https:\\\/\\\/www.vaillant.de\\\/21-grad\\\/#\\\/schema\\\/person\\\/6c5f5a4071f0c7be145a9df11dac0709\"},\"description\":\"Das Gl\u00fcck von Jan-Luca und Constanze M\u00fchlbauer, endlich ihr Traumhaus gefunden zu haben, hat sich von jetzt auf gleich in Luft aufgel\u00f6st.\",\"breadcrumb\":{\"@id\":\"https:\\\/\\\/www.vaillant.de\\\/21-grad\\\/rat-und-tat\\\/erfahrungsbericht-energieeffizienzklasse-d-beim-unsanierten-altbau\\\/#breadcrumb\"},\"inLanguage\":\"de\",\"potentialAction\":[{\"@type\":\"ReadAction\",\"target\":[\"https:\\\/\\\/www.vaillant.de\\\/21-grad\\\/rat-und-tat\\\/erfahrungsbericht-energieeffizienzklasse-d-beim-unsanierten-altbau\\\/\"]}]},{\"@type\":\"ImageObject\",\"inLanguage\":\"de\",\"@id\":\"https:\\\/\\\/www.vaillant.de\\\/21-grad\\\/rat-und-tat\\\/erfahrungsbericht-energieeffizienzklasse-d-beim-unsanierten-altbau\\\/#primaryimage\",\"url\":\"https:\\\/\\\/www.vaillant.de\\\/21-grad\\\/wp-content\\\/uploads\\\/2026\\\/01\\\/GettyImages-1320229181_01-scaled.jpg\",\"contentUrl\":\"https:\\\/\\\/www.vaillant.de\\\/21-grad\\\/wp-content\\\/uploads\\\/2026\\\/01\\\/GettyImages-1320229181_01-scaled.jpg\",\"width\":2560,\"height\":1705},{\"@type\":\"BreadcrumbList\",\"@id\":\"https:\\\/\\\/www.vaillant.de\\\/21-grad\\\/rat-und-tat\\\/erfahrungsbericht-energieeffizienzklasse-d-beim-unsanierten-altbau\\\/#breadcrumb\",\"itemListElement\":[{\"@type\":\"ListItem\",\"position\":1,\"name\":\"Startseite\",\"item\":\"https:\\\/\\\/www.vaillant.de\\\/21-grad\\\/\"},{\"@type\":\"ListItem\",\"position\":2,\"name\":\"Erfahrungsbericht: Energieeffizienzklasse D beim unsanierten Altbau!?\"}]},{\"@type\":\"WebSite\",\"@id\":\"https:\\\/\\\/www.vaillant.de\\\/21-grad\\\/#website\",\"url\":\"https:\\\/\\\/www.vaillant.de\\\/21-grad\\\/\",\"name\":\"21 grad\",\"description\":\"Der Blog f\u00fcr Menschen, die weiterdenken\",\"potentialAction\":[{\"@type\":\"SearchAction\",\"target\":{\"@type\":\"EntryPoint\",\"urlTemplate\":\"https:\\\/\\\/www.vaillant.de\\\/21-grad\\\/?s={search_term_string}\"},\"query-input\":{\"@type\":\"PropertyValueSpecification\",\"valueRequired\":true,\"valueName\":\"search_term_string\"}}],\"inLanguage\":\"de\"},{\"@type\":\"Person\",\"@id\":\"https:\\\/\\\/www.vaillant.de\\\/21-grad\\\/#\\\/schema\\\/person\\\/6c5f5a4071f0c7be145a9df11dac0709\",\"name\":\"Tim\",\"image\":{\"@type\":\"ImageObject\",\"inLanguage\":\"de\",\"@id\":\"https:\\\/\\\/www.vaillant.de\\\/21-grad\\\/wp-content\\\/uploads\\\/2025\\\/04\\\/20230516_Vaillant-Mitarbeitershooting-Lennep_0005_MKP-1-125x125.jpg9c05c6497faaba75d1eddfe0b2afcc63\",\"url\":\"https:\\\/\\\/www.vaillant.de\\\/21-grad\\\/wp-content\\\/uploads\\\/2025\\\/04\\\/20230516_Vaillant-Mitarbeitershooting-Lennep_0005_MKP-1-125x125.jpg\",\"contentUrl\":\"https:\\\/\\\/www.vaillant.de\\\/21-grad\\\/wp-content\\\/uploads\\\/2025\\\/04\\\/20230516_Vaillant-Mitarbeitershooting-Lennep_0005_MKP-1-125x125.jpg\",\"caption\":\"Tim\"},\"description\":\"Ob Facebook oder Twitter, ob # oder @, ob Like oder Share \u2013 in meinem Arbeitsalltag dreht sich alles um Social Media. Ich sorge daf\u00fcr, dass unsere Zielgruppen sowohl informative als auch unterhaltsame und interaktive Inhalte mit Mehrwert auf unseren Kan\u00e4len finden. Nachhaltigkeit Nachhaltigkeit spielt vor allem in meiner Bewegung eine Rolle, da ich so viele Wege wie m\u00f6glich mit dem Rad zur\u00fccklege, u.a. den Weg zur Arbeit. Meiner Meinung nach wird viel zu oft auf das Auto zur\u00fcckgegriffen, vor allem f\u00fcr unn\u00f6tige Kurzstrecken unter 10 oder sogar weniger Minuten. Interessen Fu\u00dfball, Skifahren, Fitness, Unternehmungen in der Natur, Musik. Was w\u00fcrdest du mit auf eine einsame Insel nehmen? Einen Plattenspieler, ein gutes Buch und einen erfrischenden Drink. Wenn du eine Superkraft h\u00e4ttest, welche w\u00e4re das und warum? Ich w\u00fcrde mit meiner Superkraft gerne den Klimawandel aufhalten, da wir zwar viel reden, aber noch viel zu wenig daf\u00fcr tun.\",\"url\":\"https:\\\/\\\/www.vaillant.de\\\/21-grad\\\/autor\\\/tim\\\/\"}]}<\/script>\n<!-- \/ Yoast SEO plugin. -->","yoast_head_json":{"title":"Erfahrungsbericht: Energieeffizienzklasse D beim unsanierten Altbau!? | 21 grad","description":"Das Gl\u00fcck von Jan-Luca und Constanze M\u00fchlbauer, endlich ihr Traumhaus gefunden zu haben, hat sich von jetzt auf gleich in Luft aufgel\u00f6st.","robots":{"index":"index","follow":"follow","max-snippet":"max-snippet:-1","max-image-preview":"max-image-preview:large","max-video-preview":"max-video-preview:-1"},"canonical":"https:\/\/www.vaillant.de\/21-grad\/rat-und-tat\/erfahrungsbericht-energieeffizienzklasse-d-beim-unsanierten-altbau\/","og_locale":"de_DE","og_type":"article","og_title":"Erfahrungsbericht: Energieeffizienzklasse D beim unsanierten Altbau!? | 21 grad","og_description":"Das Gl\u00fcck von Jan-Luca und Constanze M\u00fchlbauer, endlich ihr Traumhaus gefunden zu haben, hat sich von jetzt auf gleich in Luft aufgel\u00f6st.","og_url":"https:\/\/www.vaillant.de\/21-grad\/rat-und-tat\/erfahrungsbericht-energieeffizienzklasse-d-beim-unsanierten-altbau\/","og_site_name":"21 grad","article_publisher":"https:\/\/www.facebook.com\/21grad\/","article_published_time":"2026-01-29T12:13:14+00:00","article_modified_time":"2026-01-30T08:31:55+00:00","og_image":[{"width":2560,"height":1705,"url":"https:\/\/www.vaillant.de\/21-grad\/wp-content\/uploads\/2026\/01\/GettyImages-1320229181_01-scaled.jpg","type":"image\/jpeg"}],"author":"Tim","twitter_card":"summary_large_image","twitter_creator":"@vaillant_de","twitter_site":"@vaillant_de","twitter_misc":{"Verfasst von":"Tim","Gesch\u00e4tzte Lesezeit":"6\u00a0Minuten","Written by":"Tim"},"schema":{"@context":"https:\/\/schema.org","@graph":[{"@type":"Article","@id":"https:\/\/www.vaillant.de\/21-grad\/rat-und-tat\/erfahrungsbericht-energieeffizienzklasse-d-beim-unsanierten-altbau\/#article","isPartOf":{"@id":"https:\/\/www.vaillant.de\/21-grad\/rat-und-tat\/erfahrungsbericht-energieeffizienzklasse-d-beim-unsanierten-altbau\/"},"author":{"name":"Tim","@id":"https:\/\/www.vaillant.de\/21-grad\/#\/schema\/person\/6c5f5a4071f0c7be145a9df11dac0709"},"headline":"Erfahrungsbericht: Energieeffizienzklasse D beim unsanierten Altbau!?","datePublished":"2026-01-29T12:13:14+00:00","dateModified":"2026-01-30T08:31:55+00:00","mainEntityOfPage":{"@id":"https:\/\/www.vaillant.de\/21-grad\/rat-und-tat\/erfahrungsbericht-energieeffizienzklasse-d-beim-unsanierten-altbau\/"},"wordCount":1053,"commentCount":0,"image":{"@id":"https:\/\/www.vaillant.de\/21-grad\/rat-und-tat\/erfahrungsbericht-energieeffizienzklasse-d-beim-unsanierten-altbau\/#primaryimage"},"thumbnailUrl":"https:\/\/www.vaillant.de\/21-grad\/wp-content\/uploads\/2026\/01\/GettyImages-1320229181_01-scaled.jpg","keywords":["Bauen und Wohnen","Energie sparen"],"articleSection":["Rat &amp; Tat"],"inLanguage":"de","potentialAction":[{"@type":"CommentAction","name":"Comment","target":["https:\/\/www.vaillant.de\/21-grad\/rat-und-tat\/erfahrungsbericht-energieeffizienzklasse-d-beim-unsanierten-altbau\/#respond"]}]},{"@type":"WebPage","@id":"https:\/\/www.vaillant.de\/21-grad\/rat-und-tat\/erfahrungsbericht-energieeffizienzklasse-d-beim-unsanierten-altbau\/","url":"https:\/\/www.vaillant.de\/21-grad\/rat-und-tat\/erfahrungsbericht-energieeffizienzklasse-d-beim-unsanierten-altbau\/","name":"Erfahrungsbericht: Energieeffizienzklasse D beim unsanierten Altbau!? | 21 grad","isPartOf":{"@id":"https:\/\/www.vaillant.de\/21-grad\/#website"},"primaryImageOfPage":{"@id":"https:\/\/www.vaillant.de\/21-grad\/rat-und-tat\/erfahrungsbericht-energieeffizienzklasse-d-beim-unsanierten-altbau\/#primaryimage"},"image":{"@id":"https:\/\/www.vaillant.de\/21-grad\/rat-und-tat\/erfahrungsbericht-energieeffizienzklasse-d-beim-unsanierten-altbau\/#primaryimage"},"thumbnailUrl":"https:\/\/www.vaillant.de\/21-grad\/wp-content\/uploads\/2026\/01\/GettyImages-1320229181_01-scaled.jpg","datePublished":"2026-01-29T12:13:14+00:00","dateModified":"2026-01-30T08:31:55+00:00","author":{"@id":"https:\/\/www.vaillant.de\/21-grad\/#\/schema\/person\/6c5f5a4071f0c7be145a9df11dac0709"},"description":"Das Gl\u00fcck von Jan-Luca und Constanze M\u00fchlbauer, endlich ihr Traumhaus gefunden zu haben, hat sich von jetzt auf gleich in Luft aufgel\u00f6st.","breadcrumb":{"@id":"https:\/\/www.vaillant.de\/21-grad\/rat-und-tat\/erfahrungsbericht-energieeffizienzklasse-d-beim-unsanierten-altbau\/#breadcrumb"},"inLanguage":"de","potentialAction":[{"@type":"ReadAction","target":["https:\/\/www.vaillant.de\/21-grad\/rat-und-tat\/erfahrungsbericht-energieeffizienzklasse-d-beim-unsanierten-altbau\/"]}]},{"@type":"ImageObject","inLanguage":"de","@id":"https:\/\/www.vaillant.de\/21-grad\/rat-und-tat\/erfahrungsbericht-energieeffizienzklasse-d-beim-unsanierten-altbau\/#primaryimage","url":"https:\/\/www.vaillant.de\/21-grad\/wp-content\/uploads\/2026\/01\/GettyImages-1320229181_01-scaled.jpg","contentUrl":"https:\/\/www.vaillant.de\/21-grad\/wp-content\/uploads\/2026\/01\/GettyImages-1320229181_01-scaled.jpg","width":2560,"height":1705},{"@type":"BreadcrumbList","@id":"https:\/\/www.vaillant.de\/21-grad\/rat-und-tat\/erfahrungsbericht-energieeffizienzklasse-d-beim-unsanierten-altbau\/#breadcrumb","itemListElement":[{"@type":"ListItem","position":1,"name":"Startseite","item":"https:\/\/www.vaillant.de\/21-grad\/"},{"@type":"ListItem","position":2,"name":"Erfahrungsbericht: Energieeffizienzklasse D beim unsanierten Altbau!?"}]},{"@type":"WebSite","@id":"https:\/\/www.vaillant.de\/21-grad\/#website","url":"https:\/\/www.vaillant.de\/21-grad\/","name":"21 grad","description":"Der Blog f\u00fcr Menschen, die weiterdenken","potentialAction":[{"@type":"SearchAction","target":{"@type":"EntryPoint","urlTemplate":"https:\/\/www.vaillant.de\/21-grad\/?s={search_term_string}"},"query-input":{"@type":"PropertyValueSpecification","valueRequired":true,"valueName":"search_term_string"}}],"inLanguage":"de"},{"@type":"Person","@id":"https:\/\/www.vaillant.de\/21-grad\/#\/schema\/person\/6c5f5a4071f0c7be145a9df11dac0709","name":"Tim","image":{"@type":"ImageObject","inLanguage":"de","@id":"https:\/\/www.vaillant.de\/21-grad\/wp-content\/uploads\/2025\/04\/20230516_Vaillant-Mitarbeitershooting-Lennep_0005_MKP-1-125x125.jpg9c05c6497faaba75d1eddfe0b2afcc63","url":"https:\/\/www.vaillant.de\/21-grad\/wp-content\/uploads\/2025\/04\/20230516_Vaillant-Mitarbeitershooting-Lennep_0005_MKP-1-125x125.jpg","contentUrl":"https:\/\/www.vaillant.de\/21-grad\/wp-content\/uploads\/2025\/04\/20230516_Vaillant-Mitarbeitershooting-Lennep_0005_MKP-1-125x125.jpg","caption":"Tim"},"description":"Ob Facebook oder Twitter, ob # oder @, ob Like oder Share \u2013 in meinem Arbeitsalltag dreht sich alles um Social Media. Ich sorge daf\u00fcr, dass unsere Zielgruppen sowohl informative als auch unterhaltsame und interaktive Inhalte mit Mehrwert auf unseren Kan\u00e4len finden. Nachhaltigkeit Nachhaltigkeit spielt vor allem in meiner Bewegung eine Rolle, da ich so viele Wege wie m\u00f6glich mit dem Rad zur\u00fccklege, u.a. den Weg zur Arbeit. Meiner Meinung nach wird viel zu oft auf das Auto zur\u00fcckgegriffen, vor allem f\u00fcr unn\u00f6tige Kurzstrecken unter 10 oder sogar weniger Minuten. Interessen Fu\u00dfball, Skifahren, Fitness, Unternehmungen in der Natur, Musik. Was w\u00fcrdest du mit auf eine einsame Insel nehmen? Einen Plattenspieler, ein gutes Buch und einen erfrischenden Drink. Wenn du eine Superkraft h\u00e4ttest, welche w\u00e4re das und warum? Ich w\u00fcrde mit meiner Superkraft gerne den Klimawandel aufhalten, da wir zwar viel reden, aber noch viel zu wenig daf\u00fcr tun.","url":"https:\/\/www.vaillant.de\/21-grad\/autor\/tim\/"}]}},"_links":{"self":[{"href":"https:\/\/www.vaillant.de\/21-grad\/wp-json\/wp\/v2\/posts\/8899","targetHints":{"allow":["GET"]}}],"collection":[{"href":"https:\/\/www.vaillant.de\/21-grad\/wp-json\/wp\/v2\/posts"}],"about":[{"href":"https:\/\/www.vaillant.de\/21-grad\/wp-json\/wp\/v2\/types\/post"}],"author":[{"embeddable":true,"href":"https:\/\/www.vaillant.de\/21-grad\/wp-json\/wp\/v2\/users\/19"}],"replies":[{"embeddable":true,"href":"https:\/\/www.vaillant.de\/21-grad\/wp-json\/wp\/v2\/comments?post=8899"}],"version-history":[{"count":3,"href":"https:\/\/www.vaillant.de\/21-grad\/wp-json\/wp\/v2\/posts\/8899\/revisions"}],"predecessor-version":[{"id":8931,"href":"https:\/\/www.vaillant.de\/21-grad\/wp-json\/wp\/v2\/posts\/8899\/revisions\/8931"}],"wp:featuredmedia":[{"embeddable":true,"href":"https:\/\/www.vaillant.de\/21-grad\/wp-json\/wp\/v2\/media\/8911"}],"wp:attachment":[{"href":"https:\/\/www.vaillant.de\/21-grad\/wp-json\/wp\/v2\/media?parent=8899"}],"wp:term":[{"taxonomy":"category","embeddable":true,"href":"https:\/\/www.vaillant.de\/21-grad\/wp-json\/wp\/v2\/categories?post=8899"},{"taxonomy":"post_tag","embeddable":true,"href":"https:\/\/www.vaillant.de\/21-grad\/wp-json\/wp\/v2\/tags?post=8899"},{"taxonomy":"author","embeddable":true,"href":"https:\/\/www.vaillant.de\/21-grad\/wp-json\/wp\/v2\/coauthors?post=8899"}],"curies":[{"name":"wp","href":"https:\/\/api.w.org\/{rel}","templated":true}]}}