{"id":9157,"date":"2026-09-02T11:05:49","date_gmt":"2026-09-02T09:05:49","guid":{"rendered":"https:\/\/www.vaillant.de\/21-grad\/?p=9157"},"modified":"2026-09-02T11:36:14","modified_gmt":"2026-09-02T09:36:14","slug":"luft-wasser-waermepumpen-ueberall-fuer-die-zukunft-optimal-aufgestellt","status":"publish","type":"post","link":"https:\/\/www.vaillant.de\/21-grad\/rat-und-tat\/luft-wasser-waermepumpen-ueberall-fuer-die-zukunft-optimal-aufgestellt\/","title":{"rendered":"Luft\/Wasser-W\u00e4rmepumpen \u2013 \u00fcberall f\u00fcr die Zukunft optimal aufgestellt \u2026"},"content":{"rendered":"<p class=\"Text\">Dank der neuesten Ger\u00e4tegeneration kommen diese Vorteile immer \u00f6fter auch im energetisch noch nicht oder nur etwas sanierten Geb\u00e4udebestand zum Tragen. Denn bei Bedarf sind <a href=\"https:\/\/www.vaillant.at\/privatanwender\/tipps-und-wissen\/heiztechnologien\/warmepumpen\/vorlauftemperatur-einer-warmepumpe\/\">Vorlauftemperaturen<\/a> m\u00f6glich, mit denen sich die vorhandenen Heizk\u00f6rper weiter zur W\u00e4rmeverteilung nutzen lassen. Es muss also lediglich der W\u00e4rmeerzeuger getauscht werden, also beispielsweise der alte \u00d6lkessel gegen besagte Luft\/Wasser-W\u00e4rmepumpe.<\/p>\n<p class=\"Text\">Gerade im Bestand ist es dabei aber wichtig, ein paar \u201eSpielregeln\u201c bei der Aufstellung der Au\u00dfeneinheit einer Luft\/Wasser-W\u00e4rmepumpe zu beachten: W\u00e4hrend die Fl\u00e4chen in Neubaugebieten meist schon entsprechend \u00fcberplant sind, wird es in bestehenden Baugebieten aufgrund der gewachsenen, h\u00e4ufig stark verdichteten Bebauung etwas komplexer. Hier die f\u00fcnf wichtigsten Stichworte, damit auch dieser Teil Eures Heizungstauschs von Anfang an zum Erfolgsprojekt wird:<\/p>\n<h2 class=\"Zwischentitel\">Tipp 1: Bleib ruhig!<\/h2>\n<p class=\"Text\">Konstruktionsbedingt haben die meisten Luft\/Wasser-W\u00e4rmepumpe eine Au\u00dfeneinheit: Darin befinden sich Ventilatoren und ein Kompressor, um die in der Au\u00dfenluft gebundene Energie \u00fcber <a href=\"https:\/\/www.vaillant.de\/ratgeber\/technologie-verstehen\/waermepumpe\/funktionsweise\/\">Verdichtung<\/a> f\u00fcr das Heizen oder die Warmwasserbereitung nutzbar zu machen. Dieser Prozess ist zwar schon super leise, bei der leistungsstarken aroTHERM plus zum Beispiel nur noch 46,2 dB(A)*. Das entspricht in etwa der Ger\u00e4uschkulisse eines leisen K\u00fchlschranks. Das Ger\u00e4usch kann aber empfindliche Menschen m\u00f6glicherweise dennoch st\u00f6ren.<\/p>\n<p class=\"Text\">Lange galt deswegen: Bei der Aufstellung sind mindestens 3 Meter Abstand zur Grundst\u00fccksgrenze einhalten. In manchen Landesbauordnungen (wie <a href=\"https:\/\/bauportal.nrw\/waermepumpe-bauen-nordrhein-westfalen\">NRW<\/a>) ist das zwar zum Teil schon bis auf Nullabstand reduziert. Trotzdem bleibt das Thema bestehen, und zwar \u00fcber die <a href=\"https:\/\/www.umwelt.nrw.de\/themen\/umwelt\/umwelt-und-gesundheit\/laerm\/laermschutz-bei-luftwaermepumpen\">L\u00e4rmschutzvorschriften<\/a> der Technischen Anleitung zum Schutz gegen L\u00e4rm (TA L\u00e4rm).<\/p>\n<div class=\"infobox hint\"><\/p>\n<p>Unser Tipp:<br \/>\nVergleicht vor dem Kauf einer W\u00e4rmepumpe die Angaben der Hersteller zu den Betriebsger\u00e4uschen, informiert rechtzeitig Eure Nachbarn \u00fcber Euer Projekt \u2013 und lasst Euch unbedingt durch den Fachhandwerker schriftlich best\u00e4tigen, dass die Grenzwerte gem\u00e4\u00df TA L\u00e4rm eingehalten werden.<\/p>\n<p><\/div>\n<p class=\"Text\"><span style=\"font-size: 8.0pt; line-height: 150%;\">*) Schallleistungspegel f\u00fcr aroTHERM plus VWL 75; bei A-7\/W35 (60 % Fl\u00fcsterbetrieb \/ au\u00dfen)<\/span><\/p>\n<h2 class=\"Zwischentitel\">Tipp 2: An der Wand zur Stra\u00dfe hin!<\/h2>\n<p class=\"Text\"><img loading=\"lazy\" decoding=\"async\" class=\"size-medium wp-image-9154 alignright\" src=\"https:\/\/www.vaillant.de\/21-grad\/wp-content\/uploads\/2026\/09\/260127_01_0039-348x232.webp\" alt=\"\" width=\"348\" height=\"232\" srcset=\"https:\/\/www.vaillant.de\/21-grad\/wp-content\/uploads\/2026\/09\/260127_01_0039-348x232.webp 348w, https:\/\/www.vaillant.de\/21-grad\/wp-content\/uploads\/2026\/09\/260127_01_0039-721x480.webp 721w, https:\/\/www.vaillant.de\/21-grad\/wp-content\/uploads\/2026\/09\/260127_01_0039-768x511.webp 768w, https:\/\/www.vaillant.de\/21-grad\/wp-content\/uploads\/2026\/09\/260127_01_0039.webp 1000w\" sizes=\"auto, (max-width: 348px) 100vw, 348px\" \/>Der Einsatz von Luft\/Wasser-W\u00e4rmepumpen ist schon l\u00e4ngst nicht mehr auf Ein- und Zweifamilienh\u00e4user beschr\u00e4nkt. Immer \u00f6fter kommen sie mittlerweile genauso beim Heizungstausch in Mehrfamilienh\u00e4usern zum Einsatz. Dann allerdings mit deutlich h\u00f6herer Leistung, beispielsweise durch eine <a href=\"https:\/\/www.vaillant.de\/ratgeber\/heiztechniklexikon\/kaskade\/\">Kaskadenschaltung<\/a>. Das sind mehrere Anlagen nebeneinander, die je nach Leistungsbedarf einzeln oder zusammen laufen. Die Kaskadenschaltung ist dadurch besonders wirtschaftlich, kann aber eventuell zu h\u00f6herer Ger\u00e4uschentwicklung f\u00fchren.<\/p>\n<div class=\"infobox hint\"><\/p>\n<p class=\"Text\">Unser Tipp:<br \/>\nW\u00e4rmepumpenkaskaden gerade bei Mehrfamilienh\u00e4usern idealerweise an einer Hauswand ohne Fenster aufstellen und zur Stra\u00dfe hin ausrichten. So sind die Betriebsger\u00e4usche kaum zu h\u00f6ren bzw. gehen im wahrsten Sinne des Wortes im Stra\u00dfenl\u00e4rm komplett unter.<\/p>\n<p><\/div>\n<h2 class=\"Zwischentitel\">Tipp 3: Nicht aufs Glatteis f\u00fchren!<\/h2>\n<p class=\"Text\"><img loading=\"lazy\" decoding=\"async\" class=\"size-medium wp-image-9155 alignleft\" src=\"https:\/\/www.vaillant.de\/21-grad\/wp-content\/uploads\/2026\/09\/251216_0003-348x232.webp\" alt=\"\" width=\"348\" height=\"232\" srcset=\"https:\/\/www.vaillant.de\/21-grad\/wp-content\/uploads\/2026\/09\/251216_0003-348x232.webp 348w, https:\/\/www.vaillant.de\/21-grad\/wp-content\/uploads\/2026\/09\/251216_0003-721x480.webp 721w, https:\/\/www.vaillant.de\/21-grad\/wp-content\/uploads\/2026\/09\/251216_0003-768x511.webp 768w, https:\/\/www.vaillant.de\/21-grad\/wp-content\/uploads\/2026\/09\/251216_0003.webp 1000w\" sizes=\"auto, (max-width: 348px) 100vw, 348px\" \/>Luft\/Wasser-W\u00e4rmepumpen gewinnen auf nachhaltige Weise Heizenergie, indem sie der Au\u00dfenluft Energie entziehen. Das ist ihr (simples) Funktionsprinzip. Die \u00fcblicherweise von hinten angesaugte Luft wird dadurch aber nach vorne um etwa 3 bis 5 \u00b0C (richtiger: Kelvin) k\u00e4lter ausgeblasen. Passanten, die an den Au\u00dfeneinheiten vorbei gehen, sp\u00fcren den Temperaturunterschied. Und sie k\u00f6nnen im wahrsten Sinne des Wortes aufs Glatteis gef\u00fchrt werden, wenn der Gehweg wintertags durch die Kaltluft eventuell \u00fcberfriert.<\/p>\n<div class=\"infobox hint\"><\/p>\n<p class=\"Text\">Unser Tipp:<br \/>\nStellt die Au\u00dfeneinheit eurer Luft\/Wasser-W\u00e4rmepumpe m\u00f6glichst in einem deutlichen Abstand zu Gehwegen oder anderen Verkehrsfl\u00e4chen auf. Ein oder zwei Meter reichen daf\u00fcr schon aus. Oder dreht die Au\u00dfeneinheit um 90\u00b0, so dass sie die Luft parallel zum Weg ausbl\u00e4st. Und schon ist das Vereisungsrisiko weitestgehend gebannt.<\/p>\n<p><\/div>\n<h2 class=\"Zwischentitel\">Tipp 4: Ganz sicher nah dran!<\/h2>\n<p class=\"Text\">Strombetriebene Luft\/Wasser-W\u00e4rmepumpen sind eine hoch effiziente M\u00f6glichkeit, die Umwelt bei der W\u00e4rmeerzeugung von klimasch\u00e4dlichem CO<sub>2<\/sub> zu entlasten. Vaillant hat das konsequent zu Ende gedacht und setzt beispielsweise in der Luft\/Wasser-W\u00e4rmepumpe <a href=\"https:\/\/www.vaillant.de\/produkte\/arothermplus\/\">aroTHERM plus<\/a> nur noch das nat\u00fcrliche <a href=\"https:\/\/www.vaillant.de\/heizung\/heizung-verstehen\/technologie-verstehen\/waermepumpe\/kaeltemittel\/\">K\u00e4ltemittel<\/a> (R290 \/ Propan)\u00a0ein. Das hat ein viel geringeres Global Warming Potential (GWP) als alle anderen bisher eingesetzten K\u00e4ltemittel. Ab einer gewissen Konzentration in der Umgebungsluft kann sich dieses K\u00e4ltemittel aber leicht entz\u00fcnden. Deswegen gibt es bestimmte Sicherheitsvorschriften, unter anderem einen Mindestabstand zu Kellerfenstern oder -sch\u00e4chten. Gerade in Reihenhaussiedlungen mit vergleichsweise schmalen Geb\u00e4udefassaden bedeutet das jedoch oft schon das Aus f\u00fcr die W\u00e4rmepumpe, wenn die Geb\u00e4ude\u00f6ffnungen nicht zugemauert werden sollen &#8230;<\/p>\n<div class=\"infobox hint\"><\/p>\n<p>Unser Tipp:<br \/>\nAuch hier einen Blick in die Aufstellvorgaben der Hersteller werfen. F\u00fcr die aroTHERM plus gelten dank der speziellen \u201e<a href=\"https:\/\/www.vaillant.de\/ratgeber\/technologie-verstehen\/waermepumpe\/aufstellung\/flexible-space-function\/\">Flexible Space Function<\/a>&#8220; zum Beispiel deutlich geringere Abst\u00e4nde; teilweise sogar weniger als eine Handbreit. Das er\u00f6ffnet eine Menge neuer Aufstellpl\u00e4tze rund ums Haus. Ein gewisser Mindestabstand zur Wand sollten aber immer eingehalten werden, um die ungehinderte Luftzirkulation zu gew\u00e4hrleisten sowie notwendige Servicearbeiten zu erm\u00f6glichen.<\/p>\n<p><\/div>\n<h2 class=\"Zwischentitel\">Tipp 5: Bleibt standfest!<\/h2>\n<p class=\"Text\"><img loading=\"lazy\" decoding=\"async\" class=\"size-medium wp-image-9156 alignright\" src=\"https:\/\/www.vaillant.de\/21-grad\/wp-content\/uploads\/2026\/09\/250909_0128-348x232.webp\" alt=\"\" width=\"348\" height=\"232\" srcset=\"https:\/\/www.vaillant.de\/21-grad\/wp-content\/uploads\/2026\/09\/250909_0128-348x232.webp 348w, https:\/\/www.vaillant.de\/21-grad\/wp-content\/uploads\/2026\/09\/250909_0128-721x480.webp 721w, https:\/\/www.vaillant.de\/21-grad\/wp-content\/uploads\/2026\/09\/250909_0128-768x511.webp 768w, https:\/\/www.vaillant.de\/21-grad\/wp-content\/uploads\/2026\/09\/250909_0128.webp 1000w\" sizes=\"auto, (max-width: 348px) 100vw, 348px\" \/>Wenn Ihr den perfekten Platz f\u00fcr die Au\u00dfeneinheit Eurer Luft\/Wasser-W\u00e4rmepumpen gefunden habt, bleibt eigentlich nur noch eine einzige Frage offen: Wo stellen wir die drauf? Vielleicht direkt auf den bereits vorhandenen Kiesstreifen, der an der Fassade typischerweise als Spritzschutz dient? Oder einfach direkt auf die Pflasterung des kaum benutzten Wegs zur Nebeneingangst\u00fcr, weil die eh schon da ist?<\/p>\n<p class=\"Text\">Beide Gedanken sind zwar naheliegend \u2013 aber nicht wirklich gut. Denn die Au\u00dfeneinheit einer Luft\/Wasser-W\u00e4rmepumpen hat zum einen ein gewisses Gewicht. So um die 100 kg, je nach Gr\u00f6\u00dfe aber auch dar\u00fcber. Zum anderen vibriert sie leicht, wenn L\u00fcfter und Kompressor laufen.<\/p>\n<div class=\"infobox hint\"><\/p>\n<p class=\"Text\">Unser Tipp:<span style=\"color: #000000;\"><br \/>\n<\/span>Besser gleich f\u00fcr ein vern\u00fcnftiges Fundament sorgen. Das kann zum Beispiel das neue Fertigfundament von Vaillant sein oder es wird bauseits aus Beton gegossen. So oder so ist die W\u00e4rmepumpe dann auf jeden Fall im wahrsten Sinne des Wortes bestens f\u00fcr die Zukunft aufgestellt!<\/p>\n<p><\/div>\n<p class=\"Text\">Wie sind denn Eure Erfahrungen mit der Aufstellung von Luft\/Wasser-W\u00e4rmepumpen an Altbauten oder in bestehenden Wohnsiedlungen? Sind Euch da vielleicht schon mal besonders gelungene, oder genauso eher ungl\u00fccklich aufgestellte W\u00e4rmepumpen aufgefallen? Teilt gerne diese Erfahrungen mit uns und den anderen Usern.<\/p>\n","protected":false},"excerpt":{"rendered":"<p>W\u00e4rmepumpen sind f\u00fcr die Energiewende ein Erfolgsfaktor: Mit keiner anderen Technologie wird so nachhaltig und ressourcenschonend aus einem Anteil Antriebsenergie das ca. Drei- bis F\u00fcnffache an W\u00e4rme erzeugt. Deswegen geh\u00f6ren W\u00e4rmepumpen schon in acht von zehn Neubauten zum Standard (Quelle: Bundesverband W\u00e4rmepumpe e.V.). Meistens handelt es sich dabei um Luft\/Wasser-W\u00e4rmepumpen wie die aroTHERM plus, die besonders wirtschaftlich und einfach zu installieren ist.<\/p>\n","protected":false},"author":14,"featured_media":9153,"comment_status":"open","ping_status":"open","sticky":false,"template":"","format":"standard","meta":{"footnotes":""},"categories":[2],"tags":[],"coauthors":[68],"class_list":["post-9157","post","type-post","status-publish","format-standard","has-post-thumbnail","hentry","category-rat-und-tat"],"yoast_head":"<!-- This site is optimized with the Yoast SEO plugin v28.2 - https:\/\/yoast.com\/product\/yoast-seo-wordpress\/ -->\n<title>Luft\/Wasser-W\u00e4rmepumpen optimal aufgestellt | 21 grad<\/title>\n<meta name=\"description\" content=\"Hier die f\u00fcnf wichtigsten Faktoren, damit auch dieser Teil Eures Heizungstauschs von Anfang an zum Erfolgsprojekt wird.\" \/>\n<meta name=\"robots\" content=\"index, follow, max-snippet:-1, max-image-preview:large, max-video-preview:-1\" \/>\n<link rel=\"canonical\" href=\"https:\/\/www.vaillant.de\/21-grad\/rat-und-tat\/luft-wasser-waermepumpen-ueberall-fuer-die-zukunft-optimal-aufgestellt\/\" \/>\n<meta property=\"og:locale\" content=\"de_DE\" \/>\n<meta property=\"og:type\" content=\"article\" \/>\n<meta property=\"og:title\" content=\"Luft\/Wasser-W\u00e4rmepumpen optimal aufgestellt | 21 grad\" \/>\n<meta property=\"og:description\" content=\"Hier die f\u00fcnf wichtigsten Faktoren, damit auch dieser Teil Eures Heizungstauschs von Anfang an zum Erfolgsprojekt wird.\" \/>\n<meta property=\"og:url\" content=\"https:\/\/www.vaillant.de\/21-grad\/rat-und-tat\/luft-wasser-waermepumpen-ueberall-fuer-die-zukunft-optimal-aufgestellt\/\" \/>\n<meta property=\"og:site_name\" content=\"21 grad\" \/>\n<meta property=\"article:publisher\" content=\"https:\/\/www.facebook.com\/21grad\/\" \/>\n<meta property=\"article:published_time\" content=\"2026-09-02T09:05:49+00:00\" \/>\n<meta property=\"article:modified_time\" content=\"2026-09-02T09:36:14+00:00\" \/>\n<meta property=\"og:image\" content=\"https:\/\/www.vaillant.de\/21-grad\/wp-content\/uploads\/2026\/09\/250625_0206.webp\" \/>\n\t<meta property=\"og:image:width\" content=\"1000\" \/>\n\t<meta property=\"og:image:height\" content=\"666\" \/>\n\t<meta property=\"og:image:type\" content=\"image\/webp\" \/>\n<meta name=\"author\" content=\"Jacqueline\" \/>\n<meta name=\"twitter:card\" content=\"summary_large_image\" \/>\n<meta name=\"twitter:creator\" content=\"@vaillant_de\" \/>\n<meta name=\"twitter:site\" content=\"@vaillant_de\" \/>\n<meta name=\"twitter:label1\" content=\"Verfasst von\" \/>\n\t<meta name=\"twitter:data1\" content=\"Jacqueline\" \/>\n\t<meta name=\"twitter:label2\" content=\"Gesch\u00e4tzte Lesezeit\" \/>\n\t<meta name=\"twitter:data2\" content=\"6\u00a0Minuten\" \/>\n\t<meta name=\"twitter:label3\" content=\"Written by\" \/>\n\t<meta name=\"twitter:data3\" content=\"Jacqueline\" \/>\n<script type=\"application\/ld+json\" class=\"yoast-schema-graph\">{\"@context\":\"https:\\\/\\\/schema.org\",\"@graph\":[{\"@type\":\"Article\",\"@id\":\"https:\\\/\\\/www.vaillant.de\\\/21-grad\\\/rat-und-tat\\\/luft-wasser-waermepumpen-ueberall-fuer-die-zukunft-optimal-aufgestellt\\\/#article\",\"isPartOf\":{\"@id\":\"https:\\\/\\\/www.vaillant.de\\\/21-grad\\\/rat-und-tat\\\/luft-wasser-waermepumpen-ueberall-fuer-die-zukunft-optimal-aufgestellt\\\/\"},\"author\":{\"name\":\"Jacqueline\",\"@id\":\"https:\\\/\\\/www.vaillant.de\\\/21-grad\\\/#\\\/schema\\\/person\\\/75a8b4aa6c2491a38cf9116850869d58\"},\"headline\":\"Luft\\\/Wasser-W\u00e4rmepumpen \u2013 \u00fcberall f\u00fcr die Zukunft optimal aufgestellt \u2026\",\"datePublished\":\"2026-09-02T09:05:49+00:00\",\"dateModified\":\"2026-09-02T09:36:14+00:00\",\"mainEntityOfPage\":{\"@id\":\"https:\\\/\\\/www.vaillant.de\\\/21-grad\\\/rat-und-tat\\\/luft-wasser-waermepumpen-ueberall-fuer-die-zukunft-optimal-aufgestellt\\\/\"},\"wordCount\":1013,\"commentCount\":0,\"image\":{\"@id\":\"https:\\\/\\\/www.vaillant.de\\\/21-grad\\\/rat-und-tat\\\/luft-wasser-waermepumpen-ueberall-fuer-die-zukunft-optimal-aufgestellt\\\/#primaryimage\"},\"thumbnailUrl\":\"https:\\\/\\\/www.vaillant.de\\\/21-grad\\\/wp-content\\\/uploads\\\/2026\\\/09\\\/250625_0206.webp\",\"articleSection\":[\"Rat &amp; Tat\"],\"inLanguage\":\"de\",\"potentialAction\":[{\"@type\":\"CommentAction\",\"name\":\"Comment\",\"target\":[\"https:\\\/\\\/www.vaillant.de\\\/21-grad\\\/rat-und-tat\\\/luft-wasser-waermepumpen-ueberall-fuer-die-zukunft-optimal-aufgestellt\\\/#respond\"]}]},{\"@type\":\"WebPage\",\"@id\":\"https:\\\/\\\/www.vaillant.de\\\/21-grad\\\/rat-und-tat\\\/luft-wasser-waermepumpen-ueberall-fuer-die-zukunft-optimal-aufgestellt\\\/\",\"url\":\"https:\\\/\\\/www.vaillant.de\\\/21-grad\\\/rat-und-tat\\\/luft-wasser-waermepumpen-ueberall-fuer-die-zukunft-optimal-aufgestellt\\\/\",\"name\":\"Luft\\\/Wasser-W\u00e4rmepumpen optimal aufgestellt | 21 grad\",\"isPartOf\":{\"@id\":\"https:\\\/\\\/www.vaillant.de\\\/21-grad\\\/#website\"},\"primaryImageOfPage\":{\"@id\":\"https:\\\/\\\/www.vaillant.de\\\/21-grad\\\/rat-und-tat\\\/luft-wasser-waermepumpen-ueberall-fuer-die-zukunft-optimal-aufgestellt\\\/#primaryimage\"},\"image\":{\"@id\":\"https:\\\/\\\/www.vaillant.de\\\/21-grad\\\/rat-und-tat\\\/luft-wasser-waermepumpen-ueberall-fuer-die-zukunft-optimal-aufgestellt\\\/#primaryimage\"},\"thumbnailUrl\":\"https:\\\/\\\/www.vaillant.de\\\/21-grad\\\/wp-content\\\/uploads\\\/2026\\\/09\\\/250625_0206.webp\",\"datePublished\":\"2026-09-02T09:05:49+00:00\",\"dateModified\":\"2026-09-02T09:36:14+00:00\",\"author\":{\"@id\":\"https:\\\/\\\/www.vaillant.de\\\/21-grad\\\/#\\\/schema\\\/person\\\/75a8b4aa6c2491a38cf9116850869d58\"},\"description\":\"Hier die f\u00fcnf wichtigsten Faktoren, damit auch dieser Teil Eures Heizungstauschs von Anfang an zum Erfolgsprojekt wird.\",\"breadcrumb\":{\"@id\":\"https:\\\/\\\/www.vaillant.de\\\/21-grad\\\/rat-und-tat\\\/luft-wasser-waermepumpen-ueberall-fuer-die-zukunft-optimal-aufgestellt\\\/#breadcrumb\"},\"inLanguage\":\"de\",\"potentialAction\":[{\"@type\":\"ReadAction\",\"target\":[\"https:\\\/\\\/www.vaillant.de\\\/21-grad\\\/rat-und-tat\\\/luft-wasser-waermepumpen-ueberall-fuer-die-zukunft-optimal-aufgestellt\\\/\"]}]},{\"@type\":\"ImageObject\",\"inLanguage\":\"de\",\"@id\":\"https:\\\/\\\/www.vaillant.de\\\/21-grad\\\/rat-und-tat\\\/luft-wasser-waermepumpen-ueberall-fuer-die-zukunft-optimal-aufgestellt\\\/#primaryimage\",\"url\":\"https:\\\/\\\/www.vaillant.de\\\/21-grad\\\/wp-content\\\/uploads\\\/2026\\\/09\\\/250625_0206.webp\",\"contentUrl\":\"https:\\\/\\\/www.vaillant.de\\\/21-grad\\\/wp-content\\\/uploads\\\/2026\\\/09\\\/250625_0206.webp\",\"width\":1000,\"height\":666},{\"@type\":\"BreadcrumbList\",\"@id\":\"https:\\\/\\\/www.vaillant.de\\\/21-grad\\\/rat-und-tat\\\/luft-wasser-waermepumpen-ueberall-fuer-die-zukunft-optimal-aufgestellt\\\/#breadcrumb\",\"itemListElement\":[{\"@type\":\"ListItem\",\"position\":1,\"name\":\"Startseite\",\"item\":\"https:\\\/\\\/www.vaillant.de\\\/21-grad\\\/\"},{\"@type\":\"ListItem\",\"position\":2,\"name\":\"Luft\\\/Wasser-W\u00e4rmepumpen \u2013 \u00fcberall f\u00fcr die Zukunft optimal aufgestellt \u2026\"}]},{\"@type\":\"WebSite\",\"@id\":\"https:\\\/\\\/www.vaillant.de\\\/21-grad\\\/#website\",\"url\":\"https:\\\/\\\/www.vaillant.de\\\/21-grad\\\/\",\"name\":\"21 grad\",\"description\":\"Der Blog f\u00fcr Menschen, die weiterdenken\",\"potentialAction\":[{\"@type\":\"SearchAction\",\"target\":{\"@type\":\"EntryPoint\",\"urlTemplate\":\"https:\\\/\\\/www.vaillant.de\\\/21-grad\\\/?s={search_term_string}\"},\"query-input\":{\"@type\":\"PropertyValueSpecification\",\"valueRequired\":true,\"valueName\":\"search_term_string\"}}],\"inLanguage\":\"de\"},{\"@type\":\"Person\",\"@id\":\"https:\\\/\\\/www.vaillant.de\\\/21-grad\\\/#\\\/schema\\\/person\\\/75a8b4aa6c2491a38cf9116850869d58\",\"name\":\"Jacqueline\",\"image\":{\"@type\":\"ImageObject\",\"inLanguage\":\"de\",\"@id\":\"https:\\\/\\\/www.vaillant.de\\\/21-grad\\\/wp-content\\\/uploads\\\/2018\\\/06\\\/Portrait-250-125x125.jpgfc8ce6b31ae0347d9e261097d2ccecbb\",\"url\":\"https:\\\/\\\/www.vaillant.de\\\/21-grad\\\/wp-content\\\/uploads\\\/2018\\\/06\\\/Portrait-250-125x125.jpg\",\"contentUrl\":\"https:\\\/\\\/www.vaillant.de\\\/21-grad\\\/wp-content\\\/uploads\\\/2018\\\/06\\\/Portrait-250-125x125.jpg\",\"caption\":\"Jacqueline\"},\"description\":\"In meinem Arbeitsalltag dreht sich alles rund um digitale Themen. Ich sorge f\u00fcr die Auffindbarkeit des Unternehmens im Web, indem ich unsere Webseite immer wieder mit neuen und relevanten Inhalten best\u00fccke. Dabei ist mir besonders wichtig, dass Ihr schnell und einfach an gew\u00fcnschte Informationen gelangt. Nachhaltigkeit F\u00fcr mich bedeutet Nachhaltigkeit, auch im Alltag die Umwelt durch kleine Dinge zu entlasten. Ich fahre deswegen morgens mit dem Bus zur Arbeit, nehme zum Einkaufen meine Baumwollbeutel mit und kaufe bevorzugt Bioprodukte. Interessen In meiner Freizeit verbringe ich gerne viel Zeit mit Freuden, liebe meinen Tanzsport und spiele gerne Brettspiele. Zudem reise ich sehr gerne. Was w\u00fcrdest du tun, wenn du noch einen Tag zu leben h\u00e4ttest? Ich w\u00fcrde etwas Verr\u00fccktes wie einen Fallschirmsprung machen. Und anschlie\u00dfend eine gro\u00dfe Party mit Freunden. Wenn du eine Superkraft h\u00e4ttest, welche w\u00e4re das und warum? Ich w\u00fcrde gerne unter Wasser atmen k\u00f6nnen. Ich liebe die endlosen Weiten des Meeres und k\u00f6nnte den ganzen Tag im und unter Wasser verbringen. Was bringt dich zum l\u00e4cheln? Ein warmer Sommertag mit viel Sonne.\",\"url\":\"https:\\\/\\\/www.vaillant.de\\\/21-grad\\\/autor\\\/jacqueline\\\/\"}]}<\/script>\n<!-- \/ Yoast SEO plugin. -->","yoast_head_json":{"title":"Luft\/Wasser-W\u00e4rmepumpen optimal aufgestellt | 21 grad","description":"Hier die f\u00fcnf wichtigsten Faktoren, damit auch dieser Teil Eures Heizungstauschs von Anfang an zum Erfolgsprojekt wird.","robots":{"index":"index","follow":"follow","max-snippet":"max-snippet:-1","max-image-preview":"max-image-preview:large","max-video-preview":"max-video-preview:-1"},"canonical":"https:\/\/www.vaillant.de\/21-grad\/rat-und-tat\/luft-wasser-waermepumpen-ueberall-fuer-die-zukunft-optimal-aufgestellt\/","og_locale":"de_DE","og_type":"article","og_title":"Luft\/Wasser-W\u00e4rmepumpen optimal aufgestellt | 21 grad","og_description":"Hier die f\u00fcnf wichtigsten Faktoren, damit auch dieser Teil Eures Heizungstauschs von Anfang an zum Erfolgsprojekt wird.","og_url":"https:\/\/www.vaillant.de\/21-grad\/rat-und-tat\/luft-wasser-waermepumpen-ueberall-fuer-die-zukunft-optimal-aufgestellt\/","og_site_name":"21 grad","article_publisher":"https:\/\/www.facebook.com\/21grad\/","article_published_time":"2026-09-02T09:05:49+00:00","article_modified_time":"2026-09-02T09:36:14+00:00","og_image":[{"width":1000,"height":666,"url":"https:\/\/www.vaillant.de\/21-grad\/wp-content\/uploads\/2026\/09\/250625_0206.webp","type":"image\/webp"}],"author":"Jacqueline","twitter_card":"summary_large_image","twitter_creator":"@vaillant_de","twitter_site":"@vaillant_de","twitter_misc":{"Verfasst von":"Jacqueline","Gesch\u00e4tzte Lesezeit":"6\u00a0Minuten","Written by":"Jacqueline"},"schema":{"@context":"https:\/\/schema.org","@graph":[{"@type":"Article","@id":"https:\/\/www.vaillant.de\/21-grad\/rat-und-tat\/luft-wasser-waermepumpen-ueberall-fuer-die-zukunft-optimal-aufgestellt\/#article","isPartOf":{"@id":"https:\/\/www.vaillant.de\/21-grad\/rat-und-tat\/luft-wasser-waermepumpen-ueberall-fuer-die-zukunft-optimal-aufgestellt\/"},"author":{"name":"Jacqueline","@id":"https:\/\/www.vaillant.de\/21-grad\/#\/schema\/person\/75a8b4aa6c2491a38cf9116850869d58"},"headline":"Luft\/Wasser-W\u00e4rmepumpen \u2013 \u00fcberall f\u00fcr die Zukunft optimal aufgestellt \u2026","datePublished":"2026-09-02T09:05:49+00:00","dateModified":"2026-09-02T09:36:14+00:00","mainEntityOfPage":{"@id":"https:\/\/www.vaillant.de\/21-grad\/rat-und-tat\/luft-wasser-waermepumpen-ueberall-fuer-die-zukunft-optimal-aufgestellt\/"},"wordCount":1013,"commentCount":0,"image":{"@id":"https:\/\/www.vaillant.de\/21-grad\/rat-und-tat\/luft-wasser-waermepumpen-ueberall-fuer-die-zukunft-optimal-aufgestellt\/#primaryimage"},"thumbnailUrl":"https:\/\/www.vaillant.de\/21-grad\/wp-content\/uploads\/2026\/09\/250625_0206.webp","articleSection":["Rat &amp; Tat"],"inLanguage":"de","potentialAction":[{"@type":"CommentAction","name":"Comment","target":["https:\/\/www.vaillant.de\/21-grad\/rat-und-tat\/luft-wasser-waermepumpen-ueberall-fuer-die-zukunft-optimal-aufgestellt\/#respond"]}]},{"@type":"WebPage","@id":"https:\/\/www.vaillant.de\/21-grad\/rat-und-tat\/luft-wasser-waermepumpen-ueberall-fuer-die-zukunft-optimal-aufgestellt\/","url":"https:\/\/www.vaillant.de\/21-grad\/rat-und-tat\/luft-wasser-waermepumpen-ueberall-fuer-die-zukunft-optimal-aufgestellt\/","name":"Luft\/Wasser-W\u00e4rmepumpen optimal aufgestellt | 21 grad","isPartOf":{"@id":"https:\/\/www.vaillant.de\/21-grad\/#website"},"primaryImageOfPage":{"@id":"https:\/\/www.vaillant.de\/21-grad\/rat-und-tat\/luft-wasser-waermepumpen-ueberall-fuer-die-zukunft-optimal-aufgestellt\/#primaryimage"},"image":{"@id":"https:\/\/www.vaillant.de\/21-grad\/rat-und-tat\/luft-wasser-waermepumpen-ueberall-fuer-die-zukunft-optimal-aufgestellt\/#primaryimage"},"thumbnailUrl":"https:\/\/www.vaillant.de\/21-grad\/wp-content\/uploads\/2026\/09\/250625_0206.webp","datePublished":"2026-09-02T09:05:49+00:00","dateModified":"2026-09-02T09:36:14+00:00","author":{"@id":"https:\/\/www.vaillant.de\/21-grad\/#\/schema\/person\/75a8b4aa6c2491a38cf9116850869d58"},"description":"Hier die f\u00fcnf wichtigsten Faktoren, damit auch dieser Teil Eures Heizungstauschs von Anfang an zum Erfolgsprojekt wird.","breadcrumb":{"@id":"https:\/\/www.vaillant.de\/21-grad\/rat-und-tat\/luft-wasser-waermepumpen-ueberall-fuer-die-zukunft-optimal-aufgestellt\/#breadcrumb"},"inLanguage":"de","potentialAction":[{"@type":"ReadAction","target":["https:\/\/www.vaillant.de\/21-grad\/rat-und-tat\/luft-wasser-waermepumpen-ueberall-fuer-die-zukunft-optimal-aufgestellt\/"]}]},{"@type":"ImageObject","inLanguage":"de","@id":"https:\/\/www.vaillant.de\/21-grad\/rat-und-tat\/luft-wasser-waermepumpen-ueberall-fuer-die-zukunft-optimal-aufgestellt\/#primaryimage","url":"https:\/\/www.vaillant.de\/21-grad\/wp-content\/uploads\/2026\/09\/250625_0206.webp","contentUrl":"https:\/\/www.vaillant.de\/21-grad\/wp-content\/uploads\/2026\/09\/250625_0206.webp","width":1000,"height":666},{"@type":"BreadcrumbList","@id":"https:\/\/www.vaillant.de\/21-grad\/rat-und-tat\/luft-wasser-waermepumpen-ueberall-fuer-die-zukunft-optimal-aufgestellt\/#breadcrumb","itemListElement":[{"@type":"ListItem","position":1,"name":"Startseite","item":"https:\/\/www.vaillant.de\/21-grad\/"},{"@type":"ListItem","position":2,"name":"Luft\/Wasser-W\u00e4rmepumpen \u2013 \u00fcberall f\u00fcr die Zukunft optimal aufgestellt \u2026"}]},{"@type":"WebSite","@id":"https:\/\/www.vaillant.de\/21-grad\/#website","url":"https:\/\/www.vaillant.de\/21-grad\/","name":"21 grad","description":"Der Blog f\u00fcr Menschen, die weiterdenken","potentialAction":[{"@type":"SearchAction","target":{"@type":"EntryPoint","urlTemplate":"https:\/\/www.vaillant.de\/21-grad\/?s={search_term_string}"},"query-input":{"@type":"PropertyValueSpecification","valueRequired":true,"valueName":"search_term_string"}}],"inLanguage":"de"},{"@type":"Person","@id":"https:\/\/www.vaillant.de\/21-grad\/#\/schema\/person\/75a8b4aa6c2491a38cf9116850869d58","name":"Jacqueline","image":{"@type":"ImageObject","inLanguage":"de","@id":"https:\/\/www.vaillant.de\/21-grad\/wp-content\/uploads\/2018\/06\/Portrait-250-125x125.jpgfc8ce6b31ae0347d9e261097d2ccecbb","url":"https:\/\/www.vaillant.de\/21-grad\/wp-content\/uploads\/2018\/06\/Portrait-250-125x125.jpg","contentUrl":"https:\/\/www.vaillant.de\/21-grad\/wp-content\/uploads\/2018\/06\/Portrait-250-125x125.jpg","caption":"Jacqueline"},"description":"In meinem Arbeitsalltag dreht sich alles rund um digitale Themen. Ich sorge f\u00fcr die Auffindbarkeit des Unternehmens im Web, indem ich unsere Webseite immer wieder mit neuen und relevanten Inhalten best\u00fccke. Dabei ist mir besonders wichtig, dass Ihr schnell und einfach an gew\u00fcnschte Informationen gelangt. Nachhaltigkeit F\u00fcr mich bedeutet Nachhaltigkeit, auch im Alltag die Umwelt durch kleine Dinge zu entlasten. Ich fahre deswegen morgens mit dem Bus zur Arbeit, nehme zum Einkaufen meine Baumwollbeutel mit und kaufe bevorzugt Bioprodukte. Interessen In meiner Freizeit verbringe ich gerne viel Zeit mit Freuden, liebe meinen Tanzsport und spiele gerne Brettspiele. Zudem reise ich sehr gerne. Was w\u00fcrdest du tun, wenn du noch einen Tag zu leben h\u00e4ttest? Ich w\u00fcrde etwas Verr\u00fccktes wie einen Fallschirmsprung machen. Und anschlie\u00dfend eine gro\u00dfe Party mit Freunden. Wenn du eine Superkraft h\u00e4ttest, welche w\u00e4re das und warum? Ich w\u00fcrde gerne unter Wasser atmen k\u00f6nnen. Ich liebe die endlosen Weiten des Meeres und k\u00f6nnte den ganzen Tag im und unter Wasser verbringen. Was bringt dich zum l\u00e4cheln? Ein warmer Sommertag mit viel Sonne.","url":"https:\/\/www.vaillant.de\/21-grad\/autor\/jacqueline\/"}]}},"_links":{"self":[{"href":"https:\/\/www.vaillant.de\/21-grad\/wp-json\/wp\/v2\/posts\/9157","targetHints":{"allow":["GET"]}}],"collection":[{"href":"https:\/\/www.vaillant.de\/21-grad\/wp-json\/wp\/v2\/posts"}],"about":[{"href":"https:\/\/www.vaillant.de\/21-grad\/wp-json\/wp\/v2\/types\/post"}],"author":[{"embeddable":true,"href":"https:\/\/www.vaillant.de\/21-grad\/wp-json\/wp\/v2\/users\/14"}],"replies":[{"embeddable":true,"href":"https:\/\/www.vaillant.de\/21-grad\/wp-json\/wp\/v2\/comments?post=9157"}],"version-history":[{"count":4,"href":"https:\/\/www.vaillant.de\/21-grad\/wp-json\/wp\/v2\/posts\/9157\/revisions"}],"predecessor-version":[{"id":9167,"href":"https:\/\/www.vaillant.de\/21-grad\/wp-json\/wp\/v2\/posts\/9157\/revisions\/9167"}],"wp:featuredmedia":[{"embeddable":true,"href":"https:\/\/www.vaillant.de\/21-grad\/wp-json\/wp\/v2\/media\/9153"}],"wp:attachment":[{"href":"https:\/\/www.vaillant.de\/21-grad\/wp-json\/wp\/v2\/media?parent=9157"}],"wp:term":[{"taxonomy":"category","embeddable":true,"href":"https:\/\/www.vaillant.de\/21-grad\/wp-json\/wp\/v2\/categories?post=9157"},{"taxonomy":"post_tag","embeddable":true,"href":"https:\/\/www.vaillant.de\/21-grad\/wp-json\/wp\/v2\/tags?post=9157"},{"taxonomy":"author","embeddable":true,"href":"https:\/\/www.vaillant.de\/21-grad\/wp-json\/wp\/v2\/coauthors?post=9157"}],"curies":[{"name":"wp","href":"https:\/\/api.w.org\/{rel}","templated":true}]}}