{"id":22,"name":"Sibel","url":"","description":"Als Content Manager dreht sich in meiner Vaillant-Welt alles um Inhalte. Ob Produktbrosch\u00fcren, Flyer, Produktseiten oder Ratgeber auf unserer Webseite, die Inhalte zu den Themenbereichen Photovoltaik, Smart Home sowie unsere Elektro-Produkte liegen in meiner Verantwortung \u2013 ein sch\u00f6ner Mix aus Tradition &amp; Innovation! \r\n\r\n<b>Nachhaltigkeit<\/b>\r\nJutebeutel, Eink\u00e4ufe zu Fu\u00df, Fahrgemeinschaften \u2013 kleine Ma\u00dfnahmen, mit denen ich versuche, mehr Nachhaltigkeit in meinen Alltag zu integrieren. \r\n\r\n<b>Interessen<\/b>\r\nGanz viel Zeit mit Familie und Freunden, Musik (all day long), Meditation, Marvel\/MCU, B\u00fccher (Fantasy)\r\n\r\n<b>Mit wem w\u00fcrdest du essen gehen und was sollte es geben? <\/b>\r\nMit Neil Armstrong und wir essen Tr\u00fcffel-Pasta. \r\n\r\n<b>Was bringt dich auf die Palme?<\/b>\r\nDas Ger\u00e4usch von fallenden Pfandflaschen :-D \r\n\r\n<b>Was bringt dich zum l\u00e4cheln?<\/b>\r\nEin sch\u00f6nes Abendessen mit meiner Familie \u2013 und ein sternenklarer Nachthimmel.","link":"https:\/\/www.vaillant.de\/21-grad\/autor\/sibel\/","slug":"sibel","avatar_urls":{"24":"https:\/\/www.vaillant.de\/21-grad\/wp-content\/uploads\/2022\/08\/Foto_Sibel-125x125.jpg","48":"https:\/\/www.vaillant.de\/21-grad\/wp-content\/uploads\/2022\/08\/Foto_Sibel-125x125.jpg","96":"https:\/\/www.vaillant.de\/21-grad\/wp-content\/uploads\/2022\/08\/Foto_Sibel-125x125.jpg"},"meta":[],"yoast_head":"<!-- This site is optimized with the Yoast SEO plugin v27.4 - https:\/\/yoast.com\/product\/yoast-seo-wordpress\/ -->\n<title>Sibel, Autor auf 21 grad<\/title>\n<meta name=\"robots\" content=\"index, follow, max-snippet:-1, max-image-preview:large, max-video-preview:-1\" \/>\n<link rel=\"canonical\" href=\"https:\/\/www.vaillant.de\/21-grad\/autor\/sibel\/\" \/>\n<meta property=\"og:locale\" content=\"de_DE\" \/>\n<meta property=\"og:type\" content=\"profile\" \/>\n<meta property=\"og:title\" content=\"Sibel, Autor auf 21 grad\" \/>\n<meta property=\"og:url\" content=\"https:\/\/www.vaillant.de\/21-grad\/autor\/sibel\/\" \/>\n<meta property=\"og:site_name\" content=\"21 grad\" \/>\n<meta property=\"og:image\" content=\"https:\/\/www.vaillant.de\/21-grad\/wp-content\/uploads\/2022\/08\/Foto_Sibel.jpg\" \/>\n\t<meta property=\"og:image:width\" content=\"1000\" \/>\n\t<meta property=\"og:image:height\" content=\"833\" \/>\n\t<meta property=\"og:image:type\" content=\"image\/jpeg\" \/>\n<meta name=\"twitter:card\" content=\"summary_large_image\" \/>\n<meta name=\"twitter:site\" content=\"@vaillant_de\" \/>\n<script type=\"application\/ld+json\" class=\"yoast-schema-graph\">{\"@context\":\"https:\\\/\\\/schema.org\",\"@graph\":[{\"@type\":\"ProfilePage\",\"@id\":\"https:\\\/\\\/www.vaillant.de\\\/21-grad\\\/autor\\\/sibel\\\/\",\"url\":\"https:\\\/\\\/www.vaillant.de\\\/21-grad\\\/autor\\\/sibel\\\/\",\"name\":\"Sibel, Autor auf 21 grad\",\"isPartOf\":{\"@id\":\"https:\\\/\\\/www.vaillant.de\\\/21-grad\\\/#website\"},\"breadcrumb\":{\"@id\":\"https:\\\/\\\/www.vaillant.de\\\/21-grad\\\/autor\\\/sibel\\\/#breadcrumb\"},\"inLanguage\":\"de\",\"potentialAction\":[{\"@type\":\"ReadAction\",\"target\":[\"https:\\\/\\\/www.vaillant.de\\\/21-grad\\\/autor\\\/sibel\\\/\"]}]},{\"@type\":\"BreadcrumbList\",\"@id\":\"https:\\\/\\\/www.vaillant.de\\\/21-grad\\\/autor\\\/sibel\\\/#breadcrumb\",\"itemListElement\":[{\"@type\":\"ListItem\",\"position\":1,\"name\":\"Startseite\",\"item\":\"https:\\\/\\\/www.vaillant.de\\\/21-grad\\\/\"},{\"@type\":\"ListItem\",\"position\":2,\"name\":\"Archive f\u00fcr Sibel\"}]},{\"@type\":\"WebSite\",\"@id\":\"https:\\\/\\\/www.vaillant.de\\\/21-grad\\\/#website\",\"url\":\"https:\\\/\\\/www.vaillant.de\\\/21-grad\\\/\",\"name\":\"21 grad\",\"description\":\"Der Blog f\u00fcr Menschen, die weiterdenken\",\"potentialAction\":[{\"@type\":\"SearchAction\",\"target\":{\"@type\":\"EntryPoint\",\"urlTemplate\":\"https:\\\/\\\/www.vaillant.de\\\/21-grad\\\/?s={search_term_string}\"},\"query-input\":{\"@type\":\"PropertyValueSpecification\",\"valueRequired\":true,\"valueName\":\"search_term_string\"}}],\"inLanguage\":\"de\"},{\"@type\":\"Person\",\"@id\":\"https:\\\/\\\/www.vaillant.de\\\/21-grad\\\/#\\\/schema\\\/person\\\/03b8aa3a9c0a271e0b8fb3012cec586a\",\"name\":\"Sibel\",\"image\":{\"@type\":\"ImageObject\",\"inLanguage\":\"de\",\"@id\":\"https:\\\/\\\/www.vaillant.de\\\/21-grad\\\/wp-content\\\/uploads\\\/2022\\\/08\\\/Foto_Sibel-125x125.jpg020292b54eaae816635cb20c87eb9958\",\"url\":\"https:\\\/\\\/www.vaillant.de\\\/21-grad\\\/wp-content\\\/uploads\\\/2022\\\/08\\\/Foto_Sibel-125x125.jpg\",\"contentUrl\":\"https:\\\/\\\/www.vaillant.de\\\/21-grad\\\/wp-content\\\/uploads\\\/2022\\\/08\\\/Foto_Sibel-125x125.jpg\",\"caption\":\"Sibel\"},\"description\":\"Als Content Manager dreht sich in meiner Vaillant-Welt alles um Inhalte. Ob Produktbrosch\u00fcren, Flyer, Produktseiten oder Ratgeber auf unserer Webseite, die Inhalte zu den Themenbereichen Photovoltaik, Smart Home sowie unsere Elektro-Produkte liegen in meiner Verantwortung \u2013 ein sch\u00f6ner Mix aus Tradition &amp; Innovation! Nachhaltigkeit Jutebeutel, Eink\u00e4ufe zu Fu\u00df, Fahrgemeinschaften \u2013 kleine Ma\u00dfnahmen, mit denen ich versuche, mehr Nachhaltigkeit in meinen Alltag zu integrieren. Interessen Ganz viel Zeit mit Familie und Freunden, Musik (all day long), Meditation, Marvel\\\/MCU, B\u00fccher (Fantasy) Mit wem w\u00fcrdest du essen gehen und was sollte es geben? Mit Neil Armstrong und wir essen Tr\u00fcffel-Pasta. Was bringt dich auf die Palme? Das Ger\u00e4usch von fallenden Pfandflaschen :-D Was bringt dich zum l\u00e4cheln? Ein sch\u00f6nes Abendessen mit meiner Familie \u2013 und ein sternenklarer Nachthimmel.\",\"mainEntityOfPage\":{\"@id\":\"https:\\\/\\\/www.vaillant.de\\\/21-grad\\\/autor\\\/sibel\\\/\"}}]}<\/script>\n<!-- \/ Yoast SEO plugin. -->","yoast_head_json":{"title":"Sibel, Autor auf 21 grad","robots":{"index":"index","follow":"follow","max-snippet":"max-snippet:-1","max-image-preview":"max-image-preview:large","max-video-preview":"max-video-preview:-1"},"canonical":"https:\/\/www.vaillant.de\/21-grad\/autor\/sibel\/","og_locale":"de_DE","og_type":"profile","og_title":"Sibel, Autor auf 21 grad","og_url":"https:\/\/www.vaillant.de\/21-grad\/autor\/sibel\/","og_site_name":"21 grad","og_image":[{"width":1000,"height":833,"url":"https:\/\/www.vaillant.de\/21-grad\/wp-content\/uploads\/2022\/08\/Foto_Sibel.jpg","type":"image\/jpeg"}],"twitter_card":"summary_large_image","twitter_site":"@vaillant_de","schema":{"@context":"https:\/\/schema.org","@graph":[{"@type":"ProfilePage","@id":"https:\/\/www.vaillant.de\/21-grad\/autor\/sibel\/","url":"https:\/\/www.vaillant.de\/21-grad\/autor\/sibel\/","name":"Sibel, Autor auf 21 grad","isPartOf":{"@id":"https:\/\/www.vaillant.de\/21-grad\/#website"},"breadcrumb":{"@id":"https:\/\/www.vaillant.de\/21-grad\/autor\/sibel\/#breadcrumb"},"inLanguage":"de","potentialAction":[{"@type":"ReadAction","target":["https:\/\/www.vaillant.de\/21-grad\/autor\/sibel\/"]}]},{"@type":"BreadcrumbList","@id":"https:\/\/www.vaillant.de\/21-grad\/autor\/sibel\/#breadcrumb","itemListElement":[{"@type":"ListItem","position":1,"name":"Startseite","item":"https:\/\/www.vaillant.de\/21-grad\/"},{"@type":"ListItem","position":2,"name":"Archive f\u00fcr Sibel"}]},{"@type":"WebSite","@id":"https:\/\/www.vaillant.de\/21-grad\/#website","url":"https:\/\/www.vaillant.de\/21-grad\/","name":"21 grad","description":"Der Blog f\u00fcr Menschen, die weiterdenken","potentialAction":[{"@type":"SearchAction","target":{"@type":"EntryPoint","urlTemplate":"https:\/\/www.vaillant.de\/21-grad\/?s={search_term_string}"},"query-input":{"@type":"PropertyValueSpecification","valueRequired":true,"valueName":"search_term_string"}}],"inLanguage":"de"},{"@type":"Person","@id":"https:\/\/www.vaillant.de\/21-grad\/#\/schema\/person\/03b8aa3a9c0a271e0b8fb3012cec586a","name":"Sibel","image":{"@type":"ImageObject","inLanguage":"de","@id":"https:\/\/www.vaillant.de\/21-grad\/wp-content\/uploads\/2022\/08\/Foto_Sibel-125x125.jpg020292b54eaae816635cb20c87eb9958","url":"https:\/\/www.vaillant.de\/21-grad\/wp-content\/uploads\/2022\/08\/Foto_Sibel-125x125.jpg","contentUrl":"https:\/\/www.vaillant.de\/21-grad\/wp-content\/uploads\/2022\/08\/Foto_Sibel-125x125.jpg","caption":"Sibel"},"description":"Als Content Manager dreht sich in meiner Vaillant-Welt alles um Inhalte. Ob Produktbrosch\u00fcren, Flyer, Produktseiten oder Ratgeber auf unserer Webseite, die Inhalte zu den Themenbereichen Photovoltaik, Smart Home sowie unsere Elektro-Produkte liegen in meiner Verantwortung \u2013 ein sch\u00f6ner Mix aus Tradition &amp; Innovation! Nachhaltigkeit Jutebeutel, Eink\u00e4ufe zu Fu\u00df, Fahrgemeinschaften \u2013 kleine Ma\u00dfnahmen, mit denen ich versuche, mehr Nachhaltigkeit in meinen Alltag zu integrieren. Interessen Ganz viel Zeit mit Familie und Freunden, Musik (all day long), Meditation, Marvel\/MCU, B\u00fccher (Fantasy) Mit wem w\u00fcrdest du essen gehen und was sollte es geben? Mit Neil Armstrong und wir essen Tr\u00fcffel-Pasta. Was bringt dich auf die Palme? Das Ger\u00e4usch von fallenden Pfandflaschen :-D Was bringt dich zum l\u00e4cheln? Ein sch\u00f6nes Abendessen mit meiner Familie \u2013 und ein sternenklarer Nachthimmel.","mainEntityOfPage":{"@id":"https:\/\/www.vaillant.de\/21-grad\/autor\/sibel\/"}}]}},"_links":{"self":[{"href":"https:\/\/www.vaillant.de\/21-grad\/wp-json\/wp\/v2\/users\/22","targetHints":{"allow":["GET"]}}],"collection":[{"href":"https:\/\/www.vaillant.de\/21-grad\/wp-json\/wp\/v2\/users"}]}}