{"id":23,"name":"Michelle","url":"","description":"In meiner t\u00e4glichen Arbeit k\u00fcmmere ich mich haupts\u00e4chlich um Nutzeranfragen auf Social Media. Dabei sorge ich daf\u00fcr, dass diese Fragen und Anliegen bearbeitet werden.\r\n\r\n<b>Nachhaltigkeit<\/b>\r\nF\u00fcr mich bedeutet Nachhaltigkeit, m\u00f6glichst viele kurze Strecken zu Fu\u00df oder mit dem Fahrrad zur\u00fcckzulegen. Au\u00dferdem versuche ich durch kleine Dinge auf die Umwelt zu achten, indem ich z.B. meine eigenen Taschen zum Einkaufen mitnehme, statt bei jedem Einkauf neue T\u00fcten zu kaufen.\r\n\r\n<b>Interessen<\/b>\r\nIn meiner Freizeit interessiert mich alles rund um Sport, ob selbst Handball spielen oder am Wochenende Fu\u00dfball schauen. Weiterhin reise ich sehr gerne und unternehme gerne viel mit meinen Freunden. \r\n\r\n<b> Was wolltest du als Kind gerne werden? <\/b>\r\nAls Kind wollte ich lange Zeit Tier\u00e4rztin werden.\r\n\r\n<b> Was w\u00fcrdest du mit auf eine einsame Insel nehmen? <\/b>\r\nSolange die richtigen Personen dabei sind, w\u00fcrde ich nichts mitnehmen, was \u00fcber die Standardversorgung hinaus geht.\r\n\r\n<b> Was bringt dich zum L\u00e4cheln? <\/b>\r\nDie gemeinsamen Momente mit meiner Familie und meinen Freunden bringen mich zum L\u00e4cheln. Ganz besonders die vielen flachen Witze, die von ihnen gemacht werden.","link":"https:\/\/www.vaillant.de\/21-grad\/autor\/michelle\/","slug":"michelle","avatar_urls":{"24":"https:\/\/www.vaillant.de\/21-grad\/wp-content\/uploads\/2022\/09\/Michelle-125x125.jpg","48":"https:\/\/www.vaillant.de\/21-grad\/wp-content\/uploads\/2022\/09\/Michelle-125x125.jpg","96":"https:\/\/www.vaillant.de\/21-grad\/wp-content\/uploads\/2022\/09\/Michelle-125x125.jpg"},"meta":[],"yoast_head":"<!-- This site is optimized with the Yoast SEO plugin v27.4 - https:\/\/yoast.com\/product\/yoast-seo-wordpress\/ -->\n<title>Michelle, Autor auf 21 grad<\/title>\n<meta name=\"robots\" content=\"index, follow, max-snippet:-1, max-image-preview:large, max-video-preview:-1\" \/>\n<link rel=\"canonical\" href=\"https:\/\/www.vaillant.de\/21-grad\/autor\/michelle\/\" \/>\n<meta property=\"og:locale\" content=\"de_DE\" \/>\n<meta property=\"og:type\" content=\"profile\" \/>\n<meta property=\"og:title\" content=\"Michelle, Autor auf 21 grad\" \/>\n<meta property=\"og:url\" content=\"https:\/\/www.vaillant.de\/21-grad\/autor\/michelle\/\" \/>\n<meta property=\"og:site_name\" content=\"21 grad\" \/>\n<meta property=\"og:image\" content=\"https:\/\/www.vaillant.de\/21-grad\/wp-content\/uploads\/2022\/09\/Michelle.jpg\" \/>\n\t<meta property=\"og:image:width\" content=\"392\" \/>\n\t<meta property=\"og:image:height\" content=\"392\" \/>\n\t<meta property=\"og:image:type\" content=\"image\/jpeg\" \/>\n<meta name=\"twitter:card\" content=\"summary_large_image\" \/>\n<meta name=\"twitter:site\" content=\"@vaillant_de\" \/>\n<script type=\"application\/ld+json\" class=\"yoast-schema-graph\">{\"@context\":\"https:\\\/\\\/schema.org\",\"@graph\":[{\"@type\":\"ProfilePage\",\"@id\":\"https:\\\/\\\/www.vaillant.de\\\/21-grad\\\/autor\\\/michelle\\\/\",\"url\":\"https:\\\/\\\/www.vaillant.de\\\/21-grad\\\/autor\\\/michelle\\\/\",\"name\":\"Michelle, Autor auf 21 grad\",\"isPartOf\":{\"@id\":\"https:\\\/\\\/www.vaillant.de\\\/21-grad\\\/#website\"},\"breadcrumb\":{\"@id\":\"https:\\\/\\\/www.vaillant.de\\\/21-grad\\\/autor\\\/michelle\\\/#breadcrumb\"},\"inLanguage\":\"de\",\"potentialAction\":[{\"@type\":\"ReadAction\",\"target\":[\"https:\\\/\\\/www.vaillant.de\\\/21-grad\\\/autor\\\/michelle\\\/\"]}]},{\"@type\":\"BreadcrumbList\",\"@id\":\"https:\\\/\\\/www.vaillant.de\\\/21-grad\\\/autor\\\/michelle\\\/#breadcrumb\",\"itemListElement\":[{\"@type\":\"ListItem\",\"position\":1,\"name\":\"Startseite\",\"item\":\"https:\\\/\\\/www.vaillant.de\\\/21-grad\\\/\"},{\"@type\":\"ListItem\",\"position\":2,\"name\":\"Archive f\u00fcr Michelle\"}]},{\"@type\":\"WebSite\",\"@id\":\"https:\\\/\\\/www.vaillant.de\\\/21-grad\\\/#website\",\"url\":\"https:\\\/\\\/www.vaillant.de\\\/21-grad\\\/\",\"name\":\"21 grad\",\"description\":\"Der Blog f\u00fcr Menschen, die weiterdenken\",\"potentialAction\":[{\"@type\":\"SearchAction\",\"target\":{\"@type\":\"EntryPoint\",\"urlTemplate\":\"https:\\\/\\\/www.vaillant.de\\\/21-grad\\\/?s={search_term_string}\"},\"query-input\":{\"@type\":\"PropertyValueSpecification\",\"valueRequired\":true,\"valueName\":\"search_term_string\"}}],\"inLanguage\":\"de\"},{\"@type\":\"Person\",\"@id\":\"https:\\\/\\\/www.vaillant.de\\\/21-grad\\\/#\\\/schema\\\/person\\\/59dade2831f8948753cd2b0f04ca4e24\",\"name\":\"Michelle\",\"image\":{\"@type\":\"ImageObject\",\"inLanguage\":\"de\",\"@id\":\"https:\\\/\\\/www.vaillant.de\\\/21-grad\\\/wp-content\\\/uploads\\\/2022\\\/09\\\/Michelle-125x125.jpg5cb77cea14f51d99624ecb272fba6bb0\",\"url\":\"https:\\\/\\\/www.vaillant.de\\\/21-grad\\\/wp-content\\\/uploads\\\/2022\\\/09\\\/Michelle-125x125.jpg\",\"contentUrl\":\"https:\\\/\\\/www.vaillant.de\\\/21-grad\\\/wp-content\\\/uploads\\\/2022\\\/09\\\/Michelle-125x125.jpg\",\"caption\":\"Michelle\"},\"description\":\"In meiner t\u00e4glichen Arbeit k\u00fcmmere ich mich haupts\u00e4chlich um Nutzeranfragen auf Social Media. Dabei sorge ich daf\u00fcr, dass diese Fragen und Anliegen bearbeitet werden. Nachhaltigkeit F\u00fcr mich bedeutet Nachhaltigkeit, m\u00f6glichst viele kurze Strecken zu Fu\u00df oder mit dem Fahrrad zur\u00fcckzulegen. Au\u00dferdem versuche ich durch kleine Dinge auf die Umwelt zu achten, indem ich z.B. meine eigenen Taschen zum Einkaufen mitnehme, statt bei jedem Einkauf neue T\u00fcten zu kaufen. Interessen In meiner Freizeit interessiert mich alles rund um Sport, ob selbst Handball spielen oder am Wochenende Fu\u00dfball schauen. Weiterhin reise ich sehr gerne und unternehme gerne viel mit meinen Freunden. Was wolltest du als Kind gerne werden? Als Kind wollte ich lange Zeit Tier\u00e4rztin werden. Was w\u00fcrdest du mit auf eine einsame Insel nehmen? Solange die richtigen Personen dabei sind, w\u00fcrde ich nichts mitnehmen, was \u00fcber die Standardversorgung hinaus geht. Was bringt dich zum L\u00e4cheln? Die gemeinsamen Momente mit meiner Familie und meinen Freunden bringen mich zum L\u00e4cheln. Ganz besonders die vielen flachen Witze, die von ihnen gemacht werden.\",\"mainEntityOfPage\":{\"@id\":\"https:\\\/\\\/www.vaillant.de\\\/21-grad\\\/autor\\\/michelle\\\/\"}}]}<\/script>\n<!-- \/ Yoast SEO plugin. -->","yoast_head_json":{"title":"Michelle, Autor auf 21 grad","robots":{"index":"index","follow":"follow","max-snippet":"max-snippet:-1","max-image-preview":"max-image-preview:large","max-video-preview":"max-video-preview:-1"},"canonical":"https:\/\/www.vaillant.de\/21-grad\/autor\/michelle\/","og_locale":"de_DE","og_type":"profile","og_title":"Michelle, Autor auf 21 grad","og_url":"https:\/\/www.vaillant.de\/21-grad\/autor\/michelle\/","og_site_name":"21 grad","og_image":[{"width":392,"height":392,"url":"https:\/\/www.vaillant.de\/21-grad\/wp-content\/uploads\/2022\/09\/Michelle.jpg","type":"image\/jpeg"}],"twitter_card":"summary_large_image","twitter_site":"@vaillant_de","schema":{"@context":"https:\/\/schema.org","@graph":[{"@type":"ProfilePage","@id":"https:\/\/www.vaillant.de\/21-grad\/autor\/michelle\/","url":"https:\/\/www.vaillant.de\/21-grad\/autor\/michelle\/","name":"Michelle, Autor auf 21 grad","isPartOf":{"@id":"https:\/\/www.vaillant.de\/21-grad\/#website"},"breadcrumb":{"@id":"https:\/\/www.vaillant.de\/21-grad\/autor\/michelle\/#breadcrumb"},"inLanguage":"de","potentialAction":[{"@type":"ReadAction","target":["https:\/\/www.vaillant.de\/21-grad\/autor\/michelle\/"]}]},{"@type":"BreadcrumbList","@id":"https:\/\/www.vaillant.de\/21-grad\/autor\/michelle\/#breadcrumb","itemListElement":[{"@type":"ListItem","position":1,"name":"Startseite","item":"https:\/\/www.vaillant.de\/21-grad\/"},{"@type":"ListItem","position":2,"name":"Archive f\u00fcr Michelle"}]},{"@type":"WebSite","@id":"https:\/\/www.vaillant.de\/21-grad\/#website","url":"https:\/\/www.vaillant.de\/21-grad\/","name":"21 grad","description":"Der Blog f\u00fcr Menschen, die weiterdenken","potentialAction":[{"@type":"SearchAction","target":{"@type":"EntryPoint","urlTemplate":"https:\/\/www.vaillant.de\/21-grad\/?s={search_term_string}"},"query-input":{"@type":"PropertyValueSpecification","valueRequired":true,"valueName":"search_term_string"}}],"inLanguage":"de"},{"@type":"Person","@id":"https:\/\/www.vaillant.de\/21-grad\/#\/schema\/person\/59dade2831f8948753cd2b0f04ca4e24","name":"Michelle","image":{"@type":"ImageObject","inLanguage":"de","@id":"https:\/\/www.vaillant.de\/21-grad\/wp-content\/uploads\/2022\/09\/Michelle-125x125.jpg5cb77cea14f51d99624ecb272fba6bb0","url":"https:\/\/www.vaillant.de\/21-grad\/wp-content\/uploads\/2022\/09\/Michelle-125x125.jpg","contentUrl":"https:\/\/www.vaillant.de\/21-grad\/wp-content\/uploads\/2022\/09\/Michelle-125x125.jpg","caption":"Michelle"},"description":"In meiner t\u00e4glichen Arbeit k\u00fcmmere ich mich haupts\u00e4chlich um Nutzeranfragen auf Social Media. Dabei sorge ich daf\u00fcr, dass diese Fragen und Anliegen bearbeitet werden. Nachhaltigkeit F\u00fcr mich bedeutet Nachhaltigkeit, m\u00f6glichst viele kurze Strecken zu Fu\u00df oder mit dem Fahrrad zur\u00fcckzulegen. Au\u00dferdem versuche ich durch kleine Dinge auf die Umwelt zu achten, indem ich z.B. meine eigenen Taschen zum Einkaufen mitnehme, statt bei jedem Einkauf neue T\u00fcten zu kaufen. Interessen In meiner Freizeit interessiert mich alles rund um Sport, ob selbst Handball spielen oder am Wochenende Fu\u00dfball schauen. Weiterhin reise ich sehr gerne und unternehme gerne viel mit meinen Freunden. Was wolltest du als Kind gerne werden? Als Kind wollte ich lange Zeit Tier\u00e4rztin werden. Was w\u00fcrdest du mit auf eine einsame Insel nehmen? Solange die richtigen Personen dabei sind, w\u00fcrde ich nichts mitnehmen, was \u00fcber die Standardversorgung hinaus geht. Was bringt dich zum L\u00e4cheln? Die gemeinsamen Momente mit meiner Familie und meinen Freunden bringen mich zum L\u00e4cheln. Ganz besonders die vielen flachen Witze, die von ihnen gemacht werden.","mainEntityOfPage":{"@id":"https:\/\/www.vaillant.de\/21-grad\/autor\/michelle\/"}}]}},"_links":{"self":[{"href":"https:\/\/www.vaillant.de\/21-grad\/wp-json\/wp\/v2\/users\/23","targetHints":{"allow":["GET"]}}],"collection":[{"href":"https:\/\/www.vaillant.de\/21-grad\/wp-json\/wp\/v2\/users"}]}}